{"id":13473,"date":"2009-03-08T21:49:03","date_gmt":"2009-03-08T20:49:03","guid":{"rendered":"http:\/\/www.visit-ulcinj.com\/blog\/?p=13473"},"modified":"2009-03-08T21:49:03","modified_gmt":"2009-03-08T20:49:03","slug":"permes-maqedonise-jane-shitur-organet-e-shqiptareve-te-vrare-ne-rusi","status":"publish","type":"post","link":"https:\/\/www.visit-ulcinj.com\/blog\/2009\/03\/08\/permes-maqedonise-jane-shitur-organet-e-shqiptareve-te-vrare-ne-rusi\/","title":{"rendered":"P\u00ebrmes Maqedonis\u00eb jan\u00eb shitur organet e shqiptar\u00ebve t\u00eb vrar\u00eb n\u00eb Rusi ?!"},"content":{"rendered":"<p><a href=\"http:\/\/www.visit-ulcinj.com\/blog\/wp-content\/uploads\/2009\/03\/trafik-organesh.jpg\"><img loading=\"lazy\" class=\"alignleft size-full wp-image-13474\" title=\"trafik organesh\" src=\"http:\/\/www.visit-ulcinj.com\/blog\/wp-content\/uploads\/2009\/03\/trafik-organesh.jpg\" alt=\"trafik organesh\" width=\"570\" height=\"375\" \/><\/a>Ekzistojn\u00eb dyshime t\u00eb m\u00ebdha se n\u00eb periudh\u00ebn 1998 -1999 gjat\u00eb luft\u00ebs s\u00eb Kosov\u00ebs serb\u00ebt p\u00ebrmes Maqedonis\u00eb kan\u00eb b\u00ebr\u00eb tregti me organe njer\u00ebzore nga shqiptar\u00ebt e vrar\u00eb t\u00eb Kosov\u00ebs b\u00ebjn\u00eb t\u00eb ditur burime p\u00ebr \u201cLajm\u201d. Sipas k\u00ebtyre burimeve serb\u00ebt p\u00ebrmes Maqedonis\u00eb dhe Bullgaris\u00eb kan\u00eb b\u00ebr\u00eb tregti me k\u00ebto organe njer\u00ebzore t\u00eb cilat m\u00eb pas kan\u00eb p\u00ebrfunduar n\u00eb Rusi. K\u00ebto dyshime edhe m\u00eb shum\u00eb e rrisin prania e \u201cmantelbardh\u00ebve\u201d rus n\u00eb Maqedoni. \u201cGjat\u00eb asaj kohe n\u00eb Maqedoni jan\u00eb v\u00ebrejtur nj\u00eb num\u00ebr i madh i mjek\u00ebve rus\u00eb\u201d, thon\u00eb burimet tona. K\u00ebto dyshime kan\u00eb zgjuar interes t\u00eb madh edhe tek disa qarqe t\u00eb Kosov\u00ebs me \u00e7ka kan\u00eb nuk p\u00ebrjashtohet mund\u00ebsia t\u00eb fillojn\u00eb hetime p\u00ebr t\u00eb ardhur deri tek e v\u00ebrteta. N\u00eb Ministrin\u00eb e Pun\u00ebve t\u00eb Brendshme (MPB) t\u00eb Maqedonis\u00eb thon\u00eb se nuk posedojn\u00eb informacione t\u00eb tilla. Z\u00ebdh\u00ebn\u00ebsi i policis\u00eb Ivo Kotevski thot\u00eb se deri m\u00eb tani tek MPB-ja nuk ka arritur ndonj\u00eb k\u00ebrkes\u00eb p\u00ebr t\u00eb filluar hetime p\u00ebr nj\u00eb gj\u00eb t\u00eb till\u00eb. Autoritetet e Kosov\u00ebs edhe sot e k\u00ebsaj dite nuk din\u00eb se ku jan\u00eb me mij\u00ebra shqiptar\u00eb t\u00eb zhdukur p\u00ebr t\u00eb cil\u00ebt q\u00eb nga koha e luft\u00ebs nuk ka asnj\u00eb gjurm\u00eb.<br \/>\nNdryshe, para nj\u00eb jave Komisioni qeveritar p\u00ebr t\u00eb zhdukurit n\u00eb Kosov\u00eb ka b\u00ebr\u00eb t\u00eb ditur se rreth 20 shqiptar\u00eb nga Kosova, t\u00eb vrar\u00eb, dyshohet t\u00eb jen\u00eb varrosur n\u00eb varrezat e Shkupit n\u00eb Butel. Sipas kryetari t\u00eb k\u00ebtij komisioni Prenk\u00eb Gjetaj, dyshohet se k\u00ebto kufoma, pasi jan\u00eb vrar\u00eb nga forcat serbe n\u00eb vitin 1999, jan\u00eb hedhur n\u00eb lumin Lepenc, e m\u00eb pas lumi i ka d\u00ebrguar n\u00eb Maqedoni. \u201cKemi informata se k\u00ebto kufoma jan\u00eb hedhur n\u00eb lumin Lepenc, n\u00eb vitin 1999, dhe p\u00ebr k\u00ebt\u00eb ne e kemi njoftuar Ministrin\u00eb e Pun\u00ebve t\u00eb Jashtme, q\u00eb k\u00ebt\u00eb \u00e7\u00ebshtje ta trajtoj\u00eb me homolog\u00ebt e tyre nga Maqedonia, n\u00eb m\u00ebnyr\u00eb q\u00eb t\u00eb na lejohet qasja n\u00eb ato varreza\u201d, ka th\u00ebn\u00eb Gjetaj. Pas k\u00ebtij reagimi t\u00eb Prishtin\u00ebs zyrtare Ministria e Pun\u00ebve t\u00eb Jashtme (MPJ) e Maqedonis\u00eb ka th\u00ebn\u00eb se \u00ebsht\u00eb e gatshme t\u00eb bashk\u00ebpunoj\u00eb me Kosov\u00ebn p\u00ebr gjetjen e kufomave e rreth 20 shqiptar\u00ebve nga Kosova, q\u00eb dyshohet se jan\u00eb varrosur n\u00eb varrezat e Butelit n\u00eb Shkup. Ministri i MPJ-s\u00eb, Antonio Milloshovski tha se jan\u00eb t\u00eb gatsh\u00ebm p\u00ebr bashk\u00ebpunim n\u00ebse b\u00ebhet nj\u00eb k\u00ebrkes\u00eb e till\u00eb nga pala kosovare.<br \/>\n<strong>Lajmpress<\/strong><\/p>\n<p><strong>Video Top Channel<\/strong><\/p>\n<p>[flv width=&#8221;5700&#8243; height=&#8221;370&#8243;]http:\/\/shqiphost.top-channel.tv\/18754796\/flv\/kronika\/tregtia-organeve.flv[\/flv]<\/p>\n","protected":false},"excerpt":{"rendered":"<p>Ekzistojn\u00eb dyshime t\u00eb m\u00ebdha se n\u00eb periudh\u00ebn 1998 -1999 gjat\u00eb luft\u00ebs s\u00eb Kosov\u00ebs serb\u00ebt p\u00ebrmes Maqedonis\u00eb kan\u00eb b\u00ebr\u00eb tregti me organe njer\u00ebzore nga shqiptar\u00ebt e vrar\u00eb t\u00eb Kosov\u00ebs b\u00ebjn\u00eb t\u00eb ditur burime p\u00ebr \u201cLajm\u201d. Sipas k\u00ebtyre burimeve serb\u00ebt p\u00ebrmes Maqedonis\u00eb dhe Bullgaris\u00eb kan\u00eb b\u00ebr\u00eb tregti me k\u00ebto organe njer\u00ebzore t\u00eb cilat m\u00eb pas kan\u00eb p\u00ebrfunduar [&hellip;]<\/p>\n","protected":false},"author":1,"featured_media":0,"comment_status":"open","ping_status":"closed","sticky":false,"template":"","format":"standard","meta":{"spay_email":"","jetpack_publicize_message":"","jetpack_is_tweetstorm":false,"jetpack_publicize_feature_enabled":true},"categories":[14],"tags":[49,7712,7713],"jetpack_publicize_connections":[],"yoast_head":"<!-- This site is optimized with the Yoast SEO plugin v19.1 - https:\/\/yoast.com\/wordpress\/plugins\/seo\/ -->\n<title>P\u00ebrmes Maqedonis\u00eb jan\u00eb shitur organet e shqiptar\u00ebve t\u00eb vrar\u00eb n\u00eb Rusi ?! - Lajme nga Ulqini<\/title>\n<meta name=\"description\" content=\"Ekzistojn\u00eb dyshime t\u00eb m\u00ebdha se n\u00eb periudh\u00ebn 1998 -1999 gjat\u00eb luft\u00ebs s\u00eb Kosov\u00ebs serb\u00ebt p\u00ebrmes Maqedonis\u00eb kan\u00eb b\u00ebr\u00eb tregti me organe njer\u00ebzore nga\" \/>\n<meta name=\"robots\" content=\"index, follow, max-snippet:-1, max-image-preview:large, max-video-preview:-1\" \/>\n<link rel=\"canonical\" href=\"https:\/\/www.visit-ulcinj.com\/blog\/2009\/03\/08\/permes-maqedonise-jane-shitur-organet-e-shqiptareve-te-vrare-ne-rusi\/\" \/>\n<meta property=\"og:locale\" content=\"en_US\" \/>\n<meta property=\"og:type\" content=\"article\" \/>\n<meta property=\"og:title\" content=\"P\u00ebrmes Maqedonis\u00eb jan\u00eb shitur organet e shqiptar\u00ebve t\u00eb vrar\u00eb n\u00eb Rusi ?! - Lajme nga Ulqini\" \/>\n<meta property=\"og:description\" content=\"Ekzistojn\u00eb dyshime t\u00eb m\u00ebdha se n\u00eb periudh\u00ebn 1998 -1999 gjat\u00eb luft\u00ebs s\u00eb Kosov\u00ebs serb\u00ebt p\u00ebrmes Maqedonis\u00eb kan\u00eb b\u00ebr\u00eb tregti me organe njer\u00ebzore nga\" \/>\n<meta property=\"og:url\" content=\"https:\/\/www.visit-ulcinj.com\/blog\/2009\/03\/08\/permes-maqedonise-jane-shitur-organet-e-shqiptareve-te-vrare-ne-rusi\/\" \/>\n<meta property=\"og:site_name\" content=\"Lajme nga Ulqini\" \/>\n<meta property=\"article:published_time\" content=\"2009-03-08T20:49:03+00:00\" \/>\n<meta property=\"og:image\" content=\"http:\/\/www.visit-ulcinj.com\/blog\/wp-content\/uploads\/2009\/03\/trafik-organesh.jpg\" \/>\n<meta name=\"twitter:label1\" content=\"Written by\" \/>\n\t<meta name=\"twitter:data1\" content=\"ulqini\" \/>\n\t<meta name=\"twitter:label2\" content=\"Est. reading time\" \/>\n\t<meta name=\"twitter:data2\" content=\"2 minutes\" \/>\n<script type=\"application\/ld+json\" class=\"yoast-schema-graph\">{\"@context\":\"https:\/\/schema.org\",\"@graph\":[{\"@type\":\"WebSite\",\"@id\":\"https:\/\/www.visit-ulcinj.com\/blog\/#website\",\"url\":\"https:\/\/www.visit-ulcinj.com\/blog\/\",\"name\":\"Lajme nga Ulqini\",\"description\":\"Lajme,Vijesti,Ulqini,Ulqin,Crna Gora,Mali i Zi\",\"potentialAction\":[{\"@type\":\"SearchAction\",\"target\":{\"@type\":\"EntryPoint\",\"urlTemplate\":\"https:\/\/www.visit-ulcinj.com\/blog\/?s={search_term_string}\"},\"query-input\":\"required name=search_term_string\"}],\"inLanguage\":\"en-US\"},{\"@type\":\"ImageObject\",\"inLanguage\":\"en-US\",\"@id\":\"https:\/\/www.visit-ulcinj.com\/blog\/2009\/03\/08\/permes-maqedonise-jane-shitur-organet-e-shqiptareve-te-vrare-ne-rusi\/#primaryimage\",\"url\":\"http:\/\/www.visit-ulcinj.com\/blog\/wp-content\/uploads\/2009\/03\/trafik-organesh.jpg\",\"contentUrl\":\"http:\/\/www.visit-ulcinj.com\/blog\/wp-content\/uploads\/2009\/03\/trafik-organesh.jpg\"},{\"@type\":\"WebPage\",\"@id\":\"https:\/\/www.visit-ulcinj.com\/blog\/2009\/03\/08\/permes-maqedonise-jane-shitur-organet-e-shqiptareve-te-vrare-ne-rusi\/#webpage\",\"url\":\"https:\/\/www.visit-ulcinj.com\/blog\/2009\/03\/08\/permes-maqedonise-jane-shitur-organet-e-shqiptareve-te-vrare-ne-rusi\/\",\"name\":\"P\u00ebrmes Maqedonis\u00eb jan\u00eb shitur organet e shqiptar\u00ebve t\u00eb vrar\u00eb n\u00eb Rusi ?! - Lajme nga Ulqini\",\"isPartOf\":{\"@id\":\"https:\/\/www.visit-ulcinj.com\/blog\/#website\"},\"primaryImageOfPage\":{\"@id\":\"https:\/\/www.visit-ulcinj.com\/blog\/2009\/03\/08\/permes-maqedonise-jane-shitur-organet-e-shqiptareve-te-vrare-ne-rusi\/#primaryimage\"},\"datePublished\":\"2009-03-08T20:49:03+00:00\",\"dateModified\":\"2009-03-08T20:49:03+00:00\",\"author\":{\"@id\":\"https:\/\/www.visit-ulcinj.com\/blog\/#\/schema\/person\/dcab619c614d3038751c63bc2aadc06d\"},\"description\":\"Ekzistojn\u00eb dyshime t\u00eb m\u00ebdha se n\u00eb periudh\u00ebn 1998 -1999 gjat\u00eb luft\u00ebs s\u00eb Kosov\u00ebs serb\u00ebt p\u00ebrmes Maqedonis\u00eb kan\u00eb b\u00ebr\u00eb tregti me organe njer\u00ebzore nga\",\"breadcrumb\":{\"@id\":\"https:\/\/www.visit-ulcinj.com\/blog\/2009\/03\/08\/permes-maqedonise-jane-shitur-organet-e-shqiptareve-te-vrare-ne-rusi\/#breadcrumb\"},\"inLanguage\":\"en-US\",\"potentialAction\":[{\"@type\":\"ReadAction\",\"target\":[\"https:\/\/www.visit-ulcinj.com\/blog\/2009\/03\/08\/permes-maqedonise-jane-shitur-organet-e-shqiptareve-te-vrare-ne-rusi\/\"]}]},{\"@type\":\"BreadcrumbList\",\"@id\":\"https:\/\/www.visit-ulcinj.com\/blog\/2009\/03\/08\/permes-maqedonise-jane-shitur-organet-e-shqiptareve-te-vrare-ne-rusi\/#breadcrumb\",\"itemListElement\":[{\"@type\":\"ListItem\",\"position\":1,\"name\":\"P\u00ebrmes Maqedonis\u00eb jan\u00eb shitur organet e shqiptar\u00ebve t\u00eb vrar\u00eb n\u00eb Rusi ?!\"}]},{\"@type\":\"Person\",\"@id\":\"https:\/\/www.visit-ulcinj.com\/blog\/#\/schema\/person\/dcab619c614d3038751c63bc2aadc06d\",\"name\":\"ulqini\",\"sameAs\":[\"http:\/\/www.visit-ulcinj.com\"],\"url\":\"https:\/\/www.visit-ulcinj.com\/blog\/author\/admin\/\"}]}<\/script>\n<!-- \/ Yoast SEO plugin. -->","yoast_head_json":{"title":"P\u00ebrmes Maqedonis\u00eb jan\u00eb shitur organet e shqiptar\u00ebve t\u00eb vrar\u00eb n\u00eb Rusi ?! - Lajme nga Ulqini","description":"Ekzistojn\u00eb dyshime t\u00eb m\u00ebdha se n\u00eb periudh\u00ebn 1998 -1999 gjat\u00eb luft\u00ebs s\u00eb Kosov\u00ebs serb\u00ebt p\u00ebrmes Maqedonis\u00eb kan\u00eb b\u00ebr\u00eb tregti me organe njer\u00ebzore nga","robots":{"index":"index","follow":"follow","max-snippet":"max-snippet:-1","max-image-preview":"max-image-preview:large","max-video-preview":"max-video-preview:-1"},"canonical":"https:\/\/www.visit-ulcinj.com\/blog\/2009\/03\/08\/permes-maqedonise-jane-shitur-organet-e-shqiptareve-te-vrare-ne-rusi\/","og_locale":"en_US","og_type":"article","og_title":"P\u00ebrmes Maqedonis\u00eb jan\u00eb shitur organet e shqiptar\u00ebve t\u00eb vrar\u00eb n\u00eb Rusi ?! - Lajme nga Ulqini","og_description":"Ekzistojn\u00eb dyshime t\u00eb m\u00ebdha se n\u00eb periudh\u00ebn 1998 -1999 gjat\u00eb luft\u00ebs s\u00eb Kosov\u00ebs serb\u00ebt p\u00ebrmes Maqedonis\u00eb kan\u00eb b\u00ebr\u00eb tregti me organe njer\u00ebzore nga","og_url":"https:\/\/www.visit-ulcinj.com\/blog\/2009\/03\/08\/permes-maqedonise-jane-shitur-organet-e-shqiptareve-te-vrare-ne-rusi\/","og_site_name":"Lajme nga Ulqini","article_published_time":"2009-03-08T20:49:03+00:00","og_image":[{"url":"http:\/\/www.visit-ulcinj.com\/blog\/wp-content\/uploads\/2009\/03\/trafik-organesh.jpg"}],"twitter_misc":{"Written by":"ulqini","Est. reading time":"2 minutes"},"schema":{"@context":"https:\/\/schema.org","@graph":[{"@type":"WebSite","@id":"https:\/\/www.visit-ulcinj.com\/blog\/#website","url":"https:\/\/www.visit-ulcinj.com\/blog\/","name":"Lajme nga Ulqini","description":"Lajme,Vijesti,Ulqini,Ulqin,Crna Gora,Mali i Zi","potentialAction":[{"@type":"SearchAction","target":{"@type":"EntryPoint","urlTemplate":"https:\/\/www.visit-ulcinj.com\/blog\/?s={search_term_string}"},"query-input":"required name=search_term_string"}],"inLanguage":"en-US"},{"@type":"ImageObject","inLanguage":"en-US","@id":"https:\/\/www.visit-ulcinj.com\/blog\/2009\/03\/08\/permes-maqedonise-jane-shitur-organet-e-shqiptareve-te-vrare-ne-rusi\/#primaryimage","url":"http:\/\/www.visit-ulcinj.com\/blog\/wp-content\/uploads\/2009\/03\/trafik-organesh.jpg","contentUrl":"http:\/\/www.visit-ulcinj.com\/blog\/wp-content\/uploads\/2009\/03\/trafik-organesh.jpg"},{"@type":"WebPage","@id":"https:\/\/www.visit-ulcinj.com\/blog\/2009\/03\/08\/permes-maqedonise-jane-shitur-organet-e-shqiptareve-te-vrare-ne-rusi\/#webpage","url":"https:\/\/www.visit-ulcinj.com\/blog\/2009\/03\/08\/permes-maqedonise-jane-shitur-organet-e-shqiptareve-te-vrare-ne-rusi\/","name":"P\u00ebrmes Maqedonis\u00eb jan\u00eb shitur organet e shqiptar\u00ebve t\u00eb vrar\u00eb n\u00eb Rusi ?! - Lajme nga Ulqini","isPartOf":{"@id":"https:\/\/www.visit-ulcinj.com\/blog\/#website"},"primaryImageOfPage":{"@id":"https:\/\/www.visit-ulcinj.com\/blog\/2009\/03\/08\/permes-maqedonise-jane-shitur-organet-e-shqiptareve-te-vrare-ne-rusi\/#primaryimage"},"datePublished":"2009-03-08T20:49:03+00:00","dateModified":"2009-03-08T20:49:03+00:00","author":{"@id":"https:\/\/www.visit-ulcinj.com\/blog\/#\/schema\/person\/dcab619c614d3038751c63bc2aadc06d"},"description":"Ekzistojn\u00eb dyshime t\u00eb m\u00ebdha se n\u00eb periudh\u00ebn 1998 -1999 gjat\u00eb luft\u00ebs s\u00eb Kosov\u00ebs serb\u00ebt p\u00ebrmes Maqedonis\u00eb kan\u00eb b\u00ebr\u00eb tregti me organe njer\u00ebzore nga","breadcrumb":{"@id":"https:\/\/www.visit-ulcinj.com\/blog\/2009\/03\/08\/permes-maqedonise-jane-shitur-organet-e-shqiptareve-te-vrare-ne-rusi\/#breadcrumb"},"inLanguage":"en-US","potentialAction":[{"@type":"ReadAction","target":["https:\/\/www.visit-ulcinj.com\/blog\/2009\/03\/08\/permes-maqedonise-jane-shitur-organet-e-shqiptareve-te-vrare-ne-rusi\/"]}]},{"@type":"BreadcrumbList","@id":"https:\/\/www.visit-ulcinj.com\/blog\/2009\/03\/08\/permes-maqedonise-jane-shitur-organet-e-shqiptareve-te-vrare-ne-rusi\/#breadcrumb","itemListElement":[{"@type":"ListItem","position":1,"name":"P\u00ebrmes Maqedonis\u00eb jan\u00eb shitur organet e shqiptar\u00ebve t\u00eb vrar\u00eb n\u00eb Rusi ?!"}]},{"@type":"Person","@id":"https:\/\/www.visit-ulcinj.com\/blog\/#\/schema\/person\/dcab619c614d3038751c63bc2aadc06d","name":"ulqini","sameAs":["http:\/\/www.visit-ulcinj.com"],"url":"https:\/\/www.visit-ulcinj.com\/blog\/author\/admin\/"}]}},"jetpack_featured_media_url":"","jetpack_sharing_enabled":true,"jetpack_shortlink":"https:\/\/wp.me\/pe6lTn-3vj","_links":{"self":[{"href":"https:\/\/www.visit-ulcinj.com\/blog\/wp-json\/wp\/v2\/posts\/13473"}],"collection":[{"href":"https:\/\/www.visit-ulcinj.com\/blog\/wp-json\/wp\/v2\/posts"}],"about":[{"href":"https:\/\/www.visit-ulcinj.com\/blog\/wp-json\/wp\/v2\/types\/post"}],"author":[{"embeddable":true,"href":"https:\/\/www.visit-ulcinj.com\/blog\/wp-json\/wp\/v2\/users\/1"}],"replies":[{"embeddable":true,"href":"https:\/\/www.visit-ulcinj.com\/blog\/wp-json\/wp\/v2\/comments?post=13473"}],"version-history":[{"count":0,"href":"https:\/\/www.visit-ulcinj.com\/blog\/wp-json\/wp\/v2\/posts\/13473\/revisions"}],"wp:attachment":[{"href":"https:\/\/www.visit-ulcinj.com\/blog\/wp-json\/wp\/v2\/media?parent=13473"}],"wp:term":[{"taxonomy":"category","embeddable":true,"href":"https:\/\/www.visit-ulcinj.com\/blog\/wp-json\/wp\/v2\/categories?post=13473"},{"taxonomy":"post_tag","embeddable":true,"href":"https:\/\/www.visit-ulcinj.com\/blog\/wp-json\/wp\/v2\/tags?post=13473"}],"curies":[{"name":"wp","href":"https:\/\/api.w.org\/{rel}","templated":true}]}}