{"id":13477,"date":"2009-03-08T23:21:18","date_gmt":"2009-03-08T22:21:18","guid":{"rendered":"http:\/\/www.visit-ulcinj.com\/blog\/?p=13477"},"modified":"2009-03-08T23:21:18","modified_gmt":"2009-03-08T22:21:18","slug":"elsa-lila-rikthehet-ne-tirane","status":"publish","type":"post","link":"https:\/\/www.visit-ulcinj.com\/blog\/2009\/03\/08\/elsa-lila-rikthehet-ne-tirane\/","title":{"rendered":"Elsa Lila: Rikthehet n\u00eb Tiran\u00eb"},"content":{"rendered":"<p><a href=\"http:\/\/www.visit-ulcinj.com\/blog\/wp-content\/uploads\/2009\/03\/elsa-lila5.jpg\"><img loading=\"lazy\" class=\"alignleft size-full wp-image-13483\" title=\"elsa-lila5\" src=\"http:\/\/www.visit-ulcinj.com\/blog\/wp-content\/uploads\/2009\/03\/elsa-lila5.jpg\" alt=\"elsa-lila5\" width=\"570\" height=\"347\" \/><\/a>Mesa duket z\u00ebrat p\u00ebr nj\u00eb rikthim t\u00eb mundsh\u00ebm t\u00eb Elsa Lil\u00ebs n\u00eb Shqip\u00ebri po trasformohen n\u00eb fakte t\u00eb v\u00ebrteta. Sipas disa burimeve tona k\u00ebng\u00ebtarja e njohur ka disa plane n\u00eb Shqip\u00ebri. Rikthimi i saj i p\u00ebrmallsh\u00ebm por shum\u00eb i suksessh\u00ebm si prezantuese n\u00eb festivalin e vjetsh\u00ebm n\u00eb RTSH, ia ka shtuar oreksin p\u00ebr t\u00eb b\u00ebr\u00eb di\u00e7ka m\u00eb shum\u00eb n\u00eb at\u00eb sken\u00eb dhe para atij publiku q\u00eb e duartrokiti i pari. Thuhet se Elsa Lila po kalon shum\u00eb koh\u00eb n\u00eb Tiran\u00eb. Nj\u00eb nga projektet p\u00ebr t\u00eb cilat flitet m\u00eb s\u00eb shumti n\u00eb ambientet artistike, \u00ebsht\u00eb mund\u00ebsia q\u00eb ajo t\u00eb drejtoj\u00eb nj\u00eb talk show n\u00eb TVSH me stafin q\u00eb realizon festivalin e fundvitit n\u00eb k\u00ebt\u00eb ekran dhe konkretisht me regjizorin e mir\u00ebnjohur Pali Kuke. Aft\u00ebsia komunikuese dhe performanca n\u00eb sken\u00eb, p\u00ebrve\u00e7 talentit si k\u00ebng\u00ebtare, ka b\u00ebr\u00eb q\u00eb producent\u00ebt dhe regjizor\u00ebt ta shohin si nj\u00eb moderatore t\u00eb nj\u00eb programi mbr\u00ebmjeje dhe konkretisht t\u00eb nj\u00eb talk show.<\/p>\n<p>Gjithashtu flitet se Els\u00ebs i \u00ebsht\u00eb propozuar p\u00ebrs\u00ebri p\u00ebr t\u00eb qen\u00eb prezantuese e festivalit t\u00eb sivjetsh\u00ebm ku drejtor artistik do t\u00eb jet\u00eb Pirro \u00c7ako, por thuhet q\u00eb kjo gj\u00eb nuk ka gjasa t\u00eb ndodh\u00eb. Gjithashtu Elsa n\u00eb nj\u00eb intervist\u00eb p\u00ebr revist\u00ebn prestigjoze \u201cShqip\u201d, ka shprehur keqardhjen e saj se n\u00eb koh\u00ebn kur ajo fitoi \u00e7mimin e par\u00eb n\u00eb festival, nuk ishte lidhur akoma kontrata me Eurosong dhe se do t\u00eb d\u00ebsironte q\u00eb t\u00eb ishte edhe ajo pjesmarr\u00ebse dhe fituese e k\u00ebtij festivali, p\u00ebr t\u00eb performuar n\u00eb sken\u00ebn e lakmuar nga k\u00ebng\u00ebtar\u00ebt, n\u00eb at\u00eb t\u00eb Eurosong. Por miqt\u00eb e saj edhe k\u00ebt\u00eb variant e hedhin posht\u00eb, jo se nuk mund t\u00eb ndodh\u00eb, por Elsa thot\u00eb se pjesmarrja e saj n\u00eb festival mund t\u00eb stepte k\u00ebng\u00ebtar\u00ebt e tjer\u00eb p\u00ebr tu b\u00ebr\u00eb pjes\u00eb e saj pasi ekziston ideja se po mori pjes\u00eb Elsa, ajo do ta fitoj\u00eb patjet\u00ebr \u00e7mimin e par\u00eb. Prandaj dhe alternativa e nj\u00eb talk show duket ajo m\u00eb e besueshmja dhe m\u00eb e realizueshmja p\u00ebr Els\u00ebn. Nd\u00ebrkoh\u00eb planet e saj artistike n\u00eb Franc\u00eb shkojn\u00eb si mos m\u00eb mir\u00eb, kurse p\u00ebr jet\u00ebn e saj private nuk kemi akoma asnj\u00eb lajm. Presim se me \u00e7far\u00eb t\u00eb rejash do t\u00eb rikthehet k\u00ebsaj here Elsa Lila.<br \/>\n<strong><br \/>\nPanoramaPlus<\/strong><\/p>\n\n<!--YouTube Error: bad URL entered-->\n","protected":false},"excerpt":{"rendered":"<p>Mesa duket z\u00ebrat p\u00ebr nj\u00eb rikthim t\u00eb mundsh\u00ebm t\u00eb Elsa Lil\u00ebs n\u00eb Shqip\u00ebri po trasformohen n\u00eb fakte t\u00eb v\u00ebrteta. Sipas disa burimeve tona k\u00ebng\u00ebtarja e njohur ka disa plane n\u00eb Shqip\u00ebri. Rikthimi i saj i p\u00ebrmallsh\u00ebm por shum\u00eb i suksessh\u00ebm si prezantuese n\u00eb festivalin e vjetsh\u00ebm n\u00eb RTSH, ia ka shtuar oreksin p\u00ebr t\u00eb b\u00ebr\u00eb [&hellip;]<\/p>\n","protected":false},"author":1,"featured_media":0,"comment_status":"open","ping_status":"closed","sticky":false,"template":"","format":"standard","meta":{"spay_email":"","jetpack_publicize_message":"","jetpack_is_tweetstorm":false,"jetpack_publicize_feature_enabled":true},"categories":[1],"tags":[7714,7715,7716,7717],"jetpack_publicize_connections":[],"yoast_head":"<!-- This site is optimized with the Yoast SEO plugin v19.1 - https:\/\/yoast.com\/wordpress\/plugins\/seo\/ -->\n<title>Elsa Lila: Rikthehet n\u00eb Tiran\u00eb - Lajme nga Ulqini<\/title>\n<meta name=\"description\" content=\"Mesa duket z\u00ebrat p\u00ebr nj\u00eb rikthim t\u00eb mundsh\u00ebm t\u00eb Elsa Lil\u00ebs n\u00eb Shqip\u00ebri po trasformohen n\u00eb fakte t\u00eb v\u00ebrteta. Sipas disa burimeve tona k\u00ebng\u00ebtarja e njohur\" \/>\n<meta name=\"robots\" content=\"index, follow, max-snippet:-1, max-image-preview:large, max-video-preview:-1\" \/>\n<link rel=\"canonical\" href=\"https:\/\/www.visit-ulcinj.com\/blog\/2009\/03\/08\/elsa-lila-rikthehet-ne-tirane\/\" \/>\n<meta property=\"og:locale\" content=\"en_US\" \/>\n<meta property=\"og:type\" content=\"article\" \/>\n<meta property=\"og:title\" content=\"Elsa Lila: Rikthehet n\u00eb Tiran\u00eb - Lajme nga Ulqini\" \/>\n<meta property=\"og:description\" content=\"Mesa duket z\u00ebrat p\u00ebr nj\u00eb rikthim t\u00eb mundsh\u00ebm t\u00eb Elsa Lil\u00ebs n\u00eb Shqip\u00ebri po trasformohen n\u00eb fakte t\u00eb v\u00ebrteta. Sipas disa burimeve tona k\u00ebng\u00ebtarja e njohur\" \/>\n<meta property=\"og:url\" content=\"https:\/\/www.visit-ulcinj.com\/blog\/2009\/03\/08\/elsa-lila-rikthehet-ne-tirane\/\" \/>\n<meta property=\"og:site_name\" content=\"Lajme nga Ulqini\" \/>\n<meta property=\"article:published_time\" content=\"2009-03-08T22:21:18+00:00\" \/>\n<meta property=\"og:image\" content=\"https:\/\/www.visit-ulcinj.com\/blog\/wp-content\/uploads\/2009\/03\/elsa-lila1-150x150.jpg\" \/>\n<meta name=\"twitter:label1\" content=\"Written by\" \/>\n\t<meta name=\"twitter:data1\" content=\"ulqini\" \/>\n\t<meta name=\"twitter:label2\" content=\"Est. reading time\" \/>\n\t<meta name=\"twitter:data2\" content=\"2 minutes\" \/>\n<script type=\"application\/ld+json\" class=\"yoast-schema-graph\">{\"@context\":\"https:\/\/schema.org\",\"@graph\":[{\"@type\":\"WebSite\",\"@id\":\"https:\/\/www.visit-ulcinj.com\/blog\/#website\",\"url\":\"https:\/\/www.visit-ulcinj.com\/blog\/\",\"name\":\"Lajme nga Ulqini\",\"description\":\"Lajme,Vijesti,Ulqini,Ulqin,Crna Gora,Mali i Zi\",\"potentialAction\":[{\"@type\":\"SearchAction\",\"target\":{\"@type\":\"EntryPoint\",\"urlTemplate\":\"https:\/\/www.visit-ulcinj.com\/blog\/?s={search_term_string}\"},\"query-input\":\"required name=search_term_string\"}],\"inLanguage\":\"en-US\"},{\"@type\":\"ImageObject\",\"inLanguage\":\"en-US\",\"@id\":\"https:\/\/www.visit-ulcinj.com\/blog\/2009\/03\/08\/elsa-lila-rikthehet-ne-tirane\/#primaryimage\",\"url\":\"http:\/\/www.visit-ulcinj.com\/blog\/wp-content\/uploads\/2009\/03\/elsa-lila5.jpg\",\"contentUrl\":\"http:\/\/www.visit-ulcinj.com\/blog\/wp-content\/uploads\/2009\/03\/elsa-lila5.jpg\"},{\"@type\":\"WebPage\",\"@id\":\"https:\/\/www.visit-ulcinj.com\/blog\/2009\/03\/08\/elsa-lila-rikthehet-ne-tirane\/#webpage\",\"url\":\"https:\/\/www.visit-ulcinj.com\/blog\/2009\/03\/08\/elsa-lila-rikthehet-ne-tirane\/\",\"name\":\"Elsa Lila: Rikthehet n\u00eb Tiran\u00eb - Lajme nga Ulqini\",\"isPartOf\":{\"@id\":\"https:\/\/www.visit-ulcinj.com\/blog\/#website\"},\"primaryImageOfPage\":{\"@id\":\"https:\/\/www.visit-ulcinj.com\/blog\/2009\/03\/08\/elsa-lila-rikthehet-ne-tirane\/#primaryimage\"},\"datePublished\":\"2009-03-08T22:21:18+00:00\",\"dateModified\":\"2009-03-08T22:21:18+00:00\",\"author\":{\"@id\":\"https:\/\/www.visit-ulcinj.com\/blog\/#\/schema\/person\/dcab619c614d3038751c63bc2aadc06d\"},\"description\":\"Mesa duket z\u00ebrat p\u00ebr nj\u00eb rikthim t\u00eb mundsh\u00ebm t\u00eb Elsa Lil\u00ebs n\u00eb Shqip\u00ebri po trasformohen n\u00eb fakte t\u00eb v\u00ebrteta. Sipas disa burimeve tona k\u00ebng\u00ebtarja e njohur\",\"breadcrumb\":{\"@id\":\"https:\/\/www.visit-ulcinj.com\/blog\/2009\/03\/08\/elsa-lila-rikthehet-ne-tirane\/#breadcrumb\"},\"inLanguage\":\"en-US\",\"potentialAction\":[{\"@type\":\"ReadAction\",\"target\":[\"https:\/\/www.visit-ulcinj.com\/blog\/2009\/03\/08\/elsa-lila-rikthehet-ne-tirane\/\"]}]},{\"@type\":\"BreadcrumbList\",\"@id\":\"https:\/\/www.visit-ulcinj.com\/blog\/2009\/03\/08\/elsa-lila-rikthehet-ne-tirane\/#breadcrumb\",\"itemListElement\":[{\"@type\":\"ListItem\",\"position\":1,\"name\":\"Elsa Lila: Rikthehet n\u00eb Tiran\u00eb\"}]},{\"@type\":\"Person\",\"@id\":\"https:\/\/www.visit-ulcinj.com\/blog\/#\/schema\/person\/dcab619c614d3038751c63bc2aadc06d\",\"name\":\"ulqini\",\"sameAs\":[\"http:\/\/www.visit-ulcinj.com\"],\"url\":\"https:\/\/www.visit-ulcinj.com\/blog\/author\/admin\/\"}]}<\/script>\n<!-- \/ Yoast SEO plugin. -->","yoast_head_json":{"title":"Elsa Lila: Rikthehet n\u00eb Tiran\u00eb - Lajme nga Ulqini","description":"Mesa duket z\u00ebrat p\u00ebr nj\u00eb rikthim t\u00eb mundsh\u00ebm t\u00eb Elsa Lil\u00ebs n\u00eb Shqip\u00ebri po trasformohen n\u00eb fakte t\u00eb v\u00ebrteta. Sipas disa burimeve tona k\u00ebng\u00ebtarja e njohur","robots":{"index":"index","follow":"follow","max-snippet":"max-snippet:-1","max-image-preview":"max-image-preview:large","max-video-preview":"max-video-preview:-1"},"canonical":"https:\/\/www.visit-ulcinj.com\/blog\/2009\/03\/08\/elsa-lila-rikthehet-ne-tirane\/","og_locale":"en_US","og_type":"article","og_title":"Elsa Lila: Rikthehet n\u00eb Tiran\u00eb - Lajme nga Ulqini","og_description":"Mesa duket z\u00ebrat p\u00ebr nj\u00eb rikthim t\u00eb mundsh\u00ebm t\u00eb Elsa Lil\u00ebs n\u00eb Shqip\u00ebri po trasformohen n\u00eb fakte t\u00eb v\u00ebrteta. Sipas disa burimeve tona k\u00ebng\u00ebtarja e njohur","og_url":"https:\/\/www.visit-ulcinj.com\/blog\/2009\/03\/08\/elsa-lila-rikthehet-ne-tirane\/","og_site_name":"Lajme nga Ulqini","article_published_time":"2009-03-08T22:21:18+00:00","og_image":[{"url":"https:\/\/www.visit-ulcinj.com\/blog\/wp-content\/uploads\/2009\/03\/elsa-lila1-150x150.jpg"}],"twitter_misc":{"Written by":"ulqini","Est. reading time":"2 minutes"},"schema":{"@context":"https:\/\/schema.org","@graph":[{"@type":"WebSite","@id":"https:\/\/www.visit-ulcinj.com\/blog\/#website","url":"https:\/\/www.visit-ulcinj.com\/blog\/","name":"Lajme nga Ulqini","description":"Lajme,Vijesti,Ulqini,Ulqin,Crna Gora,Mali i Zi","potentialAction":[{"@type":"SearchAction","target":{"@type":"EntryPoint","urlTemplate":"https:\/\/www.visit-ulcinj.com\/blog\/?s={search_term_string}"},"query-input":"required name=search_term_string"}],"inLanguage":"en-US"},{"@type":"ImageObject","inLanguage":"en-US","@id":"https:\/\/www.visit-ulcinj.com\/blog\/2009\/03\/08\/elsa-lila-rikthehet-ne-tirane\/#primaryimage","url":"http:\/\/www.visit-ulcinj.com\/blog\/wp-content\/uploads\/2009\/03\/elsa-lila5.jpg","contentUrl":"http:\/\/www.visit-ulcinj.com\/blog\/wp-content\/uploads\/2009\/03\/elsa-lila5.jpg"},{"@type":"WebPage","@id":"https:\/\/www.visit-ulcinj.com\/blog\/2009\/03\/08\/elsa-lila-rikthehet-ne-tirane\/#webpage","url":"https:\/\/www.visit-ulcinj.com\/blog\/2009\/03\/08\/elsa-lila-rikthehet-ne-tirane\/","name":"Elsa Lila: Rikthehet n\u00eb Tiran\u00eb - Lajme nga Ulqini","isPartOf":{"@id":"https:\/\/www.visit-ulcinj.com\/blog\/#website"},"primaryImageOfPage":{"@id":"https:\/\/www.visit-ulcinj.com\/blog\/2009\/03\/08\/elsa-lila-rikthehet-ne-tirane\/#primaryimage"},"datePublished":"2009-03-08T22:21:18+00:00","dateModified":"2009-03-08T22:21:18+00:00","author":{"@id":"https:\/\/www.visit-ulcinj.com\/blog\/#\/schema\/person\/dcab619c614d3038751c63bc2aadc06d"},"description":"Mesa duket z\u00ebrat p\u00ebr nj\u00eb rikthim t\u00eb mundsh\u00ebm t\u00eb Elsa Lil\u00ebs n\u00eb Shqip\u00ebri po trasformohen n\u00eb fakte t\u00eb v\u00ebrteta. Sipas disa burimeve tona k\u00ebng\u00ebtarja e njohur","breadcrumb":{"@id":"https:\/\/www.visit-ulcinj.com\/blog\/2009\/03\/08\/elsa-lila-rikthehet-ne-tirane\/#breadcrumb"},"inLanguage":"en-US","potentialAction":[{"@type":"ReadAction","target":["https:\/\/www.visit-ulcinj.com\/blog\/2009\/03\/08\/elsa-lila-rikthehet-ne-tirane\/"]}]},{"@type":"BreadcrumbList","@id":"https:\/\/www.visit-ulcinj.com\/blog\/2009\/03\/08\/elsa-lila-rikthehet-ne-tirane\/#breadcrumb","itemListElement":[{"@type":"ListItem","position":1,"name":"Elsa Lila: Rikthehet n\u00eb Tiran\u00eb"}]},{"@type":"Person","@id":"https:\/\/www.visit-ulcinj.com\/blog\/#\/schema\/person\/dcab619c614d3038751c63bc2aadc06d","name":"ulqini","sameAs":["http:\/\/www.visit-ulcinj.com"],"url":"https:\/\/www.visit-ulcinj.com\/blog\/author\/admin\/"}]}},"jetpack_featured_media_url":"","jetpack_sharing_enabled":true,"jetpack_shortlink":"https:\/\/wp.me\/pe6lTn-3vn","_links":{"self":[{"href":"https:\/\/www.visit-ulcinj.com\/blog\/wp-json\/wp\/v2\/posts\/13477"}],"collection":[{"href":"https:\/\/www.visit-ulcinj.com\/blog\/wp-json\/wp\/v2\/posts"}],"about":[{"href":"https:\/\/www.visit-ulcinj.com\/blog\/wp-json\/wp\/v2\/types\/post"}],"author":[{"embeddable":true,"href":"https:\/\/www.visit-ulcinj.com\/blog\/wp-json\/wp\/v2\/users\/1"}],"replies":[{"embeddable":true,"href":"https:\/\/www.visit-ulcinj.com\/blog\/wp-json\/wp\/v2\/comments?post=13477"}],"version-history":[{"count":0,"href":"https:\/\/www.visit-ulcinj.com\/blog\/wp-json\/wp\/v2\/posts\/13477\/revisions"}],"wp:attachment":[{"href":"https:\/\/www.visit-ulcinj.com\/blog\/wp-json\/wp\/v2\/media?parent=13477"}],"wp:term":[{"taxonomy":"category","embeddable":true,"href":"https:\/\/www.visit-ulcinj.com\/blog\/wp-json\/wp\/v2\/categories?post=13477"},{"taxonomy":"post_tag","embeddable":true,"href":"https:\/\/www.visit-ulcinj.com\/blog\/wp-json\/wp\/v2\/tags?post=13477"}],"curies":[{"name":"wp","href":"https:\/\/api.w.org\/{rel}","templated":true}]}}