{"id":1351,"date":"2008-04-22T16:41:11","date_gmt":"2008-04-22T21:41:11","guid":{"rendered":"http:\/\/www.visit-ulcinj.com\/blog\/?p=1351"},"modified":"2008-04-22T16:42:10","modified_gmt":"2008-04-22T21:42:10","slug":"premijeri-dukanovic-i-berisa-polozili-kamen-temeljac-za-izgradnju-granicnog-prelaza-sukobin-muricani","status":"publish","type":"post","link":"https:\/\/www.visit-ulcinj.com\/blog\/2008\/04\/22\/premijeri-dukanovic-i-berisa-polozili-kamen-temeljac-za-izgradnju-granicnog-prelaza-sukobin-muricani\/","title":{"rendered":"PREMIJERI ?UKANOVI? I BERI\u0160A POLO\u017dILI KAMEN TEMELJAC ZA IZGRADNJU GRANI?NOG PRELAZA SUKOBIN-MURI?ANI"},"content":{"rendered":"<p><a href=\"http:\/\/www.visit-ulcinj.com\/blog\/wp-content\/uploads\/2008\/04\/dukanovic-i-berisa.jpg\"><img loading=\"lazy\" class=\"alignleft attachment wp-att-1352\" style=\"float: left;\" src=\"http:\/\/www.visit-ulcinj.com\/blog\/wp-content\/uploads\/2008\/04\/dukanovic-i-berisa.thumbnail.jpg\" alt=\"?UKANOVI? I BERI\u0160A\" width=\"200\" height=\"131\" \/><\/a><strong>Dvije dr\u017eave pod jednim krovom<\/strong><br \/>\nUlcinj &#8211; Sa uzvi\u0161enja, ispred bunkera, do zuba naoru\u017eani vojnik ju?e je u Muri?anima u Albaniji budno motrio na masu ispod sebe dok su premijeri dvije susjedne zemlje ispijali \u0161ampanjac nakon \u0161to su polo\u017eili kamen temeljac za izgradnju savremene zgrade na grani?nom prelazu. Vi\u0161e od 30 fotoreportera i kamermana sjatilo se oko dva premijera poku\u0161avaju?i da ovjekovje?e trenutak koji je ozvani?io po?etak radova na izgradnji prvog zajedni?kog grani?nog prelaza na jugoisto?nom Balkanu. Premijer Albanije Sali Beri\u0161a kazao je da zajedni?ki grani?ni prelaz Sukobin- Muri?ani treba da poslu\u017ei kao pozitivan primjer svim zemljama Jugoisto?ne Evrope ne samo po tome \u0161to ?e pospje\u0161iti koordinaciju rada na vr\u0161enju zajedni?kih poslova nego i zbog realizacije procesa regionalne i evropske integracije.<br \/>\n&#8211; Zajedni?ki grani?ni prelaz rezultat je pozitivnog razvoja dobrosusjedskih odnosa i regionalne integracije na\u0161e dvije zemlje. Istovremeno, ovo je prvi slu?aj u Jugoisto?noj Evropi da dvije susjdne dr\u017eave grade zajedni?ku grani?nu zgradu i prelaz, koji ?e omogu?iti efikasniji promet ljudi &#8211; rekao je Beri\u0161a.<br \/>\nOn je naglasio da je zajedni?ki prelaz veoma zna?ajan elemenat na primjeni strategije upravljanja granicom koju su usvojili Albanija i njeni susjedi, uklju?uju?i i Crnu Goru.<br \/>\nPremijer Crne Gore Milo ?ukanovi? ocijenio je da ?e dostizanje evropskih standarda u upravljanju granicama ubrzati liberalizaciju viznog re\u017eima sa EU. On je ?estitao Albaniji na pozivu za pristupanje NATO, koji je zajedno sa Hrvatskom dobila na nedavnom Samitu u Bukure\u0161tu.<br \/>\n&#8211; Nas u Crnoj Gori raduje svaki uspjeh susjeda. Dobrosusjedstvo jeste preporuka za na\u0161e kona?ne strate\u0161ke ciljeve. Ali, mi to ne radimo da bi se svidjeli bilo kome u Evropi i svijetu. Me?usobno uva\u017eavanje je tradicija kada se radi o Crnoj Gori i Albaniji i zaloga trajnog prijateljstva dana\u0161njih i generacija koje dolaze &#8211; rekao je ?ukanovi?.<br \/>\nPodsje?aju?i da je grani?ni prelaz Sukobin-Muri?ani za me?unardoni putni?ki saobra?aj otvoren u maju 2002, ?ukanovi? je kazao da ?e u februaru naredne godine, kada se o?ekuje izgradnja zgrade, na ovom mjestu biti najmoderniji i najefikasniji grani?ni prelaz na Zapadnom Balkanu. On je naglasio da je ovo prvi u nizu predvi?enih zajedni?kih grani?nih prelaza u regionu.<br \/>\nZa izgradnju zajedni?ke zgrade, u kojoj ?e biti smje\u0161tene carine i policije dvije zemlje, Evropska unija izdvojila je 1,1 milion eura.<br \/>\n\u0160ef kancelarije Evropske komisije u Tirani Helmut Lohan kazao je da ?e novi grani?ni prelaz, Albaniji i Crnoj Gori omogu?iti da rade zajedno na za\u0161titi \u017eivotne okoline, borbi protiv organizovanog kriminala, bezbjednosti grani?nog pojasa i promociji grani?ne saradnje uop\u0161te.<br \/>\nNjegov kolega iz Podgorice Leopold Maurer podjsetio je da je Crna Gora bila jedna od prvih zemalja biv\u0161e Jugoslavije koja je izvr\u0161ila kompletnu demilitarizaciju grani?ne kontrole. On je istakao da ?e Evropska komisija sa 14 miliona eura podr\u017eati program kooperacije crnogorskih grani?nih prelaza u periodu do 2010. godine.<br \/>\nSve?anosti u Muri?anima, pored ostalih, prisustvovali su crnogorski ministri policije i za\u0161tite ljudskih i manjinskih prava, Jusuf Kalamperovi? i Fuad Nimani, lider DUA Ferhat Dino\u0161a, te ministri policije, evropskih integracija i poljoprivrede u Vladi Albanije, Bujar Ni\u0161ani, Malinda Bregu i Jemin ?ana.<br \/>\n<strong> S.ADROVI?<br \/>\nVijesti<\/strong><\/p>\n","protected":false},"excerpt":{"rendered":"<p><img loading=\"lazy\" class=\"alignleft attachment wp-att-1352\" style=\"float: left;\" src=\"http:\/\/www.visit-ulcinj.com\/blog\/wp-content\/uploads\/2008\/04\/dukanovic-i-berisa.thumbnail.jpg\" alt=\"?UKANOVI? I BERI\u0160A\" width=\"140\" height=\"140\" \/><\/p>\n","protected":false},"author":1,"featured_media":0,"comment_status":"open","ping_status":"closed","sticky":false,"template":"","format":"standard","meta":{"spay_email":"","jetpack_publicize_message":"","jetpack_is_tweetstorm":false,"jetpack_publicize_feature_enabled":true},"categories":[1,12],"tags":[2677,2678,2681,2679,88,106,1621,2680],"jetpack_publicize_connections":[],"yoast_head":"<!-- This site is optimized with the Yoast SEO plugin v19.1 - https:\/\/yoast.com\/wordpress\/plugins\/seo\/ -->\n<title>PREMIJERI ?UKANOVI? I BERI\u0160A POLO\u017dILI KAMEN TEMELJAC ZA IZGRADNJU GRANI?NOG PRELAZA SUKOBIN-MURI?ANI - Lajme nga Ulqini<\/title>\n<meta name=\"robots\" content=\"index, follow, max-snippet:-1, max-image-preview:large, max-video-preview:-1\" \/>\n<link rel=\"canonical\" href=\"https:\/\/www.visit-ulcinj.com\/blog\/2008\/04\/22\/premijeri-dukanovic-i-berisa-polozili-kamen-temeljac-za-izgradnju-granicnog-prelaza-sukobin-muricani\/\" \/>\n<meta property=\"og:locale\" content=\"en_US\" \/>\n<meta property=\"og:type\" content=\"article\" \/>\n<meta property=\"og:title\" content=\"PREMIJERI ?UKANOVI? I BERI\u0160A POLO\u017dILI KAMEN TEMELJAC ZA IZGRADNJU GRANI?NOG PRELAZA SUKOBIN-MURI?ANI - Lajme nga Ulqini\" \/>\n<meta property=\"og:url\" content=\"https:\/\/www.visit-ulcinj.com\/blog\/2008\/04\/22\/premijeri-dukanovic-i-berisa-polozili-kamen-temeljac-za-izgradnju-granicnog-prelaza-sukobin-muricani\/\" \/>\n<meta property=\"og:site_name\" content=\"Lajme nga Ulqini\" \/>\n<meta property=\"article:published_time\" content=\"2008-04-22T21:41:11+00:00\" \/>\n<meta property=\"article:modified_time\" content=\"2008-04-22T21:42:10+00:00\" \/>\n<meta property=\"og:image\" content=\"http:\/\/www.visit-ulcinj.com\/blog\/wp-content\/uploads\/2008\/04\/dukanovic-i-berisa.thumbnail.jpg\" \/>\n<meta name=\"twitter:label1\" content=\"Written by\" \/>\n\t<meta name=\"twitter:data1\" content=\"ulqini\" \/>\n\t<meta name=\"twitter:label2\" content=\"Est. reading time\" \/>\n\t<meta name=\"twitter:data2\" content=\"3 minutes\" \/>\n<script type=\"application\/ld+json\" class=\"yoast-schema-graph\">{\"@context\":\"https:\/\/schema.org\",\"@graph\":[{\"@type\":\"WebSite\",\"@id\":\"https:\/\/www.visit-ulcinj.com\/blog\/#website\",\"url\":\"https:\/\/www.visit-ulcinj.com\/blog\/\",\"name\":\"Lajme nga Ulqini\",\"description\":\"Lajme,Vijesti,Ulqini,Ulqin,Crna Gora,Mali i Zi\",\"potentialAction\":[{\"@type\":\"SearchAction\",\"target\":{\"@type\":\"EntryPoint\",\"urlTemplate\":\"https:\/\/www.visit-ulcinj.com\/blog\/?s={search_term_string}\"},\"query-input\":\"required name=search_term_string\"}],\"inLanguage\":\"en-US\"},{\"@type\":\"ImageObject\",\"inLanguage\":\"en-US\",\"@id\":\"https:\/\/www.visit-ulcinj.com\/blog\/2008\/04\/22\/premijeri-dukanovic-i-berisa-polozili-kamen-temeljac-za-izgradnju-granicnog-prelaza-sukobin-muricani\/#primaryimage\",\"url\":\"http:\/\/www.visit-ulcinj.com\/blog\/wp-content\/uploads\/2008\/04\/dukanovic-i-berisa.thumbnail.jpg\",\"contentUrl\":\"http:\/\/www.visit-ulcinj.com\/blog\/wp-content\/uploads\/2008\/04\/dukanovic-i-berisa.thumbnail.jpg\"},{\"@type\":\"WebPage\",\"@id\":\"https:\/\/www.visit-ulcinj.com\/blog\/2008\/04\/22\/premijeri-dukanovic-i-berisa-polozili-kamen-temeljac-za-izgradnju-granicnog-prelaza-sukobin-muricani\/#webpage\",\"url\":\"https:\/\/www.visit-ulcinj.com\/blog\/2008\/04\/22\/premijeri-dukanovic-i-berisa-polozili-kamen-temeljac-za-izgradnju-granicnog-prelaza-sukobin-muricani\/\",\"name\":\"PREMIJERI ?UKANOVI? I BERI\u0160A POLO\u017dILI KAMEN TEMELJAC ZA IZGRADNJU GRANI?NOG PRELAZA SUKOBIN-MURI?ANI - Lajme nga Ulqini\",\"isPartOf\":{\"@id\":\"https:\/\/www.visit-ulcinj.com\/blog\/#website\"},\"primaryImageOfPage\":{\"@id\":\"https:\/\/www.visit-ulcinj.com\/blog\/2008\/04\/22\/premijeri-dukanovic-i-berisa-polozili-kamen-temeljac-za-izgradnju-granicnog-prelaza-sukobin-muricani\/#primaryimage\"},\"datePublished\":\"2008-04-22T21:41:11+00:00\",\"dateModified\":\"2008-04-22T21:42:10+00:00\",\"author\":{\"@id\":\"https:\/\/www.visit-ulcinj.com\/blog\/#\/schema\/person\/dcab619c614d3038751c63bc2aadc06d\"},\"breadcrumb\":{\"@id\":\"https:\/\/www.visit-ulcinj.com\/blog\/2008\/04\/22\/premijeri-dukanovic-i-berisa-polozili-kamen-temeljac-za-izgradnju-granicnog-prelaza-sukobin-muricani\/#breadcrumb\"},\"inLanguage\":\"en-US\",\"potentialAction\":[{\"@type\":\"ReadAction\",\"target\":[\"https:\/\/www.visit-ulcinj.com\/blog\/2008\/04\/22\/premijeri-dukanovic-i-berisa-polozili-kamen-temeljac-za-izgradnju-granicnog-prelaza-sukobin-muricani\/\"]}]},{\"@type\":\"BreadcrumbList\",\"@id\":\"https:\/\/www.visit-ulcinj.com\/blog\/2008\/04\/22\/premijeri-dukanovic-i-berisa-polozili-kamen-temeljac-za-izgradnju-granicnog-prelaza-sukobin-muricani\/#breadcrumb\",\"itemListElement\":[{\"@type\":\"ListItem\",\"position\":1,\"name\":\"PREMIJERI ?UKANOVI? I BERI\u0160A POLO\u017dILI KAMEN TEMELJAC ZA IZGRADNJU GRANI?NOG PRELAZA SUKOBIN-MURI?ANI\"}]},{\"@type\":\"Person\",\"@id\":\"https:\/\/www.visit-ulcinj.com\/blog\/#\/schema\/person\/dcab619c614d3038751c63bc2aadc06d\",\"name\":\"ulqini\",\"sameAs\":[\"http:\/\/www.visit-ulcinj.com\"],\"url\":\"https:\/\/www.visit-ulcinj.com\/blog\/author\/admin\/\"}]}<\/script>\n<!-- \/ Yoast SEO plugin. -->","yoast_head_json":{"title":"PREMIJERI ?UKANOVI? I BERI\u0160A POLO\u017dILI KAMEN TEMELJAC ZA IZGRADNJU GRANI?NOG PRELAZA SUKOBIN-MURI?ANI - Lajme nga Ulqini","robots":{"index":"index","follow":"follow","max-snippet":"max-snippet:-1","max-image-preview":"max-image-preview:large","max-video-preview":"max-video-preview:-1"},"canonical":"https:\/\/www.visit-ulcinj.com\/blog\/2008\/04\/22\/premijeri-dukanovic-i-berisa-polozili-kamen-temeljac-za-izgradnju-granicnog-prelaza-sukobin-muricani\/","og_locale":"en_US","og_type":"article","og_title":"PREMIJERI ?UKANOVI? I BERI\u0160A POLO\u017dILI KAMEN TEMELJAC ZA IZGRADNJU GRANI?NOG PRELAZA SUKOBIN-MURI?ANI - Lajme nga Ulqini","og_url":"https:\/\/www.visit-ulcinj.com\/blog\/2008\/04\/22\/premijeri-dukanovic-i-berisa-polozili-kamen-temeljac-za-izgradnju-granicnog-prelaza-sukobin-muricani\/","og_site_name":"Lajme nga Ulqini","article_published_time":"2008-04-22T21:41:11+00:00","article_modified_time":"2008-04-22T21:42:10+00:00","og_image":[{"url":"http:\/\/www.visit-ulcinj.com\/blog\/wp-content\/uploads\/2008\/04\/dukanovic-i-berisa.thumbnail.jpg"}],"twitter_misc":{"Written by":"ulqini","Est. reading time":"3 minutes"},"schema":{"@context":"https:\/\/schema.org","@graph":[{"@type":"WebSite","@id":"https:\/\/www.visit-ulcinj.com\/blog\/#website","url":"https:\/\/www.visit-ulcinj.com\/blog\/","name":"Lajme nga Ulqini","description":"Lajme,Vijesti,Ulqini,Ulqin,Crna Gora,Mali i Zi","potentialAction":[{"@type":"SearchAction","target":{"@type":"EntryPoint","urlTemplate":"https:\/\/www.visit-ulcinj.com\/blog\/?s={search_term_string}"},"query-input":"required name=search_term_string"}],"inLanguage":"en-US"},{"@type":"ImageObject","inLanguage":"en-US","@id":"https:\/\/www.visit-ulcinj.com\/blog\/2008\/04\/22\/premijeri-dukanovic-i-berisa-polozili-kamen-temeljac-za-izgradnju-granicnog-prelaza-sukobin-muricani\/#primaryimage","url":"http:\/\/www.visit-ulcinj.com\/blog\/wp-content\/uploads\/2008\/04\/dukanovic-i-berisa.thumbnail.jpg","contentUrl":"http:\/\/www.visit-ulcinj.com\/blog\/wp-content\/uploads\/2008\/04\/dukanovic-i-berisa.thumbnail.jpg"},{"@type":"WebPage","@id":"https:\/\/www.visit-ulcinj.com\/blog\/2008\/04\/22\/premijeri-dukanovic-i-berisa-polozili-kamen-temeljac-za-izgradnju-granicnog-prelaza-sukobin-muricani\/#webpage","url":"https:\/\/www.visit-ulcinj.com\/blog\/2008\/04\/22\/premijeri-dukanovic-i-berisa-polozili-kamen-temeljac-za-izgradnju-granicnog-prelaza-sukobin-muricani\/","name":"PREMIJERI ?UKANOVI? I BERI\u0160A POLO\u017dILI KAMEN TEMELJAC ZA IZGRADNJU GRANI?NOG PRELAZA SUKOBIN-MURI?ANI - Lajme nga Ulqini","isPartOf":{"@id":"https:\/\/www.visit-ulcinj.com\/blog\/#website"},"primaryImageOfPage":{"@id":"https:\/\/www.visit-ulcinj.com\/blog\/2008\/04\/22\/premijeri-dukanovic-i-berisa-polozili-kamen-temeljac-za-izgradnju-granicnog-prelaza-sukobin-muricani\/#primaryimage"},"datePublished":"2008-04-22T21:41:11+00:00","dateModified":"2008-04-22T21:42:10+00:00","author":{"@id":"https:\/\/www.visit-ulcinj.com\/blog\/#\/schema\/person\/dcab619c614d3038751c63bc2aadc06d"},"breadcrumb":{"@id":"https:\/\/www.visit-ulcinj.com\/blog\/2008\/04\/22\/premijeri-dukanovic-i-berisa-polozili-kamen-temeljac-za-izgradnju-granicnog-prelaza-sukobin-muricani\/#breadcrumb"},"inLanguage":"en-US","potentialAction":[{"@type":"ReadAction","target":["https:\/\/www.visit-ulcinj.com\/blog\/2008\/04\/22\/premijeri-dukanovic-i-berisa-polozili-kamen-temeljac-za-izgradnju-granicnog-prelaza-sukobin-muricani\/"]}]},{"@type":"BreadcrumbList","@id":"https:\/\/www.visit-ulcinj.com\/blog\/2008\/04\/22\/premijeri-dukanovic-i-berisa-polozili-kamen-temeljac-za-izgradnju-granicnog-prelaza-sukobin-muricani\/#breadcrumb","itemListElement":[{"@type":"ListItem","position":1,"name":"PREMIJERI ?UKANOVI? I BERI\u0160A POLO\u017dILI KAMEN TEMELJAC ZA IZGRADNJU GRANI?NOG PRELAZA SUKOBIN-MURI?ANI"}]},{"@type":"Person","@id":"https:\/\/www.visit-ulcinj.com\/blog\/#\/schema\/person\/dcab619c614d3038751c63bc2aadc06d","name":"ulqini","sameAs":["http:\/\/www.visit-ulcinj.com"],"url":"https:\/\/www.visit-ulcinj.com\/blog\/author\/admin\/"}]}},"jetpack_featured_media_url":"","jetpack_sharing_enabled":true,"jetpack_shortlink":"https:\/\/wp.me\/pe6lTn-lN","_links":{"self":[{"href":"https:\/\/www.visit-ulcinj.com\/blog\/wp-json\/wp\/v2\/posts\/1351"}],"collection":[{"href":"https:\/\/www.visit-ulcinj.com\/blog\/wp-json\/wp\/v2\/posts"}],"about":[{"href":"https:\/\/www.visit-ulcinj.com\/blog\/wp-json\/wp\/v2\/types\/post"}],"author":[{"embeddable":true,"href":"https:\/\/www.visit-ulcinj.com\/blog\/wp-json\/wp\/v2\/users\/1"}],"replies":[{"embeddable":true,"href":"https:\/\/www.visit-ulcinj.com\/blog\/wp-json\/wp\/v2\/comments?post=1351"}],"version-history":[{"count":0,"href":"https:\/\/www.visit-ulcinj.com\/blog\/wp-json\/wp\/v2\/posts\/1351\/revisions"}],"wp:attachment":[{"href":"https:\/\/www.visit-ulcinj.com\/blog\/wp-json\/wp\/v2\/media?parent=1351"}],"wp:term":[{"taxonomy":"category","embeddable":true,"href":"https:\/\/www.visit-ulcinj.com\/blog\/wp-json\/wp\/v2\/categories?post=1351"},{"taxonomy":"post_tag","embeddable":true,"href":"https:\/\/www.visit-ulcinj.com\/blog\/wp-json\/wp\/v2\/tags?post=1351"}],"curies":[{"name":"wp","href":"https:\/\/api.w.org\/{rel}","templated":true}]}}