{"id":13521,"date":"2009-03-09T17:18:01","date_gmt":"2009-03-09T16:18:01","guid":{"rendered":"http:\/\/www.visit-ulcinj.com\/blog\/?p=13521"},"modified":"2009-03-09T17:58:14","modified_gmt":"2009-03-09T16:58:14","slug":"foto-eskluzive-martina-ivezaj-miss-rinora4","status":"publish","type":"post","link":"https:\/\/www.visit-ulcinj.com\/blog\/2009\/03\/09\/foto-eskluzive-martina-ivezaj-miss-rinora4\/","title":{"rendered":"Foto Eskluzive: Martina Ivezaj &#8211; Miss Rinora4"},"content":{"rendered":"<p><strong><a href=\"http:\/\/www.visit-ulcinj.com\/blog\/wp-content\/uploads\/2009\/03\/martina-ivezaj.jpg\"><img loading=\"lazy\" class=\"alignleft size-full wp-image-13522\" title=\"martina-ivezaj\" src=\"http:\/\/www.visit-ulcinj.com\/blog\/wp-content\/uploads\/2009\/03\/martina-ivezaj.jpg\" alt=\"martina-ivezaj\" width=\"570\" height=\"400\" \/><\/a>Edhe k\u00ebt\u00eb vit u organizua Miss Rinora 4.<\/strong><br \/>\n<strong>Kjo tradit\u00eb bukurie dhe stili \u00ebsht\u00eb nj\u00ebra nd\u00ebr kualitetet e shumta q\u00eb organizon Rinora 4. Diskoteka ishte e mbushur deri n\u00eb vendin e fundit dhe kjo gj\u00eb \u00ebsht\u00eb b\u00ebr\u00eb normale n\u00eb k\u00ebt\u00eb klub arg\u00ebtimi dhe bukurie.<\/strong><br \/>\nVajzat q\u00eb mor\u00ebn pjes\u00eb n\u00eb k\u00ebt\u00eb spektak\u00ebl bukurie ishin nga t\u00eb gjitha an\u00ebt. Ishin tremb\u00ebdhjet\u00eb bukuroshe q\u00eb defiluan dhe zbukuruan ambientin me or\u00eb t\u00eb t\u00ebra. Natyrisht se duhej t\u00eb vendosej vet\u00ebm p\u00ebr nj\u00eb vend t\u00eb par\u00eb edhe pse shum\u00eb vajza e meritonin vendin e par\u00eb si p\u00ebr kah bukuria ashtu edhe p\u00ebr nga sharmi. Ishte k\u00ebnaq\u00ebsi e v\u00ebrtet\u00eb t\u00eb shihje defilime kaq subtile n\u00eb Rinora4. Vendin e par\u00eb e zuri bukuroshja Martina Ivezaj dhe q\u00eb barte numrin 11 Vendin e dyt\u00eb (p\u00ebrcjell\u00ebsja e par\u00eb ) e zuri Valmira Reka me numrin 4, dhe Vendin e tret\u00eb Arjeta Ramadani, me numrin 1. P\u00ebr Jurin\u00eb nuk ishte pun\u00eb e leht\u00eb kjo nat\u00eb e k\u00ebtij spektakli madh\u00ebshtor. Juria na krijoj besimin p\u00ebr nj\u00eb p\u00ebrzgjedhje korrekte dhe profesionale. \u00c7mimet shp\u00ebrblyese ishin, 1500.-Chf p\u00ebr vendin e par\u00eb, 1000.-Chf vendi i dyt\u00eb dhe 800.-Chf vendi i tret\u00eb. Natyrisht, pas kaq vitesh p\u00ebrvoje t\u00eb organizator\u00ebve t\u00eb R4, kualiteti i k\u00ebtij spektakli dallon duksh\u00ebm nga organizimet tjera q\u00eb b\u00ebhen n\u00eb Zvic\u00ebr. Dallimi i par\u00eb \u00ebsht\u00eb se diskoteka R4 ka nj\u00eb objekt tej mase t\u00eb bukur dhe t\u00eb madh dhe me instalime moderne. Pastaj siguria \u00ebsht\u00eb pothuajse e nivelit m\u00eb t\u00eb lart\u00eb n\u00eb Zvic\u00ebr. Jan\u00eb k\u00ebto elemente q\u00eb edhe spektaklit Miss R4 2008 i dhan\u00eb nj\u00eb pamje madh\u00ebshtore dhe t\u00eb dinjitetshme. N\u00eb k\u00ebt\u00eb spektak\u00ebl bukurie, i takuam spontanisht edhe Alaban Skenderaj, Adelina Thaqin dhe Labin.<\/p>\n<p><strong>Revista\u00a0 Albsuisse<\/strong><\/p>\n<p><strong><\/p>\n<p><\/strong><\/p>\n<p><strong><\/strong><\/p>\n<p><strong><\/strong><\/p>\n<p><strong><!--YouTube Error: bad URL entered--><br \/>\n<\/strong><\/p>\n<p><strong><br \/>\n<\/strong><\/p>\n","protected":false},"excerpt":{"rendered":"<p>Edhe k\u00ebt\u00eb vit u organizua Miss Rinora 4. Kjo tradit\u00eb bukurie dhe stili \u00ebsht\u00eb nj\u00ebra nd\u00ebr kualitetet e shumta q\u00eb organizon Rinora 4. Diskoteka ishte e mbushur deri n\u00eb vendin e fundit dhe kjo gj\u00eb \u00ebsht\u00eb b\u00ebr\u00eb normale n\u00eb k\u00ebt\u00eb klub arg\u00ebtimi dhe bukurie. Vajzat q\u00eb mor\u00ebn pjes\u00eb n\u00eb k\u00ebt\u00eb spektak\u00ebl bukurie ishin nga t\u00eb [&hellip;]<\/p>\n","protected":false},"author":1,"featured_media":0,"comment_status":"open","ping_status":"closed","sticky":false,"template":"","format":"standard","meta":{"spay_email":"","jetpack_publicize_message":"","jetpack_is_tweetstorm":false,"jetpack_publicize_feature_enabled":true},"categories":[1],"tags":[7733,7730,7734,7728,7721,7725,7722,7724,7726,7731,7732,7729,7727,7735,7723],"jetpack_publicize_connections":[],"yoast_head":"<!-- This site is optimized with the Yoast SEO plugin v19.1 - https:\/\/yoast.com\/wordpress\/plugins\/seo\/ -->\n<title>Foto Eskluzive: Martina Ivezaj - Miss Rinora4 - Lajme nga Ulqini<\/title>\n<meta name=\"description\" content=\"Edhe k\u00ebt\u00eb vit u organizua Miss Rinora 4. Kjo tradit\u00eb bukurie dhe stili \u00ebsht\u00eb nj\u00ebra nd\u00ebr kualitetet e shumta q\u00eb organizon Rinora 4. Diskoteka ishte e\" \/>\n<meta name=\"robots\" content=\"index, follow, max-snippet:-1, max-image-preview:large, max-video-preview:-1\" \/>\n<link rel=\"canonical\" href=\"https:\/\/www.visit-ulcinj.com\/blog\/2009\/03\/09\/foto-eskluzive-martina-ivezaj-miss-rinora4\/\" \/>\n<meta property=\"og:locale\" content=\"en_US\" \/>\n<meta property=\"og:type\" content=\"article\" \/>\n<meta property=\"og:title\" content=\"Foto Eskluzive: Martina Ivezaj - Miss Rinora4 - Lajme nga Ulqini\" \/>\n<meta property=\"og:description\" content=\"Edhe k\u00ebt\u00eb vit u organizua Miss Rinora 4. Kjo tradit\u00eb bukurie dhe stili \u00ebsht\u00eb nj\u00ebra nd\u00ebr kualitetet e shumta q\u00eb organizon Rinora 4. Diskoteka ishte e\" \/>\n<meta property=\"og:url\" content=\"https:\/\/www.visit-ulcinj.com\/blog\/2009\/03\/09\/foto-eskluzive-martina-ivezaj-miss-rinora4\/\" \/>\n<meta property=\"og:site_name\" content=\"Lajme nga Ulqini\" \/>\n<meta property=\"article:published_time\" content=\"2009-03-09T16:18:01+00:00\" \/>\n<meta property=\"article:modified_time\" content=\"2009-03-09T16:58:14+00:00\" \/>\n<meta property=\"og:image\" content=\"https:\/\/www.visit-ulcinj.com\/blog\/wp-content\/uploads\/2009\/03\/martina-ivezaj-150x150.jpg\" \/>\n<meta name=\"twitter:label1\" content=\"Written by\" \/>\n\t<meta name=\"twitter:data1\" content=\"ulqini\" \/>\n\t<meta name=\"twitter:label2\" content=\"Est. reading time\" \/>\n\t<meta name=\"twitter:data2\" content=\"2 minutes\" \/>\n<script type=\"application\/ld+json\" class=\"yoast-schema-graph\">{\"@context\":\"https:\/\/schema.org\",\"@graph\":[{\"@type\":\"WebSite\",\"@id\":\"https:\/\/www.visit-ulcinj.com\/blog\/#website\",\"url\":\"https:\/\/www.visit-ulcinj.com\/blog\/\",\"name\":\"Lajme nga Ulqini\",\"description\":\"Lajme,Vijesti,Ulqini,Ulqin,Crna Gora,Mali i Zi\",\"potentialAction\":[{\"@type\":\"SearchAction\",\"target\":{\"@type\":\"EntryPoint\",\"urlTemplate\":\"https:\/\/www.visit-ulcinj.com\/blog\/?s={search_term_string}\"},\"query-input\":\"required name=search_term_string\"}],\"inLanguage\":\"en-US\"},{\"@type\":\"ImageObject\",\"inLanguage\":\"en-US\",\"@id\":\"https:\/\/www.visit-ulcinj.com\/blog\/2009\/03\/09\/foto-eskluzive-martina-ivezaj-miss-rinora4\/#primaryimage\",\"url\":\"http:\/\/www.visit-ulcinj.com\/blog\/wp-content\/uploads\/2009\/03\/martina-ivezaj.jpg\",\"contentUrl\":\"http:\/\/www.visit-ulcinj.com\/blog\/wp-content\/uploads\/2009\/03\/martina-ivezaj.jpg\"},{\"@type\":\"WebPage\",\"@id\":\"https:\/\/www.visit-ulcinj.com\/blog\/2009\/03\/09\/foto-eskluzive-martina-ivezaj-miss-rinora4\/#webpage\",\"url\":\"https:\/\/www.visit-ulcinj.com\/blog\/2009\/03\/09\/foto-eskluzive-martina-ivezaj-miss-rinora4\/\",\"name\":\"Foto Eskluzive: Martina Ivezaj - Miss Rinora4 - Lajme nga Ulqini\",\"isPartOf\":{\"@id\":\"https:\/\/www.visit-ulcinj.com\/blog\/#website\"},\"primaryImageOfPage\":{\"@id\":\"https:\/\/www.visit-ulcinj.com\/blog\/2009\/03\/09\/foto-eskluzive-martina-ivezaj-miss-rinora4\/#primaryimage\"},\"datePublished\":\"2009-03-09T16:18:01+00:00\",\"dateModified\":\"2009-03-09T16:58:14+00:00\",\"author\":{\"@id\":\"https:\/\/www.visit-ulcinj.com\/blog\/#\/schema\/person\/dcab619c614d3038751c63bc2aadc06d\"},\"description\":\"Edhe k\u00ebt\u00eb vit u organizua Miss Rinora 4. Kjo tradit\u00eb bukurie dhe stili \u00ebsht\u00eb nj\u00ebra nd\u00ebr kualitetet e shumta q\u00eb organizon Rinora 4. Diskoteka ishte e\",\"breadcrumb\":{\"@id\":\"https:\/\/www.visit-ulcinj.com\/blog\/2009\/03\/09\/foto-eskluzive-martina-ivezaj-miss-rinora4\/#breadcrumb\"},\"inLanguage\":\"en-US\",\"potentialAction\":[{\"@type\":\"ReadAction\",\"target\":[\"https:\/\/www.visit-ulcinj.com\/blog\/2009\/03\/09\/foto-eskluzive-martina-ivezaj-miss-rinora4\/\"]}]},{\"@type\":\"BreadcrumbList\",\"@id\":\"https:\/\/www.visit-ulcinj.com\/blog\/2009\/03\/09\/foto-eskluzive-martina-ivezaj-miss-rinora4\/#breadcrumb\",\"itemListElement\":[{\"@type\":\"ListItem\",\"position\":1,\"name\":\"Foto Eskluzive: Martina Ivezaj &#8211; Miss Rinora4\"}]},{\"@type\":\"Person\",\"@id\":\"https:\/\/www.visit-ulcinj.com\/blog\/#\/schema\/person\/dcab619c614d3038751c63bc2aadc06d\",\"name\":\"ulqini\",\"sameAs\":[\"http:\/\/www.visit-ulcinj.com\"],\"url\":\"https:\/\/www.visit-ulcinj.com\/blog\/author\/admin\/\"}]}<\/script>\n<!-- \/ Yoast SEO plugin. -->","yoast_head_json":{"title":"Foto Eskluzive: Martina Ivezaj - Miss Rinora4 - Lajme nga Ulqini","description":"Edhe k\u00ebt\u00eb vit u organizua Miss Rinora 4. Kjo tradit\u00eb bukurie dhe stili \u00ebsht\u00eb nj\u00ebra nd\u00ebr kualitetet e shumta q\u00eb organizon Rinora 4. Diskoteka ishte e","robots":{"index":"index","follow":"follow","max-snippet":"max-snippet:-1","max-image-preview":"max-image-preview:large","max-video-preview":"max-video-preview:-1"},"canonical":"https:\/\/www.visit-ulcinj.com\/blog\/2009\/03\/09\/foto-eskluzive-martina-ivezaj-miss-rinora4\/","og_locale":"en_US","og_type":"article","og_title":"Foto Eskluzive: Martina Ivezaj - Miss Rinora4 - Lajme nga Ulqini","og_description":"Edhe k\u00ebt\u00eb vit u organizua Miss Rinora 4. Kjo tradit\u00eb bukurie dhe stili \u00ebsht\u00eb nj\u00ebra nd\u00ebr kualitetet e shumta q\u00eb organizon Rinora 4. Diskoteka ishte e","og_url":"https:\/\/www.visit-ulcinj.com\/blog\/2009\/03\/09\/foto-eskluzive-martina-ivezaj-miss-rinora4\/","og_site_name":"Lajme nga Ulqini","article_published_time":"2009-03-09T16:18:01+00:00","article_modified_time":"2009-03-09T16:58:14+00:00","og_image":[{"url":"https:\/\/www.visit-ulcinj.com\/blog\/wp-content\/uploads\/2009\/03\/martina-ivezaj-150x150.jpg"}],"twitter_misc":{"Written by":"ulqini","Est. reading time":"2 minutes"},"schema":{"@context":"https:\/\/schema.org","@graph":[{"@type":"WebSite","@id":"https:\/\/www.visit-ulcinj.com\/blog\/#website","url":"https:\/\/www.visit-ulcinj.com\/blog\/","name":"Lajme nga Ulqini","description":"Lajme,Vijesti,Ulqini,Ulqin,Crna Gora,Mali i Zi","potentialAction":[{"@type":"SearchAction","target":{"@type":"EntryPoint","urlTemplate":"https:\/\/www.visit-ulcinj.com\/blog\/?s={search_term_string}"},"query-input":"required name=search_term_string"}],"inLanguage":"en-US"},{"@type":"ImageObject","inLanguage":"en-US","@id":"https:\/\/www.visit-ulcinj.com\/blog\/2009\/03\/09\/foto-eskluzive-martina-ivezaj-miss-rinora4\/#primaryimage","url":"http:\/\/www.visit-ulcinj.com\/blog\/wp-content\/uploads\/2009\/03\/martina-ivezaj.jpg","contentUrl":"http:\/\/www.visit-ulcinj.com\/blog\/wp-content\/uploads\/2009\/03\/martina-ivezaj.jpg"},{"@type":"WebPage","@id":"https:\/\/www.visit-ulcinj.com\/blog\/2009\/03\/09\/foto-eskluzive-martina-ivezaj-miss-rinora4\/#webpage","url":"https:\/\/www.visit-ulcinj.com\/blog\/2009\/03\/09\/foto-eskluzive-martina-ivezaj-miss-rinora4\/","name":"Foto Eskluzive: Martina Ivezaj - Miss Rinora4 - Lajme nga Ulqini","isPartOf":{"@id":"https:\/\/www.visit-ulcinj.com\/blog\/#website"},"primaryImageOfPage":{"@id":"https:\/\/www.visit-ulcinj.com\/blog\/2009\/03\/09\/foto-eskluzive-martina-ivezaj-miss-rinora4\/#primaryimage"},"datePublished":"2009-03-09T16:18:01+00:00","dateModified":"2009-03-09T16:58:14+00:00","author":{"@id":"https:\/\/www.visit-ulcinj.com\/blog\/#\/schema\/person\/dcab619c614d3038751c63bc2aadc06d"},"description":"Edhe k\u00ebt\u00eb vit u organizua Miss Rinora 4. Kjo tradit\u00eb bukurie dhe stili \u00ebsht\u00eb nj\u00ebra nd\u00ebr kualitetet e shumta q\u00eb organizon Rinora 4. Diskoteka ishte e","breadcrumb":{"@id":"https:\/\/www.visit-ulcinj.com\/blog\/2009\/03\/09\/foto-eskluzive-martina-ivezaj-miss-rinora4\/#breadcrumb"},"inLanguage":"en-US","potentialAction":[{"@type":"ReadAction","target":["https:\/\/www.visit-ulcinj.com\/blog\/2009\/03\/09\/foto-eskluzive-martina-ivezaj-miss-rinora4\/"]}]},{"@type":"BreadcrumbList","@id":"https:\/\/www.visit-ulcinj.com\/blog\/2009\/03\/09\/foto-eskluzive-martina-ivezaj-miss-rinora4\/#breadcrumb","itemListElement":[{"@type":"ListItem","position":1,"name":"Foto Eskluzive: Martina Ivezaj &#8211; Miss Rinora4"}]},{"@type":"Person","@id":"https:\/\/www.visit-ulcinj.com\/blog\/#\/schema\/person\/dcab619c614d3038751c63bc2aadc06d","name":"ulqini","sameAs":["http:\/\/www.visit-ulcinj.com"],"url":"https:\/\/www.visit-ulcinj.com\/blog\/author\/admin\/"}]}},"jetpack_featured_media_url":"","jetpack_sharing_enabled":true,"jetpack_shortlink":"https:\/\/wp.me\/pe6lTn-3w5","_links":{"self":[{"href":"https:\/\/www.visit-ulcinj.com\/blog\/wp-json\/wp\/v2\/posts\/13521"}],"collection":[{"href":"https:\/\/www.visit-ulcinj.com\/blog\/wp-json\/wp\/v2\/posts"}],"about":[{"href":"https:\/\/www.visit-ulcinj.com\/blog\/wp-json\/wp\/v2\/types\/post"}],"author":[{"embeddable":true,"href":"https:\/\/www.visit-ulcinj.com\/blog\/wp-json\/wp\/v2\/users\/1"}],"replies":[{"embeddable":true,"href":"https:\/\/www.visit-ulcinj.com\/blog\/wp-json\/wp\/v2\/comments?post=13521"}],"version-history":[{"count":0,"href":"https:\/\/www.visit-ulcinj.com\/blog\/wp-json\/wp\/v2\/posts\/13521\/revisions"}],"wp:attachment":[{"href":"https:\/\/www.visit-ulcinj.com\/blog\/wp-json\/wp\/v2\/media?parent=13521"}],"wp:term":[{"taxonomy":"category","embeddable":true,"href":"https:\/\/www.visit-ulcinj.com\/blog\/wp-json\/wp\/v2\/categories?post=13521"},{"taxonomy":"post_tag","embeddable":true,"href":"https:\/\/www.visit-ulcinj.com\/blog\/wp-json\/wp\/v2\/tags?post=13521"}],"curies":[{"name":"wp","href":"https:\/\/api.w.org\/{rel}","templated":true}]}}