{"id":13580,"date":"2009-03-09T18:09:23","date_gmt":"2009-03-09T17:09:23","guid":{"rendered":"http:\/\/www.visit-ulcinj.com\/blog\/?p=13580"},"modified":"2009-03-09T18:09:23","modified_gmt":"2009-03-09T17:09:23","slug":"zhgenjimi-i-radhes-te-shqiptaret-ne-mal-te-zi","status":"publish","type":"post","link":"https:\/\/www.visit-ulcinj.com\/blog\/2009\/03\/09\/zhgenjimi-i-radhes-te-shqiptaret-ne-mal-te-zi\/","title":{"rendered":"Zhg\u00ebnjimi i radh\u00ebs te shqiptar\u00ebt n\u00eb Mal t\u00eb Zi"},"content":{"rendered":"<p><a href=\"http:\/\/www.visit-ulcinj.com\/blog\/wp-content\/uploads\/2009\/03\/shaban-peraj_ulqin1.jpg\"><img loading=\"lazy\" class=\"alignleft size-full wp-image-13579\" title=\"shaban-peraj_ulqin1\" src=\"http:\/\/www.visit-ulcinj.com\/blog\/wp-content\/uploads\/2009\/03\/shaban-peraj_ulqin1.jpg\" alt=\"shaban-peraj_ulqin1\" width=\"370\" height=\"365\" srcset=\"https:\/\/www.visit-ulcinj.com\/blog\/wp-content\/uploads\/2009\/03\/shaban-peraj_ulqin1.jpg 318w, https:\/\/www.visit-ulcinj.com\/blog\/wp-content\/uploads\/2009\/03\/shaban-peraj_ulqin1-300x295.jpg 300w\" sizes=\"(max-width: 370px) 100vw, 370px\" \/><\/a>N\u00eb nj\u00eb shoq\u00ebri si kjo e jona ku luft\u00ebs p\u00ebr t\u00eb qen\u00eb t\u00eb par\u00ebt i jepet nami i drejt\u00ebsis\u00eb, sh\u00ebmtit\u00eb e dit\u00ebs ngrihen n\u00eb qiell, edukata p\u00ebrbuzet, pafytyr\u00ebsia konsiderohet e natyrshme, besnik\u00ebria ndaj kombit dhe s\u00eb kaluar\u00ebs nxihet n\u00eb m\u00ebnyr\u00ebn m\u00eb t\u00eb ul\u00ebt dhe p\u00ebrkrah\u00ebsit e saj pothuaj ngrihen n\u00eb qiell!!\u2026<br \/>\nDit\u00eb m\u00eb par\u00eb prij\u00ebsit e politik\u00ebs shqiptare n\u00eb Mal t\u00eb Zi me deklaratat e tyre rreth m\u00ebnyr\u00ebs s\u00eb daljes n\u00eb zgjedhjet e parakohshme parlamentare q\u00eb do t\u00eb mbahen m\u00eb 29 mars t\u00eb k\u00ebtij viti, tek popullata shqiptare e k\u00ebtu shme dhan\u00eb shpres\u00eb se m\u00eb n\u00eb fund do t\u00eb b\u00ebhet dicka e mir\u00eb, se subjektet politike shqiptare do t\u00eb dalin s\u00eb bashku n\u00eb nj\u00eb koalicion p\u00ebr t\u00eb artikuluar me nj\u00eb z\u00eb rreth strategjis\u00eb s\u00eb p\u00ebrgjithshme. Tani kur ka mbetur m\u00eb pak se nj\u00eb muaj p\u00ebr zgjedhje \u00ebsht\u00eb e qart\u00eb se nga deklaratat e tyre nuk ka asgj\u00eb, sepse duket qart\u00eb se secili nga subjektet e regjistruara shqiptare do t\u00eb dal\u00eb n\u00eb zgjedhje vet\u00ebm, ose ndoshta me ndonj\u00eb an\u00ebtar q\u00eb i ka humbur busolla dhe nuk mund t\u00eb p\u00ebrfaq\u00ebsoj\u00eb parti politike cka e v\u00ebshtir\u00ebson edhe m\u00eb shum\u00eb situat\u00ebn. Derisa subjektet e opozit\u00ebs malazeze kan\u00eb shpalosur projektet e tyre se kush me k\u00eb do t\u00eb shkoj\u00eb n\u00eb zgjedhje, partit\u00eb e pozit\u00ebs aktuale duken se jan\u00eb n\u00eb avantazh ndaj opozit\u00ebs p\u00ebr faktin se t\u00eb nj\u00ebjtit m\u00eb her\u00ebt i kan\u00eb b\u00ebr\u00eb t\u00eb qarta detyrat e veta , prij\u00ebsit e subjekteve politike shqiptare n\u00eb rastin konkret u paraqit\u00ebn me dy fytyra. \u00e7dokush q\u00eb priti se do t\u00eb b\u00ebhet nj\u00eb pajtim n\u00eb mes tyre \u00ebsht\u00eb zhg\u00ebnjyer r\u00ebnd\u00eb.<br \/>\nKa shum\u00eb pak r\u00ebnd\u00ebsi tani se cfar\u00eb deklaruan ata menj\u00ebher\u00eb pas shpalljes s\u00eb dat\u00ebs s\u00eb zgjedhjeve, r\u00ebnd\u00ebsi ka n\u00eb k\u00ebto momente mosgjetja e nj\u00eb gjuhe t\u00eb p\u00ebrbashk\u00ebt p\u00ebr t\u00eb artikuluar n\u00eb nj\u00eb front rreth fatit dhe pozit\u00ebs s\u00eb shqiptar\u00ebve n\u00eb Mal t\u00eb Zi. Tani m\u00eb duket se jan\u00eb qet\u00ebsuar ata q\u00eb n\u00eb ato dit\u00eb ishin t\u00eb shqet\u00ebsuar p\u00ebr fatin e shqiptar\u00ebve t\u00eb k\u00ebtush\u00ebm, sidomos ata t\u00eb pjes\u00ebs s\u00eb trupit zgjedhor. Kjo tregon edhe nj\u00ebher\u00eb se ata q\u00eb \u00ebsht\u00eb dashur, po edhe q\u00eb duhet t\u00eb jen\u00eb t\u00eb sinqert\u00eb me opinionin e k\u00ebtuesh\u00ebm luajt\u00ebn loj\u00ebn p\u00ebr t\u00eb qen\u00eb nj\u00ebshat e paz\u00ebvend\u00ebsuesh\u00ebm n\u00eb sken\u00ebn politike t\u00eb shqiptar\u00ebve n\u00eb Mal t\u00eb Zi. Konsultat disadit\u00ebshe t\u00eb mbajtura rreth nj\u00eb koalicioni t\u00eb mundsh\u00ebm shqiptar d\u00ebshtuan pik\u00ebrisht me fajin e tyre duke d\u00ebshpruar r\u00ebnd\u00eb edhe optimist\u00ebt m\u00eb t\u00eb m\u00ebdhenj. N\u00ebp\u00ebr koluare jozyrtare politike flitet se k\u00ebrkesat p\u00ebr t\u00eb gjetur partner\u00eb t\u00eb mundsh\u00ebm t\u00eb koalicioneve jan\u00eb b\u00ebr\u00eb me \u201cdreqin dhe t\u00eb birin\u201d vet\u00ebm p\u00ebr t\u00eb p\u00ebr\u00e7ar\u00eb shqiptar\u00ebt sa m\u00eb shum\u00eb. Kujt i shkon n\u00eb favor kjo n\u00ebse jo prij\u00ebsve t\u00eb subjekteve politike shqiptare duke marr\u00eb vendime t\u00eb d\u00ebmshme p\u00ebr votuesit t\u00eb cil\u00ebt n\u00eb k\u00ebto momente nuk d\u00ebshirojn\u00eb t\u00eb humbasin shoq\u00ebrin\u00eb me bashk\u00ebkombasit e vet? N\u00ebse jo sot, at\u00ebher\u00eb nes\u00ebr k\u00ebta prij\u00ebs duhet t\u00eb shpjegojn\u00eb arsyet p\u00ebr vendime t\u00eb tilla. Pra, nga vet natyra e dyfytyr\u00ebsis\u00eb s\u00eb shprehur, n\u00eb nj\u00eb an\u00eb se do t\u00eb dalin n\u00eb nj\u00eb koalicion me k\u00ebt\u00eb e at\u00eb, n\u00eb an\u00ebn tjet\u00ebr shprehen haptas p\u00ebr nj\u00eb hendek t\u00eb krijuar t\u00eb cilit i kan\u00eb fryr\u00eb vet pa zgjedhur mjete e p\u00ebr t\u00eb qen\u00eb mud\u00ebsisht t\u00eb pranish\u00ebm n\u00eb parlamentin e ardhsh\u00ebm malazez.<br \/>\nTani situata paraqitet tejet delikate, t\u00eb bindur se rrug\u00ebn q\u00eb kan\u00eb zgjedhur nuk do ta bekoj\u00eb askush dhe ajo q\u00eb i pengon m\u00eb tep\u00ebr ata jan\u00eb ambiciet p\u00ebr dominim n\u00eb sken\u00ebn politike shqiptare gj\u00eb q\u00eb paraqet penges\u00eb kyesore drejt krijimit t\u00eb nj\u00eb mendimi dhe veprimi politik homogjen. Shihet qart\u00eb se t\u00eb nj\u00ebjtit i kan\u00eb dh\u00ebn\u00eb vet\u00ebs rolin p\u00ebr\u00e7ar\u00ebs duke tentuar n\u00eb vazhdim\u00ebsi q\u00eb t\u00eb tjer\u00ebve t\u2019u imponojn\u00eb q\u00ebndrimet e veta duke paraqitur penges\u00eb shtes\u00eb p\u00ebr krijimin e nj\u00eb koalicioni t\u00eb mundsh\u00ebm. Kjo m\u00ebnyr\u00eb e veprimit krijon kushte reale q\u00eb t\u00eb acarohen edhe m\u00eb tep\u00ebr raportet n\u00eb mes tyre, duke krijuar k\u00ebshtu mund\u00ebsi t\u00eb reja edhe p\u00ebr raportet n\u00eb mes trupit zgjedhor me konflikte t\u00eb pand\u00ebrprera q\u00eb do t\u00eb ndikojn\u00eb br\u00ebnda vet shqiptar\u00ebve t\u00eb k\u00ebtush\u00ebm. Ajo q\u00eb dihet \u00ebsht\u00eb se edhe opinioni duhet t\u00eb pajtohet me k\u00ebt\u00eb dyfytyr\u00ebsi t\u00eb k\u00ebtyre prij\u00ebsve q\u00eb jan\u00eb d\u00ebshmuar sa her\u00eb n\u00eb k\u00ebto vite t\u00eb demokracis\u00eb, ku \u00e7do gj\u00eb vendoset pa i pyetur votuesit dhe pa pasur kontakte me elektoratin. E mira do t\u00eb ishte sikur t\u00eb nj\u00ebjtit t\u00eb kishin treguar kurajo p\u00ebr t\u2019i shtrir\u00eb dor\u00ebn nj\u00ebri-tjetrit sepse k\u00ebshtu propaganda e b\u00ebr\u00eb prej tyre tregon se jo vet\u00ebm se shpartallojn\u00eb nj\u00ebri-tjetrin, por vazhdojn\u00eb t\u00eb shpartallojn\u00eb edhe trupin zgjedhor. Ngado q\u00eb t\u00eb hedh\u00ebsh syt\u00eb sheh nj\u00eb pisll\u00ebk moral politik q\u00eb nuk ka t\u00eb sosur, gj\u00eb q\u00eb ka dep\u00ebrtuar thell\u00eb edhe n\u00eb shpirtin e tyre, sheh se si rrehin gjoks e cirren sikur merakosen edhe aq shum\u00eb p\u00ebr fatin e shqiptar\u00ebve n\u00eb Mal t\u00eb Zi duke u ofruar atyre g\u00ebnjeshtra nga m\u00eb t\u00eb ndryshmet. Kjo kok\u00ebfort\u00ebsi e tyre n\u00eb kierarkin\u00eb politike \u00ebsht\u00eb shum\u00eb e \u00e7uditshme, t\u00eb gjith\u00eb m\u00eb par\u00eb u pat\u00ebn deklaruar p\u00ebr koalicione t\u00eb mundshme, por asnj\u00ebri nuk l\u00ebshoi pe duke e b\u00ebr\u00eb situat\u00ebn akoma m\u00eb t\u00eb v\u00ebshtr\u00eb e duke shtuar shum\u00eb pik\u00ebpyetje mbi loj\u00ebn e interesave personale, gj\u00eb q\u00eb t\u00eb b\u00ebjn\u00eb t\u00eb mendosh se a kan\u00eb formim politik lider\u00ebt tan\u00eb? K\u00ebtu tashm\u00eb \u00ebsht\u00eb anashkaluar kodi i arsyes, t\u00eb nj\u00ebjtit nuk e kuptojn\u00eb at\u00eb ashtu sic e kuptonin t\u00eb par\u00ebt, nj\u00eb t\u00ebr\u00ebsi virtytesh, ndaj k\u00ebt\u00eb dukuri hezitojn\u00eb t\u2019ia l\u00ebn\u00eb mas\u00ebs dhe edukat\u00ebs shoq\u00ebrore.<br \/>\nSido q\u00eb t\u00eb rrjedh\u00eb fushata elektorale e cila akoma nuk ka filluar t\u00eb paraqitet te subjektet politike shqiptare, komuniteti i k\u00ebtush\u00ebm \u00ebsht\u00eb aq i zgjuar sa q\u00eb nuk e han m\u00eb \u201csapunin p\u00ebr djath\u00eb\u201d sepse t\u00eb gjith\u00eb n\u00eb k\u00ebto vite t\u00eb demokracis\u00eb jan\u00eb ngopur me premtime. Tani mbetet t\u00eb shikohet se cil\u00ebt do t\u00eb jen\u00eb sloganet e tyre gjat\u00eb fushat\u00ebs, deri n\u00eb k\u00ebto momente asgj\u00eb nuk b\u00ebhet e ditur p\u00ebr opinionin. Nj\u00eb gj\u00eb \u00ebsht\u00eb e qart\u00eb, do t\u2019u mungojn\u00eb orientimi n\u00eb t\u00ebr\u00ebsi, do t\u2019u mungojn\u00eb alternativa e v\u00ebrtet\u00eb politike p\u00ebr t\u00eb ardhmen e shqiptar\u00ebve t\u00eb k\u00ebtush\u00ebm. K\u00ebrkush nuk mund t\u00eb besoj\u00eb m\u00eb n\u00eb magjit\u00eb e tyre, sido q\u00eb t\u00eb jen\u00eb premtimet i merr era, ndaj protagonist\u00ebve t\u00eb k\u00ebsaj fushate do t\u2019u dal\u00eb rezultati pas zgjedhjeve t\u00eb 29 marsit.<\/p>\n<p><strong>Shaban Peraj<br \/>\nKoha Javore<\/strong><\/p>\n","protected":false},"excerpt":{"rendered":"<p>N\u00eb nj\u00eb shoq\u00ebri si kjo e jona ku luft\u00ebs p\u00ebr t\u00eb qen\u00eb t\u00eb par\u00ebt i jepet nami i drejt\u00ebsis\u00eb, sh\u00ebmtit\u00eb e dit\u00ebs ngrihen n\u00eb qiell, edukata p\u00ebrbuzet, pafytyr\u00ebsia konsiderohet e natyrshme, besnik\u00ebria ndaj kombit dhe s\u00eb kaluar\u00ebs nxihet n\u00eb m\u00ebnyr\u00ebn m\u00eb t\u00eb ul\u00ebt dhe p\u00ebrkrah\u00ebsit e saj pothuaj ngrihen n\u00eb qiell!!\u2026 Dit\u00eb m\u00eb par\u00eb prij\u00ebsit [&hellip;]<\/p>\n","protected":false},"author":1,"featured_media":0,"comment_status":"open","ping_status":"closed","sticky":false,"template":"","format":"standard","meta":{"spay_email":"","jetpack_publicize_message":"","jetpack_is_tweetstorm":false,"jetpack_publicize_feature_enabled":true},"categories":[12],"tags":[95,3180,7738],"jetpack_publicize_connections":[],"yoast_head":"<!-- This site is optimized with the Yoast SEO plugin v19.1 - https:\/\/yoast.com\/wordpress\/plugins\/seo\/ -->\n<title>Zhg\u00ebnjimi i radh\u00ebs te shqiptar\u00ebt n\u00eb Mal t\u00eb Zi - Lajme nga Ulqini<\/title>\n<meta name=\"description\" content=\"N\u00eb nj\u00eb shoq\u00ebri si kjo e jona ku luft\u00ebs p\u00ebr t\u00eb qen\u00eb t\u00eb par\u00ebt i jepet nami i drejt\u00ebsis\u00eb, sh\u00ebmtit\u00eb e dit\u00ebs ngrihen n\u00eb qiell, edukata p\u00ebrbuzet, pafytyr\u00ebsia\" \/>\n<meta name=\"robots\" content=\"index, follow, max-snippet:-1, max-image-preview:large, max-video-preview:-1\" \/>\n<link rel=\"canonical\" href=\"https:\/\/www.visit-ulcinj.com\/blog\/2009\/03\/09\/zhgenjimi-i-radhes-te-shqiptaret-ne-mal-te-zi\/\" \/>\n<meta property=\"og:locale\" content=\"en_US\" \/>\n<meta property=\"og:type\" content=\"article\" \/>\n<meta property=\"og:title\" content=\"Zhg\u00ebnjimi i radh\u00ebs te shqiptar\u00ebt n\u00eb Mal t\u00eb Zi - Lajme nga Ulqini\" \/>\n<meta property=\"og:description\" content=\"N\u00eb nj\u00eb shoq\u00ebri si kjo e jona ku luft\u00ebs p\u00ebr t\u00eb qen\u00eb t\u00eb par\u00ebt i jepet nami i drejt\u00ebsis\u00eb, sh\u00ebmtit\u00eb e dit\u00ebs ngrihen n\u00eb qiell, edukata p\u00ebrbuzet, pafytyr\u00ebsia\" \/>\n<meta property=\"og:url\" content=\"https:\/\/www.visit-ulcinj.com\/blog\/2009\/03\/09\/zhgenjimi-i-radhes-te-shqiptaret-ne-mal-te-zi\/\" \/>\n<meta property=\"og:site_name\" content=\"Lajme nga Ulqini\" \/>\n<meta property=\"article:published_time\" content=\"2009-03-09T17:09:23+00:00\" \/>\n<meta property=\"og:image\" content=\"http:\/\/www.visit-ulcinj.com\/blog\/wp-content\/uploads\/2009\/03\/shaban-peraj_ulqin1.jpg\" \/>\n<meta name=\"twitter:label1\" content=\"Written by\" \/>\n\t<meta name=\"twitter:data1\" content=\"ulqini\" \/>\n\t<meta name=\"twitter:label2\" content=\"Est. reading time\" \/>\n\t<meta name=\"twitter:data2\" content=\"6 minutes\" \/>\n<script type=\"application\/ld+json\" class=\"yoast-schema-graph\">{\"@context\":\"https:\/\/schema.org\",\"@graph\":[{\"@type\":\"WebSite\",\"@id\":\"https:\/\/www.visit-ulcinj.com\/blog\/#website\",\"url\":\"https:\/\/www.visit-ulcinj.com\/blog\/\",\"name\":\"Lajme nga Ulqini\",\"description\":\"Lajme,Vijesti,Ulqini,Ulqin,Crna Gora,Mali i Zi\",\"potentialAction\":[{\"@type\":\"SearchAction\",\"target\":{\"@type\":\"EntryPoint\",\"urlTemplate\":\"https:\/\/www.visit-ulcinj.com\/blog\/?s={search_term_string}\"},\"query-input\":\"required name=search_term_string\"}],\"inLanguage\":\"en-US\"},{\"@type\":\"ImageObject\",\"inLanguage\":\"en-US\",\"@id\":\"https:\/\/www.visit-ulcinj.com\/blog\/2009\/03\/09\/zhgenjimi-i-radhes-te-shqiptaret-ne-mal-te-zi\/#primaryimage\",\"url\":\"https:\/\/www.visit-ulcinj.com\/blog\/wp-content\/uploads\/2009\/03\/shaban-peraj_ulqin1.jpg\",\"contentUrl\":\"https:\/\/www.visit-ulcinj.com\/blog\/wp-content\/uploads\/2009\/03\/shaban-peraj_ulqin1.jpg\",\"width\":\"318\",\"height\":\"313\"},{\"@type\":\"WebPage\",\"@id\":\"https:\/\/www.visit-ulcinj.com\/blog\/2009\/03\/09\/zhgenjimi-i-radhes-te-shqiptaret-ne-mal-te-zi\/#webpage\",\"url\":\"https:\/\/www.visit-ulcinj.com\/blog\/2009\/03\/09\/zhgenjimi-i-radhes-te-shqiptaret-ne-mal-te-zi\/\",\"name\":\"Zhg\u00ebnjimi i radh\u00ebs te shqiptar\u00ebt n\u00eb Mal t\u00eb Zi - Lajme nga Ulqini\",\"isPartOf\":{\"@id\":\"https:\/\/www.visit-ulcinj.com\/blog\/#website\"},\"primaryImageOfPage\":{\"@id\":\"https:\/\/www.visit-ulcinj.com\/blog\/2009\/03\/09\/zhgenjimi-i-radhes-te-shqiptaret-ne-mal-te-zi\/#primaryimage\"},\"datePublished\":\"2009-03-09T17:09:23+00:00\",\"dateModified\":\"2009-03-09T17:09:23+00:00\",\"author\":{\"@id\":\"https:\/\/www.visit-ulcinj.com\/blog\/#\/schema\/person\/dcab619c614d3038751c63bc2aadc06d\"},\"description\":\"N\u00eb nj\u00eb shoq\u00ebri si kjo e jona ku luft\u00ebs p\u00ebr t\u00eb qen\u00eb t\u00eb par\u00ebt i jepet nami i drejt\u00ebsis\u00eb, sh\u00ebmtit\u00eb e dit\u00ebs ngrihen n\u00eb qiell, edukata p\u00ebrbuzet, pafytyr\u00ebsia\",\"breadcrumb\":{\"@id\":\"https:\/\/www.visit-ulcinj.com\/blog\/2009\/03\/09\/zhgenjimi-i-radhes-te-shqiptaret-ne-mal-te-zi\/#breadcrumb\"},\"inLanguage\":\"en-US\",\"potentialAction\":[{\"@type\":\"ReadAction\",\"target\":[\"https:\/\/www.visit-ulcinj.com\/blog\/2009\/03\/09\/zhgenjimi-i-radhes-te-shqiptaret-ne-mal-te-zi\/\"]}]},{\"@type\":\"BreadcrumbList\",\"@id\":\"https:\/\/www.visit-ulcinj.com\/blog\/2009\/03\/09\/zhgenjimi-i-radhes-te-shqiptaret-ne-mal-te-zi\/#breadcrumb\",\"itemListElement\":[{\"@type\":\"ListItem\",\"position\":1,\"name\":\"Zhg\u00ebnjimi i radh\u00ebs te shqiptar\u00ebt n\u00eb Mal t\u00eb Zi\"}]},{\"@type\":\"Person\",\"@id\":\"https:\/\/www.visit-ulcinj.com\/blog\/#\/schema\/person\/dcab619c614d3038751c63bc2aadc06d\",\"name\":\"ulqini\",\"sameAs\":[\"http:\/\/www.visit-ulcinj.com\"],\"url\":\"https:\/\/www.visit-ulcinj.com\/blog\/author\/admin\/\"}]}<\/script>\n<!-- \/ Yoast SEO plugin. -->","yoast_head_json":{"title":"Zhg\u00ebnjimi i radh\u00ebs te shqiptar\u00ebt n\u00eb Mal t\u00eb Zi - Lajme nga Ulqini","description":"N\u00eb nj\u00eb shoq\u00ebri si kjo e jona ku luft\u00ebs p\u00ebr t\u00eb qen\u00eb t\u00eb par\u00ebt i jepet nami i drejt\u00ebsis\u00eb, sh\u00ebmtit\u00eb e dit\u00ebs ngrihen n\u00eb qiell, edukata p\u00ebrbuzet, pafytyr\u00ebsia","robots":{"index":"index","follow":"follow","max-snippet":"max-snippet:-1","max-image-preview":"max-image-preview:large","max-video-preview":"max-video-preview:-1"},"canonical":"https:\/\/www.visit-ulcinj.com\/blog\/2009\/03\/09\/zhgenjimi-i-radhes-te-shqiptaret-ne-mal-te-zi\/","og_locale":"en_US","og_type":"article","og_title":"Zhg\u00ebnjimi i radh\u00ebs te shqiptar\u00ebt n\u00eb Mal t\u00eb Zi - Lajme nga Ulqini","og_description":"N\u00eb nj\u00eb shoq\u00ebri si kjo e jona ku luft\u00ebs p\u00ebr t\u00eb qen\u00eb t\u00eb par\u00ebt i jepet nami i drejt\u00ebsis\u00eb, sh\u00ebmtit\u00eb e dit\u00ebs ngrihen n\u00eb qiell, edukata p\u00ebrbuzet, pafytyr\u00ebsia","og_url":"https:\/\/www.visit-ulcinj.com\/blog\/2009\/03\/09\/zhgenjimi-i-radhes-te-shqiptaret-ne-mal-te-zi\/","og_site_name":"Lajme nga Ulqini","article_published_time":"2009-03-09T17:09:23+00:00","og_image":[{"url":"http:\/\/www.visit-ulcinj.com\/blog\/wp-content\/uploads\/2009\/03\/shaban-peraj_ulqin1.jpg"}],"twitter_misc":{"Written by":"ulqini","Est. reading time":"6 minutes"},"schema":{"@context":"https:\/\/schema.org","@graph":[{"@type":"WebSite","@id":"https:\/\/www.visit-ulcinj.com\/blog\/#website","url":"https:\/\/www.visit-ulcinj.com\/blog\/","name":"Lajme nga Ulqini","description":"Lajme,Vijesti,Ulqini,Ulqin,Crna Gora,Mali i Zi","potentialAction":[{"@type":"SearchAction","target":{"@type":"EntryPoint","urlTemplate":"https:\/\/www.visit-ulcinj.com\/blog\/?s={search_term_string}"},"query-input":"required name=search_term_string"}],"inLanguage":"en-US"},{"@type":"ImageObject","inLanguage":"en-US","@id":"https:\/\/www.visit-ulcinj.com\/blog\/2009\/03\/09\/zhgenjimi-i-radhes-te-shqiptaret-ne-mal-te-zi\/#primaryimage","url":"https:\/\/www.visit-ulcinj.com\/blog\/wp-content\/uploads\/2009\/03\/shaban-peraj_ulqin1.jpg","contentUrl":"https:\/\/www.visit-ulcinj.com\/blog\/wp-content\/uploads\/2009\/03\/shaban-peraj_ulqin1.jpg","width":"318","height":"313"},{"@type":"WebPage","@id":"https:\/\/www.visit-ulcinj.com\/blog\/2009\/03\/09\/zhgenjimi-i-radhes-te-shqiptaret-ne-mal-te-zi\/#webpage","url":"https:\/\/www.visit-ulcinj.com\/blog\/2009\/03\/09\/zhgenjimi-i-radhes-te-shqiptaret-ne-mal-te-zi\/","name":"Zhg\u00ebnjimi i radh\u00ebs te shqiptar\u00ebt n\u00eb Mal t\u00eb Zi - Lajme nga Ulqini","isPartOf":{"@id":"https:\/\/www.visit-ulcinj.com\/blog\/#website"},"primaryImageOfPage":{"@id":"https:\/\/www.visit-ulcinj.com\/blog\/2009\/03\/09\/zhgenjimi-i-radhes-te-shqiptaret-ne-mal-te-zi\/#primaryimage"},"datePublished":"2009-03-09T17:09:23+00:00","dateModified":"2009-03-09T17:09:23+00:00","author":{"@id":"https:\/\/www.visit-ulcinj.com\/blog\/#\/schema\/person\/dcab619c614d3038751c63bc2aadc06d"},"description":"N\u00eb nj\u00eb shoq\u00ebri si kjo e jona ku luft\u00ebs p\u00ebr t\u00eb qen\u00eb t\u00eb par\u00ebt i jepet nami i drejt\u00ebsis\u00eb, sh\u00ebmtit\u00eb e dit\u00ebs ngrihen n\u00eb qiell, edukata p\u00ebrbuzet, pafytyr\u00ebsia","breadcrumb":{"@id":"https:\/\/www.visit-ulcinj.com\/blog\/2009\/03\/09\/zhgenjimi-i-radhes-te-shqiptaret-ne-mal-te-zi\/#breadcrumb"},"inLanguage":"en-US","potentialAction":[{"@type":"ReadAction","target":["https:\/\/www.visit-ulcinj.com\/blog\/2009\/03\/09\/zhgenjimi-i-radhes-te-shqiptaret-ne-mal-te-zi\/"]}]},{"@type":"BreadcrumbList","@id":"https:\/\/www.visit-ulcinj.com\/blog\/2009\/03\/09\/zhgenjimi-i-radhes-te-shqiptaret-ne-mal-te-zi\/#breadcrumb","itemListElement":[{"@type":"ListItem","position":1,"name":"Zhg\u00ebnjimi i radh\u00ebs te shqiptar\u00ebt n\u00eb Mal t\u00eb Zi"}]},{"@type":"Person","@id":"https:\/\/www.visit-ulcinj.com\/blog\/#\/schema\/person\/dcab619c614d3038751c63bc2aadc06d","name":"ulqini","sameAs":["http:\/\/www.visit-ulcinj.com"],"url":"https:\/\/www.visit-ulcinj.com\/blog\/author\/admin\/"}]}},"jetpack_featured_media_url":"","jetpack_sharing_enabled":true,"jetpack_shortlink":"https:\/\/wp.me\/pe6lTn-3x2","_links":{"self":[{"href":"https:\/\/www.visit-ulcinj.com\/blog\/wp-json\/wp\/v2\/posts\/13580"}],"collection":[{"href":"https:\/\/www.visit-ulcinj.com\/blog\/wp-json\/wp\/v2\/posts"}],"about":[{"href":"https:\/\/www.visit-ulcinj.com\/blog\/wp-json\/wp\/v2\/types\/post"}],"author":[{"embeddable":true,"href":"https:\/\/www.visit-ulcinj.com\/blog\/wp-json\/wp\/v2\/users\/1"}],"replies":[{"embeddable":true,"href":"https:\/\/www.visit-ulcinj.com\/blog\/wp-json\/wp\/v2\/comments?post=13580"}],"version-history":[{"count":0,"href":"https:\/\/www.visit-ulcinj.com\/blog\/wp-json\/wp\/v2\/posts\/13580\/revisions"}],"wp:attachment":[{"href":"https:\/\/www.visit-ulcinj.com\/blog\/wp-json\/wp\/v2\/media?parent=13580"}],"wp:term":[{"taxonomy":"category","embeddable":true,"href":"https:\/\/www.visit-ulcinj.com\/blog\/wp-json\/wp\/v2\/categories?post=13580"},{"taxonomy":"post_tag","embeddable":true,"href":"https:\/\/www.visit-ulcinj.com\/blog\/wp-json\/wp\/v2\/tags?post=13580"}],"curies":[{"name":"wp","href":"https:\/\/api.w.org\/{rel}","templated":true}]}}