{"id":13591,"date":"2009-03-09T20:54:36","date_gmt":"2009-03-09T19:54:36","guid":{"rendered":"http:\/\/www.visit-ulcinj.com\/blog\/?p=13591"},"modified":"2009-03-09T20:54:36","modified_gmt":"2009-03-09T19:54:36","slug":"rovena-dilo-martohet","status":"publish","type":"post","link":"https:\/\/www.visit-ulcinj.com\/blog\/2009\/03\/09\/rovena-dilo-martohet\/","title":{"rendered":"Rovena Dilo martohet !!!"},"content":{"rendered":"<p><a href=\"http:\/\/www.visit-ulcinj.com\/blog\/wp-content\/uploads\/2009\/03\/rovena-dilo.jpg\"><img loading=\"lazy\" class=\"alignleft size-full wp-image-13592\" title=\"rovena-dilo\" src=\"http:\/\/www.visit-ulcinj.com\/blog\/wp-content\/uploads\/2009\/03\/rovena-dilo.jpg\" alt=\"rovena-dilo\" width=\"570\" height=\"347\" \/><\/a>K\u00ebng\u00ebtarja e m i r\u00ebnjohur Rovena Dilo \u00ebsht\u00eb martuar. Nuk \u00ebsht\u00eb aspak nj\u00eb thashethem urban, por nj\u00eb lajm m\u00ebse i v\u00ebrtet\u00eb. Pak muaj m\u00eb par\u00eb ajo i ka dh\u00ebn\u00eb fund beqaris\u00eb dhe ka nisur jet\u00ebn e re duke kuror\u00ebzuar lidhjen e saj t\u00eb dashuris\u00eb me ish futbollistin e njohur Florian Riza. Nuk ka qen\u00eb nj\u00eb dasm\u00eb n\u00eb fakt. \u00c7ifti ka b\u00ebr\u00eb celebreimin n\u00eb bashki dhe kan\u00eb shk\u00ebmbyer unazat duke i premtuar nj\u00ebri-tjetrit dashuri t\u00eb p\u00ebrjetshme. Vet\u00eb k\u00ebng\u00ebtarja \u00ebsht\u00eb p\u00ebrpjekur ta mbaj\u00eb sa m\u00eb t\u00eb fsheht\u00eb k\u00ebt\u00eb, por \u201cBluetooth\u201d zbulon \u00e7do gj\u00eb. Ata kan\u00eb mbi nj\u00eb vit t\u00eb lidhur bashk\u00eb. \u00c7ifti ka marr\u00eb k\u00ebshtu vendimin ta zyrtarizoj\u00eb marr\u00ebdh\u00ebnien e tyre dhe pse jo shum\u00eb shpejt mund t\u00eb shohim nj\u00eb Roven\u00eb t\u00eb veshur me fustanin e nus\u00ebris\u00eb dhe nj\u00eb nj\u00eb Florian me kostumin e dh\u00ebnd\u00ebrit.<\/p>\n<p><strong>ROVENA<\/strong><\/p>\n<p>Rovena Dilo nj\u00eb nga k\u00ebng\u00ebtaret m\u00eb t\u00eb njohura dhe t\u00eb suksesshme t\u00eb sken\u00ebs shqiptare \u00ebsht\u00eb edhe nj\u00eb nga personat q\u00eb ka thyer jo pak tabu. Prej disa muajsh ajo ka marr\u00eb hapin e madh t\u00eb martes\u00ebs n\u00eb m\u00ebnyr\u00ebn m\u00eb t\u00eb qet\u00eb t\u00eb mundshme. Pa zhurm\u00eb&#8230; Pa u shfaqur n\u00ebp\u00ebr media a shtyp p\u00ebr asgj\u00eb&#8230; Madje shum\u00eb pak kan\u00eb ditur lidhjen e saj me ish futbollistin. Sepse ajo nuk p\u00eblqen show-n, p\u00ebrsa i p\u00ebrket jet\u00ebs s\u00eb saj private. Dhe n\u00eb k\u00ebt\u00eb rast k\u00ebshtu ka ndodhur. Pas nj\u00eb lidhje me Riz\u00ebn mbi nj\u00eb vje\u00e7are ajo ka vendosur t\u00eb b\u00ebj\u00eb hapin e madh. K\u00ebshtu nj\u00eb dit\u00eb s\u00eb bashku me Florin ajo i \u00ebsht\u00eb drejtur bashkis\u00eb dhe kan\u00eb celebruar raportin e tyre. Dasma ndoshta do t\u00eb vij n\u00eb nj\u00eb moment tjet\u00ebr, ose mbase edhe nuk do t\u00eb ket\u00eb nj\u00eb t\u00eb till\u00eb, e r\u00ebnd\u00ebsishme \u00ebsht\u00eb q\u00eb ata jan\u00eb t\u00eb lumtur.<\/p>\n<p><strong>FLORIAN RIZA<\/strong><\/p>\n<p>Flori \u00ebsht\u00eb sot nj\u00eb nga menaxher\u00ebt e njohur t\u00eb futbollist\u00ebve shqiptar\u00eb. N\u00eb rinin\u00eb e vet\u00eb ai ka qen\u00eb nj\u00eb futbollist i angazhuar me skuadr\u00ebn e \u201cPartizanit\u201d. Ashtu si edhe Rovena ai nuk ka pasur d\u00ebshir\u00ebn t\u00eb b\u00ebj\u00eb buj\u00eb me jet\u00ebn e tij personale. Madje m\u00eb shum\u00eb sesa bashk\u00ebshortja e tij, Rovena. K\u00ebshtu t\u00eb dy kan\u00eb qen\u00eb t\u00eb nj\u00eb mendje q\u00eb gjith\u00e7ka ta b\u00ebjn\u00eb n\u00eb qet\u00ebsi dhe pa u b\u00ebr\u00eb pjes\u00eb e lajmeve roz\u00eb me intervista apo deklarata ndaj nj\u00ebri-tjetrit.<\/p>\n<p><strong>BASHK\u00cbJETESA ME ARTAN IMAMIN<\/strong><\/p>\n<p>Tashm\u00eb \u00ebsht\u00eb harruar historia e Roven\u00ebs me Artan Imamin. Histori q\u00eb u b\u00eb e bujshme m\u00eb shum\u00eb kur dy personazhet u ndan\u00eb sesa gjat\u00eb koh\u00ebs q\u00eb ata ishin bashk\u00eb. K\u00ebng\u00ebtarja Dilo nd\u00ebr t\u00eb parat femra n\u00eb Tiran\u00eb nisi bashk\u00ebjetes\u00ebn me aktorin n\u00eb nj\u00eb koh\u00eb q\u00eb ajo ishte ende tabu. Megjithat\u00eb \u00e7ifti bashk\u00ebjetoi p\u00ebr gati dhjet\u00eb vjet rresht me nj\u00ebri-tjetrin. Nj\u00eb lidhje q\u00eb shihej me zili nga shum\u00eb. Por ata n\u00eb nj\u00eb moment kur t\u00eb gjith\u00eb mendonin se do t\u00eb shkonin drejt altarit vendos\u00ebn t\u00eb ndaheshin. Ata nuk fol\u00ebn as nj\u00ebri as tjetri n\u00ebp\u00ebr gazeta p\u00ebr motivin e ndarjes duke preferuar ta kalonin n\u00eb heshtje gjith\u00e7ka.<\/p>\n<p><strong>Bluetooth<\/strong><\/p>\n<p><strong><\/p>\n<p><\/strong><\/p>\n<p><strong><!--YouTube Error: bad URL entered--><br \/>\n<\/strong><\/p>\n","protected":false},"excerpt":{"rendered":"<p>K\u00ebng\u00ebtarja e m i r\u00ebnjohur Rovena Dilo \u00ebsht\u00eb martuar. Nuk \u00ebsht\u00eb aspak nj\u00eb thashethem urban, por nj\u00eb lajm m\u00ebse i v\u00ebrtet\u00eb. Pak muaj m\u00eb par\u00eb ajo i ka dh\u00ebn\u00eb fund beqaris\u00eb dhe ka nisur jet\u00ebn e re duke kuror\u00ebzuar lidhjen e saj t\u00eb dashuris\u00eb me ish futbollistin e njohur Florian Riza. Nuk ka qen\u00eb nj\u00eb [&hellip;]<\/p>\n","protected":false},"author":1,"featured_media":0,"comment_status":"open","ping_status":"closed","sticky":false,"template":"","format":"standard","meta":{"spay_email":"","jetpack_publicize_message":"","jetpack_is_tweetstorm":false,"jetpack_publicize_feature_enabled":true},"categories":[1],"tags":[7742,7741],"jetpack_publicize_connections":[],"yoast_head":"<!-- This site is optimized with the Yoast SEO plugin v19.1 - https:\/\/yoast.com\/wordpress\/plugins\/seo\/ -->\n<title>Rovena Dilo martohet !!! - Lajme nga Ulqini<\/title>\n<meta name=\"description\" content=\"K\u00ebng\u00ebtarja e m i r\u00ebnjohur Rovena Dilo \u00ebsht\u00eb martuar. Nuk \u00ebsht\u00eb aspak nj\u00eb thashethem urban, por nj\u00eb lajm m\u00ebse i v\u00ebrtet\u00eb. Pak muaj m\u00eb par\u00eb ajo i ka dh\u00ebn\u00eb\" \/>\n<meta name=\"robots\" content=\"index, follow, max-snippet:-1, max-image-preview:large, max-video-preview:-1\" \/>\n<link rel=\"canonical\" href=\"https:\/\/www.visit-ulcinj.com\/blog\/2009\/03\/09\/rovena-dilo-martohet\/\" \/>\n<meta property=\"og:locale\" content=\"en_US\" \/>\n<meta property=\"og:type\" content=\"article\" \/>\n<meta property=\"og:title\" content=\"Rovena Dilo martohet !!! - Lajme nga Ulqini\" \/>\n<meta property=\"og:description\" content=\"K\u00ebng\u00ebtarja e m i r\u00ebnjohur Rovena Dilo \u00ebsht\u00eb martuar. Nuk \u00ebsht\u00eb aspak nj\u00eb thashethem urban, por nj\u00eb lajm m\u00ebse i v\u00ebrtet\u00eb. Pak muaj m\u00eb par\u00eb ajo i ka dh\u00ebn\u00eb\" \/>\n<meta property=\"og:url\" content=\"https:\/\/www.visit-ulcinj.com\/blog\/2009\/03\/09\/rovena-dilo-martohet\/\" \/>\n<meta property=\"og:site_name\" content=\"Lajme nga Ulqini\" \/>\n<meta property=\"article:published_time\" content=\"2009-03-09T19:54:36+00:00\" \/>\n<meta property=\"og:image\" content=\"https:\/\/www.visit-ulcinj.com\/blog\/wp-content\/uploads\/2009\/03\/rovena-dilo-150x150.jpg\" \/>\n<meta name=\"twitter:label1\" content=\"Written by\" \/>\n\t<meta name=\"twitter:data1\" content=\"ulqini\" \/>\n\t<meta name=\"twitter:label2\" content=\"Est. reading time\" \/>\n\t<meta name=\"twitter:data2\" content=\"3 minutes\" \/>\n<script type=\"application\/ld+json\" class=\"yoast-schema-graph\">{\"@context\":\"https:\/\/schema.org\",\"@graph\":[{\"@type\":\"WebSite\",\"@id\":\"https:\/\/www.visit-ulcinj.com\/blog\/#website\",\"url\":\"https:\/\/www.visit-ulcinj.com\/blog\/\",\"name\":\"Lajme nga Ulqini\",\"description\":\"Lajme,Vijesti,Ulqini,Ulqin,Crna Gora,Mali i Zi\",\"potentialAction\":[{\"@type\":\"SearchAction\",\"target\":{\"@type\":\"EntryPoint\",\"urlTemplate\":\"https:\/\/www.visit-ulcinj.com\/blog\/?s={search_term_string}\"},\"query-input\":\"required name=search_term_string\"}],\"inLanguage\":\"en-US\"},{\"@type\":\"ImageObject\",\"inLanguage\":\"en-US\",\"@id\":\"https:\/\/www.visit-ulcinj.com\/blog\/2009\/03\/09\/rovena-dilo-martohet\/#primaryimage\",\"url\":\"http:\/\/www.visit-ulcinj.com\/blog\/wp-content\/uploads\/2009\/03\/rovena-dilo.jpg\",\"contentUrl\":\"http:\/\/www.visit-ulcinj.com\/blog\/wp-content\/uploads\/2009\/03\/rovena-dilo.jpg\"},{\"@type\":\"WebPage\",\"@id\":\"https:\/\/www.visit-ulcinj.com\/blog\/2009\/03\/09\/rovena-dilo-martohet\/#webpage\",\"url\":\"https:\/\/www.visit-ulcinj.com\/blog\/2009\/03\/09\/rovena-dilo-martohet\/\",\"name\":\"Rovena Dilo martohet !!! - Lajme nga Ulqini\",\"isPartOf\":{\"@id\":\"https:\/\/www.visit-ulcinj.com\/blog\/#website\"},\"primaryImageOfPage\":{\"@id\":\"https:\/\/www.visit-ulcinj.com\/blog\/2009\/03\/09\/rovena-dilo-martohet\/#primaryimage\"},\"datePublished\":\"2009-03-09T19:54:36+00:00\",\"dateModified\":\"2009-03-09T19:54:36+00:00\",\"author\":{\"@id\":\"https:\/\/www.visit-ulcinj.com\/blog\/#\/schema\/person\/dcab619c614d3038751c63bc2aadc06d\"},\"description\":\"K\u00ebng\u00ebtarja e m i r\u00ebnjohur Rovena Dilo \u00ebsht\u00eb martuar. Nuk \u00ebsht\u00eb aspak nj\u00eb thashethem urban, por nj\u00eb lajm m\u00ebse i v\u00ebrtet\u00eb. Pak muaj m\u00eb par\u00eb ajo i ka dh\u00ebn\u00eb\",\"breadcrumb\":{\"@id\":\"https:\/\/www.visit-ulcinj.com\/blog\/2009\/03\/09\/rovena-dilo-martohet\/#breadcrumb\"},\"inLanguage\":\"en-US\",\"potentialAction\":[{\"@type\":\"ReadAction\",\"target\":[\"https:\/\/www.visit-ulcinj.com\/blog\/2009\/03\/09\/rovena-dilo-martohet\/\"]}]},{\"@type\":\"BreadcrumbList\",\"@id\":\"https:\/\/www.visit-ulcinj.com\/blog\/2009\/03\/09\/rovena-dilo-martohet\/#breadcrumb\",\"itemListElement\":[{\"@type\":\"ListItem\",\"position\":1,\"name\":\"Rovena Dilo martohet !!!\"}]},{\"@type\":\"Person\",\"@id\":\"https:\/\/www.visit-ulcinj.com\/blog\/#\/schema\/person\/dcab619c614d3038751c63bc2aadc06d\",\"name\":\"ulqini\",\"sameAs\":[\"http:\/\/www.visit-ulcinj.com\"],\"url\":\"https:\/\/www.visit-ulcinj.com\/blog\/author\/admin\/\"}]}<\/script>\n<!-- \/ Yoast SEO plugin. -->","yoast_head_json":{"title":"Rovena Dilo martohet !!! - Lajme nga Ulqini","description":"K\u00ebng\u00ebtarja e m i r\u00ebnjohur Rovena Dilo \u00ebsht\u00eb martuar. Nuk \u00ebsht\u00eb aspak nj\u00eb thashethem urban, por nj\u00eb lajm m\u00ebse i v\u00ebrtet\u00eb. Pak muaj m\u00eb par\u00eb ajo i ka dh\u00ebn\u00eb","robots":{"index":"index","follow":"follow","max-snippet":"max-snippet:-1","max-image-preview":"max-image-preview:large","max-video-preview":"max-video-preview:-1"},"canonical":"https:\/\/www.visit-ulcinj.com\/blog\/2009\/03\/09\/rovena-dilo-martohet\/","og_locale":"en_US","og_type":"article","og_title":"Rovena Dilo martohet !!! - Lajme nga Ulqini","og_description":"K\u00ebng\u00ebtarja e m i r\u00ebnjohur Rovena Dilo \u00ebsht\u00eb martuar. Nuk \u00ebsht\u00eb aspak nj\u00eb thashethem urban, por nj\u00eb lajm m\u00ebse i v\u00ebrtet\u00eb. Pak muaj m\u00eb par\u00eb ajo i ka dh\u00ebn\u00eb","og_url":"https:\/\/www.visit-ulcinj.com\/blog\/2009\/03\/09\/rovena-dilo-martohet\/","og_site_name":"Lajme nga Ulqini","article_published_time":"2009-03-09T19:54:36+00:00","og_image":[{"url":"https:\/\/www.visit-ulcinj.com\/blog\/wp-content\/uploads\/2009\/03\/rovena-dilo-150x150.jpg"}],"twitter_misc":{"Written by":"ulqini","Est. reading time":"3 minutes"},"schema":{"@context":"https:\/\/schema.org","@graph":[{"@type":"WebSite","@id":"https:\/\/www.visit-ulcinj.com\/blog\/#website","url":"https:\/\/www.visit-ulcinj.com\/blog\/","name":"Lajme nga Ulqini","description":"Lajme,Vijesti,Ulqini,Ulqin,Crna Gora,Mali i Zi","potentialAction":[{"@type":"SearchAction","target":{"@type":"EntryPoint","urlTemplate":"https:\/\/www.visit-ulcinj.com\/blog\/?s={search_term_string}"},"query-input":"required name=search_term_string"}],"inLanguage":"en-US"},{"@type":"ImageObject","inLanguage":"en-US","@id":"https:\/\/www.visit-ulcinj.com\/blog\/2009\/03\/09\/rovena-dilo-martohet\/#primaryimage","url":"http:\/\/www.visit-ulcinj.com\/blog\/wp-content\/uploads\/2009\/03\/rovena-dilo.jpg","contentUrl":"http:\/\/www.visit-ulcinj.com\/blog\/wp-content\/uploads\/2009\/03\/rovena-dilo.jpg"},{"@type":"WebPage","@id":"https:\/\/www.visit-ulcinj.com\/blog\/2009\/03\/09\/rovena-dilo-martohet\/#webpage","url":"https:\/\/www.visit-ulcinj.com\/blog\/2009\/03\/09\/rovena-dilo-martohet\/","name":"Rovena Dilo martohet !!! - Lajme nga Ulqini","isPartOf":{"@id":"https:\/\/www.visit-ulcinj.com\/blog\/#website"},"primaryImageOfPage":{"@id":"https:\/\/www.visit-ulcinj.com\/blog\/2009\/03\/09\/rovena-dilo-martohet\/#primaryimage"},"datePublished":"2009-03-09T19:54:36+00:00","dateModified":"2009-03-09T19:54:36+00:00","author":{"@id":"https:\/\/www.visit-ulcinj.com\/blog\/#\/schema\/person\/dcab619c614d3038751c63bc2aadc06d"},"description":"K\u00ebng\u00ebtarja e m i r\u00ebnjohur Rovena Dilo \u00ebsht\u00eb martuar. Nuk \u00ebsht\u00eb aspak nj\u00eb thashethem urban, por nj\u00eb lajm m\u00ebse i v\u00ebrtet\u00eb. Pak muaj m\u00eb par\u00eb ajo i ka dh\u00ebn\u00eb","breadcrumb":{"@id":"https:\/\/www.visit-ulcinj.com\/blog\/2009\/03\/09\/rovena-dilo-martohet\/#breadcrumb"},"inLanguage":"en-US","potentialAction":[{"@type":"ReadAction","target":["https:\/\/www.visit-ulcinj.com\/blog\/2009\/03\/09\/rovena-dilo-martohet\/"]}]},{"@type":"BreadcrumbList","@id":"https:\/\/www.visit-ulcinj.com\/blog\/2009\/03\/09\/rovena-dilo-martohet\/#breadcrumb","itemListElement":[{"@type":"ListItem","position":1,"name":"Rovena Dilo martohet !!!"}]},{"@type":"Person","@id":"https:\/\/www.visit-ulcinj.com\/blog\/#\/schema\/person\/dcab619c614d3038751c63bc2aadc06d","name":"ulqini","sameAs":["http:\/\/www.visit-ulcinj.com"],"url":"https:\/\/www.visit-ulcinj.com\/blog\/author\/admin\/"}]}},"jetpack_featured_media_url":"","jetpack_sharing_enabled":true,"jetpack_shortlink":"https:\/\/wp.me\/pe6lTn-3xd","_links":{"self":[{"href":"https:\/\/www.visit-ulcinj.com\/blog\/wp-json\/wp\/v2\/posts\/13591"}],"collection":[{"href":"https:\/\/www.visit-ulcinj.com\/blog\/wp-json\/wp\/v2\/posts"}],"about":[{"href":"https:\/\/www.visit-ulcinj.com\/blog\/wp-json\/wp\/v2\/types\/post"}],"author":[{"embeddable":true,"href":"https:\/\/www.visit-ulcinj.com\/blog\/wp-json\/wp\/v2\/users\/1"}],"replies":[{"embeddable":true,"href":"https:\/\/www.visit-ulcinj.com\/blog\/wp-json\/wp\/v2\/comments?post=13591"}],"version-history":[{"count":0,"href":"https:\/\/www.visit-ulcinj.com\/blog\/wp-json\/wp\/v2\/posts\/13591\/revisions"}],"wp:attachment":[{"href":"https:\/\/www.visit-ulcinj.com\/blog\/wp-json\/wp\/v2\/media?parent=13591"}],"wp:term":[{"taxonomy":"category","embeddable":true,"href":"https:\/\/www.visit-ulcinj.com\/blog\/wp-json\/wp\/v2\/categories?post=13591"},{"taxonomy":"post_tag","embeddable":true,"href":"https:\/\/www.visit-ulcinj.com\/blog\/wp-json\/wp\/v2\/tags?post=13591"}],"curies":[{"name":"wp","href":"https:\/\/api.w.org\/{rel}","templated":true}]}}