{"id":13602,"date":"2009-03-09T22:31:12","date_gmt":"2009-03-09T21:31:12","guid":{"rendered":"http:\/\/www.visit-ulcinj.com\/blog\/?p=13602"},"modified":"2009-03-09T22:31:12","modified_gmt":"2009-03-09T21:31:12","slug":"adela-s-kam-menduar-per-70mije-eurot","status":"publish","type":"post","link":"https:\/\/www.visit-ulcinj.com\/blog\/2009\/03\/09\/adela-s-kam-menduar-per-70mije-eurot\/","title":{"rendered":"Adela: S` kam menduar p\u00ebr 70mij\u00eb eurot."},"content":{"rendered":"<p><em><span class=\"newsdate\"><a href=\"http:\/\/www.visit-ulcinj.com\/blog\/wp-content\/uploads\/2009\/03\/adela-ne-spetakel.jpg\"><img loading=\"lazy\" class=\"alignleft size-full wp-image-13603\" title=\"adela-ne-spetakel-big-brother-albania-2\" src=\"http:\/\/www.visit-ulcinj.com\/blog\/wp-content\/uploads\/2009\/03\/adela-ne-spetakel.jpg\" alt=\"adela-ne-spetakel-big-brother-albania-2\" width=\"300\" height=\"205\" \/><\/a>07\/03\/09 21:59<\/span><\/em><\/p>\n<p>Nx\u00ebn\u00ebsit e Adelajd\u00ebs i b\u00ebjn\u00eb nj\u00eb surpriz\u00eb m\u00ebsueses s\u00eb tyre duke e uruar p\u00ebr fest\u00ebn e \u201c7marsit\u201d. Big Brother ka menduar t`i b\u00ebj nj\u00eb loj\u00eb Adel\u00ebs dhe kjo konsiston n\u00eb nd\u00ebrrimin e roleve. Nx\u00ebn\u00ebsit do t\u00eb marrin n\u00eb pyetje m\u00ebsuesen! Adelajda duhet t`i shpjegoj\u00eb atyre kuptimin e disa fjal\u00ebve. Ajo shpjegon kuptimin e fjal\u00ebs \u201cDashuri\u201d duke th\u00ebn\u00eb q\u00eb \u00ebsht\u00eb ndjenja q\u00eb e b\u00ebn njeriun t\u00eb ket\u00eb d\u00ebshir\u00eb t\u00eb madhe p\u00ebr t`a jetuar jet\u00ebn. Ajo mundohet t\u00eb shpjegoj\u00eb kuptimin e fjal\u00ebs \u201cLoj\u00eb\u201d duke th\u00ebn\u00eb, q\u00eb ajo t\u00eb dhuron emocione shum\u00eb t\u00eb forta. Ajo shpejgon kuptimin e fjal\u00ebs \u201cLiria\u201d ,dhe thot\u00eb q\u00eb njeriu pa patur lirin\u00eb nuk do njihte dashurine dhe loj\u00ebn. Kuptimin e fjal\u00ebs \u201cevolucion \u201c ajo e shpjegon me teorin\u00eb e Carls Darvinit. Nj\u00eb nx\u00ebn\u00ebse e saj e pyet se cfar\u00eb do b\u00ebj Adelajda n\u00ebse fiton 70mij\u00eb eurot. Ajo i thot\u00eb q\u00eb nuk e ka menduar asnj\u00ebher\u00eb fitoren e 70mij\u00eb eurove. Ajo thot\u00eb:-\u201cNjeriu mendon t\u00eb fitoj\u00eb gj\u00ebrat q\u00eb ka af\u00ebr\u201d.<\/p>\n","protected":false},"excerpt":{"rendered":"<p>07\/03\/09 21:59 Nx\u00ebn\u00ebsit e Adelajd\u00ebs i b\u00ebjn\u00eb nj\u00eb surpriz\u00eb m\u00ebsueses s\u00eb tyre duke e uruar p\u00ebr fest\u00ebn e \u201c7marsit\u201d. Big Brother ka menduar t`i b\u00ebj nj\u00eb loj\u00eb Adel\u00ebs dhe kjo konsiston n\u00eb nd\u00ebrrimin e roleve. Nx\u00ebn\u00ebsit do t\u00eb marrin n\u00eb pyetje m\u00ebsuesen! Adelajda duhet t`i shpjegoj\u00eb atyre kuptimin e disa fjal\u00ebve. Ajo shpjegon kuptimin e [&hellip;]<\/p>\n","protected":false},"author":1,"featured_media":0,"comment_status":"open","ping_status":"closed","sticky":false,"template":"","format":"standard","meta":{"spay_email":"","jetpack_publicize_message":"","jetpack_is_tweetstorm":false,"jetpack_publicize_feature_enabled":true},"categories":[6502],"tags":[6736,6562,5057,6506,6516,6712,7129,6891,6693,6887],"jetpack_publicize_connections":[],"yoast_head":"<!-- This site is optimized with the Yoast SEO plugin v19.1 - https:\/\/yoast.com\/wordpress\/plugins\/seo\/ -->\n<title>Adela: S` kam menduar p\u00c3\u00abr 70mij\u00c3\u00ab eurot. | Big Brother Albania 2<\/title>\n<meta name=\"description\" content=\"Big Brother Albania 2 - Nx\u00c3\u00abn\u00c3\u00absit e Adelajd\u00c3\u00abs i b\u00c3\u00abjn\u00c3\u00ab nj\u00c3\u00ab surpriz\u00c3\u00ab m\u00c3\u00absueses s\u00c3\u00ab tyre duke e uruar p\u00c3\u00abr fest\u00c3\u00abn e \u00e2\u20ac\u01537marsit\u00e2\u20ac\u009d. Big Brother ka menduar t`i b\u00c3\u00abj nj\u00c3\u00ab loj\u00c3\u00ab Adel\u00c3\u00abs dhe kjo konsiston n\u00c3\u00ab nd\u00c3\u00abrrimin e roleve.\" \/>\n<meta name=\"robots\" content=\"index, follow, max-snippet:-1, max-image-preview:large, max-video-preview:-1\" \/>\n<link rel=\"canonical\" href=\"https:\/\/www.visit-ulcinj.com\/blog\/2009\/03\/09\/adela-s-kam-menduar-per-70mije-eurot\/\" \/>\n<meta property=\"og:locale\" content=\"en_US\" \/>\n<meta property=\"og:type\" content=\"article\" \/>\n<meta property=\"og:title\" content=\"Adela: S` kam menduar p\u00c3\u00abr 70mij\u00c3\u00ab eurot. | Big Brother Albania 2\" \/>\n<meta property=\"og:description\" content=\"Big Brother Albania 2 - Nx\u00c3\u00abn\u00c3\u00absit e Adelajd\u00c3\u00abs i b\u00c3\u00abjn\u00c3\u00ab nj\u00c3\u00ab surpriz\u00c3\u00ab m\u00c3\u00absueses s\u00c3\u00ab tyre duke e uruar p\u00c3\u00abr fest\u00c3\u00abn e \u00e2\u20ac\u01537marsit\u00e2\u20ac\u009d. Big Brother ka menduar t`i b\u00c3\u00abj nj\u00c3\u00ab loj\u00c3\u00ab Adel\u00c3\u00abs dhe kjo konsiston n\u00c3\u00ab nd\u00c3\u00abrrimin e roleve.\" \/>\n<meta property=\"og:url\" content=\"https:\/\/www.visit-ulcinj.com\/blog\/2009\/03\/09\/adela-s-kam-menduar-per-70mije-eurot\/\" \/>\n<meta property=\"og:site_name\" content=\"Lajme nga Ulqini\" \/>\n<meta property=\"article:published_time\" content=\"2009-03-09T21:31:12+00:00\" \/>\n<meta property=\"og:image\" content=\"http:\/\/www.visit-ulcinj.com\/blog\/wp-content\/uploads\/2009\/03\/adela-ne-spetakel.jpg\" \/>\n<meta name=\"twitter:label1\" content=\"Written by\" \/>\n\t<meta name=\"twitter:data1\" content=\"ulqini\" \/>\n\t<meta name=\"twitter:label2\" content=\"Est. reading time\" \/>\n\t<meta name=\"twitter:data2\" content=\"1 minute\" \/>\n<script type=\"application\/ld+json\" class=\"yoast-schema-graph\">{\"@context\":\"https:\/\/schema.org\",\"@graph\":[{\"@type\":\"WebSite\",\"@id\":\"https:\/\/www.visit-ulcinj.com\/blog\/#website\",\"url\":\"https:\/\/www.visit-ulcinj.com\/blog\/\",\"name\":\"Lajme nga Ulqini\",\"description\":\"Lajme,Vijesti,Ulqini,Ulqin,Crna Gora,Mali i Zi\",\"potentialAction\":[{\"@type\":\"SearchAction\",\"target\":{\"@type\":\"EntryPoint\",\"urlTemplate\":\"https:\/\/www.visit-ulcinj.com\/blog\/?s={search_term_string}\"},\"query-input\":\"required name=search_term_string\"}],\"inLanguage\":\"en-US\"},{\"@type\":\"ImageObject\",\"inLanguage\":\"en-US\",\"@id\":\"https:\/\/www.visit-ulcinj.com\/blog\/2009\/03\/09\/adela-s-kam-menduar-per-70mije-eurot\/#primaryimage\",\"url\":\"http:\/\/www.visit-ulcinj.com\/blog\/wp-content\/uploads\/2009\/03\/adela-ne-spetakel.jpg\",\"contentUrl\":\"http:\/\/www.visit-ulcinj.com\/blog\/wp-content\/uploads\/2009\/03\/adela-ne-spetakel.jpg\"},{\"@type\":\"WebPage\",\"@id\":\"https:\/\/www.visit-ulcinj.com\/blog\/2009\/03\/09\/adela-s-kam-menduar-per-70mije-eurot\/#webpage\",\"url\":\"https:\/\/www.visit-ulcinj.com\/blog\/2009\/03\/09\/adela-s-kam-menduar-per-70mije-eurot\/\",\"name\":\"Adela: S` kam menduar p\u00c3\u00abr 70mij\u00c3\u00ab eurot. | Big Brother Albania 2\",\"isPartOf\":{\"@id\":\"https:\/\/www.visit-ulcinj.com\/blog\/#website\"},\"primaryImageOfPage\":{\"@id\":\"https:\/\/www.visit-ulcinj.com\/blog\/2009\/03\/09\/adela-s-kam-menduar-per-70mije-eurot\/#primaryimage\"},\"datePublished\":\"2009-03-09T21:31:12+00:00\",\"dateModified\":\"2009-03-09T21:31:12+00:00\",\"author\":{\"@id\":\"https:\/\/www.visit-ulcinj.com\/blog\/#\/schema\/person\/dcab619c614d3038751c63bc2aadc06d\"},\"description\":\"Big Brother Albania 2 - Nx\u00c3\u00abn\u00c3\u00absit e Adelajd\u00c3\u00abs i b\u00c3\u00abjn\u00c3\u00ab nj\u00c3\u00ab surpriz\u00c3\u00ab m\u00c3\u00absueses s\u00c3\u00ab tyre duke e uruar p\u00c3\u00abr fest\u00c3\u00abn e \u00e2\u20ac\u01537marsit\u00e2\u20ac\u009d. Big Brother ka menduar t`i b\u00c3\u00abj nj\u00c3\u00ab loj\u00c3\u00ab Adel\u00c3\u00abs dhe kjo konsiston n\u00c3\u00ab nd\u00c3\u00abrrimin e roleve.\",\"breadcrumb\":{\"@id\":\"https:\/\/www.visit-ulcinj.com\/blog\/2009\/03\/09\/adela-s-kam-menduar-per-70mije-eurot\/#breadcrumb\"},\"inLanguage\":\"en-US\",\"potentialAction\":[{\"@type\":\"ReadAction\",\"target\":[\"https:\/\/www.visit-ulcinj.com\/blog\/2009\/03\/09\/adela-s-kam-menduar-per-70mije-eurot\/\"]}]},{\"@type\":\"BreadcrumbList\",\"@id\":\"https:\/\/www.visit-ulcinj.com\/blog\/2009\/03\/09\/adela-s-kam-menduar-per-70mije-eurot\/#breadcrumb\",\"itemListElement\":[{\"@type\":\"ListItem\",\"position\":1,\"name\":\"Adela: S` kam menduar p\u00ebr 70mij\u00eb eurot.\"}]},{\"@type\":\"Person\",\"@id\":\"https:\/\/www.visit-ulcinj.com\/blog\/#\/schema\/person\/dcab619c614d3038751c63bc2aadc06d\",\"name\":\"ulqini\",\"sameAs\":[\"http:\/\/www.visit-ulcinj.com\"],\"url\":\"https:\/\/www.visit-ulcinj.com\/blog\/author\/admin\/\"}]}<\/script>\n<!-- \/ Yoast SEO plugin. -->","yoast_head_json":{"title":"Adela: S` kam menduar p\u00c3\u00abr 70mij\u00c3\u00ab eurot. | Big Brother Albania 2","description":"Big Brother Albania 2 - Nx\u00c3\u00abn\u00c3\u00absit e Adelajd\u00c3\u00abs i b\u00c3\u00abjn\u00c3\u00ab nj\u00c3\u00ab surpriz\u00c3\u00ab m\u00c3\u00absueses s\u00c3\u00ab tyre duke e uruar p\u00c3\u00abr fest\u00c3\u00abn e \u00e2\u20ac\u01537marsit\u00e2\u20ac\u009d. Big Brother ka menduar t`i b\u00c3\u00abj nj\u00c3\u00ab loj\u00c3\u00ab Adel\u00c3\u00abs dhe kjo konsiston n\u00c3\u00ab nd\u00c3\u00abrrimin e roleve.","robots":{"index":"index","follow":"follow","max-snippet":"max-snippet:-1","max-image-preview":"max-image-preview:large","max-video-preview":"max-video-preview:-1"},"canonical":"https:\/\/www.visit-ulcinj.com\/blog\/2009\/03\/09\/adela-s-kam-menduar-per-70mije-eurot\/","og_locale":"en_US","og_type":"article","og_title":"Adela: S` kam menduar p\u00c3\u00abr 70mij\u00c3\u00ab eurot. | Big Brother Albania 2","og_description":"Big Brother Albania 2 - Nx\u00c3\u00abn\u00c3\u00absit e Adelajd\u00c3\u00abs i b\u00c3\u00abjn\u00c3\u00ab nj\u00c3\u00ab surpriz\u00c3\u00ab m\u00c3\u00absueses s\u00c3\u00ab tyre duke e uruar p\u00c3\u00abr fest\u00c3\u00abn e \u00e2\u20ac\u01537marsit\u00e2\u20ac\u009d. Big Brother ka menduar t`i b\u00c3\u00abj nj\u00c3\u00ab loj\u00c3\u00ab Adel\u00c3\u00abs dhe kjo konsiston n\u00c3\u00ab nd\u00c3\u00abrrimin e roleve.","og_url":"https:\/\/www.visit-ulcinj.com\/blog\/2009\/03\/09\/adela-s-kam-menduar-per-70mije-eurot\/","og_site_name":"Lajme nga Ulqini","article_published_time":"2009-03-09T21:31:12+00:00","og_image":[{"url":"http:\/\/www.visit-ulcinj.com\/blog\/wp-content\/uploads\/2009\/03\/adela-ne-spetakel.jpg"}],"twitter_misc":{"Written by":"ulqini","Est. reading time":"1 minute"},"schema":{"@context":"https:\/\/schema.org","@graph":[{"@type":"WebSite","@id":"https:\/\/www.visit-ulcinj.com\/blog\/#website","url":"https:\/\/www.visit-ulcinj.com\/blog\/","name":"Lajme nga Ulqini","description":"Lajme,Vijesti,Ulqini,Ulqin,Crna Gora,Mali i Zi","potentialAction":[{"@type":"SearchAction","target":{"@type":"EntryPoint","urlTemplate":"https:\/\/www.visit-ulcinj.com\/blog\/?s={search_term_string}"},"query-input":"required name=search_term_string"}],"inLanguage":"en-US"},{"@type":"ImageObject","inLanguage":"en-US","@id":"https:\/\/www.visit-ulcinj.com\/blog\/2009\/03\/09\/adela-s-kam-menduar-per-70mije-eurot\/#primaryimage","url":"http:\/\/www.visit-ulcinj.com\/blog\/wp-content\/uploads\/2009\/03\/adela-ne-spetakel.jpg","contentUrl":"http:\/\/www.visit-ulcinj.com\/blog\/wp-content\/uploads\/2009\/03\/adela-ne-spetakel.jpg"},{"@type":"WebPage","@id":"https:\/\/www.visit-ulcinj.com\/blog\/2009\/03\/09\/adela-s-kam-menduar-per-70mije-eurot\/#webpage","url":"https:\/\/www.visit-ulcinj.com\/blog\/2009\/03\/09\/adela-s-kam-menduar-per-70mije-eurot\/","name":"Adela: S` kam menduar p\u00c3\u00abr 70mij\u00c3\u00ab eurot. | Big Brother Albania 2","isPartOf":{"@id":"https:\/\/www.visit-ulcinj.com\/blog\/#website"},"primaryImageOfPage":{"@id":"https:\/\/www.visit-ulcinj.com\/blog\/2009\/03\/09\/adela-s-kam-menduar-per-70mije-eurot\/#primaryimage"},"datePublished":"2009-03-09T21:31:12+00:00","dateModified":"2009-03-09T21:31:12+00:00","author":{"@id":"https:\/\/www.visit-ulcinj.com\/blog\/#\/schema\/person\/dcab619c614d3038751c63bc2aadc06d"},"description":"Big Brother Albania 2 - Nx\u00c3\u00abn\u00c3\u00absit e Adelajd\u00c3\u00abs i b\u00c3\u00abjn\u00c3\u00ab nj\u00c3\u00ab surpriz\u00c3\u00ab m\u00c3\u00absueses s\u00c3\u00ab tyre duke e uruar p\u00c3\u00abr fest\u00c3\u00abn e \u00e2\u20ac\u01537marsit\u00e2\u20ac\u009d. Big Brother ka menduar t`i b\u00c3\u00abj nj\u00c3\u00ab loj\u00c3\u00ab Adel\u00c3\u00abs dhe kjo konsiston n\u00c3\u00ab nd\u00c3\u00abrrimin e roleve.","breadcrumb":{"@id":"https:\/\/www.visit-ulcinj.com\/blog\/2009\/03\/09\/adela-s-kam-menduar-per-70mije-eurot\/#breadcrumb"},"inLanguage":"en-US","potentialAction":[{"@type":"ReadAction","target":["https:\/\/www.visit-ulcinj.com\/blog\/2009\/03\/09\/adela-s-kam-menduar-per-70mije-eurot\/"]}]},{"@type":"BreadcrumbList","@id":"https:\/\/www.visit-ulcinj.com\/blog\/2009\/03\/09\/adela-s-kam-menduar-per-70mije-eurot\/#breadcrumb","itemListElement":[{"@type":"ListItem","position":1,"name":"Adela: S` kam menduar p\u00ebr 70mij\u00eb eurot."}]},{"@type":"Person","@id":"https:\/\/www.visit-ulcinj.com\/blog\/#\/schema\/person\/dcab619c614d3038751c63bc2aadc06d","name":"ulqini","sameAs":["http:\/\/www.visit-ulcinj.com"],"url":"https:\/\/www.visit-ulcinj.com\/blog\/author\/admin\/"}]}},"jetpack_featured_media_url":"","jetpack_sharing_enabled":true,"jetpack_shortlink":"https:\/\/wp.me\/pe6lTn-3xo","_links":{"self":[{"href":"https:\/\/www.visit-ulcinj.com\/blog\/wp-json\/wp\/v2\/posts\/13602"}],"collection":[{"href":"https:\/\/www.visit-ulcinj.com\/blog\/wp-json\/wp\/v2\/posts"}],"about":[{"href":"https:\/\/www.visit-ulcinj.com\/blog\/wp-json\/wp\/v2\/types\/post"}],"author":[{"embeddable":true,"href":"https:\/\/www.visit-ulcinj.com\/blog\/wp-json\/wp\/v2\/users\/1"}],"replies":[{"embeddable":true,"href":"https:\/\/www.visit-ulcinj.com\/blog\/wp-json\/wp\/v2\/comments?post=13602"}],"version-history":[{"count":0,"href":"https:\/\/www.visit-ulcinj.com\/blog\/wp-json\/wp\/v2\/posts\/13602\/revisions"}],"wp:attachment":[{"href":"https:\/\/www.visit-ulcinj.com\/blog\/wp-json\/wp\/v2\/media?parent=13602"}],"wp:term":[{"taxonomy":"category","embeddable":true,"href":"https:\/\/www.visit-ulcinj.com\/blog\/wp-json\/wp\/v2\/categories?post=13602"},{"taxonomy":"post_tag","embeddable":true,"href":"https:\/\/www.visit-ulcinj.com\/blog\/wp-json\/wp\/v2\/tags?post=13602"}],"curies":[{"name":"wp","href":"https:\/\/api.w.org\/{rel}","templated":true}]}}