{"id":13614,"date":"2009-03-09T22:45:27","date_gmt":"2009-03-09T21:45:27","guid":{"rendered":"http:\/\/www.visit-ulcinj.com\/blog\/?p=13614"},"modified":"2009-03-09T22:45:27","modified_gmt":"2009-03-09T21:45:27","slug":"big-brother-albania-2-gezuar-8-marsin","status":"publish","type":"post","link":"https:\/\/www.visit-ulcinj.com\/blog\/2009\/03\/09\/big-brother-albania-2-gezuar-8-marsin\/","title":{"rendered":"Big Brother Albania 2 &#8211; G\u00ebzuar 8 Marsin"},"content":{"rendered":"<p><em><span class=\"newsdate\"><a href=\"http:\/\/www.visit-ulcinj.com\/blog\/wp-content\/uploads\/2009\/03\/banoret-festojne-copy.jpg\"><img loading=\"lazy\" class=\"alignleft size-full wp-image-13615\" title=\"banoret-festojne-big-brother-albania-2\" src=\"http:\/\/www.visit-ulcinj.com\/blog\/wp-content\/uploads\/2009\/03\/banoret-festojne-copy.jpg\" alt=\"banoret-festojne-big-brother-albania-2\" width=\"300\" height=\"205\" \/><\/a>08\/03\/09 00:00<\/span><\/em><\/p>\n<p>V\u00ebllai i madh u ka ofruar vajzave t\u00eb sht\u00ebpis\u00eb nj\u00eb dark\u00eb t\u00eb mrekullueshme dhe p\u00ebrve\u00e7 k\u00ebsaj edhe sh\u00ebrbimin e djemve. Ata do t\u00eb ishin jo vet\u00ebm n\u00eb rolin e kamarier\u00ebve, p\u00ebrgjat\u00eb gjith\u00eb dark\u00ebs, por p\u00ebr 24 or\u00ebt e ardhshme do t\u00eb ishin edhe taksit\u00eb e vajzave. Secili prej tyre ka veshur bluz\u00ebn ku sh\u00ebnohej \u201ctaksi\u201d dhe emri i tij dhe t\u00eb gjith\u00eb ishin t\u00eb detyruar t\u2019i mbanin vajzat n\u00eb krah\u00eb, p\u00ebr t\u2019i \u00e7uar nga vendi ku ishin, n\u00eb vendin ku donin t\u00eb shkonin.<\/p>\n","protected":false},"excerpt":{"rendered":"<p>08\/03\/09 00:00 V\u00ebllai i madh u ka ofruar vajzave t\u00eb sht\u00ebpis\u00eb nj\u00eb dark\u00eb t\u00eb mrekullueshme dhe p\u00ebrve\u00e7 k\u00ebsaj edhe sh\u00ebrbimin e djemve. Ata do t\u00eb ishin jo vet\u00ebm n\u00eb rolin e kamarier\u00ebve, p\u00ebrgjat\u00eb gjith\u00eb dark\u00ebs, por p\u00ebr 24 or\u00ebt e ardhshme do t\u00eb ishin edhe taksit\u00eb e vajzave. Secili prej tyre ka veshur bluz\u00ebn ku [&hellip;]<\/p>\n","protected":false},"author":1,"featured_media":0,"comment_status":"open","ping_status":"closed","sticky":false,"template":"","format":"standard","meta":{"spay_email":"","jetpack_publicize_message":"","jetpack_is_tweetstorm":false,"jetpack_publicize_feature_enabled":true},"categories":[6502],"tags":[7745,5057,6506,6516,6712,7129,6891,6693,6887],"jetpack_publicize_connections":[],"yoast_head":"<!-- This site is optimized with the Yoast SEO plugin v19.1 - https:\/\/yoast.com\/wordpress\/plugins\/seo\/ -->\n<title>Big Brother Albania 2 - G\u00c3\u00abzuar 8 Marsin<\/title>\n<meta name=\"description\" content=\"Big Brother Albania 2 - V\u00c3\u00abllai i madh u ka ofruar vajzave t\u00c3\u00ab sht\u00c3\u00abpis\u00c3\u00ab nj\u00c3\u00ab dark\u00c3\u00ab t\u00c3\u00ab mrekullueshme dhe p\u00c3\u00abrve\u00c3\u00a7 k\u00c3\u00absaj edhe sh\u00c3\u00abrbimin e djemve\" \/>\n<meta name=\"robots\" content=\"index, follow, max-snippet:-1, max-image-preview:large, max-video-preview:-1\" \/>\n<link rel=\"canonical\" href=\"https:\/\/www.visit-ulcinj.com\/blog\/2009\/03\/09\/big-brother-albania-2-gezuar-8-marsin\/\" \/>\n<meta property=\"og:locale\" content=\"en_US\" \/>\n<meta property=\"og:type\" content=\"article\" \/>\n<meta property=\"og:title\" content=\"Big Brother Albania 2 - G\u00c3\u00abzuar 8 Marsin\" \/>\n<meta property=\"og:description\" content=\"Big Brother Albania 2 - V\u00c3\u00abllai i madh u ka ofruar vajzave t\u00c3\u00ab sht\u00c3\u00abpis\u00c3\u00ab nj\u00c3\u00ab dark\u00c3\u00ab t\u00c3\u00ab mrekullueshme dhe p\u00c3\u00abrve\u00c3\u00a7 k\u00c3\u00absaj edhe sh\u00c3\u00abrbimin e djemve\" \/>\n<meta property=\"og:url\" content=\"https:\/\/www.visit-ulcinj.com\/blog\/2009\/03\/09\/big-brother-albania-2-gezuar-8-marsin\/\" \/>\n<meta property=\"og:site_name\" content=\"Lajme nga Ulqini\" \/>\n<meta property=\"article:published_time\" content=\"2009-03-09T21:45:27+00:00\" \/>\n<meta property=\"og:image\" content=\"http:\/\/www.visit-ulcinj.com\/blog\/wp-content\/uploads\/2009\/03\/banoret-festojne-copy.jpg\" \/>\n<meta name=\"twitter:label1\" content=\"Written by\" \/>\n\t<meta name=\"twitter:data1\" content=\"ulqini\" \/>\n<script type=\"application\/ld+json\" class=\"yoast-schema-graph\">{\"@context\":\"https:\/\/schema.org\",\"@graph\":[{\"@type\":\"WebSite\",\"@id\":\"https:\/\/www.visit-ulcinj.com\/blog\/#website\",\"url\":\"https:\/\/www.visit-ulcinj.com\/blog\/\",\"name\":\"Lajme nga Ulqini\",\"description\":\"Lajme,Vijesti,Ulqini,Ulqin,Crna Gora,Mali i Zi\",\"potentialAction\":[{\"@type\":\"SearchAction\",\"target\":{\"@type\":\"EntryPoint\",\"urlTemplate\":\"https:\/\/www.visit-ulcinj.com\/blog\/?s={search_term_string}\"},\"query-input\":\"required name=search_term_string\"}],\"inLanguage\":\"en-US\"},{\"@type\":\"ImageObject\",\"inLanguage\":\"en-US\",\"@id\":\"https:\/\/www.visit-ulcinj.com\/blog\/2009\/03\/09\/big-brother-albania-2-gezuar-8-marsin\/#primaryimage\",\"url\":\"http:\/\/www.visit-ulcinj.com\/blog\/wp-content\/uploads\/2009\/03\/banoret-festojne-copy.jpg\",\"contentUrl\":\"http:\/\/www.visit-ulcinj.com\/blog\/wp-content\/uploads\/2009\/03\/banoret-festojne-copy.jpg\"},{\"@type\":\"WebPage\",\"@id\":\"https:\/\/www.visit-ulcinj.com\/blog\/2009\/03\/09\/big-brother-albania-2-gezuar-8-marsin\/#webpage\",\"url\":\"https:\/\/www.visit-ulcinj.com\/blog\/2009\/03\/09\/big-brother-albania-2-gezuar-8-marsin\/\",\"name\":\"Big Brother Albania 2 - G\u00c3\u00abzuar 8 Marsin\",\"isPartOf\":{\"@id\":\"https:\/\/www.visit-ulcinj.com\/blog\/#website\"},\"primaryImageOfPage\":{\"@id\":\"https:\/\/www.visit-ulcinj.com\/blog\/2009\/03\/09\/big-brother-albania-2-gezuar-8-marsin\/#primaryimage\"},\"datePublished\":\"2009-03-09T21:45:27+00:00\",\"dateModified\":\"2009-03-09T21:45:27+00:00\",\"author\":{\"@id\":\"https:\/\/www.visit-ulcinj.com\/blog\/#\/schema\/person\/dcab619c614d3038751c63bc2aadc06d\"},\"description\":\"Big Brother Albania 2 - V\u00c3\u00abllai i madh u ka ofruar vajzave t\u00c3\u00ab sht\u00c3\u00abpis\u00c3\u00ab nj\u00c3\u00ab dark\u00c3\u00ab t\u00c3\u00ab mrekullueshme dhe p\u00c3\u00abrve\u00c3\u00a7 k\u00c3\u00absaj edhe sh\u00c3\u00abrbimin e djemve\",\"breadcrumb\":{\"@id\":\"https:\/\/www.visit-ulcinj.com\/blog\/2009\/03\/09\/big-brother-albania-2-gezuar-8-marsin\/#breadcrumb\"},\"inLanguage\":\"en-US\",\"potentialAction\":[{\"@type\":\"ReadAction\",\"target\":[\"https:\/\/www.visit-ulcinj.com\/blog\/2009\/03\/09\/big-brother-albania-2-gezuar-8-marsin\/\"]}]},{\"@type\":\"BreadcrumbList\",\"@id\":\"https:\/\/www.visit-ulcinj.com\/blog\/2009\/03\/09\/big-brother-albania-2-gezuar-8-marsin\/#breadcrumb\",\"itemListElement\":[{\"@type\":\"ListItem\",\"position\":1,\"name\":\"Big Brother Albania 2 &#8211; G\u00ebzuar 8 Marsin\"}]},{\"@type\":\"Person\",\"@id\":\"https:\/\/www.visit-ulcinj.com\/blog\/#\/schema\/person\/dcab619c614d3038751c63bc2aadc06d\",\"name\":\"ulqini\",\"sameAs\":[\"http:\/\/www.visit-ulcinj.com\"],\"url\":\"https:\/\/www.visit-ulcinj.com\/blog\/author\/admin\/\"}]}<\/script>\n<!-- \/ Yoast SEO plugin. -->","yoast_head_json":{"title":"Big Brother Albania 2 - G\u00c3\u00abzuar 8 Marsin","description":"Big Brother Albania 2 - V\u00c3\u00abllai i madh u ka ofruar vajzave t\u00c3\u00ab sht\u00c3\u00abpis\u00c3\u00ab nj\u00c3\u00ab dark\u00c3\u00ab t\u00c3\u00ab mrekullueshme dhe p\u00c3\u00abrve\u00c3\u00a7 k\u00c3\u00absaj edhe sh\u00c3\u00abrbimin e djemve","robots":{"index":"index","follow":"follow","max-snippet":"max-snippet:-1","max-image-preview":"max-image-preview:large","max-video-preview":"max-video-preview:-1"},"canonical":"https:\/\/www.visit-ulcinj.com\/blog\/2009\/03\/09\/big-brother-albania-2-gezuar-8-marsin\/","og_locale":"en_US","og_type":"article","og_title":"Big Brother Albania 2 - G\u00c3\u00abzuar 8 Marsin","og_description":"Big Brother Albania 2 - V\u00c3\u00abllai i madh u ka ofruar vajzave t\u00c3\u00ab sht\u00c3\u00abpis\u00c3\u00ab nj\u00c3\u00ab dark\u00c3\u00ab t\u00c3\u00ab mrekullueshme dhe p\u00c3\u00abrve\u00c3\u00a7 k\u00c3\u00absaj edhe sh\u00c3\u00abrbimin e djemve","og_url":"https:\/\/www.visit-ulcinj.com\/blog\/2009\/03\/09\/big-brother-albania-2-gezuar-8-marsin\/","og_site_name":"Lajme nga Ulqini","article_published_time":"2009-03-09T21:45:27+00:00","og_image":[{"url":"http:\/\/www.visit-ulcinj.com\/blog\/wp-content\/uploads\/2009\/03\/banoret-festojne-copy.jpg"}],"twitter_misc":{"Written by":"ulqini"},"schema":{"@context":"https:\/\/schema.org","@graph":[{"@type":"WebSite","@id":"https:\/\/www.visit-ulcinj.com\/blog\/#website","url":"https:\/\/www.visit-ulcinj.com\/blog\/","name":"Lajme nga Ulqini","description":"Lajme,Vijesti,Ulqini,Ulqin,Crna Gora,Mali i Zi","potentialAction":[{"@type":"SearchAction","target":{"@type":"EntryPoint","urlTemplate":"https:\/\/www.visit-ulcinj.com\/blog\/?s={search_term_string}"},"query-input":"required name=search_term_string"}],"inLanguage":"en-US"},{"@type":"ImageObject","inLanguage":"en-US","@id":"https:\/\/www.visit-ulcinj.com\/blog\/2009\/03\/09\/big-brother-albania-2-gezuar-8-marsin\/#primaryimage","url":"http:\/\/www.visit-ulcinj.com\/blog\/wp-content\/uploads\/2009\/03\/banoret-festojne-copy.jpg","contentUrl":"http:\/\/www.visit-ulcinj.com\/blog\/wp-content\/uploads\/2009\/03\/banoret-festojne-copy.jpg"},{"@type":"WebPage","@id":"https:\/\/www.visit-ulcinj.com\/blog\/2009\/03\/09\/big-brother-albania-2-gezuar-8-marsin\/#webpage","url":"https:\/\/www.visit-ulcinj.com\/blog\/2009\/03\/09\/big-brother-albania-2-gezuar-8-marsin\/","name":"Big Brother Albania 2 - G\u00c3\u00abzuar 8 Marsin","isPartOf":{"@id":"https:\/\/www.visit-ulcinj.com\/blog\/#website"},"primaryImageOfPage":{"@id":"https:\/\/www.visit-ulcinj.com\/blog\/2009\/03\/09\/big-brother-albania-2-gezuar-8-marsin\/#primaryimage"},"datePublished":"2009-03-09T21:45:27+00:00","dateModified":"2009-03-09T21:45:27+00:00","author":{"@id":"https:\/\/www.visit-ulcinj.com\/blog\/#\/schema\/person\/dcab619c614d3038751c63bc2aadc06d"},"description":"Big Brother Albania 2 - V\u00c3\u00abllai i madh u ka ofruar vajzave t\u00c3\u00ab sht\u00c3\u00abpis\u00c3\u00ab nj\u00c3\u00ab dark\u00c3\u00ab t\u00c3\u00ab mrekullueshme dhe p\u00c3\u00abrve\u00c3\u00a7 k\u00c3\u00absaj edhe sh\u00c3\u00abrbimin e djemve","breadcrumb":{"@id":"https:\/\/www.visit-ulcinj.com\/blog\/2009\/03\/09\/big-brother-albania-2-gezuar-8-marsin\/#breadcrumb"},"inLanguage":"en-US","potentialAction":[{"@type":"ReadAction","target":["https:\/\/www.visit-ulcinj.com\/blog\/2009\/03\/09\/big-brother-albania-2-gezuar-8-marsin\/"]}]},{"@type":"BreadcrumbList","@id":"https:\/\/www.visit-ulcinj.com\/blog\/2009\/03\/09\/big-brother-albania-2-gezuar-8-marsin\/#breadcrumb","itemListElement":[{"@type":"ListItem","position":1,"name":"Big Brother Albania 2 &#8211; G\u00ebzuar 8 Marsin"}]},{"@type":"Person","@id":"https:\/\/www.visit-ulcinj.com\/blog\/#\/schema\/person\/dcab619c614d3038751c63bc2aadc06d","name":"ulqini","sameAs":["http:\/\/www.visit-ulcinj.com"],"url":"https:\/\/www.visit-ulcinj.com\/blog\/author\/admin\/"}]}},"jetpack_featured_media_url":"","jetpack_sharing_enabled":true,"jetpack_shortlink":"https:\/\/wp.me\/pe6lTn-3xA","_links":{"self":[{"href":"https:\/\/www.visit-ulcinj.com\/blog\/wp-json\/wp\/v2\/posts\/13614"}],"collection":[{"href":"https:\/\/www.visit-ulcinj.com\/blog\/wp-json\/wp\/v2\/posts"}],"about":[{"href":"https:\/\/www.visit-ulcinj.com\/blog\/wp-json\/wp\/v2\/types\/post"}],"author":[{"embeddable":true,"href":"https:\/\/www.visit-ulcinj.com\/blog\/wp-json\/wp\/v2\/users\/1"}],"replies":[{"embeddable":true,"href":"https:\/\/www.visit-ulcinj.com\/blog\/wp-json\/wp\/v2\/comments?post=13614"}],"version-history":[{"count":0,"href":"https:\/\/www.visit-ulcinj.com\/blog\/wp-json\/wp\/v2\/posts\/13614\/revisions"}],"wp:attachment":[{"href":"https:\/\/www.visit-ulcinj.com\/blog\/wp-json\/wp\/v2\/media?parent=13614"}],"wp:term":[{"taxonomy":"category","embeddable":true,"href":"https:\/\/www.visit-ulcinj.com\/blog\/wp-json\/wp\/v2\/categories?post=13614"},{"taxonomy":"post_tag","embeddable":true,"href":"https:\/\/www.visit-ulcinj.com\/blog\/wp-json\/wp\/v2\/tags?post=13614"}],"curies":[{"name":"wp","href":"https:\/\/api.w.org\/{rel}","templated":true}]}}