{"id":13617,"date":"2009-03-09T23:03:31","date_gmt":"2009-03-09T22:03:31","guid":{"rendered":"http:\/\/www.visit-ulcinj.com\/blog\/?p=13617"},"modified":"2009-03-09T23:03:31","modified_gmt":"2009-03-09T22:03:31","slug":"lirita-nuk-besoj-se-do-te-dalesh","status":"publish","type":"post","link":"https:\/\/www.visit-ulcinj.com\/blog\/2009\/03\/09\/lirita-nuk-besoj-se-do-te-dalesh\/","title":{"rendered":"Lirita : Nuk besoj se do t\u00eb dal\u00ebsh !"},"content":{"rendered":"<p><em><span class=\"newsdate\"><a href=\"http:\/\/www.visit-ulcinj.com\/blog\/wp-content\/uploads\/2009\/03\/lirita-nominimi-copy.jpg\"><img loading=\"lazy\" class=\"alignleft size-full wp-image-13618\" title=\"lirita-nominimi-big-brother-albania-2\" src=\"http:\/\/www.visit-ulcinj.com\/blog\/wp-content\/uploads\/2009\/03\/lirita-nominimi-copy.jpg\" alt=\"lirita-nominimi-big-brother-albania-2\" width=\"300\" height=\"205\" \/><\/a>08\/03\/09 00:15<\/span><\/em><\/p>\n<p>Sipas Lirit\u00ebs, banor\u00ebt q\u00eb e kan\u00eb nominuar jan\u00eb tre, Mimoza, Adelajda, Qetsori. P\u00ebr Lirit\u00ebn, \u00ebsht\u00eb hera e par\u00eb q\u00eb del n\u00eb nominim, n\u00eb t\u00eb kund\u00ebrt t\u00eb nj\u00eb pjese tjet\u00ebr t\u00eb banor\u00ebve q\u00eb e kan\u00eb provuar nj\u00eb apo edhe dy her\u00eb. Ajo e ka diskutuar k\u00ebt\u00eb me Bjordin, Mesid\u00ebn, Aid\u00ebn dhe Republik\u00ebn.Lirita i ka th\u00ebn\u00eb atyre se e priste nominimin, nd\u00ebrsa secili prej tyre i \u00ebsht\u00eb p\u00ebrgjigjur se p\u00ebr ta, nominimi i saj, ishte di\u00e7ka e papritur. Mesida i ka th\u00ebn\u00eb se nuk mendonte apo besonte q\u00eb ajo mund t\u00eb dilte jav\u00ebn q\u00eb vje<\/p>\n","protected":false},"excerpt":{"rendered":"<p>08\/03\/09 00:15 Sipas Lirit\u00ebs, banor\u00ebt q\u00eb e kan\u00eb nominuar jan\u00eb tre, Mimoza, Adelajda, Qetsori. P\u00ebr Lirit\u00ebn, \u00ebsht\u00eb hera e par\u00eb q\u00eb del n\u00eb nominim, n\u00eb t\u00eb kund\u00ebrt t\u00eb nj\u00eb pjese tjet\u00ebr t\u00eb banor\u00ebve q\u00eb e kan\u00eb provuar nj\u00eb apo edhe dy her\u00eb. Ajo e ka diskutuar k\u00ebt\u00eb me Bjordin, Mesid\u00ebn, Aid\u00ebn dhe Republik\u00ebn.Lirita i ka [&hellip;]<\/p>\n","protected":false},"author":1,"featured_media":0,"comment_status":"open","ping_status":"closed","sticky":false,"template":"","format":"standard","meta":{"spay_email":"","jetpack_publicize_message":"","jetpack_is_tweetstorm":false,"jetpack_publicize_feature_enabled":true},"categories":[6502],"tags":[6562,5057,6506,6516,6712,7129,6567,7365,6568,6900,6891,6693,6887],"jetpack_publicize_connections":[],"yoast_head":"<!-- This site is optimized with the Yoast SEO plugin v19.1 - https:\/\/yoast.com\/wordpress\/plugins\/seo\/ -->\n<title>Lirita : Nuk besoj se do t\u00c3\u00ab dal\u00c3\u00absh ! | Big Brother Albania 2<\/title>\n<meta name=\"description\" content=\"Big Brother Albania 2 - Sipas Lirit\u00c3\u00abs, banor\u00c3\u00abt q\u00c3\u00ab e kan\u00c3\u00ab nominuar jan\u00c3\u00ab tre, Mimoza, Adelajda, Qetsori. P\u00c3\u00abr Lirit\u00c3\u00abn, \u00c3\u00absht\u00c3\u00ab hera e par\u00c3\u00ab q\u00c3\u00ab del n\u00c3\u00ab nominim, n\u00c3\u00ab t\u00c3\u00ab kund\u00c3\u00abrt t\u00c3\u00ab nj\u00c3\u00ab pjese tjet\u00c3\u00abr t\u00c3\u00ab banor\u00c3\u00abve q\u00c3\u00ab e kan\u00c3\u00ab provuar nj\u00c3\u00ab apo edhe dy her\u00c3\u00ab.\" \/>\n<meta name=\"robots\" content=\"index, follow, max-snippet:-1, max-image-preview:large, max-video-preview:-1\" \/>\n<link rel=\"canonical\" href=\"https:\/\/www.visit-ulcinj.com\/blog\/2009\/03\/09\/lirita-nuk-besoj-se-do-te-dalesh\/\" \/>\n<meta property=\"og:locale\" content=\"en_US\" \/>\n<meta property=\"og:type\" content=\"article\" \/>\n<meta property=\"og:title\" content=\"Lirita : Nuk besoj se do t\u00c3\u00ab dal\u00c3\u00absh ! | Big Brother Albania 2\" \/>\n<meta property=\"og:description\" content=\"Big Brother Albania 2 - Sipas Lirit\u00c3\u00abs, banor\u00c3\u00abt q\u00c3\u00ab e kan\u00c3\u00ab nominuar jan\u00c3\u00ab tre, Mimoza, Adelajda, Qetsori. P\u00c3\u00abr Lirit\u00c3\u00abn, \u00c3\u00absht\u00c3\u00ab hera e par\u00c3\u00ab q\u00c3\u00ab del n\u00c3\u00ab nominim, n\u00c3\u00ab t\u00c3\u00ab kund\u00c3\u00abrt t\u00c3\u00ab nj\u00c3\u00ab pjese tjet\u00c3\u00abr t\u00c3\u00ab banor\u00c3\u00abve q\u00c3\u00ab e kan\u00c3\u00ab provuar nj\u00c3\u00ab apo edhe dy her\u00c3\u00ab.\" \/>\n<meta property=\"og:url\" content=\"https:\/\/www.visit-ulcinj.com\/blog\/2009\/03\/09\/lirita-nuk-besoj-se-do-te-dalesh\/\" \/>\n<meta property=\"og:site_name\" content=\"Lajme nga Ulqini\" \/>\n<meta property=\"article:published_time\" content=\"2009-03-09T22:03:31+00:00\" \/>\n<meta property=\"og:image\" content=\"http:\/\/www.visit-ulcinj.com\/blog\/wp-content\/uploads\/2009\/03\/lirita-nominimi-copy.jpg\" \/>\n<meta name=\"twitter:label1\" content=\"Written by\" \/>\n\t<meta name=\"twitter:data1\" content=\"ulqini\" \/>\n\t<meta name=\"twitter:label2\" content=\"Est. reading time\" \/>\n\t<meta name=\"twitter:data2\" content=\"1 minute\" \/>\n<script type=\"application\/ld+json\" class=\"yoast-schema-graph\">{\"@context\":\"https:\/\/schema.org\",\"@graph\":[{\"@type\":\"WebSite\",\"@id\":\"https:\/\/www.visit-ulcinj.com\/blog\/#website\",\"url\":\"https:\/\/www.visit-ulcinj.com\/blog\/\",\"name\":\"Lajme nga Ulqini\",\"description\":\"Lajme,Vijesti,Ulqini,Ulqin,Crna Gora,Mali i Zi\",\"potentialAction\":[{\"@type\":\"SearchAction\",\"target\":{\"@type\":\"EntryPoint\",\"urlTemplate\":\"https:\/\/www.visit-ulcinj.com\/blog\/?s={search_term_string}\"},\"query-input\":\"required name=search_term_string\"}],\"inLanguage\":\"en-US\"},{\"@type\":\"ImageObject\",\"inLanguage\":\"en-US\",\"@id\":\"https:\/\/www.visit-ulcinj.com\/blog\/2009\/03\/09\/lirita-nuk-besoj-se-do-te-dalesh\/#primaryimage\",\"url\":\"http:\/\/www.visit-ulcinj.com\/blog\/wp-content\/uploads\/2009\/03\/lirita-nominimi-copy.jpg\",\"contentUrl\":\"http:\/\/www.visit-ulcinj.com\/blog\/wp-content\/uploads\/2009\/03\/lirita-nominimi-copy.jpg\"},{\"@type\":\"WebPage\",\"@id\":\"https:\/\/www.visit-ulcinj.com\/blog\/2009\/03\/09\/lirita-nuk-besoj-se-do-te-dalesh\/#webpage\",\"url\":\"https:\/\/www.visit-ulcinj.com\/blog\/2009\/03\/09\/lirita-nuk-besoj-se-do-te-dalesh\/\",\"name\":\"Lirita : Nuk besoj se do t\u00c3\u00ab dal\u00c3\u00absh ! | Big Brother Albania 2\",\"isPartOf\":{\"@id\":\"https:\/\/www.visit-ulcinj.com\/blog\/#website\"},\"primaryImageOfPage\":{\"@id\":\"https:\/\/www.visit-ulcinj.com\/blog\/2009\/03\/09\/lirita-nuk-besoj-se-do-te-dalesh\/#primaryimage\"},\"datePublished\":\"2009-03-09T22:03:31+00:00\",\"dateModified\":\"2009-03-09T22:03:31+00:00\",\"author\":{\"@id\":\"https:\/\/www.visit-ulcinj.com\/blog\/#\/schema\/person\/dcab619c614d3038751c63bc2aadc06d\"},\"description\":\"Big Brother Albania 2 - Sipas Lirit\u00c3\u00abs, banor\u00c3\u00abt q\u00c3\u00ab e kan\u00c3\u00ab nominuar jan\u00c3\u00ab tre, Mimoza, Adelajda, Qetsori. P\u00c3\u00abr Lirit\u00c3\u00abn, \u00c3\u00absht\u00c3\u00ab hera e par\u00c3\u00ab q\u00c3\u00ab del n\u00c3\u00ab nominim, n\u00c3\u00ab t\u00c3\u00ab kund\u00c3\u00abrt t\u00c3\u00ab nj\u00c3\u00ab pjese tjet\u00c3\u00abr t\u00c3\u00ab banor\u00c3\u00abve q\u00c3\u00ab e kan\u00c3\u00ab provuar nj\u00c3\u00ab apo edhe dy her\u00c3\u00ab.\",\"breadcrumb\":{\"@id\":\"https:\/\/www.visit-ulcinj.com\/blog\/2009\/03\/09\/lirita-nuk-besoj-se-do-te-dalesh\/#breadcrumb\"},\"inLanguage\":\"en-US\",\"potentialAction\":[{\"@type\":\"ReadAction\",\"target\":[\"https:\/\/www.visit-ulcinj.com\/blog\/2009\/03\/09\/lirita-nuk-besoj-se-do-te-dalesh\/\"]}]},{\"@type\":\"BreadcrumbList\",\"@id\":\"https:\/\/www.visit-ulcinj.com\/blog\/2009\/03\/09\/lirita-nuk-besoj-se-do-te-dalesh\/#breadcrumb\",\"itemListElement\":[{\"@type\":\"ListItem\",\"position\":1,\"name\":\"Lirita : Nuk besoj se do t\u00eb dal\u00ebsh !\"}]},{\"@type\":\"Person\",\"@id\":\"https:\/\/www.visit-ulcinj.com\/blog\/#\/schema\/person\/dcab619c614d3038751c63bc2aadc06d\",\"name\":\"ulqini\",\"sameAs\":[\"http:\/\/www.visit-ulcinj.com\"],\"url\":\"https:\/\/www.visit-ulcinj.com\/blog\/author\/admin\/\"}]}<\/script>\n<!-- \/ Yoast SEO plugin. -->","yoast_head_json":{"title":"Lirita : Nuk besoj se do t\u00c3\u00ab dal\u00c3\u00absh ! | Big Brother Albania 2","description":"Big Brother Albania 2 - Sipas Lirit\u00c3\u00abs, banor\u00c3\u00abt q\u00c3\u00ab e kan\u00c3\u00ab nominuar jan\u00c3\u00ab tre, Mimoza, Adelajda, Qetsori. P\u00c3\u00abr Lirit\u00c3\u00abn, \u00c3\u00absht\u00c3\u00ab hera e par\u00c3\u00ab q\u00c3\u00ab del n\u00c3\u00ab nominim, n\u00c3\u00ab t\u00c3\u00ab kund\u00c3\u00abrt t\u00c3\u00ab nj\u00c3\u00ab pjese tjet\u00c3\u00abr t\u00c3\u00ab banor\u00c3\u00abve q\u00c3\u00ab e kan\u00c3\u00ab provuar nj\u00c3\u00ab apo edhe dy her\u00c3\u00ab.","robots":{"index":"index","follow":"follow","max-snippet":"max-snippet:-1","max-image-preview":"max-image-preview:large","max-video-preview":"max-video-preview:-1"},"canonical":"https:\/\/www.visit-ulcinj.com\/blog\/2009\/03\/09\/lirita-nuk-besoj-se-do-te-dalesh\/","og_locale":"en_US","og_type":"article","og_title":"Lirita : Nuk besoj se do t\u00c3\u00ab dal\u00c3\u00absh ! | Big Brother Albania 2","og_description":"Big Brother Albania 2 - Sipas Lirit\u00c3\u00abs, banor\u00c3\u00abt q\u00c3\u00ab e kan\u00c3\u00ab nominuar jan\u00c3\u00ab tre, Mimoza, Adelajda, Qetsori. P\u00c3\u00abr Lirit\u00c3\u00abn, \u00c3\u00absht\u00c3\u00ab hera e par\u00c3\u00ab q\u00c3\u00ab del n\u00c3\u00ab nominim, n\u00c3\u00ab t\u00c3\u00ab kund\u00c3\u00abrt t\u00c3\u00ab nj\u00c3\u00ab pjese tjet\u00c3\u00abr t\u00c3\u00ab banor\u00c3\u00abve q\u00c3\u00ab e kan\u00c3\u00ab provuar nj\u00c3\u00ab apo edhe dy her\u00c3\u00ab.","og_url":"https:\/\/www.visit-ulcinj.com\/blog\/2009\/03\/09\/lirita-nuk-besoj-se-do-te-dalesh\/","og_site_name":"Lajme nga Ulqini","article_published_time":"2009-03-09T22:03:31+00:00","og_image":[{"url":"http:\/\/www.visit-ulcinj.com\/blog\/wp-content\/uploads\/2009\/03\/lirita-nominimi-copy.jpg"}],"twitter_misc":{"Written by":"ulqini","Est. reading time":"1 minute"},"schema":{"@context":"https:\/\/schema.org","@graph":[{"@type":"WebSite","@id":"https:\/\/www.visit-ulcinj.com\/blog\/#website","url":"https:\/\/www.visit-ulcinj.com\/blog\/","name":"Lajme nga Ulqini","description":"Lajme,Vijesti,Ulqini,Ulqin,Crna Gora,Mali i Zi","potentialAction":[{"@type":"SearchAction","target":{"@type":"EntryPoint","urlTemplate":"https:\/\/www.visit-ulcinj.com\/blog\/?s={search_term_string}"},"query-input":"required name=search_term_string"}],"inLanguage":"en-US"},{"@type":"ImageObject","inLanguage":"en-US","@id":"https:\/\/www.visit-ulcinj.com\/blog\/2009\/03\/09\/lirita-nuk-besoj-se-do-te-dalesh\/#primaryimage","url":"http:\/\/www.visit-ulcinj.com\/blog\/wp-content\/uploads\/2009\/03\/lirita-nominimi-copy.jpg","contentUrl":"http:\/\/www.visit-ulcinj.com\/blog\/wp-content\/uploads\/2009\/03\/lirita-nominimi-copy.jpg"},{"@type":"WebPage","@id":"https:\/\/www.visit-ulcinj.com\/blog\/2009\/03\/09\/lirita-nuk-besoj-se-do-te-dalesh\/#webpage","url":"https:\/\/www.visit-ulcinj.com\/blog\/2009\/03\/09\/lirita-nuk-besoj-se-do-te-dalesh\/","name":"Lirita : Nuk besoj se do t\u00c3\u00ab dal\u00c3\u00absh ! | Big Brother Albania 2","isPartOf":{"@id":"https:\/\/www.visit-ulcinj.com\/blog\/#website"},"primaryImageOfPage":{"@id":"https:\/\/www.visit-ulcinj.com\/blog\/2009\/03\/09\/lirita-nuk-besoj-se-do-te-dalesh\/#primaryimage"},"datePublished":"2009-03-09T22:03:31+00:00","dateModified":"2009-03-09T22:03:31+00:00","author":{"@id":"https:\/\/www.visit-ulcinj.com\/blog\/#\/schema\/person\/dcab619c614d3038751c63bc2aadc06d"},"description":"Big Brother Albania 2 - Sipas Lirit\u00c3\u00abs, banor\u00c3\u00abt q\u00c3\u00ab e kan\u00c3\u00ab nominuar jan\u00c3\u00ab tre, Mimoza, Adelajda, Qetsori. P\u00c3\u00abr Lirit\u00c3\u00abn, \u00c3\u00absht\u00c3\u00ab hera e par\u00c3\u00ab q\u00c3\u00ab del n\u00c3\u00ab nominim, n\u00c3\u00ab t\u00c3\u00ab kund\u00c3\u00abrt t\u00c3\u00ab nj\u00c3\u00ab pjese tjet\u00c3\u00abr t\u00c3\u00ab banor\u00c3\u00abve q\u00c3\u00ab e kan\u00c3\u00ab provuar nj\u00c3\u00ab apo edhe dy her\u00c3\u00ab.","breadcrumb":{"@id":"https:\/\/www.visit-ulcinj.com\/blog\/2009\/03\/09\/lirita-nuk-besoj-se-do-te-dalesh\/#breadcrumb"},"inLanguage":"en-US","potentialAction":[{"@type":"ReadAction","target":["https:\/\/www.visit-ulcinj.com\/blog\/2009\/03\/09\/lirita-nuk-besoj-se-do-te-dalesh\/"]}]},{"@type":"BreadcrumbList","@id":"https:\/\/www.visit-ulcinj.com\/blog\/2009\/03\/09\/lirita-nuk-besoj-se-do-te-dalesh\/#breadcrumb","itemListElement":[{"@type":"ListItem","position":1,"name":"Lirita : Nuk besoj se do t\u00eb dal\u00ebsh !"}]},{"@type":"Person","@id":"https:\/\/www.visit-ulcinj.com\/blog\/#\/schema\/person\/dcab619c614d3038751c63bc2aadc06d","name":"ulqini","sameAs":["http:\/\/www.visit-ulcinj.com"],"url":"https:\/\/www.visit-ulcinj.com\/blog\/author\/admin\/"}]}},"jetpack_featured_media_url":"","jetpack_sharing_enabled":true,"jetpack_shortlink":"https:\/\/wp.me\/pe6lTn-3xD","_links":{"self":[{"href":"https:\/\/www.visit-ulcinj.com\/blog\/wp-json\/wp\/v2\/posts\/13617"}],"collection":[{"href":"https:\/\/www.visit-ulcinj.com\/blog\/wp-json\/wp\/v2\/posts"}],"about":[{"href":"https:\/\/www.visit-ulcinj.com\/blog\/wp-json\/wp\/v2\/types\/post"}],"author":[{"embeddable":true,"href":"https:\/\/www.visit-ulcinj.com\/blog\/wp-json\/wp\/v2\/users\/1"}],"replies":[{"embeddable":true,"href":"https:\/\/www.visit-ulcinj.com\/blog\/wp-json\/wp\/v2\/comments?post=13617"}],"version-history":[{"count":0,"href":"https:\/\/www.visit-ulcinj.com\/blog\/wp-json\/wp\/v2\/posts\/13617\/revisions"}],"wp:attachment":[{"href":"https:\/\/www.visit-ulcinj.com\/blog\/wp-json\/wp\/v2\/media?parent=13617"}],"wp:term":[{"taxonomy":"category","embeddable":true,"href":"https:\/\/www.visit-ulcinj.com\/blog\/wp-json\/wp\/v2\/categories?post=13617"},{"taxonomy":"post_tag","embeddable":true,"href":"https:\/\/www.visit-ulcinj.com\/blog\/wp-json\/wp\/v2\/tags?post=13617"}],"curies":[{"name":"wp","href":"https:\/\/api.w.org\/{rel}","templated":true}]}}