{"id":13620,"date":"2009-03-09T23:09:05","date_gmt":"2009-03-09T22:09:05","guid":{"rendered":"http:\/\/www.visit-ulcinj.com\/blog\/?p=13620"},"modified":"2009-03-09T23:09:05","modified_gmt":"2009-03-09T22:09:05","slug":"lirita-dhe-adi-pas-kalit-te-mire-ngrihet-pluhur","status":"publish","type":"post","link":"https:\/\/www.visit-ulcinj.com\/blog\/2009\/03\/09\/lirita-dhe-adi-pas-kalit-te-mire-ngrihet-pluhur\/","title":{"rendered":"Lirita dhe Adi : Pas kalit t\u00eb mir\u00eb ngrihet pluhur"},"content":{"rendered":"<p><em><span class=\"newsdate\"><a href=\"http:\/\/www.visit-ulcinj.com\/blog\/wp-content\/uploads\/2009\/03\/liritaadinominimi-copy.jpg\"><img loading=\"lazy\" class=\"alignleft size-full wp-image-13621\" title=\"liritaadinominimi-big-brother-albania-2\" src=\"http:\/\/www.visit-ulcinj.com\/blog\/wp-content\/uploads\/2009\/03\/liritaadinominimi-copy.jpg\" alt=\"liritaadinominimi-big-brother-albania-2\" width=\"300\" height=\"205\" \/><\/a>08\/03\/09 00:50<\/span><\/em><\/p>\n<p>\u201cJe nominuar n\u00eb vend t\u00eb Aid\u00ebs!\u201d- i ka th\u00ebn\u00eb Adi Lirit\u00ebs. Ajo i \u00ebsht\u00eb p\u00ebrgjigjur se q\u00eb kur Aida fitoi imunitetin, e kishte kupruar q\u00eb t\u00eb gjith\u00eb ata q\u00eb do t\u00eb kishin dashur t\u00eb votonin Aid\u00ebn, tanim\u00eb do t\u00eb votonin at\u00eb. \u201cPas kalit t\u00eb mir\u00eb ngrihet pluhur!\u201d- ka th\u00ebn\u00eb Lirita, duke cituar nj\u00eb th\u00ebnie t\u00eb vjet\u00ebr popullore. Ai i ka th\u00ebn\u00eb se po t\u00eb kishte qen\u00eb n\u00eb vendin e saj do t\u00eb p\u00ebrpiqej t\u00eb njihte kund\u00ebrshtar\u00ebt e tij, dometh\u00ebn\u00eb, ata q\u00eb e kishin nominuar. Adi i ka th\u00ebn\u00eb gjithashtu se edhe pse nuk ishte momenti i duhur p\u00ebr t\u2019ia th\u00ebn\u00eb k\u00ebt\u00eb, at\u00eb e ngrohte ideja q\u00eb kur ajo do t\u00eb dilte, do t\u00eb d\u00ebgjonte fjal\u00ebt e mira q\u00eb ai kishte th\u00ebn\u00eb p\u00ebr t\u00eb. At\u00ebher\u00eb, ajo i ka kujtuar loj\u00ebn \u201ce v\u00ebrtet\u00eb apo d\u00ebnim\u201d, ku ajo kishte th\u00ebn\u00eb se banori q\u00eb donte m\u00eb shum\u00eb pas Aid\u00ebs, n\u00eb sht\u00ebpi, ishte Adi. \u201cNuk e kam th\u00ebn\u00eb kot!\u201d \u2013p\u00ebrfundoi ajo.<\/p>\n","protected":false},"excerpt":{"rendered":"<p>08\/03\/09 00:50 \u201cJe nominuar n\u00eb vend t\u00eb Aid\u00ebs!\u201d- i ka th\u00ebn\u00eb Adi Lirit\u00ebs. Ajo i \u00ebsht\u00eb p\u00ebrgjigjur se q\u00eb kur Aida fitoi imunitetin, e kishte kupruar q\u00eb t\u00eb gjith\u00eb ata q\u00eb do t\u00eb kishin dashur t\u00eb votonin Aid\u00ebn, tanim\u00eb do t\u00eb votonin at\u00eb. \u201cPas kalit t\u00eb mir\u00eb ngrihet pluhur!\u201d- ka th\u00ebn\u00eb Lirita, duke cituar nj\u00eb [&hellip;]<\/p>\n","protected":false},"author":1,"featured_media":0,"comment_status":"open","ping_status":"closed","sticky":false,"template":"","format":"standard","meta":{"spay_email":"","jetpack_publicize_message":"","jetpack_is_tweetstorm":false,"jetpack_publicize_feature_enabled":true},"categories":[6502],"tags":[1414,6566,5057,6506,6516,6712,7129,6567,6891,6693,6887],"jetpack_publicize_connections":[],"yoast_head":"<!-- This site is optimized with the Yoast SEO plugin v19.1 - https:\/\/yoast.com\/wordpress\/plugins\/seo\/ -->\n<title>Lirita dhe Adi : Pas kalit t\u00c3\u00ab mir\u00c3\u00ab ngrihet pluhur | Big Brother Albania 2<\/title>\n<meta name=\"description\" content=\"Big Brother Albania 2 - \u00e2\u20ac\u0153Je nominuar n\u00c3\u00ab vend t\u00c3\u00ab Aid\u00c3\u00abs!\u00e2\u20ac\u009d- i ka th\u00c3\u00abn\u00c3\u00ab Adi Lirit\u00c3\u00abs. Ajo i \u00c3\u00absht\u00c3\u00ab p\u00c3\u00abrgjigjur se q\u00c3\u00ab kur Aida fitoi imunitetin, e kishte kupruar q\u00c3\u00ab t\u00c3\u00ab gjith\u00c3\u00ab ata q\u00c3\u00ab do t\u00c3\u00ab kishin dashur t\u00c3\u00ab votonin Aid\u00c3\u00abn\" \/>\n<meta name=\"robots\" content=\"index, follow, max-snippet:-1, max-image-preview:large, max-video-preview:-1\" \/>\n<link rel=\"canonical\" href=\"https:\/\/www.visit-ulcinj.com\/blog\/2009\/03\/09\/lirita-dhe-adi-pas-kalit-te-mire-ngrihet-pluhur\/\" \/>\n<meta property=\"og:locale\" content=\"en_US\" \/>\n<meta property=\"og:type\" content=\"article\" \/>\n<meta property=\"og:title\" content=\"Lirita dhe Adi : Pas kalit t\u00c3\u00ab mir\u00c3\u00ab ngrihet pluhur | Big Brother Albania 2\" \/>\n<meta property=\"og:description\" content=\"Big Brother Albania 2 - \u00e2\u20ac\u0153Je nominuar n\u00c3\u00ab vend t\u00c3\u00ab Aid\u00c3\u00abs!\u00e2\u20ac\u009d- i ka th\u00c3\u00abn\u00c3\u00ab Adi Lirit\u00c3\u00abs. Ajo i \u00c3\u00absht\u00c3\u00ab p\u00c3\u00abrgjigjur se q\u00c3\u00ab kur Aida fitoi imunitetin, e kishte kupruar q\u00c3\u00ab t\u00c3\u00ab gjith\u00c3\u00ab ata q\u00c3\u00ab do t\u00c3\u00ab kishin dashur t\u00c3\u00ab votonin Aid\u00c3\u00abn\" \/>\n<meta property=\"og:url\" content=\"https:\/\/www.visit-ulcinj.com\/blog\/2009\/03\/09\/lirita-dhe-adi-pas-kalit-te-mire-ngrihet-pluhur\/\" \/>\n<meta property=\"og:site_name\" content=\"Lajme nga Ulqini\" \/>\n<meta property=\"article:published_time\" content=\"2009-03-09T22:09:05+00:00\" \/>\n<meta property=\"og:image\" content=\"http:\/\/www.visit-ulcinj.com\/blog\/wp-content\/uploads\/2009\/03\/liritaadinominimi-copy.jpg\" \/>\n<meta name=\"twitter:label1\" content=\"Written by\" \/>\n\t<meta name=\"twitter:data1\" content=\"ulqini\" \/>\n\t<meta name=\"twitter:label2\" content=\"Est. reading time\" \/>\n\t<meta name=\"twitter:data2\" content=\"1 minute\" \/>\n<script type=\"application\/ld+json\" class=\"yoast-schema-graph\">{\"@context\":\"https:\/\/schema.org\",\"@graph\":[{\"@type\":\"WebSite\",\"@id\":\"https:\/\/www.visit-ulcinj.com\/blog\/#website\",\"url\":\"https:\/\/www.visit-ulcinj.com\/blog\/\",\"name\":\"Lajme nga Ulqini\",\"description\":\"Lajme,Vijesti,Ulqini,Ulqin,Crna Gora,Mali i Zi\",\"potentialAction\":[{\"@type\":\"SearchAction\",\"target\":{\"@type\":\"EntryPoint\",\"urlTemplate\":\"https:\/\/www.visit-ulcinj.com\/blog\/?s={search_term_string}\"},\"query-input\":\"required name=search_term_string\"}],\"inLanguage\":\"en-US\"},{\"@type\":\"ImageObject\",\"inLanguage\":\"en-US\",\"@id\":\"https:\/\/www.visit-ulcinj.com\/blog\/2009\/03\/09\/lirita-dhe-adi-pas-kalit-te-mire-ngrihet-pluhur\/#primaryimage\",\"url\":\"http:\/\/www.visit-ulcinj.com\/blog\/wp-content\/uploads\/2009\/03\/liritaadinominimi-copy.jpg\",\"contentUrl\":\"http:\/\/www.visit-ulcinj.com\/blog\/wp-content\/uploads\/2009\/03\/liritaadinominimi-copy.jpg\"},{\"@type\":\"WebPage\",\"@id\":\"https:\/\/www.visit-ulcinj.com\/blog\/2009\/03\/09\/lirita-dhe-adi-pas-kalit-te-mire-ngrihet-pluhur\/#webpage\",\"url\":\"https:\/\/www.visit-ulcinj.com\/blog\/2009\/03\/09\/lirita-dhe-adi-pas-kalit-te-mire-ngrihet-pluhur\/\",\"name\":\"Lirita dhe Adi : Pas kalit t\u00c3\u00ab mir\u00c3\u00ab ngrihet pluhur | Big Brother Albania 2\",\"isPartOf\":{\"@id\":\"https:\/\/www.visit-ulcinj.com\/blog\/#website\"},\"primaryImageOfPage\":{\"@id\":\"https:\/\/www.visit-ulcinj.com\/blog\/2009\/03\/09\/lirita-dhe-adi-pas-kalit-te-mire-ngrihet-pluhur\/#primaryimage\"},\"datePublished\":\"2009-03-09T22:09:05+00:00\",\"dateModified\":\"2009-03-09T22:09:05+00:00\",\"author\":{\"@id\":\"https:\/\/www.visit-ulcinj.com\/blog\/#\/schema\/person\/dcab619c614d3038751c63bc2aadc06d\"},\"description\":\"Big Brother Albania 2 - \u00e2\u20ac\u0153Je nominuar n\u00c3\u00ab vend t\u00c3\u00ab Aid\u00c3\u00abs!\u00e2\u20ac\u009d- i ka th\u00c3\u00abn\u00c3\u00ab Adi Lirit\u00c3\u00abs. Ajo i \u00c3\u00absht\u00c3\u00ab p\u00c3\u00abrgjigjur se q\u00c3\u00ab kur Aida fitoi imunitetin, e kishte kupruar q\u00c3\u00ab t\u00c3\u00ab gjith\u00c3\u00ab ata q\u00c3\u00ab do t\u00c3\u00ab kishin dashur t\u00c3\u00ab votonin Aid\u00c3\u00abn\",\"breadcrumb\":{\"@id\":\"https:\/\/www.visit-ulcinj.com\/blog\/2009\/03\/09\/lirita-dhe-adi-pas-kalit-te-mire-ngrihet-pluhur\/#breadcrumb\"},\"inLanguage\":\"en-US\",\"potentialAction\":[{\"@type\":\"ReadAction\",\"target\":[\"https:\/\/www.visit-ulcinj.com\/blog\/2009\/03\/09\/lirita-dhe-adi-pas-kalit-te-mire-ngrihet-pluhur\/\"]}]},{\"@type\":\"BreadcrumbList\",\"@id\":\"https:\/\/www.visit-ulcinj.com\/blog\/2009\/03\/09\/lirita-dhe-adi-pas-kalit-te-mire-ngrihet-pluhur\/#breadcrumb\",\"itemListElement\":[{\"@type\":\"ListItem\",\"position\":1,\"name\":\"Lirita dhe Adi : Pas kalit t\u00eb mir\u00eb ngrihet pluhur\"}]},{\"@type\":\"Person\",\"@id\":\"https:\/\/www.visit-ulcinj.com\/blog\/#\/schema\/person\/dcab619c614d3038751c63bc2aadc06d\",\"name\":\"ulqini\",\"sameAs\":[\"http:\/\/www.visit-ulcinj.com\"],\"url\":\"https:\/\/www.visit-ulcinj.com\/blog\/author\/admin\/\"}]}<\/script>\n<!-- \/ Yoast SEO plugin. -->","yoast_head_json":{"title":"Lirita dhe Adi : Pas kalit t\u00c3\u00ab mir\u00c3\u00ab ngrihet pluhur | Big Brother Albania 2","description":"Big Brother Albania 2 - \u00e2\u20ac\u0153Je nominuar n\u00c3\u00ab vend t\u00c3\u00ab Aid\u00c3\u00abs!\u00e2\u20ac\u009d- i ka th\u00c3\u00abn\u00c3\u00ab Adi Lirit\u00c3\u00abs. Ajo i \u00c3\u00absht\u00c3\u00ab p\u00c3\u00abrgjigjur se q\u00c3\u00ab kur Aida fitoi imunitetin, e kishte kupruar q\u00c3\u00ab t\u00c3\u00ab gjith\u00c3\u00ab ata q\u00c3\u00ab do t\u00c3\u00ab kishin dashur t\u00c3\u00ab votonin Aid\u00c3\u00abn","robots":{"index":"index","follow":"follow","max-snippet":"max-snippet:-1","max-image-preview":"max-image-preview:large","max-video-preview":"max-video-preview:-1"},"canonical":"https:\/\/www.visit-ulcinj.com\/blog\/2009\/03\/09\/lirita-dhe-adi-pas-kalit-te-mire-ngrihet-pluhur\/","og_locale":"en_US","og_type":"article","og_title":"Lirita dhe Adi : Pas kalit t\u00c3\u00ab mir\u00c3\u00ab ngrihet pluhur | Big Brother Albania 2","og_description":"Big Brother Albania 2 - \u00e2\u20ac\u0153Je nominuar n\u00c3\u00ab vend t\u00c3\u00ab Aid\u00c3\u00abs!\u00e2\u20ac\u009d- i ka th\u00c3\u00abn\u00c3\u00ab Adi Lirit\u00c3\u00abs. Ajo i \u00c3\u00absht\u00c3\u00ab p\u00c3\u00abrgjigjur se q\u00c3\u00ab kur Aida fitoi imunitetin, e kishte kupruar q\u00c3\u00ab t\u00c3\u00ab gjith\u00c3\u00ab ata q\u00c3\u00ab do t\u00c3\u00ab kishin dashur t\u00c3\u00ab votonin Aid\u00c3\u00abn","og_url":"https:\/\/www.visit-ulcinj.com\/blog\/2009\/03\/09\/lirita-dhe-adi-pas-kalit-te-mire-ngrihet-pluhur\/","og_site_name":"Lajme nga Ulqini","article_published_time":"2009-03-09T22:09:05+00:00","og_image":[{"url":"http:\/\/www.visit-ulcinj.com\/blog\/wp-content\/uploads\/2009\/03\/liritaadinominimi-copy.jpg"}],"twitter_misc":{"Written by":"ulqini","Est. reading time":"1 minute"},"schema":{"@context":"https:\/\/schema.org","@graph":[{"@type":"WebSite","@id":"https:\/\/www.visit-ulcinj.com\/blog\/#website","url":"https:\/\/www.visit-ulcinj.com\/blog\/","name":"Lajme nga Ulqini","description":"Lajme,Vijesti,Ulqini,Ulqin,Crna Gora,Mali i Zi","potentialAction":[{"@type":"SearchAction","target":{"@type":"EntryPoint","urlTemplate":"https:\/\/www.visit-ulcinj.com\/blog\/?s={search_term_string}"},"query-input":"required name=search_term_string"}],"inLanguage":"en-US"},{"@type":"ImageObject","inLanguage":"en-US","@id":"https:\/\/www.visit-ulcinj.com\/blog\/2009\/03\/09\/lirita-dhe-adi-pas-kalit-te-mire-ngrihet-pluhur\/#primaryimage","url":"http:\/\/www.visit-ulcinj.com\/blog\/wp-content\/uploads\/2009\/03\/liritaadinominimi-copy.jpg","contentUrl":"http:\/\/www.visit-ulcinj.com\/blog\/wp-content\/uploads\/2009\/03\/liritaadinominimi-copy.jpg"},{"@type":"WebPage","@id":"https:\/\/www.visit-ulcinj.com\/blog\/2009\/03\/09\/lirita-dhe-adi-pas-kalit-te-mire-ngrihet-pluhur\/#webpage","url":"https:\/\/www.visit-ulcinj.com\/blog\/2009\/03\/09\/lirita-dhe-adi-pas-kalit-te-mire-ngrihet-pluhur\/","name":"Lirita dhe Adi : Pas kalit t\u00c3\u00ab mir\u00c3\u00ab ngrihet pluhur | Big Brother Albania 2","isPartOf":{"@id":"https:\/\/www.visit-ulcinj.com\/blog\/#website"},"primaryImageOfPage":{"@id":"https:\/\/www.visit-ulcinj.com\/blog\/2009\/03\/09\/lirita-dhe-adi-pas-kalit-te-mire-ngrihet-pluhur\/#primaryimage"},"datePublished":"2009-03-09T22:09:05+00:00","dateModified":"2009-03-09T22:09:05+00:00","author":{"@id":"https:\/\/www.visit-ulcinj.com\/blog\/#\/schema\/person\/dcab619c614d3038751c63bc2aadc06d"},"description":"Big Brother Albania 2 - \u00e2\u20ac\u0153Je nominuar n\u00c3\u00ab vend t\u00c3\u00ab Aid\u00c3\u00abs!\u00e2\u20ac\u009d- i ka th\u00c3\u00abn\u00c3\u00ab Adi Lirit\u00c3\u00abs. Ajo i \u00c3\u00absht\u00c3\u00ab p\u00c3\u00abrgjigjur se q\u00c3\u00ab kur Aida fitoi imunitetin, e kishte kupruar q\u00c3\u00ab t\u00c3\u00ab gjith\u00c3\u00ab ata q\u00c3\u00ab do t\u00c3\u00ab kishin dashur t\u00c3\u00ab votonin Aid\u00c3\u00abn","breadcrumb":{"@id":"https:\/\/www.visit-ulcinj.com\/blog\/2009\/03\/09\/lirita-dhe-adi-pas-kalit-te-mire-ngrihet-pluhur\/#breadcrumb"},"inLanguage":"en-US","potentialAction":[{"@type":"ReadAction","target":["https:\/\/www.visit-ulcinj.com\/blog\/2009\/03\/09\/lirita-dhe-adi-pas-kalit-te-mire-ngrihet-pluhur\/"]}]},{"@type":"BreadcrumbList","@id":"https:\/\/www.visit-ulcinj.com\/blog\/2009\/03\/09\/lirita-dhe-adi-pas-kalit-te-mire-ngrihet-pluhur\/#breadcrumb","itemListElement":[{"@type":"ListItem","position":1,"name":"Lirita dhe Adi : Pas kalit t\u00eb mir\u00eb ngrihet pluhur"}]},{"@type":"Person","@id":"https:\/\/www.visit-ulcinj.com\/blog\/#\/schema\/person\/dcab619c614d3038751c63bc2aadc06d","name":"ulqini","sameAs":["http:\/\/www.visit-ulcinj.com"],"url":"https:\/\/www.visit-ulcinj.com\/blog\/author\/admin\/"}]}},"jetpack_featured_media_url":"","jetpack_sharing_enabled":true,"jetpack_shortlink":"https:\/\/wp.me\/pe6lTn-3xG","_links":{"self":[{"href":"https:\/\/www.visit-ulcinj.com\/blog\/wp-json\/wp\/v2\/posts\/13620"}],"collection":[{"href":"https:\/\/www.visit-ulcinj.com\/blog\/wp-json\/wp\/v2\/posts"}],"about":[{"href":"https:\/\/www.visit-ulcinj.com\/blog\/wp-json\/wp\/v2\/types\/post"}],"author":[{"embeddable":true,"href":"https:\/\/www.visit-ulcinj.com\/blog\/wp-json\/wp\/v2\/users\/1"}],"replies":[{"embeddable":true,"href":"https:\/\/www.visit-ulcinj.com\/blog\/wp-json\/wp\/v2\/comments?post=13620"}],"version-history":[{"count":0,"href":"https:\/\/www.visit-ulcinj.com\/blog\/wp-json\/wp\/v2\/posts\/13620\/revisions"}],"wp:attachment":[{"href":"https:\/\/www.visit-ulcinj.com\/blog\/wp-json\/wp\/v2\/media?parent=13620"}],"wp:term":[{"taxonomy":"category","embeddable":true,"href":"https:\/\/www.visit-ulcinj.com\/blog\/wp-json\/wp\/v2\/categories?post=13620"},{"taxonomy":"post_tag","embeddable":true,"href":"https:\/\/www.visit-ulcinj.com\/blog\/wp-json\/wp\/v2\/tags?post=13620"}],"curies":[{"name":"wp","href":"https:\/\/api.w.org\/{rel}","templated":true}]}}