{"id":13623,"date":"2009-03-09T23:13:45","date_gmt":"2009-03-09T22:13:45","guid":{"rendered":"http:\/\/www.visit-ulcinj.com\/blog\/?p=13623"},"modified":"2009-03-09T23:13:45","modified_gmt":"2009-03-09T22:13:45","slug":"aida-dhe-dritani-zysha-personazh-i-forte","status":"publish","type":"post","link":"https:\/\/www.visit-ulcinj.com\/blog\/2009\/03\/09\/aida-dhe-dritani-zysha-personazh-i-forte\/","title":{"rendered":"Aida dhe Dritani : Zysha, personazh i fort\u00eb!"},"content":{"rendered":"<p><em><span class=\"newsdate\"><a href=\"http:\/\/www.visit-ulcinj.com\/blog\/wp-content\/uploads\/2009\/03\/aidadritani-copy1.jpg\"><img loading=\"lazy\" class=\"alignleft size-full wp-image-13624\" title=\"aidadritani-big-brother-albania-2\" src=\"http:\/\/www.visit-ulcinj.com\/blog\/wp-content\/uploads\/2009\/03\/aidadritani-copy1.jpg\" alt=\"aidadritani-big-brother-albania-2\" width=\"300\" height=\"205\" \/><\/a>08\/03\/09 01:05<\/span><\/em><\/p>\n<p>Aida ka komentuar me Dritanin, arsyen q\u00eb ai kishte dh\u00ebn\u00eb p\u00ebr ta zgjedhur at\u00eb kujdestare t\u00eb sht\u00ebpis\u00eb. Ajo i ka th\u00ebn\u00eb se p\u00ebrgjigjia e tij ishte e bukur, por ajo, n\u00eb vend t\u00eb tij, do t\u00eb kishte th\u00ebn\u00eb se donte t\u00eb zgjidhte banorin x, sepse nuk donte q\u00eb ai t\u00eb nominohej. M\u00eb pas ata, duke k\u00ebrcyer, kan\u00eb biseduar p\u00ebr Adelajden. Dritani ka th\u00ebn\u00eb se \u201czysha\u201d q\u00eb s\u2019ta mbushte syrin, ishte bilbil nga goja. Jo vet\u00ebm kaq, por sipas tij, kishte krijuar nj\u00eb figur\u00eb. Ai ka cil\u00ebsuar se kjo ka ndodhur q\u00eb pas k\u00ebrcimit t\u00eb shtun\u00ebn e kaluar. \u201c\u00cbsht\u00eb b\u00ebr\u00eb personazh i fort\u00eb!\u201d \u2013 ka th\u00ebn\u00eb ai. Aida i \u00ebsht\u00eb p\u00ebrgjigjur se ia kishte th\u00ebn\u00eb k\u00ebt\u00eb gj\u00eb dhe se po i vinte mir\u00eb q\u00eb, m\u00eb n\u00eb fund, ai i kishte kuptuar fjal\u00ebt e saj.<\/p>\n","protected":false},"excerpt":{"rendered":"<p>08\/03\/09 01:05 Aida ka komentuar me Dritanin, arsyen q\u00eb ai kishte dh\u00ebn\u00eb p\u00ebr ta zgjedhur at\u00eb kujdestare t\u00eb sht\u00ebpis\u00eb. Ajo i ka th\u00ebn\u00eb se p\u00ebrgjigjia e tij ishte e bukur, por ajo, n\u00eb vend t\u00eb tij, do t\u00eb kishte th\u00ebn\u00eb se donte t\u00eb zgjidhte banorin x, sepse nuk donte q\u00eb ai t\u00eb nominohej. M\u00eb pas [&hellip;]<\/p>\n","protected":false},"author":1,"featured_media":0,"comment_status":"open","ping_status":"closed","sticky":false,"template":"","format":"standard","meta":{"spay_email":"","jetpack_publicize_message":"","jetpack_is_tweetstorm":false,"jetpack_publicize_feature_enabled":true},"categories":[6502],"tags":[6562,6566,6537,5057,6506,6516,6712,7129,6538,6905,6891,6693,6887,7572],"jetpack_publicize_connections":[],"yoast_head":"<!-- This site is optimized with the Yoast SEO plugin v19.1 - https:\/\/yoast.com\/wordpress\/plugins\/seo\/ -->\n<title>Aida dhe Dritani : Zysha, personazh i fort\u00c3\u00ab! | Big Brother Albania 2<\/title>\n<meta name=\"description\" content=\"Big Brother Albania 2 - Aida ka komentuar me Dritanin, arsyen q\u00c3\u00ab ai kishte dh\u00c3\u00abn\u00c3\u00ab p\u00c3\u00abr ta zgjedhur at\u00c3\u00ab kujdestare t\u00c3\u00ab sht\u00c3\u00abpis\u00c3\u00ab.\" \/>\n<meta name=\"robots\" content=\"index, follow, max-snippet:-1, max-image-preview:large, max-video-preview:-1\" \/>\n<link rel=\"canonical\" href=\"https:\/\/www.visit-ulcinj.com\/blog\/2009\/03\/09\/aida-dhe-dritani-zysha-personazh-i-forte\/\" \/>\n<meta property=\"og:locale\" content=\"en_US\" \/>\n<meta property=\"og:type\" content=\"article\" \/>\n<meta property=\"og:title\" content=\"Aida dhe Dritani : Zysha, personazh i fort\u00c3\u00ab! | Big Brother Albania 2\" \/>\n<meta property=\"og:description\" content=\"Big Brother Albania 2 - Aida ka komentuar me Dritanin, arsyen q\u00c3\u00ab ai kishte dh\u00c3\u00abn\u00c3\u00ab p\u00c3\u00abr ta zgjedhur at\u00c3\u00ab kujdestare t\u00c3\u00ab sht\u00c3\u00abpis\u00c3\u00ab.\" \/>\n<meta property=\"og:url\" content=\"https:\/\/www.visit-ulcinj.com\/blog\/2009\/03\/09\/aida-dhe-dritani-zysha-personazh-i-forte\/\" \/>\n<meta property=\"og:site_name\" content=\"Lajme nga Ulqini\" \/>\n<meta property=\"article:published_time\" content=\"2009-03-09T22:13:45+00:00\" \/>\n<meta property=\"og:image\" content=\"http:\/\/www.visit-ulcinj.com\/blog\/wp-content\/uploads\/2009\/03\/aidadritani-copy1.jpg\" \/>\n<meta name=\"twitter:label1\" content=\"Written by\" \/>\n\t<meta name=\"twitter:data1\" content=\"ulqini\" \/>\n\t<meta name=\"twitter:label2\" content=\"Est. reading time\" \/>\n\t<meta name=\"twitter:data2\" content=\"1 minute\" \/>\n<script type=\"application\/ld+json\" class=\"yoast-schema-graph\">{\"@context\":\"https:\/\/schema.org\",\"@graph\":[{\"@type\":\"WebSite\",\"@id\":\"https:\/\/www.visit-ulcinj.com\/blog\/#website\",\"url\":\"https:\/\/www.visit-ulcinj.com\/blog\/\",\"name\":\"Lajme nga Ulqini\",\"description\":\"Lajme,Vijesti,Ulqini,Ulqin,Crna Gora,Mali i Zi\",\"potentialAction\":[{\"@type\":\"SearchAction\",\"target\":{\"@type\":\"EntryPoint\",\"urlTemplate\":\"https:\/\/www.visit-ulcinj.com\/blog\/?s={search_term_string}\"},\"query-input\":\"required name=search_term_string\"}],\"inLanguage\":\"en-US\"},{\"@type\":\"ImageObject\",\"inLanguage\":\"en-US\",\"@id\":\"https:\/\/www.visit-ulcinj.com\/blog\/2009\/03\/09\/aida-dhe-dritani-zysha-personazh-i-forte\/#primaryimage\",\"url\":\"http:\/\/www.visit-ulcinj.com\/blog\/wp-content\/uploads\/2009\/03\/aidadritani-copy1.jpg\",\"contentUrl\":\"http:\/\/www.visit-ulcinj.com\/blog\/wp-content\/uploads\/2009\/03\/aidadritani-copy1.jpg\"},{\"@type\":\"WebPage\",\"@id\":\"https:\/\/www.visit-ulcinj.com\/blog\/2009\/03\/09\/aida-dhe-dritani-zysha-personazh-i-forte\/#webpage\",\"url\":\"https:\/\/www.visit-ulcinj.com\/blog\/2009\/03\/09\/aida-dhe-dritani-zysha-personazh-i-forte\/\",\"name\":\"Aida dhe Dritani : Zysha, personazh i fort\u00c3\u00ab! | Big Brother Albania 2\",\"isPartOf\":{\"@id\":\"https:\/\/www.visit-ulcinj.com\/blog\/#website\"},\"primaryImageOfPage\":{\"@id\":\"https:\/\/www.visit-ulcinj.com\/blog\/2009\/03\/09\/aida-dhe-dritani-zysha-personazh-i-forte\/#primaryimage\"},\"datePublished\":\"2009-03-09T22:13:45+00:00\",\"dateModified\":\"2009-03-09T22:13:45+00:00\",\"author\":{\"@id\":\"https:\/\/www.visit-ulcinj.com\/blog\/#\/schema\/person\/dcab619c614d3038751c63bc2aadc06d\"},\"description\":\"Big Brother Albania 2 - Aida ka komentuar me Dritanin, arsyen q\u00c3\u00ab ai kishte dh\u00c3\u00abn\u00c3\u00ab p\u00c3\u00abr ta zgjedhur at\u00c3\u00ab kujdestare t\u00c3\u00ab sht\u00c3\u00abpis\u00c3\u00ab.\",\"breadcrumb\":{\"@id\":\"https:\/\/www.visit-ulcinj.com\/blog\/2009\/03\/09\/aida-dhe-dritani-zysha-personazh-i-forte\/#breadcrumb\"},\"inLanguage\":\"en-US\",\"potentialAction\":[{\"@type\":\"ReadAction\",\"target\":[\"https:\/\/www.visit-ulcinj.com\/blog\/2009\/03\/09\/aida-dhe-dritani-zysha-personazh-i-forte\/\"]}]},{\"@type\":\"BreadcrumbList\",\"@id\":\"https:\/\/www.visit-ulcinj.com\/blog\/2009\/03\/09\/aida-dhe-dritani-zysha-personazh-i-forte\/#breadcrumb\",\"itemListElement\":[{\"@type\":\"ListItem\",\"position\":1,\"name\":\"Aida dhe Dritani : Zysha, personazh i fort\u00eb!\"}]},{\"@type\":\"Person\",\"@id\":\"https:\/\/www.visit-ulcinj.com\/blog\/#\/schema\/person\/dcab619c614d3038751c63bc2aadc06d\",\"name\":\"ulqini\",\"sameAs\":[\"http:\/\/www.visit-ulcinj.com\"],\"url\":\"https:\/\/www.visit-ulcinj.com\/blog\/author\/admin\/\"}]}<\/script>\n<!-- \/ Yoast SEO plugin. -->","yoast_head_json":{"title":"Aida dhe Dritani : Zysha, personazh i fort\u00c3\u00ab! | Big Brother Albania 2","description":"Big Brother Albania 2 - Aida ka komentuar me Dritanin, arsyen q\u00c3\u00ab ai kishte dh\u00c3\u00abn\u00c3\u00ab p\u00c3\u00abr ta zgjedhur at\u00c3\u00ab kujdestare t\u00c3\u00ab sht\u00c3\u00abpis\u00c3\u00ab.","robots":{"index":"index","follow":"follow","max-snippet":"max-snippet:-1","max-image-preview":"max-image-preview:large","max-video-preview":"max-video-preview:-1"},"canonical":"https:\/\/www.visit-ulcinj.com\/blog\/2009\/03\/09\/aida-dhe-dritani-zysha-personazh-i-forte\/","og_locale":"en_US","og_type":"article","og_title":"Aida dhe Dritani : Zysha, personazh i fort\u00c3\u00ab! | Big Brother Albania 2","og_description":"Big Brother Albania 2 - Aida ka komentuar me Dritanin, arsyen q\u00c3\u00ab ai kishte dh\u00c3\u00abn\u00c3\u00ab p\u00c3\u00abr ta zgjedhur at\u00c3\u00ab kujdestare t\u00c3\u00ab sht\u00c3\u00abpis\u00c3\u00ab.","og_url":"https:\/\/www.visit-ulcinj.com\/blog\/2009\/03\/09\/aida-dhe-dritani-zysha-personazh-i-forte\/","og_site_name":"Lajme nga Ulqini","article_published_time":"2009-03-09T22:13:45+00:00","og_image":[{"url":"http:\/\/www.visit-ulcinj.com\/blog\/wp-content\/uploads\/2009\/03\/aidadritani-copy1.jpg"}],"twitter_misc":{"Written by":"ulqini","Est. reading time":"1 minute"},"schema":{"@context":"https:\/\/schema.org","@graph":[{"@type":"WebSite","@id":"https:\/\/www.visit-ulcinj.com\/blog\/#website","url":"https:\/\/www.visit-ulcinj.com\/blog\/","name":"Lajme nga Ulqini","description":"Lajme,Vijesti,Ulqini,Ulqin,Crna Gora,Mali i Zi","potentialAction":[{"@type":"SearchAction","target":{"@type":"EntryPoint","urlTemplate":"https:\/\/www.visit-ulcinj.com\/blog\/?s={search_term_string}"},"query-input":"required name=search_term_string"}],"inLanguage":"en-US"},{"@type":"ImageObject","inLanguage":"en-US","@id":"https:\/\/www.visit-ulcinj.com\/blog\/2009\/03\/09\/aida-dhe-dritani-zysha-personazh-i-forte\/#primaryimage","url":"http:\/\/www.visit-ulcinj.com\/blog\/wp-content\/uploads\/2009\/03\/aidadritani-copy1.jpg","contentUrl":"http:\/\/www.visit-ulcinj.com\/blog\/wp-content\/uploads\/2009\/03\/aidadritani-copy1.jpg"},{"@type":"WebPage","@id":"https:\/\/www.visit-ulcinj.com\/blog\/2009\/03\/09\/aida-dhe-dritani-zysha-personazh-i-forte\/#webpage","url":"https:\/\/www.visit-ulcinj.com\/blog\/2009\/03\/09\/aida-dhe-dritani-zysha-personazh-i-forte\/","name":"Aida dhe Dritani : Zysha, personazh i fort\u00c3\u00ab! | Big Brother Albania 2","isPartOf":{"@id":"https:\/\/www.visit-ulcinj.com\/blog\/#website"},"primaryImageOfPage":{"@id":"https:\/\/www.visit-ulcinj.com\/blog\/2009\/03\/09\/aida-dhe-dritani-zysha-personazh-i-forte\/#primaryimage"},"datePublished":"2009-03-09T22:13:45+00:00","dateModified":"2009-03-09T22:13:45+00:00","author":{"@id":"https:\/\/www.visit-ulcinj.com\/blog\/#\/schema\/person\/dcab619c614d3038751c63bc2aadc06d"},"description":"Big Brother Albania 2 - Aida ka komentuar me Dritanin, arsyen q\u00c3\u00ab ai kishte dh\u00c3\u00abn\u00c3\u00ab p\u00c3\u00abr ta zgjedhur at\u00c3\u00ab kujdestare t\u00c3\u00ab sht\u00c3\u00abpis\u00c3\u00ab.","breadcrumb":{"@id":"https:\/\/www.visit-ulcinj.com\/blog\/2009\/03\/09\/aida-dhe-dritani-zysha-personazh-i-forte\/#breadcrumb"},"inLanguage":"en-US","potentialAction":[{"@type":"ReadAction","target":["https:\/\/www.visit-ulcinj.com\/blog\/2009\/03\/09\/aida-dhe-dritani-zysha-personazh-i-forte\/"]}]},{"@type":"BreadcrumbList","@id":"https:\/\/www.visit-ulcinj.com\/blog\/2009\/03\/09\/aida-dhe-dritani-zysha-personazh-i-forte\/#breadcrumb","itemListElement":[{"@type":"ListItem","position":1,"name":"Aida dhe Dritani : Zysha, personazh i fort\u00eb!"}]},{"@type":"Person","@id":"https:\/\/www.visit-ulcinj.com\/blog\/#\/schema\/person\/dcab619c614d3038751c63bc2aadc06d","name":"ulqini","sameAs":["http:\/\/www.visit-ulcinj.com"],"url":"https:\/\/www.visit-ulcinj.com\/blog\/author\/admin\/"}]}},"jetpack_featured_media_url":"","jetpack_sharing_enabled":true,"jetpack_shortlink":"https:\/\/wp.me\/pe6lTn-3xJ","_links":{"self":[{"href":"https:\/\/www.visit-ulcinj.com\/blog\/wp-json\/wp\/v2\/posts\/13623"}],"collection":[{"href":"https:\/\/www.visit-ulcinj.com\/blog\/wp-json\/wp\/v2\/posts"}],"about":[{"href":"https:\/\/www.visit-ulcinj.com\/blog\/wp-json\/wp\/v2\/types\/post"}],"author":[{"embeddable":true,"href":"https:\/\/www.visit-ulcinj.com\/blog\/wp-json\/wp\/v2\/users\/1"}],"replies":[{"embeddable":true,"href":"https:\/\/www.visit-ulcinj.com\/blog\/wp-json\/wp\/v2\/comments?post=13623"}],"version-history":[{"count":0,"href":"https:\/\/www.visit-ulcinj.com\/blog\/wp-json\/wp\/v2\/posts\/13623\/revisions"}],"wp:attachment":[{"href":"https:\/\/www.visit-ulcinj.com\/blog\/wp-json\/wp\/v2\/media?parent=13623"}],"wp:term":[{"taxonomy":"category","embeddable":true,"href":"https:\/\/www.visit-ulcinj.com\/blog\/wp-json\/wp\/v2\/categories?post=13623"},{"taxonomy":"post_tag","embeddable":true,"href":"https:\/\/www.visit-ulcinj.com\/blog\/wp-json\/wp\/v2\/tags?post=13623"}],"curies":[{"name":"wp","href":"https:\/\/api.w.org\/{rel}","templated":true}]}}