{"id":13635,"date":"2009-03-09T23:27:01","date_gmt":"2009-03-09T22:27:01","guid":{"rendered":"http:\/\/www.visit-ulcinj.com\/blog\/?p=13635"},"modified":"2009-03-09T23:27:01","modified_gmt":"2009-03-09T22:27:01","slug":"big-brother-albania-2-debati-aida-qetsori","status":"publish","type":"post","link":"https:\/\/www.visit-ulcinj.com\/blog\/2009\/03\/09\/big-brother-albania-2-debati-aida-qetsori\/","title":{"rendered":"Big Brother Albania 2 &#8211; Debati Aida-Qetsori"},"content":{"rendered":"<p><em><span class=\"newsdate\"><a href=\"http:\/\/www.visit-ulcinj.com\/blog\/wp-content\/uploads\/2009\/03\/aidaqetsori-copy.jpg\"><img loading=\"lazy\" class=\"alignleft size-full wp-image-13636\" title=\"aidaqetsori-big-brother-albania-2\" src=\"http:\/\/www.visit-ulcinj.com\/blog\/wp-content\/uploads\/2009\/03\/aidaqetsori-copy.jpg\" alt=\"aidaqetsori-big-brother-albania-2\" width=\"300\" height=\"205\" \/><\/a>08\/03\/09 02:00<\/span><\/em><\/p>\n<p>Duke diskutuar p\u00ebr nominimet Aida i ka th\u00ebn\u00eb Qetsorit se nuk e kishte nominuar dhe po ta kishte b\u00ebr\u00eb k\u00ebt\u00eb, do t\u2019ia thoshte sepse nuk kishte frik\u00eb. Qetsori ka th\u00ebn\u00eb se nuk e kuptonte se kush nga banor\u00ebt mund t\u00eb mendonte se ai luante pis\u00ebt, pai ai nuke kishte b\u00ebr\u00eb ndonj\u00ebher\u00eb k\u00ebt\u00eb, ai luftonte hapur, madje nuk e sulmonte tjetrin kur ky i fundit ishte i dob\u00ebt, por kur ishte i fort\u00eb. Aida i \u00ebsht\u00eb p\u00ebrgjigjur se edhe ajo ia kishte kthyer me t\u00eb nj\u00ebjt\u00ebn monedh\u00eb, sepse ajo nuk trembet jo vet\u00ebm prej tij, por prej asnj\u00ebrit nga banor\u00ebt e sht\u00ebpis\u00eb. Aida shtoi se n\u00ebse Qetsori donte ta nominonte, le ta b\u00ebnte, ajo ishte e sigurt\u00eb q\u00eb n\u00eb mos ai, dikush tjet\u00ebr do ta nominonte dhe kjo sepse, sipas saj, ajo ishte e vetmja q\u00eb nuk b\u00ebnte lajka. Qetsori e ka sfiduar t\u00eb tregonte hapur se cilin nga t\u00eb nominuarit donte t\u00eb dilte nga sht\u00ebpia. Ajo ka th\u00ebn\u00eb vet\u00ebm se donte Lirit\u00ebn n\u00eb sht\u00ebpi. Qetsori ka th\u00ebn\u00eb se ai \u201cdo t\u2019ia hante kok\u00ebn\u201d n\u00eb finale, por Aida nuk ka pranuar dhe duke p\u00ebrdorur shprehjen e tij, ka th\u00ebn\u00eb se n\u00eb finale mund \u201ct\u2019ia hante kok\u00ebn\u201d, vet\u00ebm ndonj\u00ebri prej atyre q\u00eb k\u00ebt\u00eb jav\u00eb nuk ishin nominuar. Qetsori e ka pyetur s\u00ebrish se k\u00eb do t\u00eb donte jasht\u00eb, mes tij dhe \u201czysh\u00ebs\u201d, k\u00ebt\u00eb t\u00eb shtun\u00eb dhe ajo i ka th\u00ebn\u00eb se, meq\u00ebn\u00ebse at\u00eb e shihte m\u00eb t\u00eb fort\u00eb se \u201czyshen\u201d, do t\u00eb donte q\u00eb kjo e fundit t\u00eb dilte para tij, sepse Qetsorin donte ta ruante p\u00ebr m\u00eb von\u00eb. Sipas Aid\u00ebs, Qetsori ishte p\u00ebr t\u2019u patur frik\u00eb m\u00eb tep\u00ebr se Adelajda, pasi ai nuk ruhej nga asgj\u00eb dhe nuk kishte asgj\u00eb p\u00ebr t\u00eb humbur.<\/p>\n","protected":false},"excerpt":{"rendered":"<p>08\/03\/09 02:00 Duke diskutuar p\u00ebr nominimet Aida i ka th\u00ebn\u00eb Qetsorit se nuk e kishte nominuar dhe po ta kishte b\u00ebr\u00eb k\u00ebt\u00eb, do t\u2019ia thoshte sepse nuk kishte frik\u00eb. Qetsori ka th\u00ebn\u00eb se nuk e kuptonte se kush nga banor\u00ebt mund t\u00eb mendonte se ai luante pis\u00ebt, pai ai nuke kishte b\u00ebr\u00eb ndonj\u00ebher\u00eb k\u00ebt\u00eb, ai [&hellip;]<\/p>\n","protected":false},"author":1,"featured_media":0,"comment_status":"open","ping_status":"closed","sticky":false,"template":"","format":"standard","meta":{"spay_email":"","jetpack_publicize_message":"","jetpack_is_tweetstorm":false,"jetpack_publicize_feature_enabled":true},"categories":[6502],"tags":[6566,6537,5057,6506,6516,6712,7129,7748,7747,6900,6891,6693,6887],"jetpack_publicize_connections":[],"yoast_head":"<!-- This site is optimized with the Yoast SEO plugin v19.1 - https:\/\/yoast.com\/wordpress\/plugins\/seo\/ -->\n<title>Big Brother Albania 2 - Debati Aida-Qetsori<\/title>\n<meta name=\"description\" content=\"Big Brother Albania 2 - Duke diskutuar p\u00c3\u00abr nominimet Aida i ka th\u00c3\u00abn\u00c3\u00ab Qetsorit se nuk e kishte nominuar dhe po ta kishte b\u00c3\u00abr\u00c3\u00ab k\u00c3\u00abt\u00c3\u00ab, do t\u00e2\u20ac\u2122ia thoshte sepse nuk kishte frik\u00c3\u00ab.\" \/>\n<meta name=\"robots\" content=\"index, follow, max-snippet:-1, max-image-preview:large, max-video-preview:-1\" \/>\n<link rel=\"canonical\" href=\"https:\/\/www.visit-ulcinj.com\/blog\/2009\/03\/09\/big-brother-albania-2-debati-aida-qetsori\/\" \/>\n<meta property=\"og:locale\" content=\"en_US\" \/>\n<meta property=\"og:type\" content=\"article\" \/>\n<meta property=\"og:title\" content=\"Big Brother Albania 2 - Debati Aida-Qetsori\" \/>\n<meta property=\"og:description\" content=\"Big Brother Albania 2 - Duke diskutuar p\u00c3\u00abr nominimet Aida i ka th\u00c3\u00abn\u00c3\u00ab Qetsorit se nuk e kishte nominuar dhe po ta kishte b\u00c3\u00abr\u00c3\u00ab k\u00c3\u00abt\u00c3\u00ab, do t\u00e2\u20ac\u2122ia thoshte sepse nuk kishte frik\u00c3\u00ab.\" \/>\n<meta property=\"og:url\" content=\"https:\/\/www.visit-ulcinj.com\/blog\/2009\/03\/09\/big-brother-albania-2-debati-aida-qetsori\/\" \/>\n<meta property=\"og:site_name\" content=\"Lajme nga Ulqini\" \/>\n<meta property=\"article:published_time\" content=\"2009-03-09T22:27:01+00:00\" \/>\n<meta property=\"og:image\" content=\"http:\/\/www.visit-ulcinj.com\/blog\/wp-content\/uploads\/2009\/03\/aidaqetsori-copy.jpg\" \/>\n<meta name=\"twitter:label1\" content=\"Written by\" \/>\n\t<meta name=\"twitter:data1\" content=\"ulqini\" \/>\n\t<meta name=\"twitter:label2\" content=\"Est. reading time\" \/>\n\t<meta name=\"twitter:data2\" content=\"2 minutes\" \/>\n<script type=\"application\/ld+json\" class=\"yoast-schema-graph\">{\"@context\":\"https:\/\/schema.org\",\"@graph\":[{\"@type\":\"WebSite\",\"@id\":\"https:\/\/www.visit-ulcinj.com\/blog\/#website\",\"url\":\"https:\/\/www.visit-ulcinj.com\/blog\/\",\"name\":\"Lajme nga Ulqini\",\"description\":\"Lajme,Vijesti,Ulqini,Ulqin,Crna Gora,Mali i Zi\",\"potentialAction\":[{\"@type\":\"SearchAction\",\"target\":{\"@type\":\"EntryPoint\",\"urlTemplate\":\"https:\/\/www.visit-ulcinj.com\/blog\/?s={search_term_string}\"},\"query-input\":\"required name=search_term_string\"}],\"inLanguage\":\"en-US\"},{\"@type\":\"ImageObject\",\"inLanguage\":\"en-US\",\"@id\":\"https:\/\/www.visit-ulcinj.com\/blog\/2009\/03\/09\/big-brother-albania-2-debati-aida-qetsori\/#primaryimage\",\"url\":\"http:\/\/www.visit-ulcinj.com\/blog\/wp-content\/uploads\/2009\/03\/aidaqetsori-copy.jpg\",\"contentUrl\":\"http:\/\/www.visit-ulcinj.com\/blog\/wp-content\/uploads\/2009\/03\/aidaqetsori-copy.jpg\"},{\"@type\":\"WebPage\",\"@id\":\"https:\/\/www.visit-ulcinj.com\/blog\/2009\/03\/09\/big-brother-albania-2-debati-aida-qetsori\/#webpage\",\"url\":\"https:\/\/www.visit-ulcinj.com\/blog\/2009\/03\/09\/big-brother-albania-2-debati-aida-qetsori\/\",\"name\":\"Big Brother Albania 2 - Debati Aida-Qetsori\",\"isPartOf\":{\"@id\":\"https:\/\/www.visit-ulcinj.com\/blog\/#website\"},\"primaryImageOfPage\":{\"@id\":\"https:\/\/www.visit-ulcinj.com\/blog\/2009\/03\/09\/big-brother-albania-2-debati-aida-qetsori\/#primaryimage\"},\"datePublished\":\"2009-03-09T22:27:01+00:00\",\"dateModified\":\"2009-03-09T22:27:01+00:00\",\"author\":{\"@id\":\"https:\/\/www.visit-ulcinj.com\/blog\/#\/schema\/person\/dcab619c614d3038751c63bc2aadc06d\"},\"description\":\"Big Brother Albania 2 - Duke diskutuar p\u00c3\u00abr nominimet Aida i ka th\u00c3\u00abn\u00c3\u00ab Qetsorit se nuk e kishte nominuar dhe po ta kishte b\u00c3\u00abr\u00c3\u00ab k\u00c3\u00abt\u00c3\u00ab, do t\u00e2\u20ac\u2122ia thoshte sepse nuk kishte frik\u00c3\u00ab.\",\"breadcrumb\":{\"@id\":\"https:\/\/www.visit-ulcinj.com\/blog\/2009\/03\/09\/big-brother-albania-2-debati-aida-qetsori\/#breadcrumb\"},\"inLanguage\":\"en-US\",\"potentialAction\":[{\"@type\":\"ReadAction\",\"target\":[\"https:\/\/www.visit-ulcinj.com\/blog\/2009\/03\/09\/big-brother-albania-2-debati-aida-qetsori\/\"]}]},{\"@type\":\"BreadcrumbList\",\"@id\":\"https:\/\/www.visit-ulcinj.com\/blog\/2009\/03\/09\/big-brother-albania-2-debati-aida-qetsori\/#breadcrumb\",\"itemListElement\":[{\"@type\":\"ListItem\",\"position\":1,\"name\":\"Big Brother Albania 2 &#8211; Debati Aida-Qetsori\"}]},{\"@type\":\"Person\",\"@id\":\"https:\/\/www.visit-ulcinj.com\/blog\/#\/schema\/person\/dcab619c614d3038751c63bc2aadc06d\",\"name\":\"ulqini\",\"sameAs\":[\"http:\/\/www.visit-ulcinj.com\"],\"url\":\"https:\/\/www.visit-ulcinj.com\/blog\/author\/admin\/\"}]}<\/script>\n<!-- \/ Yoast SEO plugin. -->","yoast_head_json":{"title":"Big Brother Albania 2 - Debati Aida-Qetsori","description":"Big Brother Albania 2 - Duke diskutuar p\u00c3\u00abr nominimet Aida i ka th\u00c3\u00abn\u00c3\u00ab Qetsorit se nuk e kishte nominuar dhe po ta kishte b\u00c3\u00abr\u00c3\u00ab k\u00c3\u00abt\u00c3\u00ab, do t\u00e2\u20ac\u2122ia thoshte sepse nuk kishte frik\u00c3\u00ab.","robots":{"index":"index","follow":"follow","max-snippet":"max-snippet:-1","max-image-preview":"max-image-preview:large","max-video-preview":"max-video-preview:-1"},"canonical":"https:\/\/www.visit-ulcinj.com\/blog\/2009\/03\/09\/big-brother-albania-2-debati-aida-qetsori\/","og_locale":"en_US","og_type":"article","og_title":"Big Brother Albania 2 - Debati Aida-Qetsori","og_description":"Big Brother Albania 2 - Duke diskutuar p\u00c3\u00abr nominimet Aida i ka th\u00c3\u00abn\u00c3\u00ab Qetsorit se nuk e kishte nominuar dhe po ta kishte b\u00c3\u00abr\u00c3\u00ab k\u00c3\u00abt\u00c3\u00ab, do t\u00e2\u20ac\u2122ia thoshte sepse nuk kishte frik\u00c3\u00ab.","og_url":"https:\/\/www.visit-ulcinj.com\/blog\/2009\/03\/09\/big-brother-albania-2-debati-aida-qetsori\/","og_site_name":"Lajme nga Ulqini","article_published_time":"2009-03-09T22:27:01+00:00","og_image":[{"url":"http:\/\/www.visit-ulcinj.com\/blog\/wp-content\/uploads\/2009\/03\/aidaqetsori-copy.jpg"}],"twitter_misc":{"Written by":"ulqini","Est. reading time":"2 minutes"},"schema":{"@context":"https:\/\/schema.org","@graph":[{"@type":"WebSite","@id":"https:\/\/www.visit-ulcinj.com\/blog\/#website","url":"https:\/\/www.visit-ulcinj.com\/blog\/","name":"Lajme nga Ulqini","description":"Lajme,Vijesti,Ulqini,Ulqin,Crna Gora,Mali i Zi","potentialAction":[{"@type":"SearchAction","target":{"@type":"EntryPoint","urlTemplate":"https:\/\/www.visit-ulcinj.com\/blog\/?s={search_term_string}"},"query-input":"required name=search_term_string"}],"inLanguage":"en-US"},{"@type":"ImageObject","inLanguage":"en-US","@id":"https:\/\/www.visit-ulcinj.com\/blog\/2009\/03\/09\/big-brother-albania-2-debati-aida-qetsori\/#primaryimage","url":"http:\/\/www.visit-ulcinj.com\/blog\/wp-content\/uploads\/2009\/03\/aidaqetsori-copy.jpg","contentUrl":"http:\/\/www.visit-ulcinj.com\/blog\/wp-content\/uploads\/2009\/03\/aidaqetsori-copy.jpg"},{"@type":"WebPage","@id":"https:\/\/www.visit-ulcinj.com\/blog\/2009\/03\/09\/big-brother-albania-2-debati-aida-qetsori\/#webpage","url":"https:\/\/www.visit-ulcinj.com\/blog\/2009\/03\/09\/big-brother-albania-2-debati-aida-qetsori\/","name":"Big Brother Albania 2 - Debati Aida-Qetsori","isPartOf":{"@id":"https:\/\/www.visit-ulcinj.com\/blog\/#website"},"primaryImageOfPage":{"@id":"https:\/\/www.visit-ulcinj.com\/blog\/2009\/03\/09\/big-brother-albania-2-debati-aida-qetsori\/#primaryimage"},"datePublished":"2009-03-09T22:27:01+00:00","dateModified":"2009-03-09T22:27:01+00:00","author":{"@id":"https:\/\/www.visit-ulcinj.com\/blog\/#\/schema\/person\/dcab619c614d3038751c63bc2aadc06d"},"description":"Big Brother Albania 2 - Duke diskutuar p\u00c3\u00abr nominimet Aida i ka th\u00c3\u00abn\u00c3\u00ab Qetsorit se nuk e kishte nominuar dhe po ta kishte b\u00c3\u00abr\u00c3\u00ab k\u00c3\u00abt\u00c3\u00ab, do t\u00e2\u20ac\u2122ia thoshte sepse nuk kishte frik\u00c3\u00ab.","breadcrumb":{"@id":"https:\/\/www.visit-ulcinj.com\/blog\/2009\/03\/09\/big-brother-albania-2-debati-aida-qetsori\/#breadcrumb"},"inLanguage":"en-US","potentialAction":[{"@type":"ReadAction","target":["https:\/\/www.visit-ulcinj.com\/blog\/2009\/03\/09\/big-brother-albania-2-debati-aida-qetsori\/"]}]},{"@type":"BreadcrumbList","@id":"https:\/\/www.visit-ulcinj.com\/blog\/2009\/03\/09\/big-brother-albania-2-debati-aida-qetsori\/#breadcrumb","itemListElement":[{"@type":"ListItem","position":1,"name":"Big Brother Albania 2 &#8211; Debati Aida-Qetsori"}]},{"@type":"Person","@id":"https:\/\/www.visit-ulcinj.com\/blog\/#\/schema\/person\/dcab619c614d3038751c63bc2aadc06d","name":"ulqini","sameAs":["http:\/\/www.visit-ulcinj.com"],"url":"https:\/\/www.visit-ulcinj.com\/blog\/author\/admin\/"}]}},"jetpack_featured_media_url":"","jetpack_sharing_enabled":true,"jetpack_shortlink":"https:\/\/wp.me\/pe6lTn-3xV","_links":{"self":[{"href":"https:\/\/www.visit-ulcinj.com\/blog\/wp-json\/wp\/v2\/posts\/13635"}],"collection":[{"href":"https:\/\/www.visit-ulcinj.com\/blog\/wp-json\/wp\/v2\/posts"}],"about":[{"href":"https:\/\/www.visit-ulcinj.com\/blog\/wp-json\/wp\/v2\/types\/post"}],"author":[{"embeddable":true,"href":"https:\/\/www.visit-ulcinj.com\/blog\/wp-json\/wp\/v2\/users\/1"}],"replies":[{"embeddable":true,"href":"https:\/\/www.visit-ulcinj.com\/blog\/wp-json\/wp\/v2\/comments?post=13635"}],"version-history":[{"count":0,"href":"https:\/\/www.visit-ulcinj.com\/blog\/wp-json\/wp\/v2\/posts\/13635\/revisions"}],"wp:attachment":[{"href":"https:\/\/www.visit-ulcinj.com\/blog\/wp-json\/wp\/v2\/media?parent=13635"}],"wp:term":[{"taxonomy":"category","embeddable":true,"href":"https:\/\/www.visit-ulcinj.com\/blog\/wp-json\/wp\/v2\/categories?post=13635"},{"taxonomy":"post_tag","embeddable":true,"href":"https:\/\/www.visit-ulcinj.com\/blog\/wp-json\/wp\/v2\/tags?post=13635"}],"curies":[{"name":"wp","href":"https:\/\/api.w.org\/{rel}","templated":true}]}}