{"id":13638,"date":"2009-03-09T23:29:46","date_gmt":"2009-03-09T22:29:46","guid":{"rendered":"http:\/\/www.visit-ulcinj.com\/blog\/?p=13638"},"modified":"2009-03-09T23:29:46","modified_gmt":"2009-03-09T22:29:46","slug":"zhuljeta-e-arjoni-mesiden-e-kam-shume-xhan","status":"publish","type":"post","link":"https:\/\/www.visit-ulcinj.com\/blog\/2009\/03\/09\/zhuljeta-e-arjoni-mesiden-e-kam-shume-xhan\/","title":{"rendered":"Zhuljeta \u00eb Arjoni : Mesid\u00ebn e kam shum\u00eb xhan"},"content":{"rendered":"<p><em><span class=\"newsdate\"><a href=\"http:\/\/www.visit-ulcinj.com\/blog\/wp-content\/uploads\/2009\/03\/zhuljetaarjoni-per-mesiden-copy.jpg\"><img loading=\"lazy\" class=\"alignleft size-full wp-image-13639\" title=\"zhuljetaarjoni-per-mesiden-big-brother-albania-2\" src=\"http:\/\/www.visit-ulcinj.com\/blog\/wp-content\/uploads\/2009\/03\/zhuljetaarjoni-per-mesiden-copy.jpg\" alt=\"zhuljetaarjoni-per-mesiden-big-brother-albania-2\" width=\"300\" height=\"205\" \/><\/a>08\/03\/09 02:35<\/span><\/em><\/p>\n<p>\u201cMesid\u00ebn e kam shum\u00eb xhan!\u201d- i ka th\u00ebn\u00eb Arjoni Zhuljet\u00ebs, nd\u00ebrsa bisedonin bashk\u00eb, t\u00eb shtrir\u00eb n\u00eb divanin e zon\u00ebs s\u00eb ndenjies. Fillimisht Zhuljeta i ka th\u00ebn\u00eb se nuk i interesonte fare n\u00ebse ai e kishte apo jo xhan, por pastaj ka pranuar se edhe asaj i p\u00eblqente. Sipas t\u00eb dyve, Mesida \u00ebsht\u00eb e \u00e7ilt\u00ebr, e hapur, pa komplekse. Ajo nuk ishte treguar e rezervuar si ata, e kishte jetuar jav\u00ebn m\u00eb shum\u00eb sesa ata, ishte \u201chedhur n\u00eb turm\u00eb\u201d pa frik\u00eb, kjo edhe p\u00ebr nj\u00eb arsye tjet\u00ebr, sepse, ndryshe nga \u00e7\u2019thoshte, ajo i njihte mir\u00eb ata dhe situat\u00ebn. Ata ran\u00eb dakord edhe me k\u00ebt\u00eb t\u00eb fundit, pra me faktin q\u00eb ajo e ka ndjekur Big Brother. Sipas tyre \u00ebsht\u00eb krejt\u00ebsisht absurde dhe jo logjike q\u00eb t\u00eb aplikosh p\u00ebr nj\u00eb program e pastaj t\u00eb mos e ndjek\u00ebsh. \u201cUn\u00eb do t\u2019ia jap t\u00eb gjith\u00eb koh\u00ebn q\u00eb i nevojitet!\u201d- ka shtuar Zhuljeta, duke n\u00ebnkuptuar q\u00eb nuk do ta nominonte ende.<\/p>\n","protected":false},"excerpt":{"rendered":"<p>08\/03\/09 02:35 \u201cMesid\u00ebn e kam shum\u00eb xhan!\u201d- i ka th\u00ebn\u00eb Arjoni Zhuljet\u00ebs, nd\u00ebrsa bisedonin bashk\u00eb, t\u00eb shtrir\u00eb n\u00eb divanin e zon\u00ebs s\u00eb ndenjies. Fillimisht Zhuljeta i ka th\u00ebn\u00eb se nuk i interesonte fare n\u00ebse ai e kishte apo jo xhan, por pastaj ka pranuar se edhe asaj i p\u00eblqente. Sipas t\u00eb dyve, Mesida \u00ebsht\u00eb e [&hellip;]<\/p>\n","protected":false},"author":1,"featured_media":0,"comment_status":"open","ping_status":"closed","sticky":false,"template":"","format":"standard","meta":{"spay_email":"","jetpack_publicize_message":"","jetpack_is_tweetstorm":false,"jetpack_publicize_feature_enabled":true},"categories":[6502],"tags":[6558,5057,6506,6516,6712,7129,7365,7364,6891,6693,6887,6564],"jetpack_publicize_connections":[],"yoast_head":"<!-- This site is optimized with the Yoast SEO plugin v19.1 - https:\/\/yoast.com\/wordpress\/plugins\/seo\/ -->\n<title>Zhuljeta \u00c3\u00ab Arjoni : Mesid\u00c3\u00abn e kam shum\u00c3\u00ab xhan | Big Brother Albania 2<\/title>\n<meta name=\"description\" content=\"Big Brother Albania 2 - \u00e2\u20ac\u0153Mesid\u00c3\u00abn e kam shum\u00c3\u00ab xhan!\u00e2\u20ac\u009d- i ka th\u00c3\u00abn\u00c3\u00ab Arjoni Zhuljet\u00c3\u00abs, nd\u00c3\u00abrsa bisedonin bashk\u00c3\u00ab, t\u00c3\u00ab shtrir\u00c3\u00ab n\u00c3\u00ab divanin e zon\u00c3\u00abs s\u00c3\u00ab ndenjies.\" \/>\n<meta name=\"robots\" content=\"index, follow, max-snippet:-1, max-image-preview:large, max-video-preview:-1\" \/>\n<link rel=\"canonical\" href=\"https:\/\/www.visit-ulcinj.com\/blog\/2009\/03\/09\/zhuljeta-e-arjoni-mesiden-e-kam-shume-xhan\/\" \/>\n<meta property=\"og:locale\" content=\"en_US\" \/>\n<meta property=\"og:type\" content=\"article\" \/>\n<meta property=\"og:title\" content=\"Zhuljeta \u00c3\u00ab Arjoni : Mesid\u00c3\u00abn e kam shum\u00c3\u00ab xhan | Big Brother Albania 2\" \/>\n<meta property=\"og:description\" content=\"Big Brother Albania 2 - \u00e2\u20ac\u0153Mesid\u00c3\u00abn e kam shum\u00c3\u00ab xhan!\u00e2\u20ac\u009d- i ka th\u00c3\u00abn\u00c3\u00ab Arjoni Zhuljet\u00c3\u00abs, nd\u00c3\u00abrsa bisedonin bashk\u00c3\u00ab, t\u00c3\u00ab shtrir\u00c3\u00ab n\u00c3\u00ab divanin e zon\u00c3\u00abs s\u00c3\u00ab ndenjies.\" \/>\n<meta property=\"og:url\" content=\"https:\/\/www.visit-ulcinj.com\/blog\/2009\/03\/09\/zhuljeta-e-arjoni-mesiden-e-kam-shume-xhan\/\" \/>\n<meta property=\"og:site_name\" content=\"Lajme nga Ulqini\" \/>\n<meta property=\"article:published_time\" content=\"2009-03-09T22:29:46+00:00\" \/>\n<meta property=\"og:image\" content=\"http:\/\/www.visit-ulcinj.com\/blog\/wp-content\/uploads\/2009\/03\/zhuljetaarjoni-per-mesiden-copy.jpg\" \/>\n<meta name=\"twitter:label1\" content=\"Written by\" \/>\n\t<meta name=\"twitter:data1\" content=\"ulqini\" \/>\n\t<meta name=\"twitter:label2\" content=\"Est. reading time\" \/>\n\t<meta name=\"twitter:data2\" content=\"1 minute\" \/>\n<script type=\"application\/ld+json\" class=\"yoast-schema-graph\">{\"@context\":\"https:\/\/schema.org\",\"@graph\":[{\"@type\":\"WebSite\",\"@id\":\"https:\/\/www.visit-ulcinj.com\/blog\/#website\",\"url\":\"https:\/\/www.visit-ulcinj.com\/blog\/\",\"name\":\"Lajme nga Ulqini\",\"description\":\"Lajme,Vijesti,Ulqini,Ulqin,Crna Gora,Mali i Zi\",\"potentialAction\":[{\"@type\":\"SearchAction\",\"target\":{\"@type\":\"EntryPoint\",\"urlTemplate\":\"https:\/\/www.visit-ulcinj.com\/blog\/?s={search_term_string}\"},\"query-input\":\"required name=search_term_string\"}],\"inLanguage\":\"en-US\"},{\"@type\":\"ImageObject\",\"inLanguage\":\"en-US\",\"@id\":\"https:\/\/www.visit-ulcinj.com\/blog\/2009\/03\/09\/zhuljeta-e-arjoni-mesiden-e-kam-shume-xhan\/#primaryimage\",\"url\":\"http:\/\/www.visit-ulcinj.com\/blog\/wp-content\/uploads\/2009\/03\/zhuljetaarjoni-per-mesiden-copy.jpg\",\"contentUrl\":\"http:\/\/www.visit-ulcinj.com\/blog\/wp-content\/uploads\/2009\/03\/zhuljetaarjoni-per-mesiden-copy.jpg\"},{\"@type\":\"WebPage\",\"@id\":\"https:\/\/www.visit-ulcinj.com\/blog\/2009\/03\/09\/zhuljeta-e-arjoni-mesiden-e-kam-shume-xhan\/#webpage\",\"url\":\"https:\/\/www.visit-ulcinj.com\/blog\/2009\/03\/09\/zhuljeta-e-arjoni-mesiden-e-kam-shume-xhan\/\",\"name\":\"Zhuljeta \u00c3\u00ab Arjoni : Mesid\u00c3\u00abn e kam shum\u00c3\u00ab xhan | Big Brother Albania 2\",\"isPartOf\":{\"@id\":\"https:\/\/www.visit-ulcinj.com\/blog\/#website\"},\"primaryImageOfPage\":{\"@id\":\"https:\/\/www.visit-ulcinj.com\/blog\/2009\/03\/09\/zhuljeta-e-arjoni-mesiden-e-kam-shume-xhan\/#primaryimage\"},\"datePublished\":\"2009-03-09T22:29:46+00:00\",\"dateModified\":\"2009-03-09T22:29:46+00:00\",\"author\":{\"@id\":\"https:\/\/www.visit-ulcinj.com\/blog\/#\/schema\/person\/dcab619c614d3038751c63bc2aadc06d\"},\"description\":\"Big Brother Albania 2 - \u00e2\u20ac\u0153Mesid\u00c3\u00abn e kam shum\u00c3\u00ab xhan!\u00e2\u20ac\u009d- i ka th\u00c3\u00abn\u00c3\u00ab Arjoni Zhuljet\u00c3\u00abs, nd\u00c3\u00abrsa bisedonin bashk\u00c3\u00ab, t\u00c3\u00ab shtrir\u00c3\u00ab n\u00c3\u00ab divanin e zon\u00c3\u00abs s\u00c3\u00ab ndenjies.\",\"breadcrumb\":{\"@id\":\"https:\/\/www.visit-ulcinj.com\/blog\/2009\/03\/09\/zhuljeta-e-arjoni-mesiden-e-kam-shume-xhan\/#breadcrumb\"},\"inLanguage\":\"en-US\",\"potentialAction\":[{\"@type\":\"ReadAction\",\"target\":[\"https:\/\/www.visit-ulcinj.com\/blog\/2009\/03\/09\/zhuljeta-e-arjoni-mesiden-e-kam-shume-xhan\/\"]}]},{\"@type\":\"BreadcrumbList\",\"@id\":\"https:\/\/www.visit-ulcinj.com\/blog\/2009\/03\/09\/zhuljeta-e-arjoni-mesiden-e-kam-shume-xhan\/#breadcrumb\",\"itemListElement\":[{\"@type\":\"ListItem\",\"position\":1,\"name\":\"Zhuljeta \u00eb Arjoni : Mesid\u00ebn e kam shum\u00eb xhan\"}]},{\"@type\":\"Person\",\"@id\":\"https:\/\/www.visit-ulcinj.com\/blog\/#\/schema\/person\/dcab619c614d3038751c63bc2aadc06d\",\"name\":\"ulqini\",\"sameAs\":[\"http:\/\/www.visit-ulcinj.com\"],\"url\":\"https:\/\/www.visit-ulcinj.com\/blog\/author\/admin\/\"}]}<\/script>\n<!-- \/ Yoast SEO plugin. -->","yoast_head_json":{"title":"Zhuljeta \u00c3\u00ab Arjoni : Mesid\u00c3\u00abn e kam shum\u00c3\u00ab xhan | Big Brother Albania 2","description":"Big Brother Albania 2 - \u00e2\u20ac\u0153Mesid\u00c3\u00abn e kam shum\u00c3\u00ab xhan!\u00e2\u20ac\u009d- i ka th\u00c3\u00abn\u00c3\u00ab Arjoni Zhuljet\u00c3\u00abs, nd\u00c3\u00abrsa bisedonin bashk\u00c3\u00ab, t\u00c3\u00ab shtrir\u00c3\u00ab n\u00c3\u00ab divanin e zon\u00c3\u00abs s\u00c3\u00ab ndenjies.","robots":{"index":"index","follow":"follow","max-snippet":"max-snippet:-1","max-image-preview":"max-image-preview:large","max-video-preview":"max-video-preview:-1"},"canonical":"https:\/\/www.visit-ulcinj.com\/blog\/2009\/03\/09\/zhuljeta-e-arjoni-mesiden-e-kam-shume-xhan\/","og_locale":"en_US","og_type":"article","og_title":"Zhuljeta \u00c3\u00ab Arjoni : Mesid\u00c3\u00abn e kam shum\u00c3\u00ab xhan | Big Brother Albania 2","og_description":"Big Brother Albania 2 - \u00e2\u20ac\u0153Mesid\u00c3\u00abn e kam shum\u00c3\u00ab xhan!\u00e2\u20ac\u009d- i ka th\u00c3\u00abn\u00c3\u00ab Arjoni Zhuljet\u00c3\u00abs, nd\u00c3\u00abrsa bisedonin bashk\u00c3\u00ab, t\u00c3\u00ab shtrir\u00c3\u00ab n\u00c3\u00ab divanin e zon\u00c3\u00abs s\u00c3\u00ab ndenjies.","og_url":"https:\/\/www.visit-ulcinj.com\/blog\/2009\/03\/09\/zhuljeta-e-arjoni-mesiden-e-kam-shume-xhan\/","og_site_name":"Lajme nga Ulqini","article_published_time":"2009-03-09T22:29:46+00:00","og_image":[{"url":"http:\/\/www.visit-ulcinj.com\/blog\/wp-content\/uploads\/2009\/03\/zhuljetaarjoni-per-mesiden-copy.jpg"}],"twitter_misc":{"Written by":"ulqini","Est. reading time":"1 minute"},"schema":{"@context":"https:\/\/schema.org","@graph":[{"@type":"WebSite","@id":"https:\/\/www.visit-ulcinj.com\/blog\/#website","url":"https:\/\/www.visit-ulcinj.com\/blog\/","name":"Lajme nga Ulqini","description":"Lajme,Vijesti,Ulqini,Ulqin,Crna Gora,Mali i Zi","potentialAction":[{"@type":"SearchAction","target":{"@type":"EntryPoint","urlTemplate":"https:\/\/www.visit-ulcinj.com\/blog\/?s={search_term_string}"},"query-input":"required name=search_term_string"}],"inLanguage":"en-US"},{"@type":"ImageObject","inLanguage":"en-US","@id":"https:\/\/www.visit-ulcinj.com\/blog\/2009\/03\/09\/zhuljeta-e-arjoni-mesiden-e-kam-shume-xhan\/#primaryimage","url":"http:\/\/www.visit-ulcinj.com\/blog\/wp-content\/uploads\/2009\/03\/zhuljetaarjoni-per-mesiden-copy.jpg","contentUrl":"http:\/\/www.visit-ulcinj.com\/blog\/wp-content\/uploads\/2009\/03\/zhuljetaarjoni-per-mesiden-copy.jpg"},{"@type":"WebPage","@id":"https:\/\/www.visit-ulcinj.com\/blog\/2009\/03\/09\/zhuljeta-e-arjoni-mesiden-e-kam-shume-xhan\/#webpage","url":"https:\/\/www.visit-ulcinj.com\/blog\/2009\/03\/09\/zhuljeta-e-arjoni-mesiden-e-kam-shume-xhan\/","name":"Zhuljeta \u00c3\u00ab Arjoni : Mesid\u00c3\u00abn e kam shum\u00c3\u00ab xhan | Big Brother Albania 2","isPartOf":{"@id":"https:\/\/www.visit-ulcinj.com\/blog\/#website"},"primaryImageOfPage":{"@id":"https:\/\/www.visit-ulcinj.com\/blog\/2009\/03\/09\/zhuljeta-e-arjoni-mesiden-e-kam-shume-xhan\/#primaryimage"},"datePublished":"2009-03-09T22:29:46+00:00","dateModified":"2009-03-09T22:29:46+00:00","author":{"@id":"https:\/\/www.visit-ulcinj.com\/blog\/#\/schema\/person\/dcab619c614d3038751c63bc2aadc06d"},"description":"Big Brother Albania 2 - \u00e2\u20ac\u0153Mesid\u00c3\u00abn e kam shum\u00c3\u00ab xhan!\u00e2\u20ac\u009d- i ka th\u00c3\u00abn\u00c3\u00ab Arjoni Zhuljet\u00c3\u00abs, nd\u00c3\u00abrsa bisedonin bashk\u00c3\u00ab, t\u00c3\u00ab shtrir\u00c3\u00ab n\u00c3\u00ab divanin e zon\u00c3\u00abs s\u00c3\u00ab ndenjies.","breadcrumb":{"@id":"https:\/\/www.visit-ulcinj.com\/blog\/2009\/03\/09\/zhuljeta-e-arjoni-mesiden-e-kam-shume-xhan\/#breadcrumb"},"inLanguage":"en-US","potentialAction":[{"@type":"ReadAction","target":["https:\/\/www.visit-ulcinj.com\/blog\/2009\/03\/09\/zhuljeta-e-arjoni-mesiden-e-kam-shume-xhan\/"]}]},{"@type":"BreadcrumbList","@id":"https:\/\/www.visit-ulcinj.com\/blog\/2009\/03\/09\/zhuljeta-e-arjoni-mesiden-e-kam-shume-xhan\/#breadcrumb","itemListElement":[{"@type":"ListItem","position":1,"name":"Zhuljeta \u00eb Arjoni : Mesid\u00ebn e kam shum\u00eb xhan"}]},{"@type":"Person","@id":"https:\/\/www.visit-ulcinj.com\/blog\/#\/schema\/person\/dcab619c614d3038751c63bc2aadc06d","name":"ulqini","sameAs":["http:\/\/www.visit-ulcinj.com"],"url":"https:\/\/www.visit-ulcinj.com\/blog\/author\/admin\/"}]}},"jetpack_featured_media_url":"","jetpack_sharing_enabled":true,"jetpack_shortlink":"https:\/\/wp.me\/pe6lTn-3xY","_links":{"self":[{"href":"https:\/\/www.visit-ulcinj.com\/blog\/wp-json\/wp\/v2\/posts\/13638"}],"collection":[{"href":"https:\/\/www.visit-ulcinj.com\/blog\/wp-json\/wp\/v2\/posts"}],"about":[{"href":"https:\/\/www.visit-ulcinj.com\/blog\/wp-json\/wp\/v2\/types\/post"}],"author":[{"embeddable":true,"href":"https:\/\/www.visit-ulcinj.com\/blog\/wp-json\/wp\/v2\/users\/1"}],"replies":[{"embeddable":true,"href":"https:\/\/www.visit-ulcinj.com\/blog\/wp-json\/wp\/v2\/comments?post=13638"}],"version-history":[{"count":0,"href":"https:\/\/www.visit-ulcinj.com\/blog\/wp-json\/wp\/v2\/posts\/13638\/revisions"}],"wp:attachment":[{"href":"https:\/\/www.visit-ulcinj.com\/blog\/wp-json\/wp\/v2\/media?parent=13638"}],"wp:term":[{"taxonomy":"category","embeddable":true,"href":"https:\/\/www.visit-ulcinj.com\/blog\/wp-json\/wp\/v2\/categories?post=13638"},{"taxonomy":"post_tag","embeddable":true,"href":"https:\/\/www.visit-ulcinj.com\/blog\/wp-json\/wp\/v2\/tags?post=13638"}],"curies":[{"name":"wp","href":"https:\/\/api.w.org\/{rel}","templated":true}]}}