{"id":13648,"date":"2009-03-09T23:47:09","date_gmt":"2009-03-09T22:47:09","guid":{"rendered":"http:\/\/www.visit-ulcinj.com\/blog\/?p=13648"},"modified":"2009-03-09T23:47:09","modified_gmt":"2009-03-09T22:47:09","slug":"vajzat-jane-te-pakujdesshme","status":"publish","type":"post","link":"https:\/\/www.visit-ulcinj.com\/blog\/2009\/03\/09\/vajzat-jane-te-pakujdesshme\/","title":{"rendered":"Vajzat jan\u00eb t\u00eb pakujdesshme"},"content":{"rendered":"<p><em><span class=\"newsdate\"><a href=\"http:\/\/www.visit-ulcinj.com\/blog\/wp-content\/uploads\/2009\/03\/taniqetsoriadi-copy.jpg\"><img loading=\"lazy\" class=\"alignleft size-full wp-image-13649\" title=\"taniqetsoriadi-big-brother-albania-2\" src=\"http:\/\/www.visit-ulcinj.com\/blog\/wp-content\/uploads\/2009\/03\/taniqetsoriadi-copy.jpg\" alt=\"taniqetsoriadi-big-brother-albania-2\" width=\"300\" height=\"205\" \/><\/a>09\/03\/09 02:50<\/span><\/em><\/p>\n<p>Adi, Qetsori dhe Dritani kan\u00eb diskutuar p\u00ebr past\u00ebrtin\u00eb e munguar t\u00eb vajzave t\u00eb sht\u00ebpis\u00eb. Sipas tyre, ato jan\u00eb t\u00eb pakujdesshme e t\u00eb papast\u00ebrta n\u00eb lidhje me ambjentin ku jetojn\u00eb. Adi ka th\u00ebn\u00eb se nuk mjafton t\u00eb shohesh vet\u00ebm higjen\u00ebn personale, por edhe at\u00eb kolektive, kur jeton me t\u00eb tjer\u00eb. Ata kujtuan rastin kur vajzat \u201cu b\u00ebn\u00eb namin\u201d, sepse ata ua than\u00eb k\u00ebt\u00eb dhe p\u00ebr k\u00ebt\u00eb arsye nuk kishin m\u00eb nd\u00ebrmend t\u2019ua thoshin. Sipas tyre, ato rrin\u00eb t\u00ebr\u00eb dit\u00ebn duke u marr\u00eb me veten, duke rregulluar fytyr\u00eb, flok\u00ebt, thonjt\u00eb dhe nuk kujtohen t\u00eb pastrojn\u00eb nj\u00ebher\u00eb as kuzhin\u00ebn, as tavolin\u00ebn e asgj\u00eb tjet\u00ebr.<\/p>\n","protected":false},"excerpt":{"rendered":"<p>09\/03\/09 02:50 Adi, Qetsori dhe Dritani kan\u00eb diskutuar p\u00ebr past\u00ebrtin\u00eb e munguar t\u00eb vajzave t\u00eb sht\u00ebpis\u00eb. Sipas tyre, ato jan\u00eb t\u00eb pakujdesshme e t\u00eb papast\u00ebrta n\u00eb lidhje me ambjentin ku jetojn\u00eb. Adi ka th\u00ebn\u00eb se nuk mjafton t\u00eb shohesh vet\u00ebm higjen\u00ebn personale, por edhe at\u00eb kolektive, kur jeton me t\u00eb tjer\u00eb. Ata kujtuan rastin kur [&hellip;]<\/p>\n","protected":false},"author":1,"featured_media":0,"comment_status":"open","ping_status":"closed","sticky":false,"template":"","format":"standard","meta":{"spay_email":"","jetpack_publicize_message":"","jetpack_is_tweetstorm":false,"jetpack_publicize_feature_enabled":true},"categories":[6502],"tags":[6566,5057,6506,6516,6712,7129,6742,6900,6891,6693,6887,7751],"jetpack_publicize_connections":[],"yoast_head":"<!-- This site is optimized with the Yoast SEO plugin v19.1 - https:\/\/yoast.com\/wordpress\/plugins\/seo\/ -->\n<title>Vajzat jan\u00c3\u00ab t\u00c3\u00ab pakujdesshme! | Big Brother Albania 2<\/title>\n<meta name=\"description\" content=\"Big Brother Albania 2 -Adi, Qetsori dhe Dritani kan\u00c3\u00ab diskutuar p\u00c3\u00abr past\u00c3\u00abrtin\u00c3\u00ab e munguar t\u00c3\u00ab vajzave t\u00c3\u00ab sht\u00c3\u00abpis\u00c3\u00ab.\" \/>\n<meta name=\"robots\" content=\"index, follow, max-snippet:-1, max-image-preview:large, max-video-preview:-1\" \/>\n<link rel=\"canonical\" href=\"https:\/\/www.visit-ulcinj.com\/blog\/2009\/03\/09\/vajzat-jane-te-pakujdesshme\/\" \/>\n<meta property=\"og:locale\" content=\"en_US\" \/>\n<meta property=\"og:type\" content=\"article\" \/>\n<meta property=\"og:title\" content=\"Vajzat jan\u00c3\u00ab t\u00c3\u00ab pakujdesshme! | Big Brother Albania 2\" \/>\n<meta property=\"og:description\" content=\"Big Brother Albania 2 -Adi, Qetsori dhe Dritani kan\u00c3\u00ab diskutuar p\u00c3\u00abr past\u00c3\u00abrtin\u00c3\u00ab e munguar t\u00c3\u00ab vajzave t\u00c3\u00ab sht\u00c3\u00abpis\u00c3\u00ab.\" \/>\n<meta property=\"og:url\" content=\"https:\/\/www.visit-ulcinj.com\/blog\/2009\/03\/09\/vajzat-jane-te-pakujdesshme\/\" \/>\n<meta property=\"og:site_name\" content=\"Lajme nga Ulqini\" \/>\n<meta property=\"article:published_time\" content=\"2009-03-09T22:47:09+00:00\" \/>\n<meta property=\"og:image\" content=\"http:\/\/www.visit-ulcinj.com\/blog\/wp-content\/uploads\/2009\/03\/taniqetsoriadi-copy.jpg\" \/>\n<meta name=\"twitter:label1\" content=\"Written by\" \/>\n\t<meta name=\"twitter:data1\" content=\"ulqini\" \/>\n\t<meta name=\"twitter:label2\" content=\"Est. reading time\" \/>\n\t<meta name=\"twitter:data2\" content=\"1 minute\" \/>\n<script type=\"application\/ld+json\" class=\"yoast-schema-graph\">{\"@context\":\"https:\/\/schema.org\",\"@graph\":[{\"@type\":\"WebSite\",\"@id\":\"https:\/\/www.visit-ulcinj.com\/blog\/#website\",\"url\":\"https:\/\/www.visit-ulcinj.com\/blog\/\",\"name\":\"Lajme nga Ulqini\",\"description\":\"Lajme,Vijesti,Ulqini,Ulqin,Crna Gora,Mali i Zi\",\"potentialAction\":[{\"@type\":\"SearchAction\",\"target\":{\"@type\":\"EntryPoint\",\"urlTemplate\":\"https:\/\/www.visit-ulcinj.com\/blog\/?s={search_term_string}\"},\"query-input\":\"required name=search_term_string\"}],\"inLanguage\":\"en-US\"},{\"@type\":\"ImageObject\",\"inLanguage\":\"en-US\",\"@id\":\"https:\/\/www.visit-ulcinj.com\/blog\/2009\/03\/09\/vajzat-jane-te-pakujdesshme\/#primaryimage\",\"url\":\"http:\/\/www.visit-ulcinj.com\/blog\/wp-content\/uploads\/2009\/03\/taniqetsoriadi-copy.jpg\",\"contentUrl\":\"http:\/\/www.visit-ulcinj.com\/blog\/wp-content\/uploads\/2009\/03\/taniqetsoriadi-copy.jpg\"},{\"@type\":\"WebPage\",\"@id\":\"https:\/\/www.visit-ulcinj.com\/blog\/2009\/03\/09\/vajzat-jane-te-pakujdesshme\/#webpage\",\"url\":\"https:\/\/www.visit-ulcinj.com\/blog\/2009\/03\/09\/vajzat-jane-te-pakujdesshme\/\",\"name\":\"Vajzat jan\u00c3\u00ab t\u00c3\u00ab pakujdesshme! | Big Brother Albania 2\",\"isPartOf\":{\"@id\":\"https:\/\/www.visit-ulcinj.com\/blog\/#website\"},\"primaryImageOfPage\":{\"@id\":\"https:\/\/www.visit-ulcinj.com\/blog\/2009\/03\/09\/vajzat-jane-te-pakujdesshme\/#primaryimage\"},\"datePublished\":\"2009-03-09T22:47:09+00:00\",\"dateModified\":\"2009-03-09T22:47:09+00:00\",\"author\":{\"@id\":\"https:\/\/www.visit-ulcinj.com\/blog\/#\/schema\/person\/dcab619c614d3038751c63bc2aadc06d\"},\"description\":\"Big Brother Albania 2 -Adi, Qetsori dhe Dritani kan\u00c3\u00ab diskutuar p\u00c3\u00abr past\u00c3\u00abrtin\u00c3\u00ab e munguar t\u00c3\u00ab vajzave t\u00c3\u00ab sht\u00c3\u00abpis\u00c3\u00ab.\",\"breadcrumb\":{\"@id\":\"https:\/\/www.visit-ulcinj.com\/blog\/2009\/03\/09\/vajzat-jane-te-pakujdesshme\/#breadcrumb\"},\"inLanguage\":\"en-US\",\"potentialAction\":[{\"@type\":\"ReadAction\",\"target\":[\"https:\/\/www.visit-ulcinj.com\/blog\/2009\/03\/09\/vajzat-jane-te-pakujdesshme\/\"]}]},{\"@type\":\"BreadcrumbList\",\"@id\":\"https:\/\/www.visit-ulcinj.com\/blog\/2009\/03\/09\/vajzat-jane-te-pakujdesshme\/#breadcrumb\",\"itemListElement\":[{\"@type\":\"ListItem\",\"position\":1,\"name\":\"Vajzat jan\u00eb t\u00eb pakujdesshme\"}]},{\"@type\":\"Person\",\"@id\":\"https:\/\/www.visit-ulcinj.com\/blog\/#\/schema\/person\/dcab619c614d3038751c63bc2aadc06d\",\"name\":\"ulqini\",\"sameAs\":[\"http:\/\/www.visit-ulcinj.com\"],\"url\":\"https:\/\/www.visit-ulcinj.com\/blog\/author\/admin\/\"}]}<\/script>\n<!-- \/ Yoast SEO plugin. -->","yoast_head_json":{"title":"Vajzat jan\u00c3\u00ab t\u00c3\u00ab pakujdesshme! | Big Brother Albania 2","description":"Big Brother Albania 2 -Adi, Qetsori dhe Dritani kan\u00c3\u00ab diskutuar p\u00c3\u00abr past\u00c3\u00abrtin\u00c3\u00ab e munguar t\u00c3\u00ab vajzave t\u00c3\u00ab sht\u00c3\u00abpis\u00c3\u00ab.","robots":{"index":"index","follow":"follow","max-snippet":"max-snippet:-1","max-image-preview":"max-image-preview:large","max-video-preview":"max-video-preview:-1"},"canonical":"https:\/\/www.visit-ulcinj.com\/blog\/2009\/03\/09\/vajzat-jane-te-pakujdesshme\/","og_locale":"en_US","og_type":"article","og_title":"Vajzat jan\u00c3\u00ab t\u00c3\u00ab pakujdesshme! | Big Brother Albania 2","og_description":"Big Brother Albania 2 -Adi, Qetsori dhe Dritani kan\u00c3\u00ab diskutuar p\u00c3\u00abr past\u00c3\u00abrtin\u00c3\u00ab e munguar t\u00c3\u00ab vajzave t\u00c3\u00ab sht\u00c3\u00abpis\u00c3\u00ab.","og_url":"https:\/\/www.visit-ulcinj.com\/blog\/2009\/03\/09\/vajzat-jane-te-pakujdesshme\/","og_site_name":"Lajme nga Ulqini","article_published_time":"2009-03-09T22:47:09+00:00","og_image":[{"url":"http:\/\/www.visit-ulcinj.com\/blog\/wp-content\/uploads\/2009\/03\/taniqetsoriadi-copy.jpg"}],"twitter_misc":{"Written by":"ulqini","Est. reading time":"1 minute"},"schema":{"@context":"https:\/\/schema.org","@graph":[{"@type":"WebSite","@id":"https:\/\/www.visit-ulcinj.com\/blog\/#website","url":"https:\/\/www.visit-ulcinj.com\/blog\/","name":"Lajme nga Ulqini","description":"Lajme,Vijesti,Ulqini,Ulqin,Crna Gora,Mali i Zi","potentialAction":[{"@type":"SearchAction","target":{"@type":"EntryPoint","urlTemplate":"https:\/\/www.visit-ulcinj.com\/blog\/?s={search_term_string}"},"query-input":"required name=search_term_string"}],"inLanguage":"en-US"},{"@type":"ImageObject","inLanguage":"en-US","@id":"https:\/\/www.visit-ulcinj.com\/blog\/2009\/03\/09\/vajzat-jane-te-pakujdesshme\/#primaryimage","url":"http:\/\/www.visit-ulcinj.com\/blog\/wp-content\/uploads\/2009\/03\/taniqetsoriadi-copy.jpg","contentUrl":"http:\/\/www.visit-ulcinj.com\/blog\/wp-content\/uploads\/2009\/03\/taniqetsoriadi-copy.jpg"},{"@type":"WebPage","@id":"https:\/\/www.visit-ulcinj.com\/blog\/2009\/03\/09\/vajzat-jane-te-pakujdesshme\/#webpage","url":"https:\/\/www.visit-ulcinj.com\/blog\/2009\/03\/09\/vajzat-jane-te-pakujdesshme\/","name":"Vajzat jan\u00c3\u00ab t\u00c3\u00ab pakujdesshme! | Big Brother Albania 2","isPartOf":{"@id":"https:\/\/www.visit-ulcinj.com\/blog\/#website"},"primaryImageOfPage":{"@id":"https:\/\/www.visit-ulcinj.com\/blog\/2009\/03\/09\/vajzat-jane-te-pakujdesshme\/#primaryimage"},"datePublished":"2009-03-09T22:47:09+00:00","dateModified":"2009-03-09T22:47:09+00:00","author":{"@id":"https:\/\/www.visit-ulcinj.com\/blog\/#\/schema\/person\/dcab619c614d3038751c63bc2aadc06d"},"description":"Big Brother Albania 2 -Adi, Qetsori dhe Dritani kan\u00c3\u00ab diskutuar p\u00c3\u00abr past\u00c3\u00abrtin\u00c3\u00ab e munguar t\u00c3\u00ab vajzave t\u00c3\u00ab sht\u00c3\u00abpis\u00c3\u00ab.","breadcrumb":{"@id":"https:\/\/www.visit-ulcinj.com\/blog\/2009\/03\/09\/vajzat-jane-te-pakujdesshme\/#breadcrumb"},"inLanguage":"en-US","potentialAction":[{"@type":"ReadAction","target":["https:\/\/www.visit-ulcinj.com\/blog\/2009\/03\/09\/vajzat-jane-te-pakujdesshme\/"]}]},{"@type":"BreadcrumbList","@id":"https:\/\/www.visit-ulcinj.com\/blog\/2009\/03\/09\/vajzat-jane-te-pakujdesshme\/#breadcrumb","itemListElement":[{"@type":"ListItem","position":1,"name":"Vajzat jan\u00eb t\u00eb pakujdesshme"}]},{"@type":"Person","@id":"https:\/\/www.visit-ulcinj.com\/blog\/#\/schema\/person\/dcab619c614d3038751c63bc2aadc06d","name":"ulqini","sameAs":["http:\/\/www.visit-ulcinj.com"],"url":"https:\/\/www.visit-ulcinj.com\/blog\/author\/admin\/"}]}},"jetpack_featured_media_url":"","jetpack_sharing_enabled":true,"jetpack_shortlink":"https:\/\/wp.me\/pe6lTn-3y8","_links":{"self":[{"href":"https:\/\/www.visit-ulcinj.com\/blog\/wp-json\/wp\/v2\/posts\/13648"}],"collection":[{"href":"https:\/\/www.visit-ulcinj.com\/blog\/wp-json\/wp\/v2\/posts"}],"about":[{"href":"https:\/\/www.visit-ulcinj.com\/blog\/wp-json\/wp\/v2\/types\/post"}],"author":[{"embeddable":true,"href":"https:\/\/www.visit-ulcinj.com\/blog\/wp-json\/wp\/v2\/users\/1"}],"replies":[{"embeddable":true,"href":"https:\/\/www.visit-ulcinj.com\/blog\/wp-json\/wp\/v2\/comments?post=13648"}],"version-history":[{"count":0,"href":"https:\/\/www.visit-ulcinj.com\/blog\/wp-json\/wp\/v2\/posts\/13648\/revisions"}],"wp:attachment":[{"href":"https:\/\/www.visit-ulcinj.com\/blog\/wp-json\/wp\/v2\/media?parent=13648"}],"wp:term":[{"taxonomy":"category","embeddable":true,"href":"https:\/\/www.visit-ulcinj.com\/blog\/wp-json\/wp\/v2\/categories?post=13648"},{"taxonomy":"post_tag","embeddable":true,"href":"https:\/\/www.visit-ulcinj.com\/blog\/wp-json\/wp\/v2\/tags?post=13648"}],"curies":[{"name":"wp","href":"https:\/\/api.w.org\/{rel}","templated":true}]}}