{"id":1366,"date":"2008-04-23T06:23:30","date_gmt":"2008-04-23T11:23:30","guid":{"rendered":"http:\/\/www.visit-ulcinj.com\/blog\/?p=1366"},"modified":"2008-04-23T06:26:48","modified_gmt":"2008-04-23T11:26:48","slug":"neformalan-sastanak-filipa-vujanovica-bamira-topija-i-stjepana-mesica-juce-u-skadru","status":"publish","type":"post","link":"https:\/\/www.visit-ulcinj.com\/blog\/2008\/04\/23\/neformalan-sastanak-filipa-vujanovica-bamira-topija-i-stjepana-mesica-juce-u-skadru\/","title":{"rendered":"NEFORMALAN SASTANAK FILIPA VUJANOVI?A, BAMIRA TOPIJA I STJEPANA MESI?A JU?E U SKADRU"},"content":{"rendered":"<p><a href=\"http:\/\/www.visit-ulcinj.com\/blog\/wp-content\/uploads\/2008\/04\/filip-vujanovic-bamir-topi-i-stjepan-mesic.jpg\"><img loading=\"lazy\" class=\"alignleft attachment wp-att-1367\" style=\"float: left;\" src=\"http:\/\/www.visit-ulcinj.com\/blog\/wp-content\/uploads\/2008\/04\/filip-vujanovic-bamir-topi-i-stjepan-mesic.thumbnail.jpg\" alt=\"FILIP VUJANOVI?, BAMIR TOPI I STJEPAN MESI?\" width=\"200\" height=\"131\" \/><\/a><strong>Zajedni?kom cestom ka integracijama<\/strong><br \/>\nSkadar &#8211; Predsjednik Crne Gore Filip Vujanovi? kazao je ju?e u Skadru da vjeruje da ?e Crna Gora uskoro postati punopravni ?lan Jadranske povelje.<br \/>\nTokom susreta sa predsjednicima Albanije i Hrvatske, Bamirom Topijem i Stjepanom Mesi?em, Vujanovi? je ocijenio da bi to bio novi krupan korak ka NATO integracijama.<br \/>\nAlbanija i Makedonija su imale pozitivno raspolo\u017eenje za ?lanstvo Crne Gore, a Hrvatska je smatrala da treba sa?ekati NATO samit u Bukure\u0161tu. Uvjeren sam, iz onoga \u0161to je saop\u0161tio predsjednik Mesi?, da ?e Crna Gora vrlo brzo iz statusa posmatra?a dobiti status ?lana Jadranske povelje, \u0161to je novi krupni korak ka NATO integraciji, izjavio je Vujanovi? ispod Tarabo\u0161a, brda na kome je tokom opsade Skadra 1912. godine poginulo na hiljade crnogorskih vojnika.<a href=\"http:\/\/www.visit-ulcinj.com\/blog\/wp-content\/uploads\/2008\/04\/topi-vujanovic-mesic1.jpg\"><img loading=\"lazy\" class=\"alignright attachment wp-att-1360\" style=\"float: right;\" src=\"http:\/\/www.visit-ulcinj.com\/blog\/wp-content\/uploads\/2008\/04\/topi-vujanovic-mesic1.thumbnail.jpg\" alt=\"Presidenti topi-vujanovic-mesic\" width=\"200\" height=\"154\" \/><\/a><br \/>\nJadransku povelju, sporazum o politi?koj i vojnoj saradnji sa SAD, Hrvatska, Albanija i Makedonija potpisale su 2003. Va\u0161ington je bio glavni zagovornik njihovog prijema u NATO. Tokom ju?era\u0161njeg susreta predsjednici su razgovarali i o izgradnji jadransko-jonskog autoputa.<br \/>\nTo je zaista regionalni pr-ojekat i ukoliko ga EU podr\u017ei, taj dio kroz Crnu Goru ?e se zavr\u0161iti u roku koji nije tako dug, kazao je Vujanovi?.<br \/>\nMesi? je kazao da osim Jadranskog mora susjedne dr\u017eave povezuju i njihovi strate\u0161ki interesi &#8211; Atlantski pakt i Evropska unija. Isti?u?i da se integracije prave dogovorima i potpisanim sporazumima, Mesi? je ocijenio da ?e bogati dio Evrope pomo?i finansiranje izgradnje jadransko-jonskog auto puta.<br \/>\n<a href=\"http:\/\/www.visit-ulcinj.com\/blog\/wp-content\/uploads\/2008\/04\/topi-vujanovic-mesic.jpg\"><img loading=\"lazy\" class=\"alignleft attachment wp-att-1359\" style=\"float: left;\" src=\"http:\/\/www.visit-ulcinj.com\/blog\/wp-content\/uploads\/2008\/04\/topi-vujanovic-mesic.thumbnail.jpg\" alt=\"Presidenti topi-vujanovic-mesic\" width=\"200\" height=\"157\" \/><\/a> Mi se zala\u017eemo da se izgradi jadransko-jonska cesta koja ?e povezivati Italiju, Sloveniju, Bosnu i Hercegovinu, Crnu Goru, Albaniju i Gr?ku. To ?e biti najzna?ajnija cesta koja ?e integrisati ovaj prostor sa zapadnom Evropom i omogu?iti razvoj ?itavog ovog prostora. Tamo gdje pro?e autocesta tu je sigurno udru\u017eivanje, ali tu je siguran i razvoj, rekao je Mesi?.<br \/>\nTopi je kazao da se na sastanku razgovaralo o mnogim problemima koji se ti?u na\u0161ih zemalja.<br \/>\nGovorili smo i o drugim problemima koje zanimaju na\u0161e zemlje \u0161to se ti?e politi?kog aspekta, pitanja u vezi regiona. Nu\u017enost je da imamo miran i stabilan region \u0161to ?e dati i sigurnost za investiranja i kontrolu nelegalnih tokova i da bi imali vrlo mirnu teritoriju, rekao je Topi.<a href=\"http:\/\/www.visit-ulcinj.com\/blog\/wp-content\/uploads\/2008\/04\/topi-vujanovic-mesic5.jpg\"><img loading=\"lazy\" class=\"alignright attachment wp-att-1364\" style=\"float: right;\" src=\"http:\/\/www.visit-ulcinj.com\/blog\/wp-content\/uploads\/2008\/04\/topi-vujanovic-mesic5.thumbnail.jpg\" alt=\"Presidenti topi-vujanovic-mesic\" width=\"200\" height=\"152\" \/><\/a><\/p>\n<p><strong>IGRA \u017dMURKE OKO TVR?AVE<\/strong><br \/>\nSastanak predsjednika izazvao je veliko interesovanje albanskih novinara, a u gradu je bilo primjetno prisustvo policije. Obezbje?enje je bilo raspore?eno du\u017e glavnog puta u Skadru, a ljudi u crnim odijelima i sa slu\u0161alicama u u\u0161ima mogli su se primijetiti kraj mostova i puta koji vodi od grani?nog prelaza Bo\u017eaj ka Skadru.<br \/>\nDok su predsjednici obilazili skadarsku tvr?avu, grad na Bojani bio je oki?en albanskim zastavama kao da je nacionalni praznik.<br \/>\n<a href=\"http:\/\/www.visit-ulcinj.com\/blog\/wp-content\/uploads\/2008\/04\/topi-vujanovic-mesic3.jpg\"><img loading=\"lazy\" class=\"alignleft attachment wp-att-1362\" style=\"float: left;\" src=\"http:\/\/www.visit-ulcinj.com\/blog\/wp-content\/uploads\/2008\/04\/topi-vujanovic-mesic3.thumbnail.jpg\" alt=\"Presidenti topi-vujanovic-mesic\" width=\"200\" height=\"156\" \/><\/a> Obezbje?enje je na momente pravilo \u017eivi \u0161tit kako bi za\u0161titilo zvanice od doma?ih predstavnika sedme sile. Iako se Mesi? nalazi u dvodnevnoj posjeti Albaniji, njega su pratile samo dvije novinarske ekipe iz Hrvatske.<br \/>\nDa je susret Vujanovi?a i kolega iz Albanije i Hrvatske bio neformalan vidjelo se u organizaciji posjete Skadru. Novinarske ekipe iz Hrvatske do\u0161le su sa Mesi?evom pratnjom, a zbog propusta u protokolu crnogorski novinari su vi\u0161e od sata ?ekali izjave na skadarskoj tvr?avi.<br \/>\nZa to vrijeme predstavnici albanskih medija snimali su predsjednike kako pristi\u017eu u ba\u0161tu restorana Le?enda kraj Bojane.<br \/>\nIako je prethodno najavljeno da se posjeta Rozafi odla\u017ee, albanski mediji su snimali predsjednike kako obilaze staru tvr?avu, dok su crnogorski i hrvatski novinari ?ekali na izjave u ba\u0161ti restorana Marku, podno Tarabo\u0161a.<br \/>\nSa.KAJO\u0160EVI?<br \/>\nVIJESTI<\/p>\n","protected":false},"excerpt":{"rendered":"<p><img loading=\"lazy\" class=\"alignleft attachment wp-att-1367\" style=\"float: left;\" src=\"http:\/\/www.visit-ulcinj.com\/blog\/wp-content\/uploads\/2008\/04\/filip-vujanovic-bamir-topi-i-stjepan-mesic.thumbnail.jpg\" alt=\"FILIP VUJANOVI?, BAMIR TOPI I STJEPAN MESI?\" width=\"140\" height=\"140\" \/><\/p>\n","protected":false},"author":1,"featured_media":0,"comment_status":"open","ping_status":"closed","sticky":false,"template":"","format":"standard","meta":{"spay_email":"","jetpack_publicize_message":"","jetpack_is_tweetstorm":false,"jetpack_publicize_feature_enabled":true},"categories":[1,12],"tags":[2697,2695,2416,2694,524,2692,1398,1753,2689,2691,2690,2693,2698,2696],"jetpack_publicize_connections":[],"yoast_head":"<!-- This site is optimized with the Yoast SEO plugin v19.1 - https:\/\/yoast.com\/wordpress\/plugins\/seo\/ -->\n<title>NEFORMALAN SASTANAK FILIPA VUJANOVI?A, BAMIRA TOPIJA I STJEPANA MESI?A JU?E U SKADRU - Lajme nga Ulqini<\/title>\n<meta name=\"robots\" content=\"index, follow, max-snippet:-1, max-image-preview:large, max-video-preview:-1\" \/>\n<link rel=\"canonical\" href=\"https:\/\/www.visit-ulcinj.com\/blog\/2008\/04\/23\/neformalan-sastanak-filipa-vujanovica-bamira-topija-i-stjepana-mesica-juce-u-skadru\/\" \/>\n<meta property=\"og:locale\" content=\"en_US\" \/>\n<meta property=\"og:type\" content=\"article\" \/>\n<meta property=\"og:title\" content=\"NEFORMALAN SASTANAK FILIPA VUJANOVI?A, BAMIRA TOPIJA I STJEPANA MESI?A JU?E U SKADRU - Lajme nga Ulqini\" \/>\n<meta property=\"og:url\" content=\"https:\/\/www.visit-ulcinj.com\/blog\/2008\/04\/23\/neformalan-sastanak-filipa-vujanovica-bamira-topija-i-stjepana-mesica-juce-u-skadru\/\" \/>\n<meta property=\"og:site_name\" content=\"Lajme nga Ulqini\" \/>\n<meta property=\"article:published_time\" content=\"2008-04-23T11:23:30+00:00\" \/>\n<meta property=\"article:modified_time\" content=\"2008-04-23T11:26:48+00:00\" \/>\n<meta property=\"og:image\" content=\"http:\/\/www.visit-ulcinj.com\/blog\/wp-content\/uploads\/2008\/04\/filip-vujanovic-bamir-topi-i-stjepan-mesic.thumbnail.jpg\" \/>\n<meta name=\"twitter:label1\" content=\"Written by\" \/>\n\t<meta name=\"twitter:data1\" content=\"ulqini\" \/>\n\t<meta name=\"twitter:label2\" content=\"Est. reading time\" \/>\n\t<meta name=\"twitter:data2\" content=\"3 minutes\" \/>\n<script type=\"application\/ld+json\" class=\"yoast-schema-graph\">{\"@context\":\"https:\/\/schema.org\",\"@graph\":[{\"@type\":\"WebSite\",\"@id\":\"https:\/\/www.visit-ulcinj.com\/blog\/#website\",\"url\":\"https:\/\/www.visit-ulcinj.com\/blog\/\",\"name\":\"Lajme nga Ulqini\",\"description\":\"Lajme,Vijesti,Ulqini,Ulqin,Crna Gora,Mali i Zi\",\"potentialAction\":[{\"@type\":\"SearchAction\",\"target\":{\"@type\":\"EntryPoint\",\"urlTemplate\":\"https:\/\/www.visit-ulcinj.com\/blog\/?s={search_term_string}\"},\"query-input\":\"required name=search_term_string\"}],\"inLanguage\":\"en-US\"},{\"@type\":\"ImageObject\",\"inLanguage\":\"en-US\",\"@id\":\"https:\/\/www.visit-ulcinj.com\/blog\/2008\/04\/23\/neformalan-sastanak-filipa-vujanovica-bamira-topija-i-stjepana-mesica-juce-u-skadru\/#primaryimage\",\"url\":\"http:\/\/www.visit-ulcinj.com\/blog\/wp-content\/uploads\/2008\/04\/filip-vujanovic-bamir-topi-i-stjepan-mesic.thumbnail.jpg\",\"contentUrl\":\"http:\/\/www.visit-ulcinj.com\/blog\/wp-content\/uploads\/2008\/04\/filip-vujanovic-bamir-topi-i-stjepan-mesic.thumbnail.jpg\"},{\"@type\":\"WebPage\",\"@id\":\"https:\/\/www.visit-ulcinj.com\/blog\/2008\/04\/23\/neformalan-sastanak-filipa-vujanovica-bamira-topija-i-stjepana-mesica-juce-u-skadru\/#webpage\",\"url\":\"https:\/\/www.visit-ulcinj.com\/blog\/2008\/04\/23\/neformalan-sastanak-filipa-vujanovica-bamira-topija-i-stjepana-mesica-juce-u-skadru\/\",\"name\":\"NEFORMALAN SASTANAK FILIPA VUJANOVI?A, BAMIRA TOPIJA I STJEPANA MESI?A JU?E U SKADRU - Lajme nga Ulqini\",\"isPartOf\":{\"@id\":\"https:\/\/www.visit-ulcinj.com\/blog\/#website\"},\"primaryImageOfPage\":{\"@id\":\"https:\/\/www.visit-ulcinj.com\/blog\/2008\/04\/23\/neformalan-sastanak-filipa-vujanovica-bamira-topija-i-stjepana-mesica-juce-u-skadru\/#primaryimage\"},\"datePublished\":\"2008-04-23T11:23:30+00:00\",\"dateModified\":\"2008-04-23T11:26:48+00:00\",\"author\":{\"@id\":\"https:\/\/www.visit-ulcinj.com\/blog\/#\/schema\/person\/dcab619c614d3038751c63bc2aadc06d\"},\"breadcrumb\":{\"@id\":\"https:\/\/www.visit-ulcinj.com\/blog\/2008\/04\/23\/neformalan-sastanak-filipa-vujanovica-bamira-topija-i-stjepana-mesica-juce-u-skadru\/#breadcrumb\"},\"inLanguage\":\"en-US\",\"potentialAction\":[{\"@type\":\"ReadAction\",\"target\":[\"https:\/\/www.visit-ulcinj.com\/blog\/2008\/04\/23\/neformalan-sastanak-filipa-vujanovica-bamira-topija-i-stjepana-mesica-juce-u-skadru\/\"]}]},{\"@type\":\"BreadcrumbList\",\"@id\":\"https:\/\/www.visit-ulcinj.com\/blog\/2008\/04\/23\/neformalan-sastanak-filipa-vujanovica-bamira-topija-i-stjepana-mesica-juce-u-skadru\/#breadcrumb\",\"itemListElement\":[{\"@type\":\"ListItem\",\"position\":1,\"name\":\"NEFORMALAN SASTANAK FILIPA VUJANOVI?A, BAMIRA TOPIJA I STJEPANA MESI?A JU?E U SKADRU\"}]},{\"@type\":\"Person\",\"@id\":\"https:\/\/www.visit-ulcinj.com\/blog\/#\/schema\/person\/dcab619c614d3038751c63bc2aadc06d\",\"name\":\"ulqini\",\"sameAs\":[\"http:\/\/www.visit-ulcinj.com\"],\"url\":\"https:\/\/www.visit-ulcinj.com\/blog\/author\/admin\/\"}]}<\/script>\n<!-- \/ Yoast SEO plugin. -->","yoast_head_json":{"title":"NEFORMALAN SASTANAK FILIPA VUJANOVI?A, BAMIRA TOPIJA I STJEPANA MESI?A JU?E U SKADRU - Lajme nga Ulqini","robots":{"index":"index","follow":"follow","max-snippet":"max-snippet:-1","max-image-preview":"max-image-preview:large","max-video-preview":"max-video-preview:-1"},"canonical":"https:\/\/www.visit-ulcinj.com\/blog\/2008\/04\/23\/neformalan-sastanak-filipa-vujanovica-bamira-topija-i-stjepana-mesica-juce-u-skadru\/","og_locale":"en_US","og_type":"article","og_title":"NEFORMALAN SASTANAK FILIPA VUJANOVI?A, BAMIRA TOPIJA I STJEPANA MESI?A JU?E U SKADRU - Lajme nga Ulqini","og_url":"https:\/\/www.visit-ulcinj.com\/blog\/2008\/04\/23\/neformalan-sastanak-filipa-vujanovica-bamira-topija-i-stjepana-mesica-juce-u-skadru\/","og_site_name":"Lajme nga Ulqini","article_published_time":"2008-04-23T11:23:30+00:00","article_modified_time":"2008-04-23T11:26:48+00:00","og_image":[{"url":"http:\/\/www.visit-ulcinj.com\/blog\/wp-content\/uploads\/2008\/04\/filip-vujanovic-bamir-topi-i-stjepan-mesic.thumbnail.jpg"}],"twitter_misc":{"Written by":"ulqini","Est. reading time":"3 minutes"},"schema":{"@context":"https:\/\/schema.org","@graph":[{"@type":"WebSite","@id":"https:\/\/www.visit-ulcinj.com\/blog\/#website","url":"https:\/\/www.visit-ulcinj.com\/blog\/","name":"Lajme nga Ulqini","description":"Lajme,Vijesti,Ulqini,Ulqin,Crna Gora,Mali i Zi","potentialAction":[{"@type":"SearchAction","target":{"@type":"EntryPoint","urlTemplate":"https:\/\/www.visit-ulcinj.com\/blog\/?s={search_term_string}"},"query-input":"required name=search_term_string"}],"inLanguage":"en-US"},{"@type":"ImageObject","inLanguage":"en-US","@id":"https:\/\/www.visit-ulcinj.com\/blog\/2008\/04\/23\/neformalan-sastanak-filipa-vujanovica-bamira-topija-i-stjepana-mesica-juce-u-skadru\/#primaryimage","url":"http:\/\/www.visit-ulcinj.com\/blog\/wp-content\/uploads\/2008\/04\/filip-vujanovic-bamir-topi-i-stjepan-mesic.thumbnail.jpg","contentUrl":"http:\/\/www.visit-ulcinj.com\/blog\/wp-content\/uploads\/2008\/04\/filip-vujanovic-bamir-topi-i-stjepan-mesic.thumbnail.jpg"},{"@type":"WebPage","@id":"https:\/\/www.visit-ulcinj.com\/blog\/2008\/04\/23\/neformalan-sastanak-filipa-vujanovica-bamira-topija-i-stjepana-mesica-juce-u-skadru\/#webpage","url":"https:\/\/www.visit-ulcinj.com\/blog\/2008\/04\/23\/neformalan-sastanak-filipa-vujanovica-bamira-topija-i-stjepana-mesica-juce-u-skadru\/","name":"NEFORMALAN SASTANAK FILIPA VUJANOVI?A, BAMIRA TOPIJA I STJEPANA MESI?A JU?E U SKADRU - Lajme nga Ulqini","isPartOf":{"@id":"https:\/\/www.visit-ulcinj.com\/blog\/#website"},"primaryImageOfPage":{"@id":"https:\/\/www.visit-ulcinj.com\/blog\/2008\/04\/23\/neformalan-sastanak-filipa-vujanovica-bamira-topija-i-stjepana-mesica-juce-u-skadru\/#primaryimage"},"datePublished":"2008-04-23T11:23:30+00:00","dateModified":"2008-04-23T11:26:48+00:00","author":{"@id":"https:\/\/www.visit-ulcinj.com\/blog\/#\/schema\/person\/dcab619c614d3038751c63bc2aadc06d"},"breadcrumb":{"@id":"https:\/\/www.visit-ulcinj.com\/blog\/2008\/04\/23\/neformalan-sastanak-filipa-vujanovica-bamira-topija-i-stjepana-mesica-juce-u-skadru\/#breadcrumb"},"inLanguage":"en-US","potentialAction":[{"@type":"ReadAction","target":["https:\/\/www.visit-ulcinj.com\/blog\/2008\/04\/23\/neformalan-sastanak-filipa-vujanovica-bamira-topija-i-stjepana-mesica-juce-u-skadru\/"]}]},{"@type":"BreadcrumbList","@id":"https:\/\/www.visit-ulcinj.com\/blog\/2008\/04\/23\/neformalan-sastanak-filipa-vujanovica-bamira-topija-i-stjepana-mesica-juce-u-skadru\/#breadcrumb","itemListElement":[{"@type":"ListItem","position":1,"name":"NEFORMALAN SASTANAK FILIPA VUJANOVI?A, BAMIRA TOPIJA I STJEPANA MESI?A JU?E U SKADRU"}]},{"@type":"Person","@id":"https:\/\/www.visit-ulcinj.com\/blog\/#\/schema\/person\/dcab619c614d3038751c63bc2aadc06d","name":"ulqini","sameAs":["http:\/\/www.visit-ulcinj.com"],"url":"https:\/\/www.visit-ulcinj.com\/blog\/author\/admin\/"}]}},"jetpack_featured_media_url":"","jetpack_sharing_enabled":true,"jetpack_shortlink":"https:\/\/wp.me\/pe6lTn-m2","_links":{"self":[{"href":"https:\/\/www.visit-ulcinj.com\/blog\/wp-json\/wp\/v2\/posts\/1366"}],"collection":[{"href":"https:\/\/www.visit-ulcinj.com\/blog\/wp-json\/wp\/v2\/posts"}],"about":[{"href":"https:\/\/www.visit-ulcinj.com\/blog\/wp-json\/wp\/v2\/types\/post"}],"author":[{"embeddable":true,"href":"https:\/\/www.visit-ulcinj.com\/blog\/wp-json\/wp\/v2\/users\/1"}],"replies":[{"embeddable":true,"href":"https:\/\/www.visit-ulcinj.com\/blog\/wp-json\/wp\/v2\/comments?post=1366"}],"version-history":[{"count":0,"href":"https:\/\/www.visit-ulcinj.com\/blog\/wp-json\/wp\/v2\/posts\/1366\/revisions"}],"wp:attachment":[{"href":"https:\/\/www.visit-ulcinj.com\/blog\/wp-json\/wp\/v2\/media?parent=1366"}],"wp:term":[{"taxonomy":"category","embeddable":true,"href":"https:\/\/www.visit-ulcinj.com\/blog\/wp-json\/wp\/v2\/categories?post=1366"},{"taxonomy":"post_tag","embeddable":true,"href":"https:\/\/www.visit-ulcinj.com\/blog\/wp-json\/wp\/v2\/tags?post=1366"}],"curies":[{"name":"wp","href":"https:\/\/api.w.org\/{rel}","templated":true}]}}