{"id":13665,"date":"2009-03-10T00:04:33","date_gmt":"2009-03-09T23:04:33","guid":{"rendered":"http:\/\/www.visit-ulcinj.com\/blog\/?p=13665"},"modified":"2009-03-10T00:04:33","modified_gmt":"2009-03-09T23:04:33","slug":"aida-debat-per-punet","status":"publish","type":"post","link":"https:\/\/www.visit-ulcinj.com\/blog\/2009\/03\/10\/aida-debat-per-punet\/","title":{"rendered":"Aida : Debat p\u00ebr pun\u00ebt"},"content":{"rendered":"<p><em><span class=\"newsdate\"><a href=\"http:\/\/www.visit-ulcinj.com\/blog\/wp-content\/uploads\/2009\/03\/aida-per-punet.jpg\"><img loading=\"lazy\" class=\"alignleft size-full wp-image-13666\" title=\"aida-per-punet-big-brother-albania-2\" src=\"http:\/\/www.visit-ulcinj.com\/blog\/wp-content\/uploads\/2009\/03\/aida-per-punet.jpg\" alt=\"aida-per-punet-big-brother-albania-2\" width=\"300\" height=\"205\" \/><\/a>09\/03\/09 16:43<\/span><\/em><\/p>\n<p>Aida si kryefamiljare duhet t\u00eb ndaj\u00eb grupet e pun\u00ebs n\u00eb sht\u00ebpi. Ajo k\u00ebrkon mendimin e banor\u00ebve p\u00ebr k\u00ebt\u00eb gj\u00eb. Qetsori i thot\u00eb q\u00eb \u00ebsht\u00eb ajo q\u00eb i vendos gj\u00ebrat dhe q\u00eb asnj\u00ebri nuk duhet t`a kund\u00ebrshtoj. Arjoni nd\u00ebrhyn duke th\u00ebn\u00eb q\u00eb banor\u00ebt nuk duhet t`i marrin si personale gj\u00ebrat q\u00eb thot\u00eb Aida n\u00eb lidhje me pun\u00ebt e sht\u00ebpis\u00eb. Adelajda mendon q\u00eb Qetsori dhe Arjoni t\u00eb mos merren me pastrim, pasi ato gatuajn\u00eb. Ajo fillon t\u00eb debatoj me Zhuljet\u00ebn pasi i thot\u00eb q\u00eb nuk e ka par\u00eb asnj\u00ebher\u00eb t\u00eb gatuaj. Zhuljeta i thot\u00eb:-\u201cUn\u00eb nuk rri kot,merrem me dicka\u201d. Dritani i thot\u00eb Aid\u00ebs q\u00eb \u00ebsht\u00eb ajo q\u00eb duhet t`i jap\u00eb drejtim gj\u00ebrave. Banor\u00ebt fillojn\u00eb debatojn\u00eb p\u00ebr ndarjen e grupeve por \u00ebsht\u00eb Aida q\u00eb vendos n\u00eb fund se si do ndahen duke u munduar t`i angazhoj t\u00eb gjith\u00eb.<\/p>\n","protected":false},"excerpt":{"rendered":"<p>09\/03\/09 16:43 Aida si kryefamiljare duhet t\u00eb ndaj\u00eb grupet e pun\u00ebs n\u00eb sht\u00ebpi. Ajo k\u00ebrkon mendimin e banor\u00ebve p\u00ebr k\u00ebt\u00eb gj\u00eb. Qetsori i thot\u00eb q\u00eb \u00ebsht\u00eb ajo q\u00eb i vendos gj\u00ebrat dhe q\u00eb asnj\u00ebri nuk duhet t`a kund\u00ebrshtoj. Arjoni nd\u00ebrhyn duke th\u00ebn\u00eb q\u00eb banor\u00ebt nuk duhet t`i marrin si personale gj\u00ebrat q\u00eb thot\u00eb Aida n\u00eb [&hellip;]<\/p>\n","protected":false},"author":1,"featured_media":0,"comment_status":"open","ping_status":"closed","sticky":false,"template":"","format":"standard","meta":{"spay_email":"","jetpack_publicize_message":"","jetpack_is_tweetstorm":false,"jetpack_publicize_feature_enabled":true},"categories":[6502],"tags":[6566,6537,5057,6506,6516,6712,7129,7756,6900,6891,6693,6887],"jetpack_publicize_connections":[],"yoast_head":"<!-- This site is optimized with the Yoast SEO plugin v19.1 - https:\/\/yoast.com\/wordpress\/plugins\/seo\/ -->\n<title>Aida : Debat p\u00c3\u00abr pun\u00c3\u00abt | Big Brother Albania 2<\/title>\n<meta name=\"description\" content=\"Big Brother Albania 2 - Aida si kryefamiljare duhet t\u00c3\u00ab ndaj\u00c3\u00ab grupet e pun\u00c3\u00abs n\u00c3\u00ab sht\u00c3\u00abpi. Ajo k\u00c3\u00abrkon mendimin e banor\u00c3\u00abve p\u00c3\u00abr k\u00c3\u00abt\u00c3\u00ab gj\u00c3\u00ab.\" \/>\n<meta name=\"robots\" content=\"index, follow, max-snippet:-1, max-image-preview:large, max-video-preview:-1\" \/>\n<link rel=\"canonical\" href=\"https:\/\/www.visit-ulcinj.com\/blog\/2009\/03\/10\/aida-debat-per-punet\/\" \/>\n<meta property=\"og:locale\" content=\"en_US\" \/>\n<meta property=\"og:type\" content=\"article\" \/>\n<meta property=\"og:title\" content=\"Aida : Debat p\u00c3\u00abr pun\u00c3\u00abt | Big Brother Albania 2\" \/>\n<meta property=\"og:description\" content=\"Big Brother Albania 2 - Aida si kryefamiljare duhet t\u00c3\u00ab ndaj\u00c3\u00ab grupet e pun\u00c3\u00abs n\u00c3\u00ab sht\u00c3\u00abpi. Ajo k\u00c3\u00abrkon mendimin e banor\u00c3\u00abve p\u00c3\u00abr k\u00c3\u00abt\u00c3\u00ab gj\u00c3\u00ab.\" \/>\n<meta property=\"og:url\" content=\"https:\/\/www.visit-ulcinj.com\/blog\/2009\/03\/10\/aida-debat-per-punet\/\" \/>\n<meta property=\"og:site_name\" content=\"Lajme nga Ulqini\" \/>\n<meta property=\"article:published_time\" content=\"2009-03-09T23:04:33+00:00\" \/>\n<meta property=\"og:image\" content=\"http:\/\/www.visit-ulcinj.com\/blog\/wp-content\/uploads\/2009\/03\/aida-per-punet.jpg\" \/>\n<meta name=\"twitter:label1\" content=\"Written by\" \/>\n\t<meta name=\"twitter:data1\" content=\"ulqini\" \/>\n\t<meta name=\"twitter:label2\" content=\"Est. reading time\" \/>\n\t<meta name=\"twitter:data2\" content=\"1 minute\" \/>\n<script type=\"application\/ld+json\" class=\"yoast-schema-graph\">{\"@context\":\"https:\/\/schema.org\",\"@graph\":[{\"@type\":\"WebSite\",\"@id\":\"https:\/\/www.visit-ulcinj.com\/blog\/#website\",\"url\":\"https:\/\/www.visit-ulcinj.com\/blog\/\",\"name\":\"Lajme nga Ulqini\",\"description\":\"Lajme,Vijesti,Ulqini,Ulqin,Crna Gora,Mali i Zi\",\"potentialAction\":[{\"@type\":\"SearchAction\",\"target\":{\"@type\":\"EntryPoint\",\"urlTemplate\":\"https:\/\/www.visit-ulcinj.com\/blog\/?s={search_term_string}\"},\"query-input\":\"required name=search_term_string\"}],\"inLanguage\":\"en-US\"},{\"@type\":\"ImageObject\",\"inLanguage\":\"en-US\",\"@id\":\"https:\/\/www.visit-ulcinj.com\/blog\/2009\/03\/10\/aida-debat-per-punet\/#primaryimage\",\"url\":\"http:\/\/www.visit-ulcinj.com\/blog\/wp-content\/uploads\/2009\/03\/aida-per-punet.jpg\",\"contentUrl\":\"http:\/\/www.visit-ulcinj.com\/blog\/wp-content\/uploads\/2009\/03\/aida-per-punet.jpg\"},{\"@type\":\"WebPage\",\"@id\":\"https:\/\/www.visit-ulcinj.com\/blog\/2009\/03\/10\/aida-debat-per-punet\/#webpage\",\"url\":\"https:\/\/www.visit-ulcinj.com\/blog\/2009\/03\/10\/aida-debat-per-punet\/\",\"name\":\"Aida : Debat p\u00c3\u00abr pun\u00c3\u00abt | Big Brother Albania 2\",\"isPartOf\":{\"@id\":\"https:\/\/www.visit-ulcinj.com\/blog\/#website\"},\"primaryImageOfPage\":{\"@id\":\"https:\/\/www.visit-ulcinj.com\/blog\/2009\/03\/10\/aida-debat-per-punet\/#primaryimage\"},\"datePublished\":\"2009-03-09T23:04:33+00:00\",\"dateModified\":\"2009-03-09T23:04:33+00:00\",\"author\":{\"@id\":\"https:\/\/www.visit-ulcinj.com\/blog\/#\/schema\/person\/dcab619c614d3038751c63bc2aadc06d\"},\"description\":\"Big Brother Albania 2 - Aida si kryefamiljare duhet t\u00c3\u00ab ndaj\u00c3\u00ab grupet e pun\u00c3\u00abs n\u00c3\u00ab sht\u00c3\u00abpi. Ajo k\u00c3\u00abrkon mendimin e banor\u00c3\u00abve p\u00c3\u00abr k\u00c3\u00abt\u00c3\u00ab gj\u00c3\u00ab.\",\"breadcrumb\":{\"@id\":\"https:\/\/www.visit-ulcinj.com\/blog\/2009\/03\/10\/aida-debat-per-punet\/#breadcrumb\"},\"inLanguage\":\"en-US\",\"potentialAction\":[{\"@type\":\"ReadAction\",\"target\":[\"https:\/\/www.visit-ulcinj.com\/blog\/2009\/03\/10\/aida-debat-per-punet\/\"]}]},{\"@type\":\"BreadcrumbList\",\"@id\":\"https:\/\/www.visit-ulcinj.com\/blog\/2009\/03\/10\/aida-debat-per-punet\/#breadcrumb\",\"itemListElement\":[{\"@type\":\"ListItem\",\"position\":1,\"name\":\"Aida : Debat p\u00ebr pun\u00ebt\"}]},{\"@type\":\"Person\",\"@id\":\"https:\/\/www.visit-ulcinj.com\/blog\/#\/schema\/person\/dcab619c614d3038751c63bc2aadc06d\",\"name\":\"ulqini\",\"sameAs\":[\"http:\/\/www.visit-ulcinj.com\"],\"url\":\"https:\/\/www.visit-ulcinj.com\/blog\/author\/admin\/\"}]}<\/script>\n<!-- \/ Yoast SEO plugin. -->","yoast_head_json":{"title":"Aida : Debat p\u00c3\u00abr pun\u00c3\u00abt | Big Brother Albania 2","description":"Big Brother Albania 2 - Aida si kryefamiljare duhet t\u00c3\u00ab ndaj\u00c3\u00ab grupet e pun\u00c3\u00abs n\u00c3\u00ab sht\u00c3\u00abpi. Ajo k\u00c3\u00abrkon mendimin e banor\u00c3\u00abve p\u00c3\u00abr k\u00c3\u00abt\u00c3\u00ab gj\u00c3\u00ab.","robots":{"index":"index","follow":"follow","max-snippet":"max-snippet:-1","max-image-preview":"max-image-preview:large","max-video-preview":"max-video-preview:-1"},"canonical":"https:\/\/www.visit-ulcinj.com\/blog\/2009\/03\/10\/aida-debat-per-punet\/","og_locale":"en_US","og_type":"article","og_title":"Aida : Debat p\u00c3\u00abr pun\u00c3\u00abt | Big Brother Albania 2","og_description":"Big Brother Albania 2 - Aida si kryefamiljare duhet t\u00c3\u00ab ndaj\u00c3\u00ab grupet e pun\u00c3\u00abs n\u00c3\u00ab sht\u00c3\u00abpi. Ajo k\u00c3\u00abrkon mendimin e banor\u00c3\u00abve p\u00c3\u00abr k\u00c3\u00abt\u00c3\u00ab gj\u00c3\u00ab.","og_url":"https:\/\/www.visit-ulcinj.com\/blog\/2009\/03\/10\/aida-debat-per-punet\/","og_site_name":"Lajme nga Ulqini","article_published_time":"2009-03-09T23:04:33+00:00","og_image":[{"url":"http:\/\/www.visit-ulcinj.com\/blog\/wp-content\/uploads\/2009\/03\/aida-per-punet.jpg"}],"twitter_misc":{"Written by":"ulqini","Est. reading time":"1 minute"},"schema":{"@context":"https:\/\/schema.org","@graph":[{"@type":"WebSite","@id":"https:\/\/www.visit-ulcinj.com\/blog\/#website","url":"https:\/\/www.visit-ulcinj.com\/blog\/","name":"Lajme nga Ulqini","description":"Lajme,Vijesti,Ulqini,Ulqin,Crna Gora,Mali i Zi","potentialAction":[{"@type":"SearchAction","target":{"@type":"EntryPoint","urlTemplate":"https:\/\/www.visit-ulcinj.com\/blog\/?s={search_term_string}"},"query-input":"required name=search_term_string"}],"inLanguage":"en-US"},{"@type":"ImageObject","inLanguage":"en-US","@id":"https:\/\/www.visit-ulcinj.com\/blog\/2009\/03\/10\/aida-debat-per-punet\/#primaryimage","url":"http:\/\/www.visit-ulcinj.com\/blog\/wp-content\/uploads\/2009\/03\/aida-per-punet.jpg","contentUrl":"http:\/\/www.visit-ulcinj.com\/blog\/wp-content\/uploads\/2009\/03\/aida-per-punet.jpg"},{"@type":"WebPage","@id":"https:\/\/www.visit-ulcinj.com\/blog\/2009\/03\/10\/aida-debat-per-punet\/#webpage","url":"https:\/\/www.visit-ulcinj.com\/blog\/2009\/03\/10\/aida-debat-per-punet\/","name":"Aida : Debat p\u00c3\u00abr pun\u00c3\u00abt | Big Brother Albania 2","isPartOf":{"@id":"https:\/\/www.visit-ulcinj.com\/blog\/#website"},"primaryImageOfPage":{"@id":"https:\/\/www.visit-ulcinj.com\/blog\/2009\/03\/10\/aida-debat-per-punet\/#primaryimage"},"datePublished":"2009-03-09T23:04:33+00:00","dateModified":"2009-03-09T23:04:33+00:00","author":{"@id":"https:\/\/www.visit-ulcinj.com\/blog\/#\/schema\/person\/dcab619c614d3038751c63bc2aadc06d"},"description":"Big Brother Albania 2 - Aida si kryefamiljare duhet t\u00c3\u00ab ndaj\u00c3\u00ab grupet e pun\u00c3\u00abs n\u00c3\u00ab sht\u00c3\u00abpi. Ajo k\u00c3\u00abrkon mendimin e banor\u00c3\u00abve p\u00c3\u00abr k\u00c3\u00abt\u00c3\u00ab gj\u00c3\u00ab.","breadcrumb":{"@id":"https:\/\/www.visit-ulcinj.com\/blog\/2009\/03\/10\/aida-debat-per-punet\/#breadcrumb"},"inLanguage":"en-US","potentialAction":[{"@type":"ReadAction","target":["https:\/\/www.visit-ulcinj.com\/blog\/2009\/03\/10\/aida-debat-per-punet\/"]}]},{"@type":"BreadcrumbList","@id":"https:\/\/www.visit-ulcinj.com\/blog\/2009\/03\/10\/aida-debat-per-punet\/#breadcrumb","itemListElement":[{"@type":"ListItem","position":1,"name":"Aida : Debat p\u00ebr pun\u00ebt"}]},{"@type":"Person","@id":"https:\/\/www.visit-ulcinj.com\/blog\/#\/schema\/person\/dcab619c614d3038751c63bc2aadc06d","name":"ulqini","sameAs":["http:\/\/www.visit-ulcinj.com"],"url":"https:\/\/www.visit-ulcinj.com\/blog\/author\/admin\/"}]}},"jetpack_featured_media_url":"","jetpack_sharing_enabled":true,"jetpack_shortlink":"https:\/\/wp.me\/pe6lTn-3yp","_links":{"self":[{"href":"https:\/\/www.visit-ulcinj.com\/blog\/wp-json\/wp\/v2\/posts\/13665"}],"collection":[{"href":"https:\/\/www.visit-ulcinj.com\/blog\/wp-json\/wp\/v2\/posts"}],"about":[{"href":"https:\/\/www.visit-ulcinj.com\/blog\/wp-json\/wp\/v2\/types\/post"}],"author":[{"embeddable":true,"href":"https:\/\/www.visit-ulcinj.com\/blog\/wp-json\/wp\/v2\/users\/1"}],"replies":[{"embeddable":true,"href":"https:\/\/www.visit-ulcinj.com\/blog\/wp-json\/wp\/v2\/comments?post=13665"}],"version-history":[{"count":0,"href":"https:\/\/www.visit-ulcinj.com\/blog\/wp-json\/wp\/v2\/posts\/13665\/revisions"}],"wp:attachment":[{"href":"https:\/\/www.visit-ulcinj.com\/blog\/wp-json\/wp\/v2\/media?parent=13665"}],"wp:term":[{"taxonomy":"category","embeddable":true,"href":"https:\/\/www.visit-ulcinj.com\/blog\/wp-json\/wp\/v2\/categories?post=13665"},{"taxonomy":"post_tag","embeddable":true,"href":"https:\/\/www.visit-ulcinj.com\/blog\/wp-json\/wp\/v2\/tags?post=13665"}],"curies":[{"name":"wp","href":"https:\/\/api.w.org\/{rel}","templated":true}]}}