{"id":13671,"date":"2009-03-10T00:10:36","date_gmt":"2009-03-09T23:10:36","guid":{"rendered":"http:\/\/www.visit-ulcinj.com\/blog\/?p=13671"},"modified":"2009-03-10T00:10:36","modified_gmt":"2009-03-09T23:10:36","slug":"adelajda-ti-i-pelqen-mesides","status":"publish","type":"post","link":"https:\/\/www.visit-ulcinj.com\/blog\/2009\/03\/10\/adelajda-ti-i-pelqen-mesides\/","title":{"rendered":"Adelajda : Ti i p\u00eblqen Mesid\u00ebs"},"content":{"rendered":"<p><em><span class=\"newsdate\"><a href=\"http:\/\/www.visit-ulcinj.com\/blog\/wp-content\/uploads\/2009\/03\/adelajdabjordi-copy.jpg\"><img loading=\"lazy\" class=\"alignleft size-full wp-image-13672\" title=\"adelajda-bjordi-big-brother-albania-2\" src=\"http:\/\/www.visit-ulcinj.com\/blog\/wp-content\/uploads\/2009\/03\/adelajdabjordi-copy.jpg\" alt=\"adelajda-bjordi-big-brother-albania-2\" width=\"300\" height=\"205\" \/><\/a>09\/03\/09 00:50<\/span><\/em><\/p>\n<p>\u201cKam v\u00ebn\u00eb re q\u00eb ti i p\u00eblqen nj\u00eb femre k\u00ebtu!\u201d &#8211; i ka th\u00ebn\u00eb Adelajda Bjordit. \u201cVet\u00ebm nj\u00ebr\u00ebs?\u201d- ia ka kthyer ai. Pastaj ka vazhduar duke th\u00ebn\u00eb se nuk mund t\u2019i p\u00eblqej\u00eb vet\u00ebm nj\u00ebr\u00ebs dhe e ka pyetur at\u00eb n\u00ebse i vinte inat. N\u00eb bised\u00ebn e tyre ka nd\u00ebrhyr\u00eb Adi dhe ajo ka marr\u00eb tjet\u00ebr drejtim. M\u00eb pas, Adelajda ka insistuar q\u00eb Bjordi t\u2019i tregoj\u00eb se cil\u00ebn nga femrat ai p\u00eblqente m\u00eb tep\u00ebr. Kaq ka mjaftuar q\u00eb ai t\u00eb filloj\u00eb ta ngacmoj\u00eb dhe, gjithsesi, t\u00eb mos i jap\u00eb nj\u00eb p\u00ebrgjigje. Pak m\u00eb von\u00eb, gjat\u00eb k\u00ebrcimit e nj\u00ebjta tem\u00eb \u00ebsht\u00eb hapur p\u00ebrs\u00ebri. Adelajda ka komentuar veprimet e Mesid\u00ebs, kur kjo e fundit k\u00ebrcente me Bjordin dhe i tha se ndjenja e Mesid\u00ebs p\u00ebr t\u00eb (Bjordin), nuk mund t\u00eb ishte thjesht miq\u00ebsi. Sipas Bjordit, gjeste q\u00eb Adelajdes i duken si gjeste dashurie, mund t\u00eb jen\u00eb edhe thjesht nj\u00eb miq\u00ebsi e ngroht\u00eb mes nj\u00eb femre e nj\u00eb mashkulli. \u201cNdwrsa un\u00eb i jap shum\u00eb r\u00ebnd\u00ebsi gj\u00ebrave t\u00eb vogla!\u201d- ka th\u00ebn\u00eb Adelajda. Ajo ka shtuar gjithashtu se e kishte parashikuar t\u00eb ndodhte nj\u00eb gj\u00eb e till\u00eb, duke qen\u00eb se ata (Bjordi dhe Mesida) kishin shum\u00eb t\u00eb p\u00ebrbashk\u00ebta, e para nga t\u00eb cilat ishte fakti q\u00eb kishin jetuar t\u00eb dy jasht\u00eb. Ve\u00e7 k\u00ebsaj, sipas Adel\u00ebs, Mesida nuk ka komplekse. Bjordi e ka pyetur Adelajden sesi ndjehej ajo p\u00ebr afrimitetin e tij me Mesid\u00ebn dhe ajo i \u00ebsht\u00eb p\u00ebrgjigjur se i b\u00ebhej qejfi p\u00ebr t\u00eb. \u201cPrandaj u skuqe ti?\u201d \u2013 e ka pyetur ai.<\/p>\n","protected":false},"excerpt":{"rendered":"<p>09\/03\/09 00:50 \u201cKam v\u00ebn\u00eb re q\u00eb ti i p\u00eblqen nj\u00eb femre k\u00ebtu!\u201d &#8211; i ka th\u00ebn\u00eb Adelajda Bjordit. \u201cVet\u00ebm nj\u00ebr\u00ebs?\u201d- ia ka kthyer ai. Pastaj ka vazhduar duke th\u00ebn\u00eb se nuk mund t\u2019i p\u00eblqej\u00eb vet\u00ebm nj\u00ebr\u00ebs dhe e ka pyetur at\u00eb n\u00ebse i vinte inat. N\u00eb bised\u00ebn e tyre ka nd\u00ebrhyr\u00eb Adi dhe ajo ka [&hellip;]<\/p>\n","protected":false},"author":1,"featured_media":0,"comment_status":"open","ping_status":"closed","sticky":false,"template":"","format":"standard","meta":{"spay_email":"","jetpack_publicize_message":"","jetpack_is_tweetstorm":false,"jetpack_publicize_feature_enabled":true},"categories":[6502],"tags":[6562,6529,5057,6506,6516,6712,7129,6665,6522,7365,7364,6891,6693,6887],"jetpack_publicize_connections":[],"yoast_head":"<!-- This site is optimized with the Yoast SEO plugin v19.1 - https:\/\/yoast.com\/wordpress\/plugins\/seo\/ -->\n<title>Adelajda : Ti i p\u00c3\u00ablqen Mesid\u00c3\u00abs | Big Brother Albania 2<\/title>\n<meta name=\"description\" content=\"Big Brother Albania 2 - \u00e2\u20ac\u0153Kam v\u00c3\u00abn\u00c3\u00ab re q\u00c3\u00ab ti i p\u00c3\u00ablqen nj\u00c3\u00ab femre k\u00c3\u00abtu!\u00e2\u20ac\u009d - i ka th\u00c3\u00abn\u00c3\u00ab Adelajda Bjordit. \u00e2\u20ac\u0153Vet\u00c3\u00abm nj\u00c3\u00abr\u00c3\u00abs?\u00e2\u20ac\u009d- ia ka kthyer ai.\" \/>\n<meta name=\"robots\" content=\"index, follow, max-snippet:-1, max-image-preview:large, max-video-preview:-1\" \/>\n<link rel=\"canonical\" href=\"https:\/\/www.visit-ulcinj.com\/blog\/2009\/03\/10\/adelajda-ti-i-pelqen-mesides\/\" \/>\n<meta property=\"og:locale\" content=\"en_US\" \/>\n<meta property=\"og:type\" content=\"article\" \/>\n<meta property=\"og:title\" content=\"Adelajda : Ti i p\u00c3\u00ablqen Mesid\u00c3\u00abs | Big Brother Albania 2\" \/>\n<meta property=\"og:description\" content=\"Big Brother Albania 2 - \u00e2\u20ac\u0153Kam v\u00c3\u00abn\u00c3\u00ab re q\u00c3\u00ab ti i p\u00c3\u00ablqen nj\u00c3\u00ab femre k\u00c3\u00abtu!\u00e2\u20ac\u009d - i ka th\u00c3\u00abn\u00c3\u00ab Adelajda Bjordit. \u00e2\u20ac\u0153Vet\u00c3\u00abm nj\u00c3\u00abr\u00c3\u00abs?\u00e2\u20ac\u009d- ia ka kthyer ai.\" \/>\n<meta property=\"og:url\" content=\"https:\/\/www.visit-ulcinj.com\/blog\/2009\/03\/10\/adelajda-ti-i-pelqen-mesides\/\" \/>\n<meta property=\"og:site_name\" content=\"Lajme nga Ulqini\" \/>\n<meta property=\"article:published_time\" content=\"2009-03-09T23:10:36+00:00\" \/>\n<meta property=\"og:image\" content=\"http:\/\/www.visit-ulcinj.com\/blog\/wp-content\/uploads\/2009\/03\/adelajdabjordi-copy.jpg\" \/>\n<meta name=\"twitter:label1\" content=\"Written by\" \/>\n\t<meta name=\"twitter:data1\" content=\"ulqini\" \/>\n\t<meta name=\"twitter:label2\" content=\"Est. reading time\" \/>\n\t<meta name=\"twitter:data2\" content=\"1 minute\" \/>\n<script type=\"application\/ld+json\" class=\"yoast-schema-graph\">{\"@context\":\"https:\/\/schema.org\",\"@graph\":[{\"@type\":\"WebSite\",\"@id\":\"https:\/\/www.visit-ulcinj.com\/blog\/#website\",\"url\":\"https:\/\/www.visit-ulcinj.com\/blog\/\",\"name\":\"Lajme nga Ulqini\",\"description\":\"Lajme,Vijesti,Ulqini,Ulqin,Crna Gora,Mali i Zi\",\"potentialAction\":[{\"@type\":\"SearchAction\",\"target\":{\"@type\":\"EntryPoint\",\"urlTemplate\":\"https:\/\/www.visit-ulcinj.com\/blog\/?s={search_term_string}\"},\"query-input\":\"required name=search_term_string\"}],\"inLanguage\":\"en-US\"},{\"@type\":\"ImageObject\",\"inLanguage\":\"en-US\",\"@id\":\"https:\/\/www.visit-ulcinj.com\/blog\/2009\/03\/10\/adelajda-ti-i-pelqen-mesides\/#primaryimage\",\"url\":\"http:\/\/www.visit-ulcinj.com\/blog\/wp-content\/uploads\/2009\/03\/adelajdabjordi-copy.jpg\",\"contentUrl\":\"http:\/\/www.visit-ulcinj.com\/blog\/wp-content\/uploads\/2009\/03\/adelajdabjordi-copy.jpg\"},{\"@type\":\"WebPage\",\"@id\":\"https:\/\/www.visit-ulcinj.com\/blog\/2009\/03\/10\/adelajda-ti-i-pelqen-mesides\/#webpage\",\"url\":\"https:\/\/www.visit-ulcinj.com\/blog\/2009\/03\/10\/adelajda-ti-i-pelqen-mesides\/\",\"name\":\"Adelajda : Ti i p\u00c3\u00ablqen Mesid\u00c3\u00abs | Big Brother Albania 2\",\"isPartOf\":{\"@id\":\"https:\/\/www.visit-ulcinj.com\/blog\/#website\"},\"primaryImageOfPage\":{\"@id\":\"https:\/\/www.visit-ulcinj.com\/blog\/2009\/03\/10\/adelajda-ti-i-pelqen-mesides\/#primaryimage\"},\"datePublished\":\"2009-03-09T23:10:36+00:00\",\"dateModified\":\"2009-03-09T23:10:36+00:00\",\"author\":{\"@id\":\"https:\/\/www.visit-ulcinj.com\/blog\/#\/schema\/person\/dcab619c614d3038751c63bc2aadc06d\"},\"description\":\"Big Brother Albania 2 - \u00e2\u20ac\u0153Kam v\u00c3\u00abn\u00c3\u00ab re q\u00c3\u00ab ti i p\u00c3\u00ablqen nj\u00c3\u00ab femre k\u00c3\u00abtu!\u00e2\u20ac\u009d - i ka th\u00c3\u00abn\u00c3\u00ab Adelajda Bjordit. \u00e2\u20ac\u0153Vet\u00c3\u00abm nj\u00c3\u00abr\u00c3\u00abs?\u00e2\u20ac\u009d- ia ka kthyer ai.\",\"breadcrumb\":{\"@id\":\"https:\/\/www.visit-ulcinj.com\/blog\/2009\/03\/10\/adelajda-ti-i-pelqen-mesides\/#breadcrumb\"},\"inLanguage\":\"en-US\",\"potentialAction\":[{\"@type\":\"ReadAction\",\"target\":[\"https:\/\/www.visit-ulcinj.com\/blog\/2009\/03\/10\/adelajda-ti-i-pelqen-mesides\/\"]}]},{\"@type\":\"BreadcrumbList\",\"@id\":\"https:\/\/www.visit-ulcinj.com\/blog\/2009\/03\/10\/adelajda-ti-i-pelqen-mesides\/#breadcrumb\",\"itemListElement\":[{\"@type\":\"ListItem\",\"position\":1,\"name\":\"Adelajda : Ti i p\u00eblqen Mesid\u00ebs\"}]},{\"@type\":\"Person\",\"@id\":\"https:\/\/www.visit-ulcinj.com\/blog\/#\/schema\/person\/dcab619c614d3038751c63bc2aadc06d\",\"name\":\"ulqini\",\"sameAs\":[\"http:\/\/www.visit-ulcinj.com\"],\"url\":\"https:\/\/www.visit-ulcinj.com\/blog\/author\/admin\/\"}]}<\/script>\n<!-- \/ Yoast SEO plugin. -->","yoast_head_json":{"title":"Adelajda : Ti i p\u00c3\u00ablqen Mesid\u00c3\u00abs | Big Brother Albania 2","description":"Big Brother Albania 2 - \u00e2\u20ac\u0153Kam v\u00c3\u00abn\u00c3\u00ab re q\u00c3\u00ab ti i p\u00c3\u00ablqen nj\u00c3\u00ab femre k\u00c3\u00abtu!\u00e2\u20ac\u009d - i ka th\u00c3\u00abn\u00c3\u00ab Adelajda Bjordit. \u00e2\u20ac\u0153Vet\u00c3\u00abm nj\u00c3\u00abr\u00c3\u00abs?\u00e2\u20ac\u009d- ia ka kthyer ai.","robots":{"index":"index","follow":"follow","max-snippet":"max-snippet:-1","max-image-preview":"max-image-preview:large","max-video-preview":"max-video-preview:-1"},"canonical":"https:\/\/www.visit-ulcinj.com\/blog\/2009\/03\/10\/adelajda-ti-i-pelqen-mesides\/","og_locale":"en_US","og_type":"article","og_title":"Adelajda : Ti i p\u00c3\u00ablqen Mesid\u00c3\u00abs | Big Brother Albania 2","og_description":"Big Brother Albania 2 - \u00e2\u20ac\u0153Kam v\u00c3\u00abn\u00c3\u00ab re q\u00c3\u00ab ti i p\u00c3\u00ablqen nj\u00c3\u00ab femre k\u00c3\u00abtu!\u00e2\u20ac\u009d - i ka th\u00c3\u00abn\u00c3\u00ab Adelajda Bjordit. \u00e2\u20ac\u0153Vet\u00c3\u00abm nj\u00c3\u00abr\u00c3\u00abs?\u00e2\u20ac\u009d- ia ka kthyer ai.","og_url":"https:\/\/www.visit-ulcinj.com\/blog\/2009\/03\/10\/adelajda-ti-i-pelqen-mesides\/","og_site_name":"Lajme nga Ulqini","article_published_time":"2009-03-09T23:10:36+00:00","og_image":[{"url":"http:\/\/www.visit-ulcinj.com\/blog\/wp-content\/uploads\/2009\/03\/adelajdabjordi-copy.jpg"}],"twitter_misc":{"Written by":"ulqini","Est. reading time":"1 minute"},"schema":{"@context":"https:\/\/schema.org","@graph":[{"@type":"WebSite","@id":"https:\/\/www.visit-ulcinj.com\/blog\/#website","url":"https:\/\/www.visit-ulcinj.com\/blog\/","name":"Lajme nga Ulqini","description":"Lajme,Vijesti,Ulqini,Ulqin,Crna Gora,Mali i Zi","potentialAction":[{"@type":"SearchAction","target":{"@type":"EntryPoint","urlTemplate":"https:\/\/www.visit-ulcinj.com\/blog\/?s={search_term_string}"},"query-input":"required name=search_term_string"}],"inLanguage":"en-US"},{"@type":"ImageObject","inLanguage":"en-US","@id":"https:\/\/www.visit-ulcinj.com\/blog\/2009\/03\/10\/adelajda-ti-i-pelqen-mesides\/#primaryimage","url":"http:\/\/www.visit-ulcinj.com\/blog\/wp-content\/uploads\/2009\/03\/adelajdabjordi-copy.jpg","contentUrl":"http:\/\/www.visit-ulcinj.com\/blog\/wp-content\/uploads\/2009\/03\/adelajdabjordi-copy.jpg"},{"@type":"WebPage","@id":"https:\/\/www.visit-ulcinj.com\/blog\/2009\/03\/10\/adelajda-ti-i-pelqen-mesides\/#webpage","url":"https:\/\/www.visit-ulcinj.com\/blog\/2009\/03\/10\/adelajda-ti-i-pelqen-mesides\/","name":"Adelajda : Ti i p\u00c3\u00ablqen Mesid\u00c3\u00abs | Big Brother Albania 2","isPartOf":{"@id":"https:\/\/www.visit-ulcinj.com\/blog\/#website"},"primaryImageOfPage":{"@id":"https:\/\/www.visit-ulcinj.com\/blog\/2009\/03\/10\/adelajda-ti-i-pelqen-mesides\/#primaryimage"},"datePublished":"2009-03-09T23:10:36+00:00","dateModified":"2009-03-09T23:10:36+00:00","author":{"@id":"https:\/\/www.visit-ulcinj.com\/blog\/#\/schema\/person\/dcab619c614d3038751c63bc2aadc06d"},"description":"Big Brother Albania 2 - \u00e2\u20ac\u0153Kam v\u00c3\u00abn\u00c3\u00ab re q\u00c3\u00ab ti i p\u00c3\u00ablqen nj\u00c3\u00ab femre k\u00c3\u00abtu!\u00e2\u20ac\u009d - i ka th\u00c3\u00abn\u00c3\u00ab Adelajda Bjordit. \u00e2\u20ac\u0153Vet\u00c3\u00abm nj\u00c3\u00abr\u00c3\u00abs?\u00e2\u20ac\u009d- ia ka kthyer ai.","breadcrumb":{"@id":"https:\/\/www.visit-ulcinj.com\/blog\/2009\/03\/10\/adelajda-ti-i-pelqen-mesides\/#breadcrumb"},"inLanguage":"en-US","potentialAction":[{"@type":"ReadAction","target":["https:\/\/www.visit-ulcinj.com\/blog\/2009\/03\/10\/adelajda-ti-i-pelqen-mesides\/"]}]},{"@type":"BreadcrumbList","@id":"https:\/\/www.visit-ulcinj.com\/blog\/2009\/03\/10\/adelajda-ti-i-pelqen-mesides\/#breadcrumb","itemListElement":[{"@type":"ListItem","position":1,"name":"Adelajda : Ti i p\u00eblqen Mesid\u00ebs"}]},{"@type":"Person","@id":"https:\/\/www.visit-ulcinj.com\/blog\/#\/schema\/person\/dcab619c614d3038751c63bc2aadc06d","name":"ulqini","sameAs":["http:\/\/www.visit-ulcinj.com"],"url":"https:\/\/www.visit-ulcinj.com\/blog\/author\/admin\/"}]}},"jetpack_featured_media_url":"","jetpack_sharing_enabled":true,"jetpack_shortlink":"https:\/\/wp.me\/pe6lTn-3yv","_links":{"self":[{"href":"https:\/\/www.visit-ulcinj.com\/blog\/wp-json\/wp\/v2\/posts\/13671"}],"collection":[{"href":"https:\/\/www.visit-ulcinj.com\/blog\/wp-json\/wp\/v2\/posts"}],"about":[{"href":"https:\/\/www.visit-ulcinj.com\/blog\/wp-json\/wp\/v2\/types\/post"}],"author":[{"embeddable":true,"href":"https:\/\/www.visit-ulcinj.com\/blog\/wp-json\/wp\/v2\/users\/1"}],"replies":[{"embeddable":true,"href":"https:\/\/www.visit-ulcinj.com\/blog\/wp-json\/wp\/v2\/comments?post=13671"}],"version-history":[{"count":0,"href":"https:\/\/www.visit-ulcinj.com\/blog\/wp-json\/wp\/v2\/posts\/13671\/revisions"}],"wp:attachment":[{"href":"https:\/\/www.visit-ulcinj.com\/blog\/wp-json\/wp\/v2\/media?parent=13671"}],"wp:term":[{"taxonomy":"category","embeddable":true,"href":"https:\/\/www.visit-ulcinj.com\/blog\/wp-json\/wp\/v2\/categories?post=13671"},{"taxonomy":"post_tag","embeddable":true,"href":"https:\/\/www.visit-ulcinj.com\/blog\/wp-json\/wp\/v2\/tags?post=13671"}],"curies":[{"name":"wp","href":"https:\/\/api.w.org\/{rel}","templated":true}]}}