{"id":13674,"date":"2009-03-10T00:13:56","date_gmt":"2009-03-09T23:13:56","guid":{"rendered":"http:\/\/www.visit-ulcinj.com\/blog\/?p=13674"},"modified":"2009-03-10T00:13:56","modified_gmt":"2009-03-09T23:13:56","slug":"bjordi-dhe-adelajda-kam-nje-plan-per-ty","status":"publish","type":"post","link":"https:\/\/www.visit-ulcinj.com\/blog\/2009\/03\/10\/bjordi-dhe-adelajda-kam-nje-plan-per-ty\/","title":{"rendered":"Bjordi dhe Adelajda : Kam nj\u00eb plan p\u00ebr ty"},"content":{"rendered":"<p><em><span class=\"newsdate\"><a href=\"http:\/\/www.visit-ulcinj.com\/blog\/wp-content\/uploads\/2009\/03\/adelajdabjordi-2.jpg\"><img loading=\"lazy\" class=\"alignleft size-full wp-image-13675\" title=\"adelajdabjordi-big-brother-albania-2\" src=\"http:\/\/www.visit-ulcinj.com\/blog\/wp-content\/uploads\/2009\/03\/adelajdabjordi-2.jpg\" alt=\"adelajdabjordi-big-brother-albania-2\" width=\"300\" height=\"205\" \/><\/a>09\/03\/09 00:50<\/span><\/em><\/p>\n<p>\u201cKam nj\u00eb plan p\u00ebr ty!\u201d- i ka th\u00ebn\u00eb Bjordi Adelajdes, nd\u00ebrsa vall\u00ebzonin. M\u00eb pas ka vazhduar t\u2019i tregoj\u00eb se kishte menduar q\u00eb n\u00ebse ai do ta puthte Adel\u00ebn, publiku do t\u00eb b\u00ebhej kurioz sesi do t\u00eb vazhdonte lidhja e tyre dhe do t\u00eb afeksionohej pas historis\u00eb q\u00eb mund t\u00eb kishin t\u00eb dy, k\u00ebshtu, ata do t\u00eb q\u00ebndronin deri n\u00eb fund. Adelajda i ka th\u00ebn\u00eb se nuk do ta b\u00ebnte kurr\u00eb nj\u00eb gj\u00eb t\u00eb till\u00eb dhe Bjordi ia ka kthyer se e dinte shum\u00eb mir\u00eb dhe ia kishte th\u00ebn\u00eb thjesht me shaka. At\u00ebher\u00eb Adelajda e ka pyetur n\u00ebse i kishte shkuar ndonj\u00ebher\u00eb nd\u00ebrmend atij se \u201cmiq\u00ebsia\u201d e vajzave t\u00eb tjera me t\u00eb, mund t\u00eb kishte t\u00eb nj\u00ebjtin q\u00ebllim e t\u00eb mos ishte e v\u00ebrtet\u00eb. Bjordi i tha se po dhe se gjithsesi ai nuk dilte i humbur.<\/p>\n","protected":false},"excerpt":{"rendered":"<p>09\/03\/09 00:50 \u201cKam nj\u00eb plan p\u00ebr ty!\u201d- i ka th\u00ebn\u00eb Bjordi Adelajdes, nd\u00ebrsa vall\u00ebzonin. M\u00eb pas ka vazhduar t\u2019i tregoj\u00eb se kishte menduar q\u00eb n\u00ebse ai do ta puthte Adel\u00ebn, publiku do t\u00eb b\u00ebhej kurioz sesi do t\u00eb vazhdonte lidhja e tyre dhe do t\u00eb afeksionohej pas historis\u00eb q\u00eb mund t\u00eb kishin t\u00eb dy, k\u00ebshtu, [&hellip;]<\/p>\n","protected":false},"author":1,"featured_media":0,"comment_status":"open","ping_status":"closed","sticky":false,"template":"","format":"standard","meta":{"spay_email":"","jetpack_publicize_message":"","jetpack_is_tweetstorm":false,"jetpack_publicize_feature_enabled":true},"categories":[6502],"tags":[6562,7759,5057,6506,6516,6712,7129,6665,6522,7758,6891,6693,6887],"jetpack_publicize_connections":[],"yoast_head":"<!-- This site is optimized with the Yoast SEO plugin v19.1 - https:\/\/yoast.com\/wordpress\/plugins\/seo\/ -->\n<title>Bjordi dhe Adelajda : Kam nj\u00c3\u00ab plan p\u00c3\u00abr ty | Big Brother Albania 2<\/title>\n<meta name=\"description\" content=\"Big Brother Albania 2 - \u00e2\u20ac\u0153Kam nj\u00c3\u00ab plan p\u00c3\u00abr ty!\u00e2\u20ac\u009d- i ka th\u00c3\u00abn\u00c3\u00ab Bjordi Adelajdes, nd\u00c3\u00abrsa vall\u00c3\u00abzonin. M\u00c3\u00ab pas ka vazhduar t\u00e2\u20ac\u2122i tregoj\u00c3\u00ab se kishte menduar q\u00c3\u00ab n\u00c3\u00abse ai do ta puthte Adel\u00c3\u00abn\" \/>\n<meta name=\"robots\" content=\"index, follow, max-snippet:-1, max-image-preview:large, max-video-preview:-1\" \/>\n<link rel=\"canonical\" href=\"https:\/\/www.visit-ulcinj.com\/blog\/2009\/03\/10\/bjordi-dhe-adelajda-kam-nje-plan-per-ty\/\" \/>\n<meta property=\"og:locale\" content=\"en_US\" \/>\n<meta property=\"og:type\" content=\"article\" \/>\n<meta property=\"og:title\" content=\"Bjordi dhe Adelajda : Kam nj\u00c3\u00ab plan p\u00c3\u00abr ty | Big Brother Albania 2\" \/>\n<meta property=\"og:description\" content=\"Big Brother Albania 2 - \u00e2\u20ac\u0153Kam nj\u00c3\u00ab plan p\u00c3\u00abr ty!\u00e2\u20ac\u009d- i ka th\u00c3\u00abn\u00c3\u00ab Bjordi Adelajdes, nd\u00c3\u00abrsa vall\u00c3\u00abzonin. M\u00c3\u00ab pas ka vazhduar t\u00e2\u20ac\u2122i tregoj\u00c3\u00ab se kishte menduar q\u00c3\u00ab n\u00c3\u00abse ai do ta puthte Adel\u00c3\u00abn\" \/>\n<meta property=\"og:url\" content=\"https:\/\/www.visit-ulcinj.com\/blog\/2009\/03\/10\/bjordi-dhe-adelajda-kam-nje-plan-per-ty\/\" \/>\n<meta property=\"og:site_name\" content=\"Lajme nga Ulqini\" \/>\n<meta property=\"article:published_time\" content=\"2009-03-09T23:13:56+00:00\" \/>\n<meta property=\"og:image\" content=\"http:\/\/www.visit-ulcinj.com\/blog\/wp-content\/uploads\/2009\/03\/adelajdabjordi-2.jpg\" \/>\n<meta name=\"twitter:label1\" content=\"Written by\" \/>\n\t<meta name=\"twitter:data1\" content=\"ulqini\" \/>\n\t<meta name=\"twitter:label2\" content=\"Est. reading time\" \/>\n\t<meta name=\"twitter:data2\" content=\"1 minute\" \/>\n<script type=\"application\/ld+json\" class=\"yoast-schema-graph\">{\"@context\":\"https:\/\/schema.org\",\"@graph\":[{\"@type\":\"WebSite\",\"@id\":\"https:\/\/www.visit-ulcinj.com\/blog\/#website\",\"url\":\"https:\/\/www.visit-ulcinj.com\/blog\/\",\"name\":\"Lajme nga Ulqini\",\"description\":\"Lajme,Vijesti,Ulqini,Ulqin,Crna Gora,Mali i Zi\",\"potentialAction\":[{\"@type\":\"SearchAction\",\"target\":{\"@type\":\"EntryPoint\",\"urlTemplate\":\"https:\/\/www.visit-ulcinj.com\/blog\/?s={search_term_string}\"},\"query-input\":\"required name=search_term_string\"}],\"inLanguage\":\"en-US\"},{\"@type\":\"ImageObject\",\"inLanguage\":\"en-US\",\"@id\":\"https:\/\/www.visit-ulcinj.com\/blog\/2009\/03\/10\/bjordi-dhe-adelajda-kam-nje-plan-per-ty\/#primaryimage\",\"url\":\"http:\/\/www.visit-ulcinj.com\/blog\/wp-content\/uploads\/2009\/03\/adelajdabjordi-2.jpg\",\"contentUrl\":\"http:\/\/www.visit-ulcinj.com\/blog\/wp-content\/uploads\/2009\/03\/adelajdabjordi-2.jpg\"},{\"@type\":\"WebPage\",\"@id\":\"https:\/\/www.visit-ulcinj.com\/blog\/2009\/03\/10\/bjordi-dhe-adelajda-kam-nje-plan-per-ty\/#webpage\",\"url\":\"https:\/\/www.visit-ulcinj.com\/blog\/2009\/03\/10\/bjordi-dhe-adelajda-kam-nje-plan-per-ty\/\",\"name\":\"Bjordi dhe Adelajda : Kam nj\u00c3\u00ab plan p\u00c3\u00abr ty | Big Brother Albania 2\",\"isPartOf\":{\"@id\":\"https:\/\/www.visit-ulcinj.com\/blog\/#website\"},\"primaryImageOfPage\":{\"@id\":\"https:\/\/www.visit-ulcinj.com\/blog\/2009\/03\/10\/bjordi-dhe-adelajda-kam-nje-plan-per-ty\/#primaryimage\"},\"datePublished\":\"2009-03-09T23:13:56+00:00\",\"dateModified\":\"2009-03-09T23:13:56+00:00\",\"author\":{\"@id\":\"https:\/\/www.visit-ulcinj.com\/blog\/#\/schema\/person\/dcab619c614d3038751c63bc2aadc06d\"},\"description\":\"Big Brother Albania 2 - \u00e2\u20ac\u0153Kam nj\u00c3\u00ab plan p\u00c3\u00abr ty!\u00e2\u20ac\u009d- i ka th\u00c3\u00abn\u00c3\u00ab Bjordi Adelajdes, nd\u00c3\u00abrsa vall\u00c3\u00abzonin. M\u00c3\u00ab pas ka vazhduar t\u00e2\u20ac\u2122i tregoj\u00c3\u00ab se kishte menduar q\u00c3\u00ab n\u00c3\u00abse ai do ta puthte Adel\u00c3\u00abn\",\"breadcrumb\":{\"@id\":\"https:\/\/www.visit-ulcinj.com\/blog\/2009\/03\/10\/bjordi-dhe-adelajda-kam-nje-plan-per-ty\/#breadcrumb\"},\"inLanguage\":\"en-US\",\"potentialAction\":[{\"@type\":\"ReadAction\",\"target\":[\"https:\/\/www.visit-ulcinj.com\/blog\/2009\/03\/10\/bjordi-dhe-adelajda-kam-nje-plan-per-ty\/\"]}]},{\"@type\":\"BreadcrumbList\",\"@id\":\"https:\/\/www.visit-ulcinj.com\/blog\/2009\/03\/10\/bjordi-dhe-adelajda-kam-nje-plan-per-ty\/#breadcrumb\",\"itemListElement\":[{\"@type\":\"ListItem\",\"position\":1,\"name\":\"Bjordi dhe Adelajda : Kam nj\u00eb plan p\u00ebr ty\"}]},{\"@type\":\"Person\",\"@id\":\"https:\/\/www.visit-ulcinj.com\/blog\/#\/schema\/person\/dcab619c614d3038751c63bc2aadc06d\",\"name\":\"ulqini\",\"sameAs\":[\"http:\/\/www.visit-ulcinj.com\"],\"url\":\"https:\/\/www.visit-ulcinj.com\/blog\/author\/admin\/\"}]}<\/script>\n<!-- \/ Yoast SEO plugin. -->","yoast_head_json":{"title":"Bjordi dhe Adelajda : Kam nj\u00c3\u00ab plan p\u00c3\u00abr ty | Big Brother Albania 2","description":"Big Brother Albania 2 - \u00e2\u20ac\u0153Kam nj\u00c3\u00ab plan p\u00c3\u00abr ty!\u00e2\u20ac\u009d- i ka th\u00c3\u00abn\u00c3\u00ab Bjordi Adelajdes, nd\u00c3\u00abrsa vall\u00c3\u00abzonin. M\u00c3\u00ab pas ka vazhduar t\u00e2\u20ac\u2122i tregoj\u00c3\u00ab se kishte menduar q\u00c3\u00ab n\u00c3\u00abse ai do ta puthte Adel\u00c3\u00abn","robots":{"index":"index","follow":"follow","max-snippet":"max-snippet:-1","max-image-preview":"max-image-preview:large","max-video-preview":"max-video-preview:-1"},"canonical":"https:\/\/www.visit-ulcinj.com\/blog\/2009\/03\/10\/bjordi-dhe-adelajda-kam-nje-plan-per-ty\/","og_locale":"en_US","og_type":"article","og_title":"Bjordi dhe Adelajda : Kam nj\u00c3\u00ab plan p\u00c3\u00abr ty | Big Brother Albania 2","og_description":"Big Brother Albania 2 - \u00e2\u20ac\u0153Kam nj\u00c3\u00ab plan p\u00c3\u00abr ty!\u00e2\u20ac\u009d- i ka th\u00c3\u00abn\u00c3\u00ab Bjordi Adelajdes, nd\u00c3\u00abrsa vall\u00c3\u00abzonin. M\u00c3\u00ab pas ka vazhduar t\u00e2\u20ac\u2122i tregoj\u00c3\u00ab se kishte menduar q\u00c3\u00ab n\u00c3\u00abse ai do ta puthte Adel\u00c3\u00abn","og_url":"https:\/\/www.visit-ulcinj.com\/blog\/2009\/03\/10\/bjordi-dhe-adelajda-kam-nje-plan-per-ty\/","og_site_name":"Lajme nga Ulqini","article_published_time":"2009-03-09T23:13:56+00:00","og_image":[{"url":"http:\/\/www.visit-ulcinj.com\/blog\/wp-content\/uploads\/2009\/03\/adelajdabjordi-2.jpg"}],"twitter_misc":{"Written by":"ulqini","Est. reading time":"1 minute"},"schema":{"@context":"https:\/\/schema.org","@graph":[{"@type":"WebSite","@id":"https:\/\/www.visit-ulcinj.com\/blog\/#website","url":"https:\/\/www.visit-ulcinj.com\/blog\/","name":"Lajme nga Ulqini","description":"Lajme,Vijesti,Ulqini,Ulqin,Crna Gora,Mali i Zi","potentialAction":[{"@type":"SearchAction","target":{"@type":"EntryPoint","urlTemplate":"https:\/\/www.visit-ulcinj.com\/blog\/?s={search_term_string}"},"query-input":"required name=search_term_string"}],"inLanguage":"en-US"},{"@type":"ImageObject","inLanguage":"en-US","@id":"https:\/\/www.visit-ulcinj.com\/blog\/2009\/03\/10\/bjordi-dhe-adelajda-kam-nje-plan-per-ty\/#primaryimage","url":"http:\/\/www.visit-ulcinj.com\/blog\/wp-content\/uploads\/2009\/03\/adelajdabjordi-2.jpg","contentUrl":"http:\/\/www.visit-ulcinj.com\/blog\/wp-content\/uploads\/2009\/03\/adelajdabjordi-2.jpg"},{"@type":"WebPage","@id":"https:\/\/www.visit-ulcinj.com\/blog\/2009\/03\/10\/bjordi-dhe-adelajda-kam-nje-plan-per-ty\/#webpage","url":"https:\/\/www.visit-ulcinj.com\/blog\/2009\/03\/10\/bjordi-dhe-adelajda-kam-nje-plan-per-ty\/","name":"Bjordi dhe Adelajda : Kam nj\u00c3\u00ab plan p\u00c3\u00abr ty | Big Brother Albania 2","isPartOf":{"@id":"https:\/\/www.visit-ulcinj.com\/blog\/#website"},"primaryImageOfPage":{"@id":"https:\/\/www.visit-ulcinj.com\/blog\/2009\/03\/10\/bjordi-dhe-adelajda-kam-nje-plan-per-ty\/#primaryimage"},"datePublished":"2009-03-09T23:13:56+00:00","dateModified":"2009-03-09T23:13:56+00:00","author":{"@id":"https:\/\/www.visit-ulcinj.com\/blog\/#\/schema\/person\/dcab619c614d3038751c63bc2aadc06d"},"description":"Big Brother Albania 2 - \u00e2\u20ac\u0153Kam nj\u00c3\u00ab plan p\u00c3\u00abr ty!\u00e2\u20ac\u009d- i ka th\u00c3\u00abn\u00c3\u00ab Bjordi Adelajdes, nd\u00c3\u00abrsa vall\u00c3\u00abzonin. M\u00c3\u00ab pas ka vazhduar t\u00e2\u20ac\u2122i tregoj\u00c3\u00ab se kishte menduar q\u00c3\u00ab n\u00c3\u00abse ai do ta puthte Adel\u00c3\u00abn","breadcrumb":{"@id":"https:\/\/www.visit-ulcinj.com\/blog\/2009\/03\/10\/bjordi-dhe-adelajda-kam-nje-plan-per-ty\/#breadcrumb"},"inLanguage":"en-US","potentialAction":[{"@type":"ReadAction","target":["https:\/\/www.visit-ulcinj.com\/blog\/2009\/03\/10\/bjordi-dhe-adelajda-kam-nje-plan-per-ty\/"]}]},{"@type":"BreadcrumbList","@id":"https:\/\/www.visit-ulcinj.com\/blog\/2009\/03\/10\/bjordi-dhe-adelajda-kam-nje-plan-per-ty\/#breadcrumb","itemListElement":[{"@type":"ListItem","position":1,"name":"Bjordi dhe Adelajda : Kam nj\u00eb plan p\u00ebr ty"}]},{"@type":"Person","@id":"https:\/\/www.visit-ulcinj.com\/blog\/#\/schema\/person\/dcab619c614d3038751c63bc2aadc06d","name":"ulqini","sameAs":["http:\/\/www.visit-ulcinj.com"],"url":"https:\/\/www.visit-ulcinj.com\/blog\/author\/admin\/"}]}},"jetpack_featured_media_url":"","jetpack_sharing_enabled":true,"jetpack_shortlink":"https:\/\/wp.me\/pe6lTn-3yy","_links":{"self":[{"href":"https:\/\/www.visit-ulcinj.com\/blog\/wp-json\/wp\/v2\/posts\/13674"}],"collection":[{"href":"https:\/\/www.visit-ulcinj.com\/blog\/wp-json\/wp\/v2\/posts"}],"about":[{"href":"https:\/\/www.visit-ulcinj.com\/blog\/wp-json\/wp\/v2\/types\/post"}],"author":[{"embeddable":true,"href":"https:\/\/www.visit-ulcinj.com\/blog\/wp-json\/wp\/v2\/users\/1"}],"replies":[{"embeddable":true,"href":"https:\/\/www.visit-ulcinj.com\/blog\/wp-json\/wp\/v2\/comments?post=13674"}],"version-history":[{"count":0,"href":"https:\/\/www.visit-ulcinj.com\/blog\/wp-json\/wp\/v2\/posts\/13674\/revisions"}],"wp:attachment":[{"href":"https:\/\/www.visit-ulcinj.com\/blog\/wp-json\/wp\/v2\/media?parent=13674"}],"wp:term":[{"taxonomy":"category","embeddable":true,"href":"https:\/\/www.visit-ulcinj.com\/blog\/wp-json\/wp\/v2\/categories?post=13674"},{"taxonomy":"post_tag","embeddable":true,"href":"https:\/\/www.visit-ulcinj.com\/blog\/wp-json\/wp\/v2\/tags?post=13674"}],"curies":[{"name":"wp","href":"https:\/\/api.w.org\/{rel}","templated":true}]}}