{"id":1368,"date":"2008-04-23T07:02:02","date_gmt":"2008-04-23T12:02:02","guid":{"rendered":"http:\/\/www.visit-ulcinj.com\/blog\/?p=1368"},"modified":"2008-04-23T07:02:02","modified_gmt":"2008-04-23T12:02:02","slug":"situata-zgjedhore-presidenciale-2008-nga-muhamet-nika","status":"publish","type":"post","link":"https:\/\/www.visit-ulcinj.com\/blog\/2008\/04\/23\/situata-zgjedhore-presidenciale-2008-nga-muhamet-nika\/","title":{"rendered":"Situata zgjedhore presidenciale 2008 nga Muhamet Nika"},"content":{"rendered":"<p><a href=\"http:\/\/www.visit-ulcinj.com\/blog\/wp-content\/uploads\/2008\/01\/muhamed-nika-2.jpg\"><img loading=\"lazy\" class=\"alignleft attachment wp-att-171\" style=\"float: left;\" src=\"http:\/\/www.visit-ulcinj.com\/blog\/wp-content\/uploads\/2008\/01\/muhamed-nika-2.thumbnail.jpg\" alt=\"Muhamed Nika\" width=\"119\" height=\"128\" \/><\/a><strong>Terri nuk hiqet duke p\u00ebrmendur llamb\u00ebn<\/strong><br \/>\nP\u00ebr situat\u00ebn e krijuar tani n\u00eb prag t\u00eb zgjedhjeve presidenciale m\u00eb duhet t\u00eb them q\u00eb kjo n\u00eb mas\u00eb t\u00eb bukur e arsyeton daljen ton\u00eb nga ish koalicioni shqiptar. Pra ne e kemi vler\u00ebsuar me koh\u00eb se ku do t\u00eb p\u00ebrfundojn\u00eb dhe n\u00ebse jo at\u00ebher\u00eb, tashti koalicioni medoemos do t\u00eb duhej t\u00eb prishet.<\/p>\n<p><strong>Pik\u00ebnisja A &#8211; situata &#8211; A<\/strong><br \/>\nKandidati p\u00ebr kryetar t\u00eb Malit t\u00eb Zi n\u00eb zgjedhjet presidenciale i L\u00ebvizjes p\u00ebr Ndryshime z. Nebojsha Medojeviq pasi q\u00eb kishte siguruar koalicion parazgjedhor me disa parti shqiptare n\u00eb prag t\u00eb zgjedhjeve p\u00ebr televizionin lokal Teuta n\u00eb Ulqin deklaroi: (parafrazoj\u2026), n\u00eb Ulqin \u00ebsht\u00eb instaluar nj\u00eb shumic\u00eb parlamentare e cila s`guxon t\u00eb kund\u00ebrshtoj\u00eb shefin e madh&#8230; Ne kemi gjetur nj\u00eb partner ideal q\u00eb \u00ebsht\u00eb Forca e Re Demokratike, &#8220;Kemi marr\u00ebdh\u00ebnie t\u00eb shk\u00eblqyeshme edhe me Mehmet Bardhin t\u00eb cilin e kuptojm\u00eb&#8221;, por q\u00eb edhe ai n\u00eb nj\u00eb faz\u00eb tjet\u00ebr do t\u00eb jet\u00eb me ne&#8230; &#8220;Na vjen mir\u00eb q\u00eb m\u00eb n\u00eb fund u kuptua q\u00eb identitetin (gjuh\u00ebn, adetet&#8230;) mund ta ruajm\u00eb te sht\u00ebpia, pra brenda sht\u00ebpis\u00eb, kurse n\u00eb rrug\u00eb dhe n\u00eb jet\u00eb shoq\u00ebrit\u00eb duhet t\u00eb flasin p\u00ebr biznes dhe ekonomi!<a href=\"http:\/\/www.visit-ulcinj.com\/blog\/wp-content\/uploads\/2008\/04\/hollaj1.jpg\"><img loading=\"lazy\" class=\"alignright attachment wp-att-1369\" style=\"float: right;\" src=\"http:\/\/www.visit-ulcinj.com\/blog\/wp-content\/uploads\/2008\/04\/hollaj1.thumbnail.jpg\" alt=\"amir hollaj-zylfije duraku-sinishtaj\" width=\"161\" height=\"120\" \/><\/a><\/p>\n<p><strong>Pik\u00ebnisja &#8211; A, situata &#8211; B<\/strong><br \/>\nKryetari i KK Ulqinit, Muhamet Nika, gjithashtu n\u00eb Tv Teuta nj\u00eb nat\u00eb pas Medojeviqit thot\u00eb: (parafrazoj&#8230;) &#8211; sipas Medojeviqit t\u00eb cilin e p\u00ebrkrahin disa parti nacionale ne duhet t\u00eb pajtohemi q\u00eb identitetin, shqipen, mund ta kultivojn\u00eb dhe ta p\u00ebrdorin lirisht vet\u00ebm n\u00eb sht\u00ebpi, pra &#8220;n\u00eb krevat&#8221; (shtrat), kurse n\u00eb rrug\u00eb dhe shoq\u00ebri t\u00eb flasim p\u00ebr ekonomi!!!<br \/>\n<strong><br \/>\n<\/strong><a href=\"http:\/\/www.visit-ulcinj.com\/blog\/wp-content\/uploads\/2008\/04\/mehmet-bardhi_01.jpg\"><img loading=\"lazy\" class=\"alignleft attachment wp-att-1370\" style=\"float: left;\" src=\"http:\/\/www.visit-ulcinj.com\/blog\/wp-content\/uploads\/2008\/04\/mehmet-bardhi_01.thumbnail.jpg\" alt=\"mehmet bardhi\" width=\"163\" height=\"88\" \/><\/a><strong>Pik\u00ebnisja &#8211; A, situata &#8211; C<\/strong><\/p>\n<p>N\u00eb nj\u00eb vizit\u00eb pune pas zgjedhjeve presidenciale ambasadori amerikan Mur n\u00eb Ulqin takohet me pozit\u00ebn komunale dhe me opozit\u00ebn shqiptare, ku pas takimit t\u00eb p\u00ebrbashk\u00ebt me z. Mur lider\u00ebt shqiptar\u00eb deklarohen p\u00ebr Tv Teuta si vijon: Mehmet<a href=\"http:\/\/www.visit-ulcinj.com\/blog\/wp-content\/uploads\/2008\/04\/bscap0019.jpg\"><img loading=\"lazy\" class=\"alignright attachment wp-att-1371\" style=\"float: right;\" src=\"http:\/\/www.visit-ulcinj.com\/blog\/wp-content\/uploads\/2008\/04\/bscap0019.thumbnail.jpg\" alt=\"Hajdinaga_Nika\" width=\"156\" height=\"125\" \/><\/a> Bardhi, kryetar i LD n\u00eb MZ ambasadorin Mur e njoftoi q\u00eb situata e shqiptar\u00ebve n\u00eb Mal t\u00eb Zi \u00ebsht\u00eb v\u00ebshtir\u00ebsuar edhe m\u00eb shum\u00eb, mir\u00ebpo nuk biseduam p\u00ebr zgjedhjet presidenciale&#8221;. Amir Hollaj, kryetar i PPD &#8211; s\u00eb: Nuk dua t\u00eb p\u00ebrs\u00ebris parafol\u00ebsin, por me ambasadorin Mur biseduam p\u00ebr zgjedhjet presidenciale dhe p\u00ebr disa tema t\u00eb tjera.<br \/>\n<a href=\"http:\/\/www.visit-ulcinj.com\/blog\/wp-content\/uploads\/2008\/04\/cakuli_hollaj_doda1.jpg\"><img loading=\"lazy\" class=\"alignleft attachment wp-att-1372\" style=\"float: left;\" src=\"http:\/\/www.visit-ulcinj.com\/blog\/wp-content\/uploads\/2008\/04\/cakuli_hollaj_doda1.thumbnail.jpg\" alt=\"ALI DODA\" width=\"186\" height=\"130\" \/><\/a>Ali Doda, kryetar i BDSH &#8211; s\u00eb, duke folur p\u00ebr mbresat e takimit ceku: N\u00eb Ulqin kemi nj\u00eb shumic\u00eb t\u00eb instaluar parlamentare t\u00eb tre k\u00ebshilltar\u00ebve t\u00eb PPD-s\u00eb q\u00eb po b\u00ebjn\u00eb prostitucion politik me koalicionin&#8221;P\u00ebr Ulqinin europian&#8221;. Sipas meje shqiptar\u00ebt ndahen n\u00eb ata q\u00eb e p\u00ebrkrahin shtetin, UDSH dhe tre k\u00ebshilltar\u00ebt e PPD-s\u00eb dhe n\u00eb t\u00eb tjer\u00ebt q\u00eb p\u00ebrkrahin identitetin&#8230;<\/p>\n<p><strong>Pik\u00ebnisja &#8211; A, situata &#8211; D<\/strong><br \/>\nDit\u00ebn e zgjedhjeve kryetari i BDSH-s\u00eb, Ali Doda, thon\u00eb harron dhe hedh n\u00eb kutin\u00eb e votimit flet\u00ebn votuese bashk\u00eb me flet\u00ebn kontrolluese, ky veprim u hetua nga komisioni. Pas procesit t\u00eb num\u00ebrimit t\u00eb votave rezulton se flet\u00ebvotimi i vet\u00ebm me flet\u00eb kontrollin ishte pro Medojeviqit, i cili ceku q\u00eb shqiptar\u00ebt identitetin mund ta ruajn\u00eb n\u00eb sht\u00ebpi.<\/p>\n<p><strong>Pik\u00ebnisja &#8211; A, situata &#8211; E<\/strong><a href=\"http:\/\/www.visit-ulcinj.com\/blog\/wp-content\/uploads\/2008\/04\/atdheu1-0191.jpg\"><img loading=\"lazy\" class=\"alignright attachment wp-att-1373\" style=\"float: right;\" src=\"http:\/\/www.visit-ulcinj.com\/blog\/wp-content\/uploads\/2008\/04\/atdheu1-0191.thumbnail.jpg\" alt=\"nazif cungu_sinishtaj\" width=\"169\" height=\"125\" \/><\/a><br \/>\nI zhg\u00ebnjyer, ashtu si Vasel Sinishtaj nga Tuzi p\u00ebr zgjedhjet presidenciale ortak parazgjedhor i Medojeviqit, Nazif Cungu n\u00eb Ulqin p\u00ebr ulqinak\u00ebt thot\u00eb: &#8220;Zgjedh\u00ebsit tan\u00eb e dhan\u00eb vot\u00ebn p\u00ebr ndryshime, kurse (rezultatet e zgjedhjeve jan\u00eb tem\u00eb me t\u00eb cil\u00ebn duhet t\u00eb merren psikolog\u00ebt)&#8221;.<\/p>\n<p><strong>Pik\u00ebnisja &#8211; A, situata &#8211; \u00cb<\/strong><br \/>\nSa p\u00ebr ndryshimet e z. Medojeviq Muhamet Nika, n\u00eb emisionin e p\u00ebrmendur televiziv u shpreh: &#8220;Nj\u00eb fjal\u00eb e urt\u00eb popullore, e psikologjis\u00eb popullore thot\u00eb. Terri nuk hiqet duke p\u00ebrmendur llamp\u00ebn, si\u00e7 mendojn\u00eb disa. &#8221;<br \/>\nP\u00ebr situat\u00ebn e krijuar tani n\u00eb prag t\u00eb zgjedhjeve presidenciale m\u00eb duhet t\u00eb them q\u00eb kjo n\u00eb mas\u00eb t\u00eb bukur e arsyeton daljen ton\u00eb nga ish koalicioni shqiptar. Pra ne e kemi vler\u00ebsuar me koh\u00eb se ku do t\u00eb p\u00ebrfundojn\u00eb dhe n\u00ebse jo at\u00ebher\u00eb, tashti koalicioni medoemos do t\u00eb duhej t\u00eb prishet. Pra, kjo ia p\u00ebrngjet asaj anekdot\u00ebs s\u00eb Nasradin Hoxh\u00ebs i cili ishte polic k\u00ebtu n\u00eb koh\u00eb shtetrrethimi e cila fillonte, ta z\u00ebm\u00eb n\u00eb or\u00ebn 8 t\u00eb mbr\u00ebmjes dhe ky e vret nj\u00eb person nj\u00eb or\u00eb para se t\u00eb filloj\u00eb ora e shtetrrethimit. I pyetur se p\u00ebr \u00e7`arsye e b\u00ebri k\u00ebt\u00eb dhe nuk respektoi rregullat e shtetrrethimit, ai u shpreh: E njoh un\u00eb k\u00ebt\u00eb, e di ku e ka sht\u00ebpin\u00eb, dy or\u00eb rrug\u00eb nga k\u00ebtu, pra diku n\u00eb Kraj\u00eb, e nuk mund t\u00eb arrij, andaj e vrava, e k\u00ebshtu na ndodhi edhe ne!<\/p>\n<p><a href=\"http:\/\/www.visit-ulcinj.com\/blog\/wp-content\/uploads\/2008\/04\/atedheu-na-bashkon.jpg\"><img loading=\"lazy\" class=\"alignleft attachment wp-att-1296\" style=\"float: left;\" src=\"http:\/\/www.visit-ulcinj.com\/blog\/wp-content\/uploads\/2008\/04\/atedheu-na-bashkon.thumbnail.jpg\" alt=\"Gjith\u00eb partit politike ne mal te zi\" width=\"200\" height=\"150\" \/><\/a><strong>Pik\u00ebnisja aktualitet, situata retrospektiv\u00eb zgjedhore, presidenciale 1997<\/strong><br \/>\nMomir Bullatoviq n\u00eb librin e tij &#8220;Rregullat e heshtjes&#8221; thot\u00eb: (parafrazoj\u2026). Dua t\u00eb ve\u00e7oj k\u00ebtu takimin q\u00eb pata me z. Bardhi i cili m\u00eb tha se un\u00eb juve ju kam n\u00eb zem\u00ebr, por q\u00eb k\u00ebsaj here m\u00eb duhet t\u00eb votoj Gjukanoviqin, sepse p\u00ebrndryshe nuk do t\u00eb m\u00eb kuptojn\u00eb shqiptar\u00ebt. Dhe se m\u00eb \u00e7mon mua p\u00ebr bashk\u00ebpunim korrekt, nd\u00ebrsa un\u00eb si kryetar shteti gjithnj\u00eb shqiptar\u00ebve u kam treguar se deri ku jan\u00eb kufijt\u00eb edhe \u00e7far\u00eb u lejohet t\u00eb k\u00ebrkojn\u00eb.<\/p>\n<p><strong>Pik\u00ebnisja aktualitet, situata perspektiv\u00eb<\/strong><br \/>\nXhoana Perkaj p\u00ebr Koh\u00ebn javore n\u00eb nj\u00eb v\u00ebshtrim: &#8220;Shqiptar\u00ebt n\u00eb Mal t\u00eb Zi dhe lufta p\u00ebr lideriz\u00ebm &#8211; Kush \u00ebsht\u00eb lideri im?&#8221;, shprehet: &#8220;Ballafaqohemi me nj\u00eb problem ndryshe nga ai i p\u00ebrmenduri. Ky \u00ebsht\u00eb problemi i faktit se q\u00eb 17 vjet nga r\u00ebnia e komunizmit \u00ebsht\u00eb krijuar nj\u00eb establishment politik i etnosit shqiptar n\u00eb Mal t\u00eb Zi, q\u00eb funksionon si nj\u00eb rreth i mbyllur si\u00e7 jan\u00eb mason\u00ebt.&#8221;<\/p>\n<p><strong>Pik\u00ebnisja &#8211; A, situata &#8211; ZH<\/strong><a href=\"http:\/\/www.visit-ulcinj.com\/blog\/wp-content\/uploads\/2008\/04\/hollaj2.jpg\"><img loading=\"lazy\" class=\"alignright attachment wp-att-1374\" style=\"float: right;\" src=\"http:\/\/www.visit-ulcinj.com\/blog\/wp-content\/uploads\/2008\/04\/hollaj2.thumbnail.jpg\" alt=\"amir hollaj koktel\" width=\"190\" height=\"142\" \/><\/a><br \/>\nE ve\u00e7anta e t\u00eb gjitha zgjedhjeve n\u00eb t\u00eb cilat dol\u00ebn shqiptar\u00ebt p\u00ebr nivele t\u00eb ndryshme k\u00ebndej dhe andej kufijve ishte pjes\u00ebmarrja shum\u00eb e ul\u00ebt e tyre n\u00eb zgjedhje. K\u00ebshtu ndodhi edhe n\u00eb Ulqin, krahasuar me zgjedhjet e m\u00ebparshme dhe me praktik\u00ebn zgjedhore per\u00ebndimore. Mir\u00ebpo kjo nuk i zbehu rezultatet e p\u00ebrgjithshme q\u00eb i fituan shqiptar\u00ebt gjat\u00eb vitit 2008. Ve\u00e7ojm\u00eb k\u00ebtu pavar\u00ebsin\u00eb e Kosov\u00ebs, pavar\u00ebsin\u00eb e Malit t\u00eb Zi, ftes\u00ebn e Shqip\u00ebris\u00eb n\u00eb NATO. P\u00ebrligjja e luft\u00ebs s\u00eb shqiptar\u00ebve me pafaj\u00ebsin\u00eb e z. Ramush Haradinaj e tjer\u00eb.<br \/>\n<strong>Muhamet Nika<\/strong><br \/>\n(Autori \u00ebsht\u00eb kryetar i KK t\u00eb Ulqinit)<br \/>\n<strong>KOHA JAVORE<\/strong><\/p>\n","protected":false},"excerpt":{"rendered":"<p><img loading=\"lazy\" class=\"alignleft attachment wp-att-171\" style=\"float: left;\" src=\"http:\/\/www.visit-ulcinj.com\/blog\/wp-content\/uploads\/2008\/01\/muhamed-nika-2.thumbnail.jpg\" alt=\"Muhamed Nika\" width=\"140\" height=\"140\" \/><\/p>\n","protected":false},"author":1,"featured_media":0,"comment_status":"open","ping_status":"closed","sticky":false,"template":"","format":"standard","meta":{"spay_email":"","jetpack_publicize_message":"","jetpack_is_tweetstorm":false,"jetpack_publicize_feature_enabled":true},"categories":[5,12],"tags":[1888,2468,1303,2703,2701,2699,2700,2705,347,2704,944,118,2053,794,2702,2476,1099,2706,496,2088,2394,348,2707],"jetpack_publicize_connections":[],"yoast_head":"<!-- This site is optimized with the Yoast SEO plugin v19.1 - https:\/\/yoast.com\/wordpress\/plugins\/seo\/ -->\n<title>Situata zgjedhore presidenciale 2008 nga Muhamet Nika - Lajme nga Ulqini<\/title>\n<meta name=\"robots\" content=\"index, follow, max-snippet:-1, max-image-preview:large, max-video-preview:-1\" \/>\n<link rel=\"canonical\" href=\"https:\/\/www.visit-ulcinj.com\/blog\/2008\/04\/23\/situata-zgjedhore-presidenciale-2008-nga-muhamet-nika\/\" \/>\n<meta property=\"og:locale\" content=\"en_US\" \/>\n<meta property=\"og:type\" content=\"article\" \/>\n<meta property=\"og:title\" content=\"Situata zgjedhore presidenciale 2008 nga Muhamet Nika - Lajme nga Ulqini\" \/>\n<meta property=\"og:url\" content=\"https:\/\/www.visit-ulcinj.com\/blog\/2008\/04\/23\/situata-zgjedhore-presidenciale-2008-nga-muhamet-nika\/\" \/>\n<meta property=\"og:site_name\" content=\"Lajme nga Ulqini\" \/>\n<meta property=\"article:published_time\" content=\"2008-04-23T12:02:02+00:00\" \/>\n<meta property=\"og:image\" content=\"http:\/\/www.visit-ulcinj.com\/blog\/wp-content\/uploads\/2008\/01\/muhamed-nika-2.thumbnail.jpg\" \/>\n<meta name=\"twitter:label1\" content=\"Written by\" \/>\n\t<meta name=\"twitter:data1\" content=\"ulqini\" \/>\n\t<meta name=\"twitter:label2\" content=\"Est. reading time\" \/>\n\t<meta name=\"twitter:data2\" content=\"6 minutes\" \/>\n<script type=\"application\/ld+json\" class=\"yoast-schema-graph\">{\"@context\":\"https:\/\/schema.org\",\"@graph\":[{\"@type\":\"WebSite\",\"@id\":\"https:\/\/www.visit-ulcinj.com\/blog\/#website\",\"url\":\"https:\/\/www.visit-ulcinj.com\/blog\/\",\"name\":\"Lajme nga Ulqini\",\"description\":\"Lajme,Vijesti,Ulqini,Ulqin,Crna Gora,Mali i Zi\",\"potentialAction\":[{\"@type\":\"SearchAction\",\"target\":{\"@type\":\"EntryPoint\",\"urlTemplate\":\"https:\/\/www.visit-ulcinj.com\/blog\/?s={search_term_string}\"},\"query-input\":\"required name=search_term_string\"}],\"inLanguage\":\"en-US\"},{\"@type\":\"ImageObject\",\"inLanguage\":\"en-US\",\"@id\":\"https:\/\/www.visit-ulcinj.com\/blog\/2008\/04\/23\/situata-zgjedhore-presidenciale-2008-nga-muhamet-nika\/#primaryimage\",\"url\":\"http:\/\/www.visit-ulcinj.com\/blog\/wp-content\/uploads\/2008\/01\/muhamed-nika-2.thumbnail.jpg\",\"contentUrl\":\"http:\/\/www.visit-ulcinj.com\/blog\/wp-content\/uploads\/2008\/01\/muhamed-nika-2.thumbnail.jpg\"},{\"@type\":\"WebPage\",\"@id\":\"https:\/\/www.visit-ulcinj.com\/blog\/2008\/04\/23\/situata-zgjedhore-presidenciale-2008-nga-muhamet-nika\/#webpage\",\"url\":\"https:\/\/www.visit-ulcinj.com\/blog\/2008\/04\/23\/situata-zgjedhore-presidenciale-2008-nga-muhamet-nika\/\",\"name\":\"Situata zgjedhore presidenciale 2008 nga Muhamet Nika - Lajme nga Ulqini\",\"isPartOf\":{\"@id\":\"https:\/\/www.visit-ulcinj.com\/blog\/#website\"},\"primaryImageOfPage\":{\"@id\":\"https:\/\/www.visit-ulcinj.com\/blog\/2008\/04\/23\/situata-zgjedhore-presidenciale-2008-nga-muhamet-nika\/#primaryimage\"},\"datePublished\":\"2008-04-23T12:02:02+00:00\",\"dateModified\":\"2008-04-23T12:02:02+00:00\",\"author\":{\"@id\":\"https:\/\/www.visit-ulcinj.com\/blog\/#\/schema\/person\/dcab619c614d3038751c63bc2aadc06d\"},\"breadcrumb\":{\"@id\":\"https:\/\/www.visit-ulcinj.com\/blog\/2008\/04\/23\/situata-zgjedhore-presidenciale-2008-nga-muhamet-nika\/#breadcrumb\"},\"inLanguage\":\"en-US\",\"potentialAction\":[{\"@type\":\"ReadAction\",\"target\":[\"https:\/\/www.visit-ulcinj.com\/blog\/2008\/04\/23\/situata-zgjedhore-presidenciale-2008-nga-muhamet-nika\/\"]}]},{\"@type\":\"BreadcrumbList\",\"@id\":\"https:\/\/www.visit-ulcinj.com\/blog\/2008\/04\/23\/situata-zgjedhore-presidenciale-2008-nga-muhamet-nika\/#breadcrumb\",\"itemListElement\":[{\"@type\":\"ListItem\",\"position\":1,\"name\":\"Situata zgjedhore presidenciale 2008 nga Muhamet Nika\"}]},{\"@type\":\"Person\",\"@id\":\"https:\/\/www.visit-ulcinj.com\/blog\/#\/schema\/person\/dcab619c614d3038751c63bc2aadc06d\",\"name\":\"ulqini\",\"sameAs\":[\"http:\/\/www.visit-ulcinj.com\"],\"url\":\"https:\/\/www.visit-ulcinj.com\/blog\/author\/admin\/\"}]}<\/script>\n<!-- \/ Yoast SEO plugin. -->","yoast_head_json":{"title":"Situata zgjedhore presidenciale 2008 nga Muhamet Nika - Lajme nga Ulqini","robots":{"index":"index","follow":"follow","max-snippet":"max-snippet:-1","max-image-preview":"max-image-preview:large","max-video-preview":"max-video-preview:-1"},"canonical":"https:\/\/www.visit-ulcinj.com\/blog\/2008\/04\/23\/situata-zgjedhore-presidenciale-2008-nga-muhamet-nika\/","og_locale":"en_US","og_type":"article","og_title":"Situata zgjedhore presidenciale 2008 nga Muhamet Nika - Lajme nga Ulqini","og_url":"https:\/\/www.visit-ulcinj.com\/blog\/2008\/04\/23\/situata-zgjedhore-presidenciale-2008-nga-muhamet-nika\/","og_site_name":"Lajme nga Ulqini","article_published_time":"2008-04-23T12:02:02+00:00","og_image":[{"url":"http:\/\/www.visit-ulcinj.com\/blog\/wp-content\/uploads\/2008\/01\/muhamed-nika-2.thumbnail.jpg"}],"twitter_misc":{"Written by":"ulqini","Est. reading time":"6 minutes"},"schema":{"@context":"https:\/\/schema.org","@graph":[{"@type":"WebSite","@id":"https:\/\/www.visit-ulcinj.com\/blog\/#website","url":"https:\/\/www.visit-ulcinj.com\/blog\/","name":"Lajme nga Ulqini","description":"Lajme,Vijesti,Ulqini,Ulqin,Crna Gora,Mali i Zi","potentialAction":[{"@type":"SearchAction","target":{"@type":"EntryPoint","urlTemplate":"https:\/\/www.visit-ulcinj.com\/blog\/?s={search_term_string}"},"query-input":"required name=search_term_string"}],"inLanguage":"en-US"},{"@type":"ImageObject","inLanguage":"en-US","@id":"https:\/\/www.visit-ulcinj.com\/blog\/2008\/04\/23\/situata-zgjedhore-presidenciale-2008-nga-muhamet-nika\/#primaryimage","url":"http:\/\/www.visit-ulcinj.com\/blog\/wp-content\/uploads\/2008\/01\/muhamed-nika-2.thumbnail.jpg","contentUrl":"http:\/\/www.visit-ulcinj.com\/blog\/wp-content\/uploads\/2008\/01\/muhamed-nika-2.thumbnail.jpg"},{"@type":"WebPage","@id":"https:\/\/www.visit-ulcinj.com\/blog\/2008\/04\/23\/situata-zgjedhore-presidenciale-2008-nga-muhamet-nika\/#webpage","url":"https:\/\/www.visit-ulcinj.com\/blog\/2008\/04\/23\/situata-zgjedhore-presidenciale-2008-nga-muhamet-nika\/","name":"Situata zgjedhore presidenciale 2008 nga Muhamet Nika - Lajme nga Ulqini","isPartOf":{"@id":"https:\/\/www.visit-ulcinj.com\/blog\/#website"},"primaryImageOfPage":{"@id":"https:\/\/www.visit-ulcinj.com\/blog\/2008\/04\/23\/situata-zgjedhore-presidenciale-2008-nga-muhamet-nika\/#primaryimage"},"datePublished":"2008-04-23T12:02:02+00:00","dateModified":"2008-04-23T12:02:02+00:00","author":{"@id":"https:\/\/www.visit-ulcinj.com\/blog\/#\/schema\/person\/dcab619c614d3038751c63bc2aadc06d"},"breadcrumb":{"@id":"https:\/\/www.visit-ulcinj.com\/blog\/2008\/04\/23\/situata-zgjedhore-presidenciale-2008-nga-muhamet-nika\/#breadcrumb"},"inLanguage":"en-US","potentialAction":[{"@type":"ReadAction","target":["https:\/\/www.visit-ulcinj.com\/blog\/2008\/04\/23\/situata-zgjedhore-presidenciale-2008-nga-muhamet-nika\/"]}]},{"@type":"BreadcrumbList","@id":"https:\/\/www.visit-ulcinj.com\/blog\/2008\/04\/23\/situata-zgjedhore-presidenciale-2008-nga-muhamet-nika\/#breadcrumb","itemListElement":[{"@type":"ListItem","position":1,"name":"Situata zgjedhore presidenciale 2008 nga Muhamet Nika"}]},{"@type":"Person","@id":"https:\/\/www.visit-ulcinj.com\/blog\/#\/schema\/person\/dcab619c614d3038751c63bc2aadc06d","name":"ulqini","sameAs":["http:\/\/www.visit-ulcinj.com"],"url":"https:\/\/www.visit-ulcinj.com\/blog\/author\/admin\/"}]}},"jetpack_featured_media_url":"","jetpack_sharing_enabled":true,"jetpack_shortlink":"https:\/\/wp.me\/pe6lTn-m4","_links":{"self":[{"href":"https:\/\/www.visit-ulcinj.com\/blog\/wp-json\/wp\/v2\/posts\/1368"}],"collection":[{"href":"https:\/\/www.visit-ulcinj.com\/blog\/wp-json\/wp\/v2\/posts"}],"about":[{"href":"https:\/\/www.visit-ulcinj.com\/blog\/wp-json\/wp\/v2\/types\/post"}],"author":[{"embeddable":true,"href":"https:\/\/www.visit-ulcinj.com\/blog\/wp-json\/wp\/v2\/users\/1"}],"replies":[{"embeddable":true,"href":"https:\/\/www.visit-ulcinj.com\/blog\/wp-json\/wp\/v2\/comments?post=1368"}],"version-history":[{"count":0,"href":"https:\/\/www.visit-ulcinj.com\/blog\/wp-json\/wp\/v2\/posts\/1368\/revisions"}],"wp:attachment":[{"href":"https:\/\/www.visit-ulcinj.com\/blog\/wp-json\/wp\/v2\/media?parent=1368"}],"wp:term":[{"taxonomy":"category","embeddable":true,"href":"https:\/\/www.visit-ulcinj.com\/blog\/wp-json\/wp\/v2\/categories?post=1368"},{"taxonomy":"post_tag","embeddable":true,"href":"https:\/\/www.visit-ulcinj.com\/blog\/wp-json\/wp\/v2\/tags?post=1368"}],"curies":[{"name":"wp","href":"https:\/\/api.w.org\/{rel}","templated":true}]}}