{"id":13703,"date":"2009-03-10T20:38:34","date_gmt":"2009-03-10T19:38:34","guid":{"rendered":"http:\/\/www.visit-ulcinj.com\/blog\/?p=13703"},"modified":"2009-03-10T20:39:43","modified_gmt":"2009-03-10T19:39:43","slug":"kolapsi-politik-ne-malesi-dhe-refleksi-i-mentalitetit-tone","status":"publish","type":"post","link":"https:\/\/www.visit-ulcinj.com\/blog\/2009\/03\/10\/kolapsi-politik-ne-malesi-dhe-refleksi-i-mentalitetit-tone\/","title":{"rendered":"Kolapsi politik n\u00eb Mal\u00ebsi dhe Refleksi i mentalitetit ton\u00eb"},"content":{"rendered":"<p><strong><img loading=\"lazy\" class=\"alignleft size-full wp-image-13704\" title=\"kolapsi-politik-i-alternatives-shqiptare\" src=\"http:\/\/www.visit-ulcinj.com\/blog\/wp-content\/uploads\/2009\/03\/kolapsi-politik-i-alternatives-shqiptare.jpg\" alt=\"kolapsi-politik-i-alternatives-shqiptare\" width=\"570\" height=\"400\" \/>Refleksi i mentalitetit ton\u00eb<\/strong><br \/>\nMarrja me politik\u00eb \u00ebsht\u00eb nj\u00eb profesion i cili varet nga disponimi i qytetar\u00ebve. N\u00ebse qytetar\u00ebt mendojn\u00eb se subjekti politik, ose personaliteti p\u00ebr t\u00eb cilin kan\u00eb votuar punon n\u00eb favor t\u00eb interesave t\u00eb tyre, ata do t\u00eb votojn\u00eb p\u00ebrs\u00ebri p\u00ebr t\u00eb. Andaj, n\u00eb politik\u00eb asgj\u00eb nuk \u00ebsht\u00eb e p\u00ebrjetshme. N\u00eb Mal\u00ebsi nuk ekziston kjo vetdije. P\u00ebr qytetarin i cili i shikon anash rrjedhat aktuale, e gjith\u00eb kjo len p\u00ebrshtypje t\u00eb luft\u00ebs s\u00eb pam\u00ebshirshme p\u00ebr pushtet qoft\u00eb ky vet\u00ebm pushteti brenda nj\u00eb partie.<\/p>\n<p>Dit\u00ebve t\u00eb fundit \u00ebsht\u00eb \u00e7uar shum\u00eb pluhur n\u00eb opinionin shqiptar n\u00eb Mal t\u00eb Zi lidhur me ngjarjet e fundit n\u00eb Alternativen Shqiptare, gjegj\u00ebsisht lidhur me faktin se K\u00ebshilli kryesor i k\u00ebsaj partie nuk ka mundur t\u00eb arrij\u00eb konsensus lidhur me faktin se kush do t\u00eb jet\u00eb bart\u00ebsi i list\u00ebs p\u00ebr zgjedhjet e ardhshme parlamentare. T\u00eb b\u00ebjm\u00eb rekapitulim n\u00eb baz\u00eb t\u00eb asaj \u00e7ka ka mundur t\u00eb shihet nga mediat: nj\u00eb rrym\u00eb e an\u00ebtar\u00ebve t\u00eb K\u00ebshillit ka qen\u00eb p\u00ebr opcionin q\u00eb bart\u00ebsi i list\u00ebs zgjedhore t\u00eb k\u00ebsaj partie t\u00eb jet\u00eb deputeti i deritash\u00ebm n\u00eb Parlamentin e Malit t\u00eb Zi, Vasel Sinishtaj, nd\u00ebrsa, rryma tjet\u00ebr e ka p\u00ebrkrahur Nik Gjeloshajn. Sipas mediave malazeze (sic!) bart\u00ebsi i list\u00ebs do t\u00eb jet\u00eb Gjeloshaj. Te qytetari neutral i cili, n\u00eb rend t\u00eb par\u00eb, brengoset p\u00ebr t\u00eb ardhmen e Mal\u00ebsis\u00eb, rrymimet n\u00eb ASH l\u00ebn\u00eb p\u00ebrshtypje t\u00eb r\u00ebnd\u00eb. Jo vet\u00ebm q\u00eb krijojn\u00eb imazh negativ p\u00ebr partin\u00eb n\u00eb fjal\u00eb, por, n\u00eb radh\u00eb t\u00eb par\u00eb p\u00ebr Mal\u00ebsin\u00eb. Sepse, fitohet p\u00ebrshtypja se di\u00e7ka nuk \u00ebsht\u00eb n\u00eb rregull me mentalitetin ton\u00eb.<\/p>\n<p><strong>\u00c7far\u00eb \u00ebsht\u00eb mentaliteti yn\u00eb<\/strong><\/p>\n<p>Rrymimet aktuale n\u00eb ASH jan\u00eb pasqyr\u00eb reale e asaj q\u00eb \u00ebsht\u00eb mentaliteti i sot\u00ebm i cili mbizotron n\u00eb Mal\u00ebsi e q\u00eb \u00ebsht\u00eb trash\u00ebgim i kohrave t\u00eb p\u00ebrparshme kur trevat shqiptare ishin t\u00eb izoluara nga Europa e qytet\u00ebruar. Do t\u00eb nevojiten deceniet (dhe shekujt) q\u00eb t\u00eb kap\u00ebrcehet kjo humner\u00eb civilizuese. Kemi menduar se me r\u00ebnien e komunizmit do t\u00eb ecim m\u00eb shpejt drejt Europ\u00ebs. Mir\u00ebpo, praktika po e tregon se ky proces po p\u00ebrparon shum\u00eb ngadal\u00eb. Shembulli m\u00eb i mir\u00eb jan\u00eb ngjarjet aktuale n\u00eb ASH.<\/p>\n<p><strong>Niccolo Machiavelli<\/strong><\/p>\n<p>Do t\u2019u propozoja politikan\u00ebve tan\u00eb q\u00eb ta lexojn\u00eb Machiavellin. Aty do t\u00eb mund t\u00eb gjenin shum\u00eb gj\u00ebra t\u00eb dobishme t\u00eb cilat do t\u2019u ndihmojn\u00eb q\u00eb n\u00eb opinion t\u00eb mos duken komik\u00eb nga fakti se jan\u00eb qasur t\u00eb merren me nj\u00eb profesion parimet e t\u00eb cilit nuk i njohin. \u00c7ka \u00ebsht\u00eb edhe m\u00eb e keqja, politika \u00ebsht\u00eb profesion i cili, n\u00ebse ushtrohet nga injorant\u00ebt ka pasoja t\u00eb r\u00ebnda p\u00ebr popullin i cili i ka votuar. Andaj \u00e7ka thot\u00eb Machiavelli? \u201cNjer\u00ebzit mund t\u00eb hipin n\u00eb pushtet me an\u00eb t\u00eb tjer\u00ebve ose si pasoj\u00eb e rrethanave. P\u00ebr k\u00ebta \u00ebsht\u00eb shum\u00eb v\u00ebshtir\u00eb ta ruajn\u00eb pozicionin e tyre. Pushteti i tyre nuk ka rr\u00ebnj\u00eb t\u00eb thella dhe nuk mund t\u2019ju rezistoj\u00eb furtunave.\u201d Kurzivin e kam b\u00ebr\u00eb un\u00eb q\u00eb politikan\u00ebt tan\u00eb t\u00eb dijn\u00eb t\u00eb orientohen m\u00eb mir\u00eb lidhur me at\u00eb se \u00e7far\u00eb ka dashur t\u00eb thot\u00eb Machiavelli e q\u00eb mund t\u00eb aplikohet n\u00eb situat\u00ebn aktuale n\u00eb ASH.<\/p>\n<p><strong>\u00c7ka paraqet n\u00eb esenc\u00eb profesioni i politikanit<\/strong><\/p>\n<p>Fakt \u00ebsht\u00eb se shqiptar\u00ebt n\u00eb Mal t\u00eb Zi nuk kan\u00eb ide se \u00e7ka paraqet n\u00eb thelb marrja me profesionin e politikanit. N\u00eb shtetet e demokacis\u00eb europiane, ky profesion ushtrohet p\u00ebr ta p\u00ebrmir\u00ebsuar pozit\u00ebn dhe jet\u00ebn e qytetar\u00ebve. Te ne, ky kuptohet si mund\u00ebsi ideale q\u00eb t\u00eb shfryt\u00ebzohen benefitet q\u00eb i sjell pushteti. Te shqiptar\u00ebt e Malit t\u00eb Zi, funksioni i kryetarit partiak \u00ebsht\u00eb i p\u00ebrjetsh\u00ebm. Dhe jo vet\u00ebm kaq, Ky funksion n\u00ebnkupton q\u00eb at\u00eb person t\u00eb njejt\u00eb do ta shohim n\u00eb t\u00eb gjitha k\u00ebshillat, komisionet, tryezat e rrumbullakta, grupet e pun\u00ebs, etj.,etj. V\u00ebrtet, njeriut i vie q\u00eb t\u00eb thot\u00eb \u201cMjaft m\u00eb!\u201d. M\u00eb n\u00eb fund qytetari i thjesht\u00eb fillon ta ndiej\u00eb veten si peng t\u00eb fytyrave p\u00ebr t\u00eb cilat nuk ka shans q\u00eb t\u00eb zbresin nga funksioni i p\u00ebrjetsh\u00ebm. Di\u00e7ka si Fidel Castro!<br \/>\nPo, si q\u00ebndron puna n\u00eb rastin e ASH- s\u00eb. Ky rast \u00ebsht\u00eb specifik p\u00ebr shum\u00eb arsye dhe kjo q\u00eb e kam th\u00ebn\u00eb m\u00eb lart\u00eb nuk vlen\u00eb p\u00ebr ASH-n\u00eb.<br \/>\n1. ASH si subjekt autokton politik n\u00eb Mal\u00ebsi. ASH \u00ebsht\u00eb subjekti i par\u00eb autokton politik n\u00eb trev\u00ebn e Mal\u00ebsis\u00eb q\u00eb nga koha e r\u00ebnies s\u00eb komunizmit. T\u00eb gjitha partit\u00eb e tjera q\u00eb veprojn\u00eb n\u00eb Mal\u00ebsi jan\u00eb deg\u00eb t\u00eb partive politike me qend\u00ebr n\u00eb Ulqin.<br \/>\n2. \u00c7\u00ebshtja e strategjis\u00eb afatgjat\u00eb. N\u00eb situat\u00eb kur fitohen zgjedhjet lokale dhe nj\u00eb deputet hyn\u00eb n\u00eb Parlament republikan si pasoj\u00eb e rrethanave t\u00eb krijuara pas aksionit policor \u201cFluturimi i shqiponj\u00ebs\u201d, ASH vepron t\u00ebr\u00eb koh\u00ebn (gati tri vjet) pa strategji afatgjat\u00eb. Politika nuk mund t\u00eb zhvillohet prej rastit n\u00eb rast. Duhet t\u00eb dihet \u00e7ka \u00ebsht\u00eb strategjia afatgjat\u00eb e nj\u00eb subjekti politik. P\u00ebrve\u00e7 k\u00ebsaj, duhet b\u00ebr\u00eb dallim mes politik\u00ebs krijuese dhe asaj ditore. A ka pasur njer\u00ebz t\u00eb till\u00eb n\u00eb K\u00ebshillin Qendror\u00eb t\u00eb ASH-s\u00eb, njer\u00ebz t\u00eb cil\u00ebt dijn\u00eb \u00e7ka \u00ebsht\u00eb strategjia e t\u00eb cil\u00ebt kan\u00eb qen\u00eb n\u00eb pozit\u00eb t\u00eb vendosin p\u00ebr k\u00ebt\u00eb si an\u00ebtar\u00eb t\u00eb K\u00ebshillit qendror? Dyshoj! Ose, edhe n\u00eb rast se ka paur t\u00eb till\u00eb, kan\u00eb qen\u00eb n\u00eb pakic\u00eb.<br \/>\n3. Lufta p\u00ebr pushtet. Marrja me politik\u00eb \u00ebsht\u00eb nj\u00eb profesion i cili varet nga disponimi i qytetar\u00ebve. N\u00ebse qytetar\u00ebt mendojn\u00eb se subjekti politik, ose personaliteti p\u00ebr t\u00eb cilin kan\u00eb votuar punon n\u00eb favor t\u00eb interesave t\u00eb tyre, ata do t\u00eb votojn\u00eb p\u00ebrs\u00ebri p\u00ebr t\u00eb. Andaj, n\u00eb politik\u00eb asgj\u00eb nuk \u00ebsht\u00eb e p\u00ebrjetshme. N\u00eb Mal\u00ebsi nuk ekziston kjo vetdije. P\u00ebr qytetarin i cili i shikon anash rrjedhat aktuale, e gjith\u00eb kjo len p\u00ebrshtypje t\u00eb luft\u00ebs s\u00eb pam\u00ebshirshme p\u00ebr pushtet qoft\u00eb ky vet\u00ebm pushteti brenda nj\u00eb partie.<br \/>\n4. Faktori fisnor. Kur e lexon historin\u00eb e mal\u00ebsive shqiptare, jo vet\u00ebm t\u00eb Mal\u00ebsis\u00eb s\u00eb Madhe, e sheh qart\u00eb se t\u00eb gjitha trojet e k\u00ebtilla kan\u00eb ruajtur nj\u00eb mentalitet mikrolokal (fisnor) i cili i ka b\u00ebr\u00eb shum\u00eb d\u00ebm, s\u00eb pari mjedisit lokal e pastaj edhe kombit shqiptar. Kjo ka ardhur si pasoj\u00eb e luft\u00ebs shum\u00ebshekullore p\u00ebr mbijetesen e identitetit komb\u00ebtar, luft\u00eb e cila ka qen\u00eb aq e gjat\u00eb sa q\u00eb \u00ebsht\u00eb humbur parafytyrimi se ka njer\u00ebz t\u00eb zot edhe jasht fisit tim. P\u00ebr fat t\u00eb keq, n\u00eb Mal\u00ebsi, kjo psikologji nuk \u00ebsht\u00eb tejkaluar as n\u00eb koh\u00ebn e sotme kur duhet shikuar nj\u00eb interes m\u00eb t\u00eb gj\u00ebr\u00eb. Nj\u00eb mentalitet i ngjash\u00ebm klanor ekziston edhe n\u00eb mjediset e tjera shqiptare n\u00eb Mal t\u00eb Zi t\u00eb cilat nuk e kan\u00eb struktur\u00ebn fisnore. Kuptohet se edhe kjo \u00ebsht\u00eb pasoj\u00eb e izolimit dhe mbylljes n\u00eb vete sepse rrethanat kan\u00eb qen\u00eb t\u00eb tilla.<br \/>\n5. Uniteti i brendsh\u00ebm i subjektit politik. T\u00eb kthehemi p\u00ebrs\u00ebri te Machiavelli. Ai thot\u00eb se p\u00ebr ta ruajtjur pushtetin, nuk duhet ngurruar t\u00eb largohen njer\u00ebzit t\u00eb cil\u00ebt jan\u00eb t\u00eb rreziksh\u00ebm p\u00ebr unitetin. Ta aplikojm\u00eb k\u00ebt\u00eb parim n\u00eb rastin aktual t\u00eb ASH-s\u00eb, kjo dmth. se nj\u00eb subjekt politik nuk mund t\u00eb funksionoj\u00eb n\u00ebse nuk \u00ebsht\u00eb unik. Nga ky shkak, n\u00eb demokracin\u00eb qytetare vie deri te formimi i partive t\u00eb reja politike nga fraksionet q\u00eb jan\u00eb krijuar brenda partive ekzistuese. Konkluza lidhur me ASH-s\u00eb imponohet vetvetiu.<\/p>\n<p><strong>P\u00ebrfundimi<\/strong><br \/>\nN\u00eb k\u00ebt\u00eb moment, p\u00ebrfundim nuk ka. Neve, qytetar\u00ebve t\u00eb thjesht\u00eb (por,jo edhe neutral\u00eb kur \u00ebsht\u00eb fjala p\u00ebr fatin e vendlindjes son\u00eb), na mbetet t\u00eb shpresojm\u00eb se Mal\u00ebsia nuk do t\u00eb shuhet para se t\u2019i zgjidhin interesat e tyre fisnor\u00eb politikan\u00ebt t\u00eb cil\u00ebt vendosin p\u00ebr fatin e saj.<\/p>\n<p><strong>Xhoana M. Perkaj<br \/>\nKoha Javore<\/strong><\/p>\n","protected":false},"excerpt":{"rendered":"<p>Refleksi i mentalitetit ton\u00eb Marrja me politik\u00eb \u00ebsht\u00eb nj\u00eb profesion i cili varet nga disponimi i qytetar\u00ebve. N\u00ebse qytetar\u00ebt mendojn\u00eb se subjekti politik, ose personaliteti p\u00ebr t\u00eb cilin kan\u00eb votuar punon n\u00eb favor t\u00eb interesave t\u00eb tyre, ata do t\u00eb votojn\u00eb p\u00ebrs\u00ebri p\u00ebr t\u00eb. Andaj, n\u00eb politik\u00eb asgj\u00eb nuk \u00ebsht\u00eb e p\u00ebrjetshme. N\u00eb Mal\u00ebsi nuk [&hellip;]<\/p>\n","protected":false},"author":1,"featured_media":0,"comment_status":"open","ping_status":"closed","sticky":false,"template":"","format":"standard","meta":{"spay_email":"","jetpack_publicize_message":"","jetpack_is_tweetstorm":false,"jetpack_publicize_feature_enabled":true},"categories":[12],"tags":[3461,7766,7768,5905,7767,348],"jetpack_publicize_connections":[],"yoast_head":"<!-- This site is optimized with the Yoast SEO plugin v19.1 - https:\/\/yoast.com\/wordpress\/plugins\/seo\/ -->\n<title>Kolapsi politik n\u00eb Mal\u00ebsi dhe Refleksi i mentalitetit ton\u00eb - Lajme nga Ulqini<\/title>\n<meta name=\"description\" content=\"Refleksi i mentalitetit ton\u00eb Marrja me politik\u00eb \u00ebsht\u00eb nj\u00eb profesion i cili varet nga disponimi i qytetar\u00ebve. N\u00ebse qytetar\u00ebt mendojn\u00eb se subjekti politik,\" \/>\n<meta name=\"robots\" content=\"index, follow, max-snippet:-1, max-image-preview:large, max-video-preview:-1\" \/>\n<link rel=\"canonical\" href=\"https:\/\/www.visit-ulcinj.com\/blog\/2009\/03\/10\/kolapsi-politik-ne-malesi-dhe-refleksi-i-mentalitetit-tone\/\" \/>\n<meta property=\"og:locale\" content=\"en_US\" \/>\n<meta property=\"og:type\" content=\"article\" \/>\n<meta property=\"og:title\" content=\"Kolapsi politik n\u00eb Mal\u00ebsi dhe Refleksi i mentalitetit ton\u00eb - Lajme nga Ulqini\" \/>\n<meta property=\"og:description\" content=\"Refleksi i mentalitetit ton\u00eb Marrja me politik\u00eb \u00ebsht\u00eb nj\u00eb profesion i cili varet nga disponimi i qytetar\u00ebve. N\u00ebse qytetar\u00ebt mendojn\u00eb se subjekti politik,\" \/>\n<meta property=\"og:url\" content=\"https:\/\/www.visit-ulcinj.com\/blog\/2009\/03\/10\/kolapsi-politik-ne-malesi-dhe-refleksi-i-mentalitetit-tone\/\" \/>\n<meta property=\"og:site_name\" content=\"Lajme nga Ulqini\" \/>\n<meta property=\"article:published_time\" content=\"2009-03-10T19:38:34+00:00\" \/>\n<meta property=\"article:modified_time\" content=\"2009-03-10T19:39:43+00:00\" \/>\n<meta property=\"og:image\" content=\"http:\/\/www.visit-ulcinj.com\/blog\/wp-content\/uploads\/2009\/03\/kolapsi-politik-i-alternatives-shqiptare.jpg\" \/>\n<meta name=\"twitter:label1\" content=\"Written by\" \/>\n\t<meta name=\"twitter:data1\" content=\"ulqini\" \/>\n\t<meta name=\"twitter:label2\" content=\"Est. reading time\" \/>\n\t<meta name=\"twitter:data2\" content=\"7 minutes\" \/>\n<script type=\"application\/ld+json\" class=\"yoast-schema-graph\">{\"@context\":\"https:\/\/schema.org\",\"@graph\":[{\"@type\":\"WebSite\",\"@id\":\"https:\/\/www.visit-ulcinj.com\/blog\/#website\",\"url\":\"https:\/\/www.visit-ulcinj.com\/blog\/\",\"name\":\"Lajme nga Ulqini\",\"description\":\"Lajme,Vijesti,Ulqini,Ulqin,Crna Gora,Mali i Zi\",\"potentialAction\":[{\"@type\":\"SearchAction\",\"target\":{\"@type\":\"EntryPoint\",\"urlTemplate\":\"https:\/\/www.visit-ulcinj.com\/blog\/?s={search_term_string}\"},\"query-input\":\"required name=search_term_string\"}],\"inLanguage\":\"en-US\"},{\"@type\":\"ImageObject\",\"inLanguage\":\"en-US\",\"@id\":\"https:\/\/www.visit-ulcinj.com\/blog\/2009\/03\/10\/kolapsi-politik-ne-malesi-dhe-refleksi-i-mentalitetit-tone\/#primaryimage\",\"url\":\"http:\/\/www.visit-ulcinj.com\/blog\/wp-content\/uploads\/2009\/03\/kolapsi-politik-i-alternatives-shqiptare.jpg\",\"contentUrl\":\"http:\/\/www.visit-ulcinj.com\/blog\/wp-content\/uploads\/2009\/03\/kolapsi-politik-i-alternatives-shqiptare.jpg\"},{\"@type\":\"WebPage\",\"@id\":\"https:\/\/www.visit-ulcinj.com\/blog\/2009\/03\/10\/kolapsi-politik-ne-malesi-dhe-refleksi-i-mentalitetit-tone\/#webpage\",\"url\":\"https:\/\/www.visit-ulcinj.com\/blog\/2009\/03\/10\/kolapsi-politik-ne-malesi-dhe-refleksi-i-mentalitetit-tone\/\",\"name\":\"Kolapsi politik n\u00eb Mal\u00ebsi dhe Refleksi i mentalitetit ton\u00eb - Lajme nga Ulqini\",\"isPartOf\":{\"@id\":\"https:\/\/www.visit-ulcinj.com\/blog\/#website\"},\"primaryImageOfPage\":{\"@id\":\"https:\/\/www.visit-ulcinj.com\/blog\/2009\/03\/10\/kolapsi-politik-ne-malesi-dhe-refleksi-i-mentalitetit-tone\/#primaryimage\"},\"datePublished\":\"2009-03-10T19:38:34+00:00\",\"dateModified\":\"2009-03-10T19:39:43+00:00\",\"author\":{\"@id\":\"https:\/\/www.visit-ulcinj.com\/blog\/#\/schema\/person\/dcab619c614d3038751c63bc2aadc06d\"},\"description\":\"Refleksi i mentalitetit ton\u00eb Marrja me politik\u00eb \u00ebsht\u00eb nj\u00eb profesion i cili varet nga disponimi i qytetar\u00ebve. N\u00ebse qytetar\u00ebt mendojn\u00eb se subjekti politik,\",\"breadcrumb\":{\"@id\":\"https:\/\/www.visit-ulcinj.com\/blog\/2009\/03\/10\/kolapsi-politik-ne-malesi-dhe-refleksi-i-mentalitetit-tone\/#breadcrumb\"},\"inLanguage\":\"en-US\",\"potentialAction\":[{\"@type\":\"ReadAction\",\"target\":[\"https:\/\/www.visit-ulcinj.com\/blog\/2009\/03\/10\/kolapsi-politik-ne-malesi-dhe-refleksi-i-mentalitetit-tone\/\"]}]},{\"@type\":\"BreadcrumbList\",\"@id\":\"https:\/\/www.visit-ulcinj.com\/blog\/2009\/03\/10\/kolapsi-politik-ne-malesi-dhe-refleksi-i-mentalitetit-tone\/#breadcrumb\",\"itemListElement\":[{\"@type\":\"ListItem\",\"position\":1,\"name\":\"Kolapsi politik n\u00eb Mal\u00ebsi dhe Refleksi i mentalitetit ton\u00eb\"}]},{\"@type\":\"Person\",\"@id\":\"https:\/\/www.visit-ulcinj.com\/blog\/#\/schema\/person\/dcab619c614d3038751c63bc2aadc06d\",\"name\":\"ulqini\",\"sameAs\":[\"http:\/\/www.visit-ulcinj.com\"],\"url\":\"https:\/\/www.visit-ulcinj.com\/blog\/author\/admin\/\"}]}<\/script>\n<!-- \/ Yoast SEO plugin. -->","yoast_head_json":{"title":"Kolapsi politik n\u00eb Mal\u00ebsi dhe Refleksi i mentalitetit ton\u00eb - Lajme nga Ulqini","description":"Refleksi i mentalitetit ton\u00eb Marrja me politik\u00eb \u00ebsht\u00eb nj\u00eb profesion i cili varet nga disponimi i qytetar\u00ebve. N\u00ebse qytetar\u00ebt mendojn\u00eb se subjekti politik,","robots":{"index":"index","follow":"follow","max-snippet":"max-snippet:-1","max-image-preview":"max-image-preview:large","max-video-preview":"max-video-preview:-1"},"canonical":"https:\/\/www.visit-ulcinj.com\/blog\/2009\/03\/10\/kolapsi-politik-ne-malesi-dhe-refleksi-i-mentalitetit-tone\/","og_locale":"en_US","og_type":"article","og_title":"Kolapsi politik n\u00eb Mal\u00ebsi dhe Refleksi i mentalitetit ton\u00eb - Lajme nga Ulqini","og_description":"Refleksi i mentalitetit ton\u00eb Marrja me politik\u00eb \u00ebsht\u00eb nj\u00eb profesion i cili varet nga disponimi i qytetar\u00ebve. N\u00ebse qytetar\u00ebt mendojn\u00eb se subjekti politik,","og_url":"https:\/\/www.visit-ulcinj.com\/blog\/2009\/03\/10\/kolapsi-politik-ne-malesi-dhe-refleksi-i-mentalitetit-tone\/","og_site_name":"Lajme nga Ulqini","article_published_time":"2009-03-10T19:38:34+00:00","article_modified_time":"2009-03-10T19:39:43+00:00","og_image":[{"url":"http:\/\/www.visit-ulcinj.com\/blog\/wp-content\/uploads\/2009\/03\/kolapsi-politik-i-alternatives-shqiptare.jpg"}],"twitter_misc":{"Written by":"ulqini","Est. reading time":"7 minutes"},"schema":{"@context":"https:\/\/schema.org","@graph":[{"@type":"WebSite","@id":"https:\/\/www.visit-ulcinj.com\/blog\/#website","url":"https:\/\/www.visit-ulcinj.com\/blog\/","name":"Lajme nga Ulqini","description":"Lajme,Vijesti,Ulqini,Ulqin,Crna Gora,Mali i Zi","potentialAction":[{"@type":"SearchAction","target":{"@type":"EntryPoint","urlTemplate":"https:\/\/www.visit-ulcinj.com\/blog\/?s={search_term_string}"},"query-input":"required name=search_term_string"}],"inLanguage":"en-US"},{"@type":"ImageObject","inLanguage":"en-US","@id":"https:\/\/www.visit-ulcinj.com\/blog\/2009\/03\/10\/kolapsi-politik-ne-malesi-dhe-refleksi-i-mentalitetit-tone\/#primaryimage","url":"http:\/\/www.visit-ulcinj.com\/blog\/wp-content\/uploads\/2009\/03\/kolapsi-politik-i-alternatives-shqiptare.jpg","contentUrl":"http:\/\/www.visit-ulcinj.com\/blog\/wp-content\/uploads\/2009\/03\/kolapsi-politik-i-alternatives-shqiptare.jpg"},{"@type":"WebPage","@id":"https:\/\/www.visit-ulcinj.com\/blog\/2009\/03\/10\/kolapsi-politik-ne-malesi-dhe-refleksi-i-mentalitetit-tone\/#webpage","url":"https:\/\/www.visit-ulcinj.com\/blog\/2009\/03\/10\/kolapsi-politik-ne-malesi-dhe-refleksi-i-mentalitetit-tone\/","name":"Kolapsi politik n\u00eb Mal\u00ebsi dhe Refleksi i mentalitetit ton\u00eb - Lajme nga Ulqini","isPartOf":{"@id":"https:\/\/www.visit-ulcinj.com\/blog\/#website"},"primaryImageOfPage":{"@id":"https:\/\/www.visit-ulcinj.com\/blog\/2009\/03\/10\/kolapsi-politik-ne-malesi-dhe-refleksi-i-mentalitetit-tone\/#primaryimage"},"datePublished":"2009-03-10T19:38:34+00:00","dateModified":"2009-03-10T19:39:43+00:00","author":{"@id":"https:\/\/www.visit-ulcinj.com\/blog\/#\/schema\/person\/dcab619c614d3038751c63bc2aadc06d"},"description":"Refleksi i mentalitetit ton\u00eb Marrja me politik\u00eb \u00ebsht\u00eb nj\u00eb profesion i cili varet nga disponimi i qytetar\u00ebve. N\u00ebse qytetar\u00ebt mendojn\u00eb se subjekti politik,","breadcrumb":{"@id":"https:\/\/www.visit-ulcinj.com\/blog\/2009\/03\/10\/kolapsi-politik-ne-malesi-dhe-refleksi-i-mentalitetit-tone\/#breadcrumb"},"inLanguage":"en-US","potentialAction":[{"@type":"ReadAction","target":["https:\/\/www.visit-ulcinj.com\/blog\/2009\/03\/10\/kolapsi-politik-ne-malesi-dhe-refleksi-i-mentalitetit-tone\/"]}]},{"@type":"BreadcrumbList","@id":"https:\/\/www.visit-ulcinj.com\/blog\/2009\/03\/10\/kolapsi-politik-ne-malesi-dhe-refleksi-i-mentalitetit-tone\/#breadcrumb","itemListElement":[{"@type":"ListItem","position":1,"name":"Kolapsi politik n\u00eb Mal\u00ebsi dhe Refleksi i mentalitetit ton\u00eb"}]},{"@type":"Person","@id":"https:\/\/www.visit-ulcinj.com\/blog\/#\/schema\/person\/dcab619c614d3038751c63bc2aadc06d","name":"ulqini","sameAs":["http:\/\/www.visit-ulcinj.com"],"url":"https:\/\/www.visit-ulcinj.com\/blog\/author\/admin\/"}]}},"jetpack_featured_media_url":"","jetpack_sharing_enabled":true,"jetpack_shortlink":"https:\/\/wp.me\/pe6lTn-3z1","_links":{"self":[{"href":"https:\/\/www.visit-ulcinj.com\/blog\/wp-json\/wp\/v2\/posts\/13703"}],"collection":[{"href":"https:\/\/www.visit-ulcinj.com\/blog\/wp-json\/wp\/v2\/posts"}],"about":[{"href":"https:\/\/www.visit-ulcinj.com\/blog\/wp-json\/wp\/v2\/types\/post"}],"author":[{"embeddable":true,"href":"https:\/\/www.visit-ulcinj.com\/blog\/wp-json\/wp\/v2\/users\/1"}],"replies":[{"embeddable":true,"href":"https:\/\/www.visit-ulcinj.com\/blog\/wp-json\/wp\/v2\/comments?post=13703"}],"version-history":[{"count":0,"href":"https:\/\/www.visit-ulcinj.com\/blog\/wp-json\/wp\/v2\/posts\/13703\/revisions"}],"wp:attachment":[{"href":"https:\/\/www.visit-ulcinj.com\/blog\/wp-json\/wp\/v2\/media?parent=13703"}],"wp:term":[{"taxonomy":"category","embeddable":true,"href":"https:\/\/www.visit-ulcinj.com\/blog\/wp-json\/wp\/v2\/categories?post=13703"},{"taxonomy":"post_tag","embeddable":true,"href":"https:\/\/www.visit-ulcinj.com\/blog\/wp-json\/wp\/v2\/tags?post=13703"}],"curies":[{"name":"wp","href":"https:\/\/api.w.org\/{rel}","templated":true}]}}