{"id":13714,"date":"2009-03-10T22:35:05","date_gmt":"2009-03-10T21:35:05","guid":{"rendered":"http:\/\/www.visit-ulcinj.com\/blog\/?p=13714"},"modified":"2009-03-10T22:35:05","modified_gmt":"2009-03-10T21:35:05","slug":"mimoza-per-bjordin-mua-s%e2%80%99me-pengon-dot-askush","status":"publish","type":"post","link":"https:\/\/www.visit-ulcinj.com\/blog\/2009\/03\/10\/mimoza-per-bjordin-mua-s%e2%80%99me-pengon-dot-askush\/","title":{"rendered":"Mimoza p\u00ebr Bjordin : Mua s\u2019m\u00eb pengon dot askush"},"content":{"rendered":"<p>\u00a0<\/p>\n<div>\n<p><span class=\"newsdate\"><a href=\"http:\/\/www.visit-ulcinj.com\/blog\/wp-content\/uploads\/2009\/03\/moza-per-bjordin-copy.jpg\"><img loading=\"lazy\" class=\"alignleft size-full wp-image-13712\" title=\"moza-per-bjordin-big-brother-albania-2\" src=\"http:\/\/www.visit-ulcinj.com\/blog\/wp-content\/uploads\/2009\/03\/moza-per-bjordin-copy.jpg\" alt=\"moza-per-bjordin-big-brother-albania-2\" width=\"300\" height=\"205\" \/><\/a>09\/03\/09 00:50<\/span><\/p>\n<p>Duke biseduar jasht\u00eb n\u00eb oborr, Mimoza i ka th\u00ebn\u00eb Republik\u00ebs se ishte e m\u00ebrzitur. Ajo e ka pyetur se mos m\u00ebrzitja e saj ka lidhje me Bjordin. Mimoza ia ka kthyer duke i th\u00ebn\u00eb se Bjordi nuk i p\u00eblqen aspak, sepse po t\u2019i p\u00eblqente, nuk do t\u00eb pyeste as p\u00ebr Adel\u00ebn, as p\u00ebr asnj\u00ebri, por do ta kishte marr\u00eb \u201cfill\u201d. E v\u00ebrteta, sipas saj, ishte q\u00eb nuk e t\u00ebrhiqte fare, sepse n\u00eb t\u00eb kund\u00ebrt do t\u00eb kishte vepruar krejt ndryshe. \u201cMua po m\u00eb p\u00eblqeu di\u00e7ka, -ka th\u00ebn\u00eb ajo, -nuk ka gj\u00eb q\u00eb m\u00eb pengon!\u201d. Republika i ka th\u00ebn\u00eb se po e trembte me k\u00ebto q\u00eb thoshte dhe m\u00ebnyr\u00ebn si po i thoshte. Mimoza ka shtuar se p\u00ebr m\u00eb tep\u00ebr asaj nuk i p\u00eblqen nj\u00eb mashkull i vog\u00ebl dhe i shkurt\u00ebr, por nj\u00eb m\u00eb i madh dhe i gjat\u00eb.<\/p><\/div>\n","protected":false},"excerpt":{"rendered":"<p>\u00a0 09\/03\/09 00:50 Duke biseduar jasht\u00eb n\u00eb oborr, Mimoza i ka th\u00ebn\u00eb Republik\u00ebs se ishte e m\u00ebrzitur. Ajo e ka pyetur se mos m\u00ebrzitja e saj ka lidhje me Bjordin. Mimoza ia ka kthyer duke i th\u00ebn\u00eb se Bjordi nuk i p\u00eblqen aspak, sepse po t\u2019i p\u00eblqente, nuk do t\u00eb pyeste as p\u00ebr Adel\u00ebn, as [&hellip;]<\/p>\n","protected":false},"author":1,"featured_media":0,"comment_status":"open","ping_status":"closed","sticky":false,"template":"","format":"standard","meta":{"spay_email":"","jetpack_publicize_message":"","jetpack_is_tweetstorm":false,"jetpack_publicize_feature_enabled":true},"categories":[6502],"tags":[6562,5057,6506,6516,6712,7129,6665,6522,7365,7364,6568,6544,6891,6693,6887],"jetpack_publicize_connections":[],"yoast_head":"<!-- This site is optimized with the Yoast SEO plugin v19.1 - https:\/\/yoast.com\/wordpress\/plugins\/seo\/ -->\n<title>Mimoza p\u00c3\u00abr Bjordin : Mua s\u00e2\u20ac\u2122m\u00c3\u00ab pengon dot askush | Big Brother Albania 2<\/title>\n<meta name=\"description\" content=\"Big Brother Albania 2 - Duke biseduar jasht\u00c3\u00ab n\u00c3\u00ab oborr, Mimoza i ka th\u00c3\u00abn\u00c3\u00ab Republik\u00c3\u00abs se ishte e m\u00c3\u00abrzitur.\" \/>\n<meta name=\"robots\" content=\"index, follow, max-snippet:-1, max-image-preview:large, max-video-preview:-1\" \/>\n<link rel=\"canonical\" href=\"https:\/\/www.visit-ulcinj.com\/blog\/2009\/03\/10\/mimoza-per-bjordin-mua-s\u2019me-pengon-dot-askush\/\" \/>\n<meta property=\"og:locale\" content=\"en_US\" \/>\n<meta property=\"og:type\" content=\"article\" \/>\n<meta property=\"og:title\" content=\"Mimoza p\u00c3\u00abr Bjordin : Mua s\u00e2\u20ac\u2122m\u00c3\u00ab pengon dot askush | Big Brother Albania 2\" \/>\n<meta property=\"og:description\" content=\"Big Brother Albania 2 - Duke biseduar jasht\u00c3\u00ab n\u00c3\u00ab oborr, Mimoza i ka th\u00c3\u00abn\u00c3\u00ab Republik\u00c3\u00abs se ishte e m\u00c3\u00abrzitur.\" \/>\n<meta property=\"og:url\" content=\"https:\/\/www.visit-ulcinj.com\/blog\/2009\/03\/10\/mimoza-per-bjordin-mua-s\u2019me-pengon-dot-askush\/\" \/>\n<meta property=\"og:site_name\" content=\"Lajme nga Ulqini\" \/>\n<meta property=\"article:published_time\" content=\"2009-03-10T21:35:05+00:00\" \/>\n<meta property=\"og:image\" content=\"http:\/\/www.visit-ulcinj.com\/blog\/wp-content\/uploads\/2009\/03\/moza-per-bjordin-copy.jpg\" \/>\n<meta name=\"twitter:label1\" content=\"Written by\" \/>\n\t<meta name=\"twitter:data1\" content=\"ulqini\" \/>\n\t<meta name=\"twitter:label2\" content=\"Est. reading time\" \/>\n\t<meta name=\"twitter:data2\" content=\"1 minute\" \/>\n<script type=\"application\/ld+json\" class=\"yoast-schema-graph\">{\"@context\":\"https:\/\/schema.org\",\"@graph\":[{\"@type\":\"WebSite\",\"@id\":\"https:\/\/www.visit-ulcinj.com\/blog\/#website\",\"url\":\"https:\/\/www.visit-ulcinj.com\/blog\/\",\"name\":\"Lajme nga Ulqini\",\"description\":\"Lajme,Vijesti,Ulqini,Ulqin,Crna Gora,Mali i Zi\",\"potentialAction\":[{\"@type\":\"SearchAction\",\"target\":{\"@type\":\"EntryPoint\",\"urlTemplate\":\"https:\/\/www.visit-ulcinj.com\/blog\/?s={search_term_string}\"},\"query-input\":\"required name=search_term_string\"}],\"inLanguage\":\"en-US\"},{\"@type\":\"ImageObject\",\"inLanguage\":\"en-US\",\"@id\":\"https:\/\/www.visit-ulcinj.com\/blog\/2009\/03\/10\/mimoza-per-bjordin-mua-s%e2%80%99me-pengon-dot-askush\/#primaryimage\",\"url\":\"http:\/\/www.visit-ulcinj.com\/blog\/wp-content\/uploads\/2009\/03\/moza-per-bjordin-copy.jpg\",\"contentUrl\":\"http:\/\/www.visit-ulcinj.com\/blog\/wp-content\/uploads\/2009\/03\/moza-per-bjordin-copy.jpg\"},{\"@type\":\"WebPage\",\"@id\":\"https:\/\/www.visit-ulcinj.com\/blog\/2009\/03\/10\/mimoza-per-bjordin-mua-s%e2%80%99me-pengon-dot-askush\/#webpage\",\"url\":\"https:\/\/www.visit-ulcinj.com\/blog\/2009\/03\/10\/mimoza-per-bjordin-mua-s%e2%80%99me-pengon-dot-askush\/\",\"name\":\"Mimoza p\u00c3\u00abr Bjordin : Mua s\u00e2\u20ac\u2122m\u00c3\u00ab pengon dot askush | Big Brother Albania 2\",\"isPartOf\":{\"@id\":\"https:\/\/www.visit-ulcinj.com\/blog\/#website\"},\"primaryImageOfPage\":{\"@id\":\"https:\/\/www.visit-ulcinj.com\/blog\/2009\/03\/10\/mimoza-per-bjordin-mua-s%e2%80%99me-pengon-dot-askush\/#primaryimage\"},\"datePublished\":\"2009-03-10T21:35:05+00:00\",\"dateModified\":\"2009-03-10T21:35:05+00:00\",\"author\":{\"@id\":\"https:\/\/www.visit-ulcinj.com\/blog\/#\/schema\/person\/dcab619c614d3038751c63bc2aadc06d\"},\"description\":\"Big Brother Albania 2 - Duke biseduar jasht\u00c3\u00ab n\u00c3\u00ab oborr, Mimoza i ka th\u00c3\u00abn\u00c3\u00ab Republik\u00c3\u00abs se ishte e m\u00c3\u00abrzitur.\",\"breadcrumb\":{\"@id\":\"https:\/\/www.visit-ulcinj.com\/blog\/2009\/03\/10\/mimoza-per-bjordin-mua-s%e2%80%99me-pengon-dot-askush\/#breadcrumb\"},\"inLanguage\":\"en-US\",\"potentialAction\":[{\"@type\":\"ReadAction\",\"target\":[\"https:\/\/www.visit-ulcinj.com\/blog\/2009\/03\/10\/mimoza-per-bjordin-mua-s%e2%80%99me-pengon-dot-askush\/\"]}]},{\"@type\":\"BreadcrumbList\",\"@id\":\"https:\/\/www.visit-ulcinj.com\/blog\/2009\/03\/10\/mimoza-per-bjordin-mua-s%e2%80%99me-pengon-dot-askush\/#breadcrumb\",\"itemListElement\":[{\"@type\":\"ListItem\",\"position\":1,\"name\":\"Mimoza p\u00ebr Bjordin : Mua s\u2019m\u00eb pengon dot askush\"}]},{\"@type\":\"Person\",\"@id\":\"https:\/\/www.visit-ulcinj.com\/blog\/#\/schema\/person\/dcab619c614d3038751c63bc2aadc06d\",\"name\":\"ulqini\",\"sameAs\":[\"http:\/\/www.visit-ulcinj.com\"],\"url\":\"https:\/\/www.visit-ulcinj.com\/blog\/author\/admin\/\"}]}<\/script>\n<!-- \/ Yoast SEO plugin. -->","yoast_head_json":{"title":"Mimoza p\u00c3\u00abr Bjordin : Mua s\u00e2\u20ac\u2122m\u00c3\u00ab pengon dot askush | Big Brother Albania 2","description":"Big Brother Albania 2 - Duke biseduar jasht\u00c3\u00ab n\u00c3\u00ab oborr, Mimoza i ka th\u00c3\u00abn\u00c3\u00ab Republik\u00c3\u00abs se ishte e m\u00c3\u00abrzitur.","robots":{"index":"index","follow":"follow","max-snippet":"max-snippet:-1","max-image-preview":"max-image-preview:large","max-video-preview":"max-video-preview:-1"},"canonical":"https:\/\/www.visit-ulcinj.com\/blog\/2009\/03\/10\/mimoza-per-bjordin-mua-s\u2019me-pengon-dot-askush\/","og_locale":"en_US","og_type":"article","og_title":"Mimoza p\u00c3\u00abr Bjordin : Mua s\u00e2\u20ac\u2122m\u00c3\u00ab pengon dot askush | Big Brother Albania 2","og_description":"Big Brother Albania 2 - Duke biseduar jasht\u00c3\u00ab n\u00c3\u00ab oborr, Mimoza i ka th\u00c3\u00abn\u00c3\u00ab Republik\u00c3\u00abs se ishte e m\u00c3\u00abrzitur.","og_url":"https:\/\/www.visit-ulcinj.com\/blog\/2009\/03\/10\/mimoza-per-bjordin-mua-s\u2019me-pengon-dot-askush\/","og_site_name":"Lajme nga Ulqini","article_published_time":"2009-03-10T21:35:05+00:00","og_image":[{"url":"http:\/\/www.visit-ulcinj.com\/blog\/wp-content\/uploads\/2009\/03\/moza-per-bjordin-copy.jpg"}],"twitter_misc":{"Written by":"ulqini","Est. reading time":"1 minute"},"schema":{"@context":"https:\/\/schema.org","@graph":[{"@type":"WebSite","@id":"https:\/\/www.visit-ulcinj.com\/blog\/#website","url":"https:\/\/www.visit-ulcinj.com\/blog\/","name":"Lajme nga Ulqini","description":"Lajme,Vijesti,Ulqini,Ulqin,Crna Gora,Mali i Zi","potentialAction":[{"@type":"SearchAction","target":{"@type":"EntryPoint","urlTemplate":"https:\/\/www.visit-ulcinj.com\/blog\/?s={search_term_string}"},"query-input":"required name=search_term_string"}],"inLanguage":"en-US"},{"@type":"ImageObject","inLanguage":"en-US","@id":"https:\/\/www.visit-ulcinj.com\/blog\/2009\/03\/10\/mimoza-per-bjordin-mua-s%e2%80%99me-pengon-dot-askush\/#primaryimage","url":"http:\/\/www.visit-ulcinj.com\/blog\/wp-content\/uploads\/2009\/03\/moza-per-bjordin-copy.jpg","contentUrl":"http:\/\/www.visit-ulcinj.com\/blog\/wp-content\/uploads\/2009\/03\/moza-per-bjordin-copy.jpg"},{"@type":"WebPage","@id":"https:\/\/www.visit-ulcinj.com\/blog\/2009\/03\/10\/mimoza-per-bjordin-mua-s%e2%80%99me-pengon-dot-askush\/#webpage","url":"https:\/\/www.visit-ulcinj.com\/blog\/2009\/03\/10\/mimoza-per-bjordin-mua-s%e2%80%99me-pengon-dot-askush\/","name":"Mimoza p\u00c3\u00abr Bjordin : Mua s\u00e2\u20ac\u2122m\u00c3\u00ab pengon dot askush | Big Brother Albania 2","isPartOf":{"@id":"https:\/\/www.visit-ulcinj.com\/blog\/#website"},"primaryImageOfPage":{"@id":"https:\/\/www.visit-ulcinj.com\/blog\/2009\/03\/10\/mimoza-per-bjordin-mua-s%e2%80%99me-pengon-dot-askush\/#primaryimage"},"datePublished":"2009-03-10T21:35:05+00:00","dateModified":"2009-03-10T21:35:05+00:00","author":{"@id":"https:\/\/www.visit-ulcinj.com\/blog\/#\/schema\/person\/dcab619c614d3038751c63bc2aadc06d"},"description":"Big Brother Albania 2 - Duke biseduar jasht\u00c3\u00ab n\u00c3\u00ab oborr, Mimoza i ka th\u00c3\u00abn\u00c3\u00ab Republik\u00c3\u00abs se ishte e m\u00c3\u00abrzitur.","breadcrumb":{"@id":"https:\/\/www.visit-ulcinj.com\/blog\/2009\/03\/10\/mimoza-per-bjordin-mua-s%e2%80%99me-pengon-dot-askush\/#breadcrumb"},"inLanguage":"en-US","potentialAction":[{"@type":"ReadAction","target":["https:\/\/www.visit-ulcinj.com\/blog\/2009\/03\/10\/mimoza-per-bjordin-mua-s%e2%80%99me-pengon-dot-askush\/"]}]},{"@type":"BreadcrumbList","@id":"https:\/\/www.visit-ulcinj.com\/blog\/2009\/03\/10\/mimoza-per-bjordin-mua-s%e2%80%99me-pengon-dot-askush\/#breadcrumb","itemListElement":[{"@type":"ListItem","position":1,"name":"Mimoza p\u00ebr Bjordin : Mua s\u2019m\u00eb pengon dot askush"}]},{"@type":"Person","@id":"https:\/\/www.visit-ulcinj.com\/blog\/#\/schema\/person\/dcab619c614d3038751c63bc2aadc06d","name":"ulqini","sameAs":["http:\/\/www.visit-ulcinj.com"],"url":"https:\/\/www.visit-ulcinj.com\/blog\/author\/admin\/"}]}},"jetpack_featured_media_url":"","jetpack_sharing_enabled":true,"jetpack_shortlink":"https:\/\/wp.me\/pe6lTn-3zc","_links":{"self":[{"href":"https:\/\/www.visit-ulcinj.com\/blog\/wp-json\/wp\/v2\/posts\/13714"}],"collection":[{"href":"https:\/\/www.visit-ulcinj.com\/blog\/wp-json\/wp\/v2\/posts"}],"about":[{"href":"https:\/\/www.visit-ulcinj.com\/blog\/wp-json\/wp\/v2\/types\/post"}],"author":[{"embeddable":true,"href":"https:\/\/www.visit-ulcinj.com\/blog\/wp-json\/wp\/v2\/users\/1"}],"replies":[{"embeddable":true,"href":"https:\/\/www.visit-ulcinj.com\/blog\/wp-json\/wp\/v2\/comments?post=13714"}],"version-history":[{"count":0,"href":"https:\/\/www.visit-ulcinj.com\/blog\/wp-json\/wp\/v2\/posts\/13714\/revisions"}],"wp:attachment":[{"href":"https:\/\/www.visit-ulcinj.com\/blog\/wp-json\/wp\/v2\/media?parent=13714"}],"wp:term":[{"taxonomy":"category","embeddable":true,"href":"https:\/\/www.visit-ulcinj.com\/blog\/wp-json\/wp\/v2\/categories?post=13714"},{"taxonomy":"post_tag","embeddable":true,"href":"https:\/\/www.visit-ulcinj.com\/blog\/wp-json\/wp\/v2\/tags?post=13714"}],"curies":[{"name":"wp","href":"https:\/\/api.w.org\/{rel}","templated":true}]}}