{"id":13741,"date":"2009-03-11T09:06:38","date_gmt":"2009-03-11T08:06:38","guid":{"rendered":"http:\/\/www.visit-ulcinj.com\/blog\/?p=13741"},"modified":"2009-03-10T23:11:32","modified_gmt":"2009-03-10T22:11:32","slug":"mesida-me-pelqejne-lidhjet-e-gjata","status":"publish","type":"post","link":"https:\/\/www.visit-ulcinj.com\/blog\/2009\/03\/11\/mesida-me-pelqejne-lidhjet-e-gjata\/","title":{"rendered":"Mesida : M\u00eb p\u00eblqejn\u00eb lidhjet e gjata"},"content":{"rendered":"<p><em><span class=\"newsdate\"><a href=\"http:\/\/www.visit-ulcinj.com\/blog\/wp-content\/uploads\/2009\/03\/mesida-per-lidhjet.jpg\"><img loading=\"lazy\" class=\"alignleft size-full wp-image-13742\" title=\"mesida-per-lidhjet-big-brother-albania-2\" src=\"http:\/\/www.visit-ulcinj.com\/blog\/wp-content\/uploads\/2009\/03\/mesida-per-lidhjet.jpg\" alt=\"mesida-per-lidhjet-big-brother-albania-2\" width=\"300\" height=\"205\" \/><\/a>10\/03\/09 10:25<\/span><\/em><\/p>\n<p>Mesida ka treguar se pasi kishte mbushur 18 vje\u00e7 ishte larguar p\u00ebr n\u00eb Suedi. Atje kishte q\u00ebndruar dy vjet \u201csingle\u201d, pastaj kishte patur nj\u00eb t\u00eb dashur, m\u00eb pas edhe dy vjet t\u00eb tjera \u201csingle\u201d dhe pastaj kishte bashk\u00ebjetuar me dik\u00eb. Ajo ka th\u00ebn\u00eb se zakonisht lidhjet e saj jan\u00eb t\u00eb gjata, p\u00ebrndryshe i duken t\u00eb pavlera. Sipas saj m\u00eb mir\u00eb t\u00eb gjesh nj\u00eb njeri t\u00eb mir\u00eb, sesa thjesht t\u2019i shtosh nj\u00eb em\u00ebr list\u00ebs. Ajo ka shpjeguar se nuk e kishte fjal\u00ebn p\u00ebr t\u00eb shkuar menj\u00ebher\u00eb drejt fejes\u00ebs apo martes\u00ebs, por p\u00ebr t\u00eb gjetur dik\u00eb q\u00eb t\u00eb b\u00ebn t\u00eb ndjehesh mir\u00eb e me t\u00eb cilin t\u00eb kesh nj\u00eb relacion serioz. \u201cJemi n\u00eb nj\u00eb linj\u00eb!\u201d- i ka th\u00ebn\u00eb Dritani, duke i shprehur nj\u00ebkoh\u00ebsisht mendimin se lidhjet e gjata tregojn\u00eb q\u00ebndrueshm\u00ebri.<\/p>\n","protected":false},"excerpt":{"rendered":"<p>10\/03\/09 10:25 Mesida ka treguar se pasi kishte mbushur 18 vje\u00e7 ishte larguar p\u00ebr n\u00eb Suedi. Atje kishte q\u00ebndruar dy vjet \u201csingle\u201d, pastaj kishte patur nj\u00eb t\u00eb dashur, m\u00eb pas edhe dy vjet t\u00eb tjera \u201csingle\u201d dhe pastaj kishte bashk\u00ebjetuar me dik\u00eb. Ajo ka th\u00ebn\u00eb se zakonisht lidhjet e saj jan\u00eb t\u00eb gjata, p\u00ebrndryshe i [&hellip;]<\/p>\n","protected":false},"author":1,"featured_media":0,"comment_status":"open","ping_status":"closed","sticky":false,"template":"","format":"standard","meta":{"spay_email":"","jetpack_publicize_message":"","jetpack_is_tweetstorm":false,"jetpack_publicize_feature_enabled":true},"categories":[6502],"tags":[6883,6516,6712,6522,6905,6567,7777,7364,7776],"jetpack_publicize_connections":[],"yoast_head":"<!-- This site is optimized with the Yoast SEO plugin v19.1 - https:\/\/yoast.com\/wordpress\/plugins\/seo\/ -->\n<title>Mesida : M\u00c3\u00ab p\u00c3\u00ablqejn\u00c3\u00ab lidhjet e gjata | Big Brother Albania 2<\/title>\n<meta name=\"description\" content=\"Big Brother Albania 2 - Mesida ka treguar se pasi kishte mbushur 18 vje\u00c3\u00a7 ishte larguar p\u00c3\u00abr n\u00c3\u00ab Suedi.\" \/>\n<meta name=\"robots\" content=\"index, follow, max-snippet:-1, max-image-preview:large, max-video-preview:-1\" \/>\n<link rel=\"canonical\" href=\"https:\/\/www.visit-ulcinj.com\/blog\/2009\/03\/11\/mesida-me-pelqejne-lidhjet-e-gjata\/\" \/>\n<meta property=\"og:locale\" content=\"en_US\" \/>\n<meta property=\"og:type\" content=\"article\" \/>\n<meta property=\"og:title\" content=\"Mesida : M\u00c3\u00ab p\u00c3\u00ablqejn\u00c3\u00ab lidhjet e gjata | Big Brother Albania 2\" \/>\n<meta property=\"og:description\" content=\"Big Brother Albania 2 - Mesida ka treguar se pasi kishte mbushur 18 vje\u00c3\u00a7 ishte larguar p\u00c3\u00abr n\u00c3\u00ab Suedi.\" \/>\n<meta property=\"og:url\" content=\"https:\/\/www.visit-ulcinj.com\/blog\/2009\/03\/11\/mesida-me-pelqejne-lidhjet-e-gjata\/\" \/>\n<meta property=\"og:site_name\" content=\"Lajme nga Ulqini\" \/>\n<meta property=\"article:published_time\" content=\"2009-03-11T08:06:38+00:00\" \/>\n<meta property=\"article:modified_time\" content=\"2009-03-10T22:11:32+00:00\" \/>\n<meta property=\"og:image\" content=\"http:\/\/www.visit-ulcinj.com\/blog\/wp-content\/uploads\/2009\/03\/mesida-per-lidhjet.jpg\" \/>\n<meta name=\"twitter:label1\" content=\"Written by\" \/>\n\t<meta name=\"twitter:data1\" content=\"ulqini\" \/>\n\t<meta name=\"twitter:label2\" content=\"Est. reading time\" \/>\n\t<meta name=\"twitter:data2\" content=\"1 minute\" \/>\n<script type=\"application\/ld+json\" class=\"yoast-schema-graph\">{\"@context\":\"https:\/\/schema.org\",\"@graph\":[{\"@type\":\"WebSite\",\"@id\":\"https:\/\/www.visit-ulcinj.com\/blog\/#website\",\"url\":\"https:\/\/www.visit-ulcinj.com\/blog\/\",\"name\":\"Lajme nga Ulqini\",\"description\":\"Lajme,Vijesti,Ulqini,Ulqin,Crna Gora,Mali i Zi\",\"potentialAction\":[{\"@type\":\"SearchAction\",\"target\":{\"@type\":\"EntryPoint\",\"urlTemplate\":\"https:\/\/www.visit-ulcinj.com\/blog\/?s={search_term_string}\"},\"query-input\":\"required name=search_term_string\"}],\"inLanguage\":\"en-US\"},{\"@type\":\"ImageObject\",\"inLanguage\":\"en-US\",\"@id\":\"https:\/\/www.visit-ulcinj.com\/blog\/2009\/03\/11\/mesida-me-pelqejne-lidhjet-e-gjata\/#primaryimage\",\"url\":\"http:\/\/www.visit-ulcinj.com\/blog\/wp-content\/uploads\/2009\/03\/mesida-per-lidhjet.jpg\",\"contentUrl\":\"http:\/\/www.visit-ulcinj.com\/blog\/wp-content\/uploads\/2009\/03\/mesida-per-lidhjet.jpg\"},{\"@type\":\"WebPage\",\"@id\":\"https:\/\/www.visit-ulcinj.com\/blog\/2009\/03\/11\/mesida-me-pelqejne-lidhjet-e-gjata\/#webpage\",\"url\":\"https:\/\/www.visit-ulcinj.com\/blog\/2009\/03\/11\/mesida-me-pelqejne-lidhjet-e-gjata\/\",\"name\":\"Mesida : M\u00c3\u00ab p\u00c3\u00ablqejn\u00c3\u00ab lidhjet e gjata | Big Brother Albania 2\",\"isPartOf\":{\"@id\":\"https:\/\/www.visit-ulcinj.com\/blog\/#website\"},\"primaryImageOfPage\":{\"@id\":\"https:\/\/www.visit-ulcinj.com\/blog\/2009\/03\/11\/mesida-me-pelqejne-lidhjet-e-gjata\/#primaryimage\"},\"datePublished\":\"2009-03-11T08:06:38+00:00\",\"dateModified\":\"2009-03-10T22:11:32+00:00\",\"author\":{\"@id\":\"https:\/\/www.visit-ulcinj.com\/blog\/#\/schema\/person\/dcab619c614d3038751c63bc2aadc06d\"},\"description\":\"Big Brother Albania 2 - Mesida ka treguar se pasi kishte mbushur 18 vje\u00c3\u00a7 ishte larguar p\u00c3\u00abr n\u00c3\u00ab Suedi.\",\"breadcrumb\":{\"@id\":\"https:\/\/www.visit-ulcinj.com\/blog\/2009\/03\/11\/mesida-me-pelqejne-lidhjet-e-gjata\/#breadcrumb\"},\"inLanguage\":\"en-US\",\"potentialAction\":[{\"@type\":\"ReadAction\",\"target\":[\"https:\/\/www.visit-ulcinj.com\/blog\/2009\/03\/11\/mesida-me-pelqejne-lidhjet-e-gjata\/\"]}]},{\"@type\":\"BreadcrumbList\",\"@id\":\"https:\/\/www.visit-ulcinj.com\/blog\/2009\/03\/11\/mesida-me-pelqejne-lidhjet-e-gjata\/#breadcrumb\",\"itemListElement\":[{\"@type\":\"ListItem\",\"position\":1,\"name\":\"Mesida : M\u00eb p\u00eblqejn\u00eb lidhjet e gjata\"}]},{\"@type\":\"Person\",\"@id\":\"https:\/\/www.visit-ulcinj.com\/blog\/#\/schema\/person\/dcab619c614d3038751c63bc2aadc06d\",\"name\":\"ulqini\",\"sameAs\":[\"http:\/\/www.visit-ulcinj.com\"],\"url\":\"https:\/\/www.visit-ulcinj.com\/blog\/author\/admin\/\"}]}<\/script>\n<!-- \/ Yoast SEO plugin. -->","yoast_head_json":{"title":"Mesida : M\u00c3\u00ab p\u00c3\u00ablqejn\u00c3\u00ab lidhjet e gjata | Big Brother Albania 2","description":"Big Brother Albania 2 - Mesida ka treguar se pasi kishte mbushur 18 vje\u00c3\u00a7 ishte larguar p\u00c3\u00abr n\u00c3\u00ab Suedi.","robots":{"index":"index","follow":"follow","max-snippet":"max-snippet:-1","max-image-preview":"max-image-preview:large","max-video-preview":"max-video-preview:-1"},"canonical":"https:\/\/www.visit-ulcinj.com\/blog\/2009\/03\/11\/mesida-me-pelqejne-lidhjet-e-gjata\/","og_locale":"en_US","og_type":"article","og_title":"Mesida : M\u00c3\u00ab p\u00c3\u00ablqejn\u00c3\u00ab lidhjet e gjata | Big Brother Albania 2","og_description":"Big Brother Albania 2 - Mesida ka treguar se pasi kishte mbushur 18 vje\u00c3\u00a7 ishte larguar p\u00c3\u00abr n\u00c3\u00ab Suedi.","og_url":"https:\/\/www.visit-ulcinj.com\/blog\/2009\/03\/11\/mesida-me-pelqejne-lidhjet-e-gjata\/","og_site_name":"Lajme nga Ulqini","article_published_time":"2009-03-11T08:06:38+00:00","article_modified_time":"2009-03-10T22:11:32+00:00","og_image":[{"url":"http:\/\/www.visit-ulcinj.com\/blog\/wp-content\/uploads\/2009\/03\/mesida-per-lidhjet.jpg"}],"twitter_misc":{"Written by":"ulqini","Est. reading time":"1 minute"},"schema":{"@context":"https:\/\/schema.org","@graph":[{"@type":"WebSite","@id":"https:\/\/www.visit-ulcinj.com\/blog\/#website","url":"https:\/\/www.visit-ulcinj.com\/blog\/","name":"Lajme nga Ulqini","description":"Lajme,Vijesti,Ulqini,Ulqin,Crna Gora,Mali i Zi","potentialAction":[{"@type":"SearchAction","target":{"@type":"EntryPoint","urlTemplate":"https:\/\/www.visit-ulcinj.com\/blog\/?s={search_term_string}"},"query-input":"required name=search_term_string"}],"inLanguage":"en-US"},{"@type":"ImageObject","inLanguage":"en-US","@id":"https:\/\/www.visit-ulcinj.com\/blog\/2009\/03\/11\/mesida-me-pelqejne-lidhjet-e-gjata\/#primaryimage","url":"http:\/\/www.visit-ulcinj.com\/blog\/wp-content\/uploads\/2009\/03\/mesida-per-lidhjet.jpg","contentUrl":"http:\/\/www.visit-ulcinj.com\/blog\/wp-content\/uploads\/2009\/03\/mesida-per-lidhjet.jpg"},{"@type":"WebPage","@id":"https:\/\/www.visit-ulcinj.com\/blog\/2009\/03\/11\/mesida-me-pelqejne-lidhjet-e-gjata\/#webpage","url":"https:\/\/www.visit-ulcinj.com\/blog\/2009\/03\/11\/mesida-me-pelqejne-lidhjet-e-gjata\/","name":"Mesida : M\u00c3\u00ab p\u00c3\u00ablqejn\u00c3\u00ab lidhjet e gjata | Big Brother Albania 2","isPartOf":{"@id":"https:\/\/www.visit-ulcinj.com\/blog\/#website"},"primaryImageOfPage":{"@id":"https:\/\/www.visit-ulcinj.com\/blog\/2009\/03\/11\/mesida-me-pelqejne-lidhjet-e-gjata\/#primaryimage"},"datePublished":"2009-03-11T08:06:38+00:00","dateModified":"2009-03-10T22:11:32+00:00","author":{"@id":"https:\/\/www.visit-ulcinj.com\/blog\/#\/schema\/person\/dcab619c614d3038751c63bc2aadc06d"},"description":"Big Brother Albania 2 - Mesida ka treguar se pasi kishte mbushur 18 vje\u00c3\u00a7 ishte larguar p\u00c3\u00abr n\u00c3\u00ab Suedi.","breadcrumb":{"@id":"https:\/\/www.visit-ulcinj.com\/blog\/2009\/03\/11\/mesida-me-pelqejne-lidhjet-e-gjata\/#breadcrumb"},"inLanguage":"en-US","potentialAction":[{"@type":"ReadAction","target":["https:\/\/www.visit-ulcinj.com\/blog\/2009\/03\/11\/mesida-me-pelqejne-lidhjet-e-gjata\/"]}]},{"@type":"BreadcrumbList","@id":"https:\/\/www.visit-ulcinj.com\/blog\/2009\/03\/11\/mesida-me-pelqejne-lidhjet-e-gjata\/#breadcrumb","itemListElement":[{"@type":"ListItem","position":1,"name":"Mesida : M\u00eb p\u00eblqejn\u00eb lidhjet e gjata"}]},{"@type":"Person","@id":"https:\/\/www.visit-ulcinj.com\/blog\/#\/schema\/person\/dcab619c614d3038751c63bc2aadc06d","name":"ulqini","sameAs":["http:\/\/www.visit-ulcinj.com"],"url":"https:\/\/www.visit-ulcinj.com\/blog\/author\/admin\/"}]}},"jetpack_featured_media_url":"","jetpack_sharing_enabled":true,"jetpack_shortlink":"https:\/\/wp.me\/pe6lTn-3zD","_links":{"self":[{"href":"https:\/\/www.visit-ulcinj.com\/blog\/wp-json\/wp\/v2\/posts\/13741"}],"collection":[{"href":"https:\/\/www.visit-ulcinj.com\/blog\/wp-json\/wp\/v2\/posts"}],"about":[{"href":"https:\/\/www.visit-ulcinj.com\/blog\/wp-json\/wp\/v2\/types\/post"}],"author":[{"embeddable":true,"href":"https:\/\/www.visit-ulcinj.com\/blog\/wp-json\/wp\/v2\/users\/1"}],"replies":[{"embeddable":true,"href":"https:\/\/www.visit-ulcinj.com\/blog\/wp-json\/wp\/v2\/comments?post=13741"}],"version-history":[{"count":0,"href":"https:\/\/www.visit-ulcinj.com\/blog\/wp-json\/wp\/v2\/posts\/13741\/revisions"}],"wp:attachment":[{"href":"https:\/\/www.visit-ulcinj.com\/blog\/wp-json\/wp\/v2\/media?parent=13741"}],"wp:term":[{"taxonomy":"category","embeddable":true,"href":"https:\/\/www.visit-ulcinj.com\/blog\/wp-json\/wp\/v2\/categories?post=13741"},{"taxonomy":"post_tag","embeddable":true,"href":"https:\/\/www.visit-ulcinj.com\/blog\/wp-json\/wp\/v2\/tags?post=13741"}],"curies":[{"name":"wp","href":"https:\/\/api.w.org\/{rel}","templated":true}]}}