{"id":13744,"date":"2009-03-10T23:18:23","date_gmt":"2009-03-10T22:18:23","guid":{"rendered":"http:\/\/www.visit-ulcinj.com\/blog\/?p=13744"},"modified":"2009-03-10T23:18:23","modified_gmt":"2009-03-10T22:18:23","slug":"adelajda-republika-flet-ne-gjume","status":"publish","type":"post","link":"https:\/\/www.visit-ulcinj.com\/blog\/2009\/03\/10\/adelajda-republika-flet-ne-gjume\/","title":{"rendered":"Adelajda &#8211; Republika flet n\u00eb gjum\u00eb"},"content":{"rendered":"<p><em><span class=\"newsdate\"><a href=\"http:\/\/www.visit-ulcinj.com\/blog\/wp-content\/uploads\/2009\/03\/republikae-folura-ne-gjume-copy.jpg\"><img loading=\"lazy\" class=\"alignleft size-full wp-image-13745\" title=\"republikae-folura-ne-gjume-big-brother-albania\" src=\"http:\/\/www.visit-ulcinj.com\/blog\/wp-content\/uploads\/2009\/03\/republikae-folura-ne-gjume-copy.jpg\" alt=\"republikae-folura-ne-gjume-big-brother-albania\" width=\"300\" height=\"205\" \/><\/a>10\/03\/09 11:00<\/span><\/em><\/p>\n<p>Republika i tregoi Lirit\u00ebs dhe Mimoz\u00ebs, at\u00eb q\u00eb i kishte th\u00ebn\u00eb Adelajda, q\u00eb ajo kishte folur n\u00eb gjum\u00eb. Duke fjetur Republika kishte th\u00ebn\u00eb \u201cGocat b\u00ebjn\u00eb m\u00eb shum\u00eb zhurm\u00eb se \u00e7unat!\u201d. Republika ka th\u00ebn\u00eb se e dinte q\u00eb fliste n\u00eb gjum\u00eb, por kjo i ndodhte shum\u00eb e rrall\u00eb dhe ato q\u00eb thoshte nuk kuptoheshin, t\u00eb pakt\u00ebn k\u00ebshtu i kishin th\u00ebn\u00eb. \u201c Edhe n\u00eb \u00ebnd\u00ebrr i kam mbrojtur \u00e7unat!\u201d- ka qeshur ajo me veten<\/p>\n","protected":false},"excerpt":{"rendered":"<p>10\/03\/09 11:00 Republika i tregoi Lirit\u00ebs dhe Mimoz\u00ebs, at\u00eb q\u00eb i kishte th\u00ebn\u00eb Adelajda, q\u00eb ajo kishte folur n\u00eb gjum\u00eb. Duke fjetur Republika kishte th\u00ebn\u00eb \u201cGocat b\u00ebjn\u00eb m\u00eb shum\u00eb zhurm\u00eb se \u00e7unat!\u201d. Republika ka th\u00ebn\u00eb se e dinte q\u00eb fliste n\u00eb gjum\u00eb, por kjo i ndodhte shum\u00eb e rrall\u00eb dhe ato q\u00eb thoshte nuk kuptoheshin, [&hellip;]<\/p>\n","protected":false},"author":1,"featured_media":0,"comment_status":"open","ping_status":"closed","sticky":false,"template":"","format":"standard","meta":{"spay_email":"","jetpack_publicize_message":"","jetpack_is_tweetstorm":false,"jetpack_publicize_feature_enabled":true},"categories":[6502],"tags":[6562,6516,6712,6740,7778,262,6887],"jetpack_publicize_connections":[],"yoast_head":"<!-- This site is optimized with the Yoast SEO plugin v19.1 - https:\/\/yoast.com\/wordpress\/plugins\/seo\/ -->\n<title>Adelajda - Republika flet n\u00c3\u00ab gjum\u00c3\u00ab | Big Brother Albania 2<\/title>\n<meta name=\"description\" content=\"Big Brother Albania 2 - Republika i tregoi Lirit\u00c3\u00abs dhe Mimoz\u00c3\u00abs, at\u00c3\u00ab q\u00c3\u00ab i kishte th\u00c3\u00abn\u00c3\u00ab Adelajda, q\u00c3\u00ab ajo kishte folur n\u00c3\u00ab gjum\u00c3\u00ab\" \/>\n<meta name=\"robots\" content=\"index, follow, max-snippet:-1, max-image-preview:large, max-video-preview:-1\" \/>\n<link rel=\"canonical\" href=\"https:\/\/www.visit-ulcinj.com\/blog\/2009\/03\/10\/adelajda-republika-flet-ne-gjume\/\" \/>\n<meta property=\"og:locale\" content=\"en_US\" \/>\n<meta property=\"og:type\" content=\"article\" \/>\n<meta property=\"og:title\" content=\"Adelajda - Republika flet n\u00c3\u00ab gjum\u00c3\u00ab | Big Brother Albania 2\" \/>\n<meta property=\"og:description\" content=\"Big Brother Albania 2 - Republika i tregoi Lirit\u00c3\u00abs dhe Mimoz\u00c3\u00abs, at\u00c3\u00ab q\u00c3\u00ab i kishte th\u00c3\u00abn\u00c3\u00ab Adelajda, q\u00c3\u00ab ajo kishte folur n\u00c3\u00ab gjum\u00c3\u00ab\" \/>\n<meta property=\"og:url\" content=\"https:\/\/www.visit-ulcinj.com\/blog\/2009\/03\/10\/adelajda-republika-flet-ne-gjume\/\" \/>\n<meta property=\"og:site_name\" content=\"Lajme nga Ulqini\" \/>\n<meta property=\"article:published_time\" content=\"2009-03-10T22:18:23+00:00\" \/>\n<meta property=\"og:image\" content=\"http:\/\/www.visit-ulcinj.com\/blog\/wp-content\/uploads\/2009\/03\/republikae-folura-ne-gjume-copy.jpg\" \/>\n<meta name=\"twitter:label1\" content=\"Written by\" \/>\n\t<meta name=\"twitter:data1\" content=\"ulqini\" \/>\n<script type=\"application\/ld+json\" class=\"yoast-schema-graph\">{\"@context\":\"https:\/\/schema.org\",\"@graph\":[{\"@type\":\"WebSite\",\"@id\":\"https:\/\/www.visit-ulcinj.com\/blog\/#website\",\"url\":\"https:\/\/www.visit-ulcinj.com\/blog\/\",\"name\":\"Lajme nga Ulqini\",\"description\":\"Lajme,Vijesti,Ulqini,Ulqin,Crna Gora,Mali i Zi\",\"potentialAction\":[{\"@type\":\"SearchAction\",\"target\":{\"@type\":\"EntryPoint\",\"urlTemplate\":\"https:\/\/www.visit-ulcinj.com\/blog\/?s={search_term_string}\"},\"query-input\":\"required name=search_term_string\"}],\"inLanguage\":\"en-US\"},{\"@type\":\"ImageObject\",\"inLanguage\":\"en-US\",\"@id\":\"https:\/\/www.visit-ulcinj.com\/blog\/2009\/03\/10\/adelajda-republika-flet-ne-gjume\/#primaryimage\",\"url\":\"http:\/\/www.visit-ulcinj.com\/blog\/wp-content\/uploads\/2009\/03\/republikae-folura-ne-gjume-copy.jpg\",\"contentUrl\":\"http:\/\/www.visit-ulcinj.com\/blog\/wp-content\/uploads\/2009\/03\/republikae-folura-ne-gjume-copy.jpg\"},{\"@type\":\"WebPage\",\"@id\":\"https:\/\/www.visit-ulcinj.com\/blog\/2009\/03\/10\/adelajda-republika-flet-ne-gjume\/#webpage\",\"url\":\"https:\/\/www.visit-ulcinj.com\/blog\/2009\/03\/10\/adelajda-republika-flet-ne-gjume\/\",\"name\":\"Adelajda - Republika flet n\u00c3\u00ab gjum\u00c3\u00ab | Big Brother Albania 2\",\"isPartOf\":{\"@id\":\"https:\/\/www.visit-ulcinj.com\/blog\/#website\"},\"primaryImageOfPage\":{\"@id\":\"https:\/\/www.visit-ulcinj.com\/blog\/2009\/03\/10\/adelajda-republika-flet-ne-gjume\/#primaryimage\"},\"datePublished\":\"2009-03-10T22:18:23+00:00\",\"dateModified\":\"2009-03-10T22:18:23+00:00\",\"author\":{\"@id\":\"https:\/\/www.visit-ulcinj.com\/blog\/#\/schema\/person\/dcab619c614d3038751c63bc2aadc06d\"},\"description\":\"Big Brother Albania 2 - Republika i tregoi Lirit\u00c3\u00abs dhe Mimoz\u00c3\u00abs, at\u00c3\u00ab q\u00c3\u00ab i kishte th\u00c3\u00abn\u00c3\u00ab Adelajda, q\u00c3\u00ab ajo kishte folur n\u00c3\u00ab gjum\u00c3\u00ab\",\"breadcrumb\":{\"@id\":\"https:\/\/www.visit-ulcinj.com\/blog\/2009\/03\/10\/adelajda-republika-flet-ne-gjume\/#breadcrumb\"},\"inLanguage\":\"en-US\",\"potentialAction\":[{\"@type\":\"ReadAction\",\"target\":[\"https:\/\/www.visit-ulcinj.com\/blog\/2009\/03\/10\/adelajda-republika-flet-ne-gjume\/\"]}]},{\"@type\":\"BreadcrumbList\",\"@id\":\"https:\/\/www.visit-ulcinj.com\/blog\/2009\/03\/10\/adelajda-republika-flet-ne-gjume\/#breadcrumb\",\"itemListElement\":[{\"@type\":\"ListItem\",\"position\":1,\"name\":\"Adelajda &#8211; Republika flet n\u00eb gjum\u00eb\"}]},{\"@type\":\"Person\",\"@id\":\"https:\/\/www.visit-ulcinj.com\/blog\/#\/schema\/person\/dcab619c614d3038751c63bc2aadc06d\",\"name\":\"ulqini\",\"sameAs\":[\"http:\/\/www.visit-ulcinj.com\"],\"url\":\"https:\/\/www.visit-ulcinj.com\/blog\/author\/admin\/\"}]}<\/script>\n<!-- \/ Yoast SEO plugin. -->","yoast_head_json":{"title":"Adelajda - Republika flet n\u00c3\u00ab gjum\u00c3\u00ab | Big Brother Albania 2","description":"Big Brother Albania 2 - Republika i tregoi Lirit\u00c3\u00abs dhe Mimoz\u00c3\u00abs, at\u00c3\u00ab q\u00c3\u00ab i kishte th\u00c3\u00abn\u00c3\u00ab Adelajda, q\u00c3\u00ab ajo kishte folur n\u00c3\u00ab gjum\u00c3\u00ab","robots":{"index":"index","follow":"follow","max-snippet":"max-snippet:-1","max-image-preview":"max-image-preview:large","max-video-preview":"max-video-preview:-1"},"canonical":"https:\/\/www.visit-ulcinj.com\/blog\/2009\/03\/10\/adelajda-republika-flet-ne-gjume\/","og_locale":"en_US","og_type":"article","og_title":"Adelajda - Republika flet n\u00c3\u00ab gjum\u00c3\u00ab | Big Brother Albania 2","og_description":"Big Brother Albania 2 - Republika i tregoi Lirit\u00c3\u00abs dhe Mimoz\u00c3\u00abs, at\u00c3\u00ab q\u00c3\u00ab i kishte th\u00c3\u00abn\u00c3\u00ab Adelajda, q\u00c3\u00ab ajo kishte folur n\u00c3\u00ab gjum\u00c3\u00ab","og_url":"https:\/\/www.visit-ulcinj.com\/blog\/2009\/03\/10\/adelajda-republika-flet-ne-gjume\/","og_site_name":"Lajme nga Ulqini","article_published_time":"2009-03-10T22:18:23+00:00","og_image":[{"url":"http:\/\/www.visit-ulcinj.com\/blog\/wp-content\/uploads\/2009\/03\/republikae-folura-ne-gjume-copy.jpg"}],"twitter_misc":{"Written by":"ulqini"},"schema":{"@context":"https:\/\/schema.org","@graph":[{"@type":"WebSite","@id":"https:\/\/www.visit-ulcinj.com\/blog\/#website","url":"https:\/\/www.visit-ulcinj.com\/blog\/","name":"Lajme nga Ulqini","description":"Lajme,Vijesti,Ulqini,Ulqin,Crna Gora,Mali i Zi","potentialAction":[{"@type":"SearchAction","target":{"@type":"EntryPoint","urlTemplate":"https:\/\/www.visit-ulcinj.com\/blog\/?s={search_term_string}"},"query-input":"required name=search_term_string"}],"inLanguage":"en-US"},{"@type":"ImageObject","inLanguage":"en-US","@id":"https:\/\/www.visit-ulcinj.com\/blog\/2009\/03\/10\/adelajda-republika-flet-ne-gjume\/#primaryimage","url":"http:\/\/www.visit-ulcinj.com\/blog\/wp-content\/uploads\/2009\/03\/republikae-folura-ne-gjume-copy.jpg","contentUrl":"http:\/\/www.visit-ulcinj.com\/blog\/wp-content\/uploads\/2009\/03\/republikae-folura-ne-gjume-copy.jpg"},{"@type":"WebPage","@id":"https:\/\/www.visit-ulcinj.com\/blog\/2009\/03\/10\/adelajda-republika-flet-ne-gjume\/#webpage","url":"https:\/\/www.visit-ulcinj.com\/blog\/2009\/03\/10\/adelajda-republika-flet-ne-gjume\/","name":"Adelajda - Republika flet n\u00c3\u00ab gjum\u00c3\u00ab | Big Brother Albania 2","isPartOf":{"@id":"https:\/\/www.visit-ulcinj.com\/blog\/#website"},"primaryImageOfPage":{"@id":"https:\/\/www.visit-ulcinj.com\/blog\/2009\/03\/10\/adelajda-republika-flet-ne-gjume\/#primaryimage"},"datePublished":"2009-03-10T22:18:23+00:00","dateModified":"2009-03-10T22:18:23+00:00","author":{"@id":"https:\/\/www.visit-ulcinj.com\/blog\/#\/schema\/person\/dcab619c614d3038751c63bc2aadc06d"},"description":"Big Brother Albania 2 - Republika i tregoi Lirit\u00c3\u00abs dhe Mimoz\u00c3\u00abs, at\u00c3\u00ab q\u00c3\u00ab i kishte th\u00c3\u00abn\u00c3\u00ab Adelajda, q\u00c3\u00ab ajo kishte folur n\u00c3\u00ab gjum\u00c3\u00ab","breadcrumb":{"@id":"https:\/\/www.visit-ulcinj.com\/blog\/2009\/03\/10\/adelajda-republika-flet-ne-gjume\/#breadcrumb"},"inLanguage":"en-US","potentialAction":[{"@type":"ReadAction","target":["https:\/\/www.visit-ulcinj.com\/blog\/2009\/03\/10\/adelajda-republika-flet-ne-gjume\/"]}]},{"@type":"BreadcrumbList","@id":"https:\/\/www.visit-ulcinj.com\/blog\/2009\/03\/10\/adelajda-republika-flet-ne-gjume\/#breadcrumb","itemListElement":[{"@type":"ListItem","position":1,"name":"Adelajda &#8211; Republika flet n\u00eb gjum\u00eb"}]},{"@type":"Person","@id":"https:\/\/www.visit-ulcinj.com\/blog\/#\/schema\/person\/dcab619c614d3038751c63bc2aadc06d","name":"ulqini","sameAs":["http:\/\/www.visit-ulcinj.com"],"url":"https:\/\/www.visit-ulcinj.com\/blog\/author\/admin\/"}]}},"jetpack_featured_media_url":"","jetpack_sharing_enabled":true,"jetpack_shortlink":"https:\/\/wp.me\/pe6lTn-3zG","_links":{"self":[{"href":"https:\/\/www.visit-ulcinj.com\/blog\/wp-json\/wp\/v2\/posts\/13744"}],"collection":[{"href":"https:\/\/www.visit-ulcinj.com\/blog\/wp-json\/wp\/v2\/posts"}],"about":[{"href":"https:\/\/www.visit-ulcinj.com\/blog\/wp-json\/wp\/v2\/types\/post"}],"author":[{"embeddable":true,"href":"https:\/\/www.visit-ulcinj.com\/blog\/wp-json\/wp\/v2\/users\/1"}],"replies":[{"embeddable":true,"href":"https:\/\/www.visit-ulcinj.com\/blog\/wp-json\/wp\/v2\/comments?post=13744"}],"version-history":[{"count":0,"href":"https:\/\/www.visit-ulcinj.com\/blog\/wp-json\/wp\/v2\/posts\/13744\/revisions"}],"wp:attachment":[{"href":"https:\/\/www.visit-ulcinj.com\/blog\/wp-json\/wp\/v2\/media?parent=13744"}],"wp:term":[{"taxonomy":"category","embeddable":true,"href":"https:\/\/www.visit-ulcinj.com\/blog\/wp-json\/wp\/v2\/categories?post=13744"},{"taxonomy":"post_tag","embeddable":true,"href":"https:\/\/www.visit-ulcinj.com\/blog\/wp-json\/wp\/v2\/tags?post=13744"}],"curies":[{"name":"wp","href":"https:\/\/api.w.org\/{rel}","templated":true}]}}