{"id":13747,"date":"2009-03-10T23:21:22","date_gmt":"2009-03-10T22:21:22","guid":{"rendered":"http:\/\/www.visit-ulcinj.com\/blog\/?p=13747"},"modified":"2009-03-10T23:21:22","modified_gmt":"2009-03-10T22:21:22","slug":"adi-nga-samurai-ne-geishe","status":"publish","type":"post","link":"https:\/\/www.visit-ulcinj.com\/blog\/2009\/03\/10\/adi-nga-samurai-ne-geishe\/","title":{"rendered":"Adi : Nga samurai n\u00eb geish\u00eb"},"content":{"rendered":"<p><em><span class=\"newsdate\"><a href=\"http:\/\/www.visit-ulcinj.com\/blog\/wp-content\/uploads\/2009\/03\/adi-geisha.jpg\"><img loading=\"lazy\" class=\"alignleft size-full wp-image-13748\" title=\"adi-geisha-big-brother-albania-2\" src=\"http:\/\/www.visit-ulcinj.com\/blog\/wp-content\/uploads\/2009\/03\/adi-geisha.jpg\" alt=\"adi-geisha-big-brother-albania-2\" width=\"300\" height=\"205\" \/><\/a>10\/03\/09 11:40<\/span><\/em><\/p>\n<p>Adit i kan\u00eb sjell\u00eb nj\u00eb rrrob\u00ebd\u00ebshamb\u00ebr. Ai e vesh dhe banor\u00ebt e komplimentojn\u00eb. Mimoz\u00ebs i shkon nd\u00ebr mend q\u00eb t\u2019ia b\u00ebj\u00eb fytyr\u00ebn me miell e k\u00ebshtu t\u00eb p\u00ebrngjasoj\u00eb me nj\u00eb kinez. Adelajda sjell miellin e p\u00ebrgatitur por, Adi e merr dhe mundohet t\u00eb b\u00ebj\u00eb Adelajd\u00ebn me t\u00eb. Adi i k\u00ebrkon Moz\u00ebs q\u00eb ta lyej\u00eb e ta b\u00ebj\u00eb si nj\u00eb samurai dhe k\u00ebshtu ajo fillon nga puna. Lirita e cila ndodhet n\u00eb dhom\u00eb e ndihmon. Adi gjat\u00eb k\u00ebsaj kohe shk\u00ebmben batuta me vajzat duke i th\u00ebn\u00eb t\u00eb ken\u00eb kujdes se po i lyejn\u00eb edhe bajamet e mushkrit\u00eb. Vajzat qeshin e arg\u00ebtohen. Ai her\u00eb pas here shikon veten n\u00eb pasqyr\u00eb dhe u thot\u00eb vajzave se po i ngjan vetja me nj\u00eb kinez nga Shqip\u00ebria e mesme, kurse m\u00eb pas u thot\u00eb se mendoi t\u00eb b\u00ebhej kinez i thjesht\u00eb por n\u00eb fund do dal\u00eb majmun cirku. Adelajda i hedh paruke mbi preh\u00ebr dhe Adi trembet. Vajzave u lind nj\u00eb ide q\u00eb \u00ebsht\u00eb e ndryshme nga ajo e Adit. Ato i lyejn\u00eb buz\u00ebt me buzkuq, syt\u00eb me laps t\u00eb zi dhe mundohen t\u2019i v\u00ebn\u00eb paruken q\u00eb i dha Adelajda. Pjesa tjet\u00ebr e banor\u00ebve nuk di asgj\u00eb se cfar\u00eb po ndodh n\u00eb dhom\u00eb, p\u00ebrvec Qetsorit i cili i shikon rast\u00ebsisht dhe i lajm\u00ebron banor\u00ebt se pas pak do t\u00eb shohin ndodhin\u00eb m\u00eb t\u00eb bukur q\u00eb u ka ndodhur deri m\u00eb tani n\u00eb sht\u00ebpi. Vajzat p\u00ebrfundojn\u00eb vepr\u00ebn e tyre t\u00eb artit dhe me gjith\u00eb Adin nisen p\u00ebr n\u00eb kop\u00ebsht ku ndodhen banor\u00ebt. Kur ata dalin, banor\u00ebt fillojn\u00eb t\u00eb qeshin me t\u00eb madhe dhe fillojn\u00eb t\u2019i k\u00ebrkojn\u00eb Adit t\u00eb b\u00ebj\u00eb nj\u00eb rrotullim q\u00eb ata ta shohin mir\u00eb. Adi u thot\u00eb se po vjen direkt nga Big Brother Kina. N\u00eb kop\u00ebsht krijohet nj\u00eb situat\u00eb komike. Banor\u00ebt nuk pushojn\u00eb s\u00eb qeshuri dhe Adi shkon menj\u00ebher\u00eb t\u00eb lahet.<\/p>\n","protected":false},"excerpt":{"rendered":"<p>10\/03\/09 11:40 Adit i kan\u00eb sjell\u00eb nj\u00eb rrrob\u00ebd\u00ebshamb\u00ebr. Ai e vesh dhe banor\u00ebt e komplimentojn\u00eb. Mimoz\u00ebs i shkon nd\u00ebr mend q\u00eb t\u2019ia b\u00ebj\u00eb fytyr\u00ebn me miell e k\u00ebshtu t\u00eb p\u00ebrngjasoj\u00eb me nj\u00eb kinez. Adelajda sjell miellin e p\u00ebrgatitur por, Adi e merr dhe mundohet t\u00eb b\u00ebj\u00eb Adelajd\u00ebn me t\u00eb. Adi i k\u00ebrkon Moz\u00ebs q\u00eb ta [&hellip;]<\/p>\n","protected":false},"author":1,"featured_media":0,"comment_status":"open","ping_status":"closed","sticky":false,"template":"","format":"standard","meta":{"spay_email":"","jetpack_publicize_message":"","jetpack_is_tweetstorm":false,"jetpack_publicize_feature_enabled":true},"categories":[6502],"tags":[6562,1414,6883,6516,6712,6568,6544,7779,6891],"jetpack_publicize_connections":[],"yoast_head":"<!-- This site is optimized with the Yoast SEO plugin v19.1 - https:\/\/yoast.com\/wordpress\/plugins\/seo\/ -->\n<title>Adi : Nga samurai n\u00c3\u00ab geish\u00c3\u00ab | Big Brother Albania 2<\/title>\n<meta name=\"description\" content=\"Big Brother Albania 2 - Adit i kan\u00c3\u00ab sjell\u00c3\u00ab nj\u00c3\u00ab rrrob\u00c3\u00abd\u00c3\u00abshamb\u00c3\u00abr. Ai e vesh dhe banor\u00c3\u00abt e komplimentojn\u00c3\u00ab.\" \/>\n<meta name=\"robots\" content=\"index, follow, max-snippet:-1, max-image-preview:large, max-video-preview:-1\" \/>\n<link rel=\"canonical\" href=\"https:\/\/www.visit-ulcinj.com\/blog\/2009\/03\/10\/adi-nga-samurai-ne-geishe\/\" \/>\n<meta property=\"og:locale\" content=\"en_US\" \/>\n<meta property=\"og:type\" content=\"article\" \/>\n<meta property=\"og:title\" content=\"Adi : Nga samurai n\u00c3\u00ab geish\u00c3\u00ab | Big Brother Albania 2\" \/>\n<meta property=\"og:description\" content=\"Big Brother Albania 2 - Adit i kan\u00c3\u00ab sjell\u00c3\u00ab nj\u00c3\u00ab rrrob\u00c3\u00abd\u00c3\u00abshamb\u00c3\u00abr. Ai e vesh dhe banor\u00c3\u00abt e komplimentojn\u00c3\u00ab.\" \/>\n<meta property=\"og:url\" content=\"https:\/\/www.visit-ulcinj.com\/blog\/2009\/03\/10\/adi-nga-samurai-ne-geishe\/\" \/>\n<meta property=\"og:site_name\" content=\"Lajme nga Ulqini\" \/>\n<meta property=\"article:published_time\" content=\"2009-03-10T22:21:22+00:00\" \/>\n<meta property=\"og:image\" content=\"http:\/\/www.visit-ulcinj.com\/blog\/wp-content\/uploads\/2009\/03\/adi-geisha.jpg\" \/>\n<meta name=\"twitter:label1\" content=\"Written by\" \/>\n\t<meta name=\"twitter:data1\" content=\"ulqini\" \/>\n\t<meta name=\"twitter:label2\" content=\"Est. reading time\" \/>\n\t<meta name=\"twitter:data2\" content=\"2 minutes\" \/>\n<script type=\"application\/ld+json\" class=\"yoast-schema-graph\">{\"@context\":\"https:\/\/schema.org\",\"@graph\":[{\"@type\":\"WebSite\",\"@id\":\"https:\/\/www.visit-ulcinj.com\/blog\/#website\",\"url\":\"https:\/\/www.visit-ulcinj.com\/blog\/\",\"name\":\"Lajme nga Ulqini\",\"description\":\"Lajme,Vijesti,Ulqini,Ulqin,Crna Gora,Mali i Zi\",\"potentialAction\":[{\"@type\":\"SearchAction\",\"target\":{\"@type\":\"EntryPoint\",\"urlTemplate\":\"https:\/\/www.visit-ulcinj.com\/blog\/?s={search_term_string}\"},\"query-input\":\"required name=search_term_string\"}],\"inLanguage\":\"en-US\"},{\"@type\":\"ImageObject\",\"inLanguage\":\"en-US\",\"@id\":\"https:\/\/www.visit-ulcinj.com\/blog\/2009\/03\/10\/adi-nga-samurai-ne-geishe\/#primaryimage\",\"url\":\"http:\/\/www.visit-ulcinj.com\/blog\/wp-content\/uploads\/2009\/03\/adi-geisha.jpg\",\"contentUrl\":\"http:\/\/www.visit-ulcinj.com\/blog\/wp-content\/uploads\/2009\/03\/adi-geisha.jpg\"},{\"@type\":\"WebPage\",\"@id\":\"https:\/\/www.visit-ulcinj.com\/blog\/2009\/03\/10\/adi-nga-samurai-ne-geishe\/#webpage\",\"url\":\"https:\/\/www.visit-ulcinj.com\/blog\/2009\/03\/10\/adi-nga-samurai-ne-geishe\/\",\"name\":\"Adi : Nga samurai n\u00c3\u00ab geish\u00c3\u00ab | Big Brother Albania 2\",\"isPartOf\":{\"@id\":\"https:\/\/www.visit-ulcinj.com\/blog\/#website\"},\"primaryImageOfPage\":{\"@id\":\"https:\/\/www.visit-ulcinj.com\/blog\/2009\/03\/10\/adi-nga-samurai-ne-geishe\/#primaryimage\"},\"datePublished\":\"2009-03-10T22:21:22+00:00\",\"dateModified\":\"2009-03-10T22:21:22+00:00\",\"author\":{\"@id\":\"https:\/\/www.visit-ulcinj.com\/blog\/#\/schema\/person\/dcab619c614d3038751c63bc2aadc06d\"},\"description\":\"Big Brother Albania 2 - Adit i kan\u00c3\u00ab sjell\u00c3\u00ab nj\u00c3\u00ab rrrob\u00c3\u00abd\u00c3\u00abshamb\u00c3\u00abr. Ai e vesh dhe banor\u00c3\u00abt e komplimentojn\u00c3\u00ab.\",\"breadcrumb\":{\"@id\":\"https:\/\/www.visit-ulcinj.com\/blog\/2009\/03\/10\/adi-nga-samurai-ne-geishe\/#breadcrumb\"},\"inLanguage\":\"en-US\",\"potentialAction\":[{\"@type\":\"ReadAction\",\"target\":[\"https:\/\/www.visit-ulcinj.com\/blog\/2009\/03\/10\/adi-nga-samurai-ne-geishe\/\"]}]},{\"@type\":\"BreadcrumbList\",\"@id\":\"https:\/\/www.visit-ulcinj.com\/blog\/2009\/03\/10\/adi-nga-samurai-ne-geishe\/#breadcrumb\",\"itemListElement\":[{\"@type\":\"ListItem\",\"position\":1,\"name\":\"Adi : Nga samurai n\u00eb geish\u00eb\"}]},{\"@type\":\"Person\",\"@id\":\"https:\/\/www.visit-ulcinj.com\/blog\/#\/schema\/person\/dcab619c614d3038751c63bc2aadc06d\",\"name\":\"ulqini\",\"sameAs\":[\"http:\/\/www.visit-ulcinj.com\"],\"url\":\"https:\/\/www.visit-ulcinj.com\/blog\/author\/admin\/\"}]}<\/script>\n<!-- \/ Yoast SEO plugin. -->","yoast_head_json":{"title":"Adi : Nga samurai n\u00c3\u00ab geish\u00c3\u00ab | Big Brother Albania 2","description":"Big Brother Albania 2 - Adit i kan\u00c3\u00ab sjell\u00c3\u00ab nj\u00c3\u00ab rrrob\u00c3\u00abd\u00c3\u00abshamb\u00c3\u00abr. Ai e vesh dhe banor\u00c3\u00abt e komplimentojn\u00c3\u00ab.","robots":{"index":"index","follow":"follow","max-snippet":"max-snippet:-1","max-image-preview":"max-image-preview:large","max-video-preview":"max-video-preview:-1"},"canonical":"https:\/\/www.visit-ulcinj.com\/blog\/2009\/03\/10\/adi-nga-samurai-ne-geishe\/","og_locale":"en_US","og_type":"article","og_title":"Adi : Nga samurai n\u00c3\u00ab geish\u00c3\u00ab | Big Brother Albania 2","og_description":"Big Brother Albania 2 - Adit i kan\u00c3\u00ab sjell\u00c3\u00ab nj\u00c3\u00ab rrrob\u00c3\u00abd\u00c3\u00abshamb\u00c3\u00abr. Ai e vesh dhe banor\u00c3\u00abt e komplimentojn\u00c3\u00ab.","og_url":"https:\/\/www.visit-ulcinj.com\/blog\/2009\/03\/10\/adi-nga-samurai-ne-geishe\/","og_site_name":"Lajme nga Ulqini","article_published_time":"2009-03-10T22:21:22+00:00","og_image":[{"url":"http:\/\/www.visit-ulcinj.com\/blog\/wp-content\/uploads\/2009\/03\/adi-geisha.jpg"}],"twitter_misc":{"Written by":"ulqini","Est. reading time":"2 minutes"},"schema":{"@context":"https:\/\/schema.org","@graph":[{"@type":"WebSite","@id":"https:\/\/www.visit-ulcinj.com\/blog\/#website","url":"https:\/\/www.visit-ulcinj.com\/blog\/","name":"Lajme nga Ulqini","description":"Lajme,Vijesti,Ulqini,Ulqin,Crna Gora,Mali i Zi","potentialAction":[{"@type":"SearchAction","target":{"@type":"EntryPoint","urlTemplate":"https:\/\/www.visit-ulcinj.com\/blog\/?s={search_term_string}"},"query-input":"required name=search_term_string"}],"inLanguage":"en-US"},{"@type":"ImageObject","inLanguage":"en-US","@id":"https:\/\/www.visit-ulcinj.com\/blog\/2009\/03\/10\/adi-nga-samurai-ne-geishe\/#primaryimage","url":"http:\/\/www.visit-ulcinj.com\/blog\/wp-content\/uploads\/2009\/03\/adi-geisha.jpg","contentUrl":"http:\/\/www.visit-ulcinj.com\/blog\/wp-content\/uploads\/2009\/03\/adi-geisha.jpg"},{"@type":"WebPage","@id":"https:\/\/www.visit-ulcinj.com\/blog\/2009\/03\/10\/adi-nga-samurai-ne-geishe\/#webpage","url":"https:\/\/www.visit-ulcinj.com\/blog\/2009\/03\/10\/adi-nga-samurai-ne-geishe\/","name":"Adi : Nga samurai n\u00c3\u00ab geish\u00c3\u00ab | Big Brother Albania 2","isPartOf":{"@id":"https:\/\/www.visit-ulcinj.com\/blog\/#website"},"primaryImageOfPage":{"@id":"https:\/\/www.visit-ulcinj.com\/blog\/2009\/03\/10\/adi-nga-samurai-ne-geishe\/#primaryimage"},"datePublished":"2009-03-10T22:21:22+00:00","dateModified":"2009-03-10T22:21:22+00:00","author":{"@id":"https:\/\/www.visit-ulcinj.com\/blog\/#\/schema\/person\/dcab619c614d3038751c63bc2aadc06d"},"description":"Big Brother Albania 2 - Adit i kan\u00c3\u00ab sjell\u00c3\u00ab nj\u00c3\u00ab rrrob\u00c3\u00abd\u00c3\u00abshamb\u00c3\u00abr. Ai e vesh dhe banor\u00c3\u00abt e komplimentojn\u00c3\u00ab.","breadcrumb":{"@id":"https:\/\/www.visit-ulcinj.com\/blog\/2009\/03\/10\/adi-nga-samurai-ne-geishe\/#breadcrumb"},"inLanguage":"en-US","potentialAction":[{"@type":"ReadAction","target":["https:\/\/www.visit-ulcinj.com\/blog\/2009\/03\/10\/adi-nga-samurai-ne-geishe\/"]}]},{"@type":"BreadcrumbList","@id":"https:\/\/www.visit-ulcinj.com\/blog\/2009\/03\/10\/adi-nga-samurai-ne-geishe\/#breadcrumb","itemListElement":[{"@type":"ListItem","position":1,"name":"Adi : Nga samurai n\u00eb geish\u00eb"}]},{"@type":"Person","@id":"https:\/\/www.visit-ulcinj.com\/blog\/#\/schema\/person\/dcab619c614d3038751c63bc2aadc06d","name":"ulqini","sameAs":["http:\/\/www.visit-ulcinj.com"],"url":"https:\/\/www.visit-ulcinj.com\/blog\/author\/admin\/"}]}},"jetpack_featured_media_url":"","jetpack_sharing_enabled":true,"jetpack_shortlink":"https:\/\/wp.me\/pe6lTn-3zJ","_links":{"self":[{"href":"https:\/\/www.visit-ulcinj.com\/blog\/wp-json\/wp\/v2\/posts\/13747"}],"collection":[{"href":"https:\/\/www.visit-ulcinj.com\/blog\/wp-json\/wp\/v2\/posts"}],"about":[{"href":"https:\/\/www.visit-ulcinj.com\/blog\/wp-json\/wp\/v2\/types\/post"}],"author":[{"embeddable":true,"href":"https:\/\/www.visit-ulcinj.com\/blog\/wp-json\/wp\/v2\/users\/1"}],"replies":[{"embeddable":true,"href":"https:\/\/www.visit-ulcinj.com\/blog\/wp-json\/wp\/v2\/comments?post=13747"}],"version-history":[{"count":0,"href":"https:\/\/www.visit-ulcinj.com\/blog\/wp-json\/wp\/v2\/posts\/13747\/revisions"}],"wp:attachment":[{"href":"https:\/\/www.visit-ulcinj.com\/blog\/wp-json\/wp\/v2\/media?parent=13747"}],"wp:term":[{"taxonomy":"category","embeddable":true,"href":"https:\/\/www.visit-ulcinj.com\/blog\/wp-json\/wp\/v2\/categories?post=13747"},{"taxonomy":"post_tag","embeddable":true,"href":"https:\/\/www.visit-ulcinj.com\/blog\/wp-json\/wp\/v2\/tags?post=13747"}],"curies":[{"name":"wp","href":"https:\/\/api.w.org\/{rel}","templated":true}]}}