{"id":13757,"date":"2009-03-10T23:47:55","date_gmt":"2009-03-10T22:47:55","guid":{"rendered":"http:\/\/www.visit-ulcinj.com\/blog\/?p=13757"},"modified":"2009-03-10T23:47:55","modified_gmt":"2009-03-10T22:47:55","slug":"mesida-per-aiden-mesida-pelqen-bjordin","status":"publish","type":"post","link":"https:\/\/www.visit-ulcinj.com\/blog\/2009\/03\/10\/mesida-per-aiden-mesida-pelqen-bjordin\/","title":{"rendered":"Mesida per Aid\u00ebn &#8211; Mesida p\u00eblqen Bjordin"},"content":{"rendered":"<p><em><span class=\"newsdate\"><a href=\"http:\/\/www.visit-ulcinj.com\/blog\/wp-content\/uploads\/2009\/03\/mesida-dhe-aida.jpg\"><img loading=\"lazy\" class=\"alignleft size-full wp-image-13759\" title=\"mesida-dhe-aida-big-brother-albania-2\" src=\"http:\/\/www.visit-ulcinj.com\/blog\/wp-content\/uploads\/2009\/03\/mesida-dhe-aida.jpg\" alt=\"mesida-dhe-aida-big-brother-albania-2\" width=\"300\" height=\"205\" \/><\/a>10\/03\/09 17:51<\/span><\/em><\/p>\n<p>Mesida i shpreh Aid\u00ebs p\u00eblqimin q\u00eb ajo ka p\u00ebr Bjordin. Ajo k\u00ebrkon mendimin e saj, dhe e pyet n\u00ebse do pritet mir\u00eb jasht\u00eb. Aida i thot\u00eb q\u00eb e kishte kuptuar. Ajo shton q\u00eb \u00ebsht\u00eb nj\u00eb gj\u00eb normale dhe nuk ka pse t\u00eb merret p\u00ebr keq nga publiku jasht\u00eb. Mesida shpreh dyshimin e saj, n\u00ebse kjo ndjenj\u00eb \u00ebsht\u00eb reciproke. Ajo i thot\u00eb Aid\u00ebs p\u00ebr k\u00ebshill\u00ebn q\u00eb i kishte dh\u00ebn\u00eb shoku i saj i ngusht\u00eb para se ajo t\u00eb futej n\u00eb sht\u00ebpi, q\u00eb t\u00eb mos krijonte asnj\u00eb lidhje. Mesida i thot\u00eb q\u00eb ajo shprehet shum\u00eb lirsh\u00ebm me t\u00eb(Aid\u00ebn) dhe i k\u00ebrkon nj\u00eb mendim se s`i do sillej ajo n\u00eb vendin e saj. Aida i thot\u00eb q\u00eb nuk do e kishte problem dhe shpreh d\u00ebshir\u00ebn q\u00eb n\u00eb sht\u00ebpi t\u00eb futet nj\u00eb djal\u00eb. Mesida thot\u00eb q\u00eb ndihet mir\u00eb p\u00ebr momentin.<\/p>\n","protected":false},"excerpt":{"rendered":"<p>10\/03\/09 17:51 Mesida i shpreh Aid\u00ebs p\u00eblqimin q\u00eb ajo ka p\u00ebr Bjordin. Ajo k\u00ebrkon mendimin e saj, dhe e pyet n\u00ebse do pritet mir\u00eb jasht\u00eb. Aida i thot\u00eb q\u00eb e kishte kuptuar. Ajo shton q\u00eb \u00ebsht\u00eb nj\u00eb gj\u00eb normale dhe nuk ka pse t\u00eb merret p\u00ebr keq nga publiku jasht\u00eb. Mesida shpreh dyshimin e saj, [&hellip;]<\/p>\n","protected":false},"author":1,"featured_media":0,"comment_status":"open","ping_status":"closed","sticky":false,"template":"","format":"standard","meta":{"spay_email":"","jetpack_publicize_message":"","jetpack_is_tweetstorm":false,"jetpack_publicize_feature_enabled":true},"categories":[6502],"tags":[6566,6537,6883,6516,6712,6665,6522,7787,7785,7365,7786,7784,6891],"jetpack_publicize_connections":[],"yoast_head":"<!-- This site is optimized with the Yoast SEO plugin v19.1 - https:\/\/yoast.com\/wordpress\/plugins\/seo\/ -->\n<title>Mesida per Aid\u00c3\u00abn - Mesida p\u00c3\u00ablqen Bjordin | Big Brother Albania 2<\/title>\n<meta name=\"description\" content=\"Big Brother Albania 2 - Mesida i shpreh Aid\u00c3\u00abs p\u00c3\u00ablqimin q\u00c3\u00ab ajo ka p\u00c3\u00abr Bjordin. Ajo k\u00c3\u00abrkon mendimin e saj, dhe e pyet n\u00c3\u00abse do pritet mir\u00c3\u00ab jasht\u00c3\u00ab.\" \/>\n<meta name=\"robots\" content=\"index, follow, max-snippet:-1, max-image-preview:large, max-video-preview:-1\" \/>\n<link rel=\"canonical\" href=\"https:\/\/www.visit-ulcinj.com\/blog\/2009\/03\/10\/mesida-per-aiden-mesida-pelqen-bjordin\/\" \/>\n<meta property=\"og:locale\" content=\"en_US\" \/>\n<meta property=\"og:type\" content=\"article\" \/>\n<meta property=\"og:title\" content=\"Mesida per Aid\u00c3\u00abn - Mesida p\u00c3\u00ablqen Bjordin | Big Brother Albania 2\" \/>\n<meta property=\"og:description\" content=\"Big Brother Albania 2 - Mesida i shpreh Aid\u00c3\u00abs p\u00c3\u00ablqimin q\u00c3\u00ab ajo ka p\u00c3\u00abr Bjordin. Ajo k\u00c3\u00abrkon mendimin e saj, dhe e pyet n\u00c3\u00abse do pritet mir\u00c3\u00ab jasht\u00c3\u00ab.\" \/>\n<meta property=\"og:url\" content=\"https:\/\/www.visit-ulcinj.com\/blog\/2009\/03\/10\/mesida-per-aiden-mesida-pelqen-bjordin\/\" \/>\n<meta property=\"og:site_name\" content=\"Lajme nga Ulqini\" \/>\n<meta property=\"article:published_time\" content=\"2009-03-10T22:47:55+00:00\" \/>\n<meta property=\"og:image\" content=\"http:\/\/www.visit-ulcinj.com\/blog\/wp-content\/uploads\/2009\/03\/mesida-dhe-aida.jpg\" \/>\n<meta name=\"twitter:label1\" content=\"Written by\" \/>\n\t<meta name=\"twitter:data1\" content=\"ulqini\" \/>\n\t<meta name=\"twitter:label2\" content=\"Est. reading time\" \/>\n\t<meta name=\"twitter:data2\" content=\"1 minute\" \/>\n<script type=\"application\/ld+json\" class=\"yoast-schema-graph\">{\"@context\":\"https:\/\/schema.org\",\"@graph\":[{\"@type\":\"WebSite\",\"@id\":\"https:\/\/www.visit-ulcinj.com\/blog\/#website\",\"url\":\"https:\/\/www.visit-ulcinj.com\/blog\/\",\"name\":\"Lajme nga Ulqini\",\"description\":\"Lajme,Vijesti,Ulqini,Ulqin,Crna Gora,Mali i Zi\",\"potentialAction\":[{\"@type\":\"SearchAction\",\"target\":{\"@type\":\"EntryPoint\",\"urlTemplate\":\"https:\/\/www.visit-ulcinj.com\/blog\/?s={search_term_string}\"},\"query-input\":\"required name=search_term_string\"}],\"inLanguage\":\"en-US\"},{\"@type\":\"ImageObject\",\"inLanguage\":\"en-US\",\"@id\":\"https:\/\/www.visit-ulcinj.com\/blog\/2009\/03\/10\/mesida-per-aiden-mesida-pelqen-bjordin\/#primaryimage\",\"url\":\"http:\/\/www.visit-ulcinj.com\/blog\/wp-content\/uploads\/2009\/03\/mesida-dhe-aida.jpg\",\"contentUrl\":\"http:\/\/www.visit-ulcinj.com\/blog\/wp-content\/uploads\/2009\/03\/mesida-dhe-aida.jpg\"},{\"@type\":\"WebPage\",\"@id\":\"https:\/\/www.visit-ulcinj.com\/blog\/2009\/03\/10\/mesida-per-aiden-mesida-pelqen-bjordin\/#webpage\",\"url\":\"https:\/\/www.visit-ulcinj.com\/blog\/2009\/03\/10\/mesida-per-aiden-mesida-pelqen-bjordin\/\",\"name\":\"Mesida per Aid\u00c3\u00abn - Mesida p\u00c3\u00ablqen Bjordin | Big Brother Albania 2\",\"isPartOf\":{\"@id\":\"https:\/\/www.visit-ulcinj.com\/blog\/#website\"},\"primaryImageOfPage\":{\"@id\":\"https:\/\/www.visit-ulcinj.com\/blog\/2009\/03\/10\/mesida-per-aiden-mesida-pelqen-bjordin\/#primaryimage\"},\"datePublished\":\"2009-03-10T22:47:55+00:00\",\"dateModified\":\"2009-03-10T22:47:55+00:00\",\"author\":{\"@id\":\"https:\/\/www.visit-ulcinj.com\/blog\/#\/schema\/person\/dcab619c614d3038751c63bc2aadc06d\"},\"description\":\"Big Brother Albania 2 - Mesida i shpreh Aid\u00c3\u00abs p\u00c3\u00ablqimin q\u00c3\u00ab ajo ka p\u00c3\u00abr Bjordin. Ajo k\u00c3\u00abrkon mendimin e saj, dhe e pyet n\u00c3\u00abse do pritet mir\u00c3\u00ab jasht\u00c3\u00ab.\",\"breadcrumb\":{\"@id\":\"https:\/\/www.visit-ulcinj.com\/blog\/2009\/03\/10\/mesida-per-aiden-mesida-pelqen-bjordin\/#breadcrumb\"},\"inLanguage\":\"en-US\",\"potentialAction\":[{\"@type\":\"ReadAction\",\"target\":[\"https:\/\/www.visit-ulcinj.com\/blog\/2009\/03\/10\/mesida-per-aiden-mesida-pelqen-bjordin\/\"]}]},{\"@type\":\"BreadcrumbList\",\"@id\":\"https:\/\/www.visit-ulcinj.com\/blog\/2009\/03\/10\/mesida-per-aiden-mesida-pelqen-bjordin\/#breadcrumb\",\"itemListElement\":[{\"@type\":\"ListItem\",\"position\":1,\"name\":\"Mesida per Aid\u00ebn &#8211; Mesida p\u00eblqen Bjordin\"}]},{\"@type\":\"Person\",\"@id\":\"https:\/\/www.visit-ulcinj.com\/blog\/#\/schema\/person\/dcab619c614d3038751c63bc2aadc06d\",\"name\":\"ulqini\",\"sameAs\":[\"http:\/\/www.visit-ulcinj.com\"],\"url\":\"https:\/\/www.visit-ulcinj.com\/blog\/author\/admin\/\"}]}<\/script>\n<!-- \/ Yoast SEO plugin. -->","yoast_head_json":{"title":"Mesida per Aid\u00c3\u00abn - Mesida p\u00c3\u00ablqen Bjordin | Big Brother Albania 2","description":"Big Brother Albania 2 - Mesida i shpreh Aid\u00c3\u00abs p\u00c3\u00ablqimin q\u00c3\u00ab ajo ka p\u00c3\u00abr Bjordin. Ajo k\u00c3\u00abrkon mendimin e saj, dhe e pyet n\u00c3\u00abse do pritet mir\u00c3\u00ab jasht\u00c3\u00ab.","robots":{"index":"index","follow":"follow","max-snippet":"max-snippet:-1","max-image-preview":"max-image-preview:large","max-video-preview":"max-video-preview:-1"},"canonical":"https:\/\/www.visit-ulcinj.com\/blog\/2009\/03\/10\/mesida-per-aiden-mesida-pelqen-bjordin\/","og_locale":"en_US","og_type":"article","og_title":"Mesida per Aid\u00c3\u00abn - Mesida p\u00c3\u00ablqen Bjordin | Big Brother Albania 2","og_description":"Big Brother Albania 2 - Mesida i shpreh Aid\u00c3\u00abs p\u00c3\u00ablqimin q\u00c3\u00ab ajo ka p\u00c3\u00abr Bjordin. Ajo k\u00c3\u00abrkon mendimin e saj, dhe e pyet n\u00c3\u00abse do pritet mir\u00c3\u00ab jasht\u00c3\u00ab.","og_url":"https:\/\/www.visit-ulcinj.com\/blog\/2009\/03\/10\/mesida-per-aiden-mesida-pelqen-bjordin\/","og_site_name":"Lajme nga Ulqini","article_published_time":"2009-03-10T22:47:55+00:00","og_image":[{"url":"http:\/\/www.visit-ulcinj.com\/blog\/wp-content\/uploads\/2009\/03\/mesida-dhe-aida.jpg"}],"twitter_misc":{"Written by":"ulqini","Est. reading time":"1 minute"},"schema":{"@context":"https:\/\/schema.org","@graph":[{"@type":"WebSite","@id":"https:\/\/www.visit-ulcinj.com\/blog\/#website","url":"https:\/\/www.visit-ulcinj.com\/blog\/","name":"Lajme nga Ulqini","description":"Lajme,Vijesti,Ulqini,Ulqin,Crna Gora,Mali i Zi","potentialAction":[{"@type":"SearchAction","target":{"@type":"EntryPoint","urlTemplate":"https:\/\/www.visit-ulcinj.com\/blog\/?s={search_term_string}"},"query-input":"required name=search_term_string"}],"inLanguage":"en-US"},{"@type":"ImageObject","inLanguage":"en-US","@id":"https:\/\/www.visit-ulcinj.com\/blog\/2009\/03\/10\/mesida-per-aiden-mesida-pelqen-bjordin\/#primaryimage","url":"http:\/\/www.visit-ulcinj.com\/blog\/wp-content\/uploads\/2009\/03\/mesida-dhe-aida.jpg","contentUrl":"http:\/\/www.visit-ulcinj.com\/blog\/wp-content\/uploads\/2009\/03\/mesida-dhe-aida.jpg"},{"@type":"WebPage","@id":"https:\/\/www.visit-ulcinj.com\/blog\/2009\/03\/10\/mesida-per-aiden-mesida-pelqen-bjordin\/#webpage","url":"https:\/\/www.visit-ulcinj.com\/blog\/2009\/03\/10\/mesida-per-aiden-mesida-pelqen-bjordin\/","name":"Mesida per Aid\u00c3\u00abn - Mesida p\u00c3\u00ablqen Bjordin | Big Brother Albania 2","isPartOf":{"@id":"https:\/\/www.visit-ulcinj.com\/blog\/#website"},"primaryImageOfPage":{"@id":"https:\/\/www.visit-ulcinj.com\/blog\/2009\/03\/10\/mesida-per-aiden-mesida-pelqen-bjordin\/#primaryimage"},"datePublished":"2009-03-10T22:47:55+00:00","dateModified":"2009-03-10T22:47:55+00:00","author":{"@id":"https:\/\/www.visit-ulcinj.com\/blog\/#\/schema\/person\/dcab619c614d3038751c63bc2aadc06d"},"description":"Big Brother Albania 2 - Mesida i shpreh Aid\u00c3\u00abs p\u00c3\u00ablqimin q\u00c3\u00ab ajo ka p\u00c3\u00abr Bjordin. Ajo k\u00c3\u00abrkon mendimin e saj, dhe e pyet n\u00c3\u00abse do pritet mir\u00c3\u00ab jasht\u00c3\u00ab.","breadcrumb":{"@id":"https:\/\/www.visit-ulcinj.com\/blog\/2009\/03\/10\/mesida-per-aiden-mesida-pelqen-bjordin\/#breadcrumb"},"inLanguage":"en-US","potentialAction":[{"@type":"ReadAction","target":["https:\/\/www.visit-ulcinj.com\/blog\/2009\/03\/10\/mesida-per-aiden-mesida-pelqen-bjordin\/"]}]},{"@type":"BreadcrumbList","@id":"https:\/\/www.visit-ulcinj.com\/blog\/2009\/03\/10\/mesida-per-aiden-mesida-pelqen-bjordin\/#breadcrumb","itemListElement":[{"@type":"ListItem","position":1,"name":"Mesida per Aid\u00ebn &#8211; Mesida p\u00eblqen Bjordin"}]},{"@type":"Person","@id":"https:\/\/www.visit-ulcinj.com\/blog\/#\/schema\/person\/dcab619c614d3038751c63bc2aadc06d","name":"ulqini","sameAs":["http:\/\/www.visit-ulcinj.com"],"url":"https:\/\/www.visit-ulcinj.com\/blog\/author\/admin\/"}]}},"jetpack_featured_media_url":"","jetpack_sharing_enabled":true,"jetpack_shortlink":"https:\/\/wp.me\/pe6lTn-3zT","_links":{"self":[{"href":"https:\/\/www.visit-ulcinj.com\/blog\/wp-json\/wp\/v2\/posts\/13757"}],"collection":[{"href":"https:\/\/www.visit-ulcinj.com\/blog\/wp-json\/wp\/v2\/posts"}],"about":[{"href":"https:\/\/www.visit-ulcinj.com\/blog\/wp-json\/wp\/v2\/types\/post"}],"author":[{"embeddable":true,"href":"https:\/\/www.visit-ulcinj.com\/blog\/wp-json\/wp\/v2\/users\/1"}],"replies":[{"embeddable":true,"href":"https:\/\/www.visit-ulcinj.com\/blog\/wp-json\/wp\/v2\/comments?post=13757"}],"version-history":[{"count":0,"href":"https:\/\/www.visit-ulcinj.com\/blog\/wp-json\/wp\/v2\/posts\/13757\/revisions"}],"wp:attachment":[{"href":"https:\/\/www.visit-ulcinj.com\/blog\/wp-json\/wp\/v2\/media?parent=13757"}],"wp:term":[{"taxonomy":"category","embeddable":true,"href":"https:\/\/www.visit-ulcinj.com\/blog\/wp-json\/wp\/v2\/categories?post=13757"},{"taxonomy":"post_tag","embeddable":true,"href":"https:\/\/www.visit-ulcinj.com\/blog\/wp-json\/wp\/v2\/tags?post=13757"}],"curies":[{"name":"wp","href":"https:\/\/api.w.org\/{rel}","templated":true}]}}