{"id":1376,"date":"2008-04-23T07:23:49","date_gmt":"2008-04-23T12:23:49","guid":{"rendered":"http:\/\/www.visit-ulcinj.com\/blog\/?p=1376"},"modified":"2008-04-23T07:25:30","modified_gmt":"2008-04-23T12:25:30","slug":"aktdenimi-gjyqesor-kunder-andrej-nikolaidisit","status":"publish","type":"post","link":"https:\/\/www.visit-ulcinj.com\/blog\/2008\/04\/23\/aktdenimi-gjyqesor-kunder-andrej-nikolaidisit\/","title":{"rendered":"Aktd\u00ebnimi gjyq\u00ebsor kund\u00ebr Andrej Nikolaidisit"},"content":{"rendered":"<p><a href=\"http:\/\/www.visit-ulcinj.com\/blog\/wp-content\/uploads\/2008\/04\/andrej-nikolaidis.jpg\"><img loading=\"lazy\" class=\"alignleft attachment wp-att-1377\" style=\"float: left;\" src=\"http:\/\/www.visit-ulcinj.com\/blog\/wp-content\/uploads\/2008\/04\/andrej-nikolaidis.thumbnail.jpg\" alt=\"Andrej Nikolaidis\" width=\"165\" height=\"223\" \/><\/a><strong>A ekziston n\u00eb realitet liria e mendimit?<\/strong><br \/>\nLidhur me k\u00ebt\u00eb aktvendim t\u00eb turpsh\u00ebm, Andrej Nikolaidisi tha p\u00ebr &#8220;Europ\u00ebn e lir\u00eb&#8221; se intelektuali te ne merret me seriozitet vet\u00ebm n\u00ebse merret me politik\u00eb t\u00eb zhveshur. V\u00ebrtet, ashtu \u00ebsht\u00eb. Sa her\u00eb keni menduar p\u00ebr fjal\u00ebt e ndonj\u00eb politikani q\u00eb flet (edhe) n\u00eb emrin tuaj, prit \u00e7ka \u00ebsht\u00eb duke folur ky!? Si mund t\u00eb flas\u00eb ky k\u00ebshtu?<br \/>\nV\u00ebrtet sa i vog\u00ebl duket nj\u00eb intelektual, n\u00eb krahasim me nj\u00eb politikan. Ve\u00e7an\u00ebrisht kur ky politikan \u00ebsht\u00eb p.sh. gjysmanalfabet. Ose n\u00eb rastin e Andrej Nikolaidisit, kur ky politikan \u00ebsht\u00eb kriminel lufte, si Milosheviqi. V\u00ebrtet, tragjike! Por, edhe m\u00eb tragjike \u00ebsht\u00eb se gjykata e cila e ka marr\u00eb nj\u00eb vendim t\u00eb till\u00eb, po del se e mbron jo vet\u00ebm E. Kusturic\u00ebn nga e kaluara e tij e ul\u00ebt morale, por edhe ia jep p\u00ebr t\u00eb drejt\u00eb Milosheviqit. Gjykata q\u00eb duhet ta mbroj\u00eb dinjitetin e nj\u00eb qytetari t\u00eb vet, n\u00eb k\u00ebt\u00eb rast t\u00eb Nikolaidisit, para nj\u00eb akuze t\u00eb \u00e7mendur si\u00e7 ishte ajo e regjisorit Kusturica.<br \/>\nP\u00ebrs\u00ebri \u00ebsht\u00eb b\u00ebr\u00eb aktual rasti i shkrimtarit Andrej Nikolaidis. Ky intelektual nga Ulqini \u00ebsht\u00eb d\u00ebnuar nga Gjykata e Qarkut n\u00eb Podgoric\u00eb, q\u00eb tzi paguaj\u00eb (ai dhe revista e cila e ka botuar artikullin) 12 mij\u00eb euro p\u00ebr dhembje shpirt\u00ebrore q\u00eb ia ka shkaktuar regjisorit serbo-boshnjak Emir Kusturica, duke e quajtur n\u00eb revisten malazeze Monitor &#8220;sh\u00ebrb\u00ebtor t\u00eb kasapit ballkanik&#8221;. Ky kontest \u00ebsht\u00eb i vjet\u00ebr disa vite dhe tani \u00ebsht\u00eb aktualizuar p\u00ebrs\u00ebri. D\u00ebnimi ka \u00e7uar pluhur te opinioni intelektual n\u00eb Mal t\u00eb Zi.<img loading=\"lazy\" class=\"alignright\" style=\"float: right;\" src=\"http:\/\/film.onet.pl\/_i\/plotki\/duze\/e\/emir_kusturica_1.jpg\" alt=\"\" width=\"157\" height=\"124\" \/><br \/>\nNe t\u00eb gjith\u00eb e dijm\u00eb se si q\u00ebndron e v\u00ebrteta dhe e dijm\u00eb fare mir\u00eb se regjisori i p\u00ebrmendur, v\u00ebrtet, ka qen\u00eb sh\u00ebrb\u00ebtor i kasapit ballkanik. Thjesht, \u00ebsht\u00eb di\u00e7ka n\u00eb natyr\u00ebn e njeriut, jo secilit, kuptohet, por t\u00eb atyre me kurriz pak m\u00eb t\u00eb lakuesh\u00ebm, q\u00eb tzu l\u00ebpihet atyre q\u00eb n\u00eb nj\u00eb moment gjenden n\u00eb pushtet. K\u00ebshtu ka qen\u00eb rasti edhe i E. Kusturic\u00ebs. \u00c7far\u00eb lidhje ka Andrei Nikolaidisi me faktin se Kusturica ka qen\u00eb l\u00ebpir\u00ebsi i sahanave t\u00eb Milosheviqit? Kurrfar\u00eb, p\u00ebrve\u00e7 faktit se e ka konstatuar k\u00ebt\u00eb dhe e ka th\u00ebn\u00eb publikisht. Por, \u00ebsht\u00eb rrezik t\u00eb flas\u00ebsh publikisht n\u00ebse je vet\u00ebm nj\u00eb intelektual. Publikisht mund t\u00eb flasin vet\u00ebm politikan\u00ebt. Ata e kan\u00eb marr\u00eb tapin\u00eb t\u00eb jen\u00eb shqiptues publik t\u00eb ideve tona, t\u00eb flasin n\u00eb vend nesh. Por, vet\u00ebm deri n\u00eb nj\u00eb mas\u00eb, aq sa nuk e rrezikojn\u00eb veten dhe ekzistenc\u00ebn e tyre relativisht t\u00eb mir\u00eb nga ushtrimi i zanatit t\u00eb politik\u00ebs.<br \/>\nLidhur me k\u00ebt\u00eb aktvendim t\u00eb turpsh\u00ebm, Andrej Nikolaidisi tha p\u00ebr &#8220;Europ\u00ebn e lir\u00eb&#8221; se intelektuali te ne merret me seriozitet vet\u00ebm n\u00ebse merret me politik\u00eb t\u00eb zhveshur. V\u00ebrtet, ashtu \u00ebsht\u00eb. Sa her\u00eb keni menduar p\u00ebr fjal\u00ebt e ndonj\u00eb politikani q\u00eb flet (edhe) n\u00eb emrin tuaj, prit \u00e7ka \u00ebsht\u00eb duke folur ky!? Si mund t\u00eb flas\u00eb ky k\u00ebshtu?<br \/>\nV\u00ebrtet sa i vog\u00ebl duket nj\u00eb intelektual, n\u00eb krahasim me nj\u00eb politikan. Ve\u00e7an\u00ebrisht kur ky politikan \u00ebsht\u00eb p.sh. gjysmanalfabet. Ose n\u00eb rastin e Andrej Nikolaidisit, kur ky politikan \u00ebsht\u00eb kriminel lufte, si Milosheviqi. V\u00ebrtet, tragjike! Por, edhe m\u00eb tragjike \u00ebsht\u00eb se gjykata e cila e ka marr\u00eb nj\u00eb vendim t\u00eb till\u00eb, po del se e mbron jo vet\u00ebm E. Kusturic\u00ebn nga e kaluara e tij e ul\u00ebt morale, por edhe ia jep p\u00ebr t\u00eb drejt\u00eb Milosheviqit. Gjykata q\u00eb duhet ta mbroj\u00eb dinjitetin e nj\u00eb qytetari t\u00eb vet, n\u00eb k\u00ebt\u00eb rast t\u00eb Nikolaidisit, para nj\u00eb akuze t\u00eb \u00e7mendur si\u00e7 ishte ajo e regjisorit Kusturica.<br \/>\nNikolaidisin, s\u00eb pari e kam njohur, si edhe t\u00eb gjith\u00eb, p\u00ebrmes recensioneve t\u00eb tij t\u00eb rock muzik\u00ebs. Po ashtu, m\u00eb ka p\u00eblqyer filozofia e tij anarkiste. Anarkizmi, p\u00ebrndryshe, \u00ebsht\u00eb e vetmja filozofi e pranueshme p\u00ebr nj\u00eb tru t\u00eb lir\u00eb. Dhe, filozofia ime m\u00eb e dashur. T\u00eb jesh i lir\u00eb dhe t\u00eb mos pranosh kurrfar\u00eb autoriteti mbi vete, e s\u00eb paku autoritetin e institucionit.<br \/>\n<a href=\"http:\/\/www.visit-ulcinj.com\/blog\/wp-content\/uploads\/2008\/04\/basri-capriqi.jpg\"><img loading=\"lazy\" class=\"alignleft attachment wp-att-1304\" style=\"float: left;\" src=\"http:\/\/www.visit-ulcinj.com\/blog\/wp-content\/uploads\/2008\/04\/basri-capriqi.thumbnail.jpg\" alt=\"Basri \u00c7apriqi_ulqin\" width=\"136\" height=\"200\" \/><\/a> N\u00eb fund t\u00eb vitit t\u00eb kaluar, kam pasur rast t\u00eb njoftohem me Nikolaidisin, n\u00eb mbr\u00ebmjen kushtuar vepr\u00ebs s\u00eb B. \u00c7apriqit, n\u00eb librarin\u00eb &#8220;Karver&#8221; n\u00eb Podgoric\u00eb dhe m\u00eb ka l\u00ebn\u00eb p\u00ebrshtypje t\u00eb fuqishme si person i cili e jeton filozofin\u00eb e vet t\u00eb liris\u00eb. Dhe pasi u njoftuam i thash\u00eb se do t\u00eb ishte mir\u00eb q\u00eb do t\u00eb ishte mir\u00eb, q\u00eb n\u00eb t\u00eb ardhmen t\u00eb njihet me vepr\u00ebn e nj\u00eb shkrimtari ton\u00eb nga Mal\u00ebsia. P\u00ebr dallim nga politikan\u00ebt, p\u00ebr ta arsyetuar rrog\u00ebn e vet q\u00eb e marrin nga populli, ata vazhdimisht duhet t\u00eb &#8220;bluajn\u00eb&#8221; di\u00e7ka dhe, sipas mund\u00ebsis\u00eb t\u00eb mbjellin konflikt, qoft\u00eb edhe at\u00eb verbal. Sa m\u00eb shum\u00eb q\u00eb jan\u00eb prezent\u00eb n\u00eb gazeta, jan\u00eb aq m\u00eb t\u00eb &#8220;suksessh\u00ebm&#8221;.<br \/>\n\u00c7far\u00eb mund t\u00eb b\u00ebj\u00eb nj\u00eb intelektual i paarmatosur me fuqin\u00eb e institucioneve kund\u00ebr nj\u00eb aparati \u00e7far\u00eb \u00ebsht\u00eb ai shtet\u00ebror, jo vet\u00ebm i nj\u00eb shteti konkret, por, i cilitdo shtet. Asgj\u00eb!<br \/>\nIntelektuali, por, ve\u00e7an\u00ebrisht n\u00eb Ballkan, do t\u00eb jet\u00eb n\u00eb margjin\u00ebn e ngjarjeve politike, sepse p\u00ebr intelektual\u00ebt, si edhe p\u00ebr gjith\u00eb shoq\u00ebrin\u00eb, vendosin politikan\u00ebt, kreatura komike, me shkolla t\u00eb pamjaftueshme, me vokabular komik dhe me manire t\u00eb Mesjet\u00ebs s\u00eb hershme e shpeshher\u00eb edhe t\u00eb rrug\u00ebs!<br \/>\n<strong> Xhoana M. Perkaj<\/strong><br \/>\n<a href=\"http:\/\/mce_host\/blog\/wp-admin\/xhoanaperkaj@yahoo.com\"> xhoanaperkaj@yahoo.com<\/a><br \/>\n<strong> KOHA JAVORE<\/strong><\/p>\n","protected":false},"excerpt":{"rendered":"<p><img loading=\"lazy\" class=\"alignleft attachment wp-att-1377\" style=\"float: left;\" src=\"http:\/\/www.visit-ulcinj.com\/blog\/wp-content\/uploads\/2008\/04\/andrej-nikolaidis.thumbnail.jpg\" alt=\"Andrej Nikolaidis\" width=\"140\" height=\"140\" \/><\/p>\n","protected":false},"author":1,"featured_media":0,"comment_status":"open","ping_status":"closed","sticky":false,"template":"","format":"standard","meta":{"spay_email":"","jetpack_publicize_message":"","jetpack_is_tweetstorm":false,"jetpack_publicize_feature_enabled":true},"categories":[4,1],"tags":[2517,951,2712,2710,2711,216,38,199],"jetpack_publicize_connections":[],"yoast_head":"<!-- This site is optimized with the Yoast SEO plugin v19.1 - https:\/\/yoast.com\/wordpress\/plugins\/seo\/ -->\n<title>Aktd\u00ebnimi gjyq\u00ebsor kund\u00ebr Andrej Nikolaidisit - Lajme nga Ulqini<\/title>\n<meta name=\"robots\" content=\"index, follow, max-snippet:-1, max-image-preview:large, max-video-preview:-1\" \/>\n<link rel=\"canonical\" href=\"https:\/\/www.visit-ulcinj.com\/blog\/2008\/04\/23\/aktdenimi-gjyqesor-kunder-andrej-nikolaidisit\/\" \/>\n<meta property=\"og:locale\" content=\"en_US\" \/>\n<meta property=\"og:type\" content=\"article\" \/>\n<meta property=\"og:title\" content=\"Aktd\u00ebnimi gjyq\u00ebsor kund\u00ebr Andrej Nikolaidisit - Lajme nga Ulqini\" \/>\n<meta property=\"og:url\" content=\"https:\/\/www.visit-ulcinj.com\/blog\/2008\/04\/23\/aktdenimi-gjyqesor-kunder-andrej-nikolaidisit\/\" \/>\n<meta property=\"og:site_name\" content=\"Lajme nga Ulqini\" \/>\n<meta property=\"article:published_time\" content=\"2008-04-23T12:23:49+00:00\" \/>\n<meta property=\"article:modified_time\" content=\"2008-04-23T12:25:30+00:00\" \/>\n<meta property=\"og:image\" content=\"http:\/\/www.visit-ulcinj.com\/blog\/wp-content\/uploads\/2008\/04\/andrej-nikolaidis.thumbnail.jpg\" \/>\n<meta name=\"twitter:label1\" content=\"Written by\" \/>\n\t<meta name=\"twitter:data1\" content=\"ulqini\" \/>\n\t<meta name=\"twitter:label2\" content=\"Est. reading time\" \/>\n\t<meta name=\"twitter:data2\" content=\"5 minutes\" \/>\n<script type=\"application\/ld+json\" class=\"yoast-schema-graph\">{\"@context\":\"https:\/\/schema.org\",\"@graph\":[{\"@type\":\"WebSite\",\"@id\":\"https:\/\/www.visit-ulcinj.com\/blog\/#website\",\"url\":\"https:\/\/www.visit-ulcinj.com\/blog\/\",\"name\":\"Lajme nga Ulqini\",\"description\":\"Lajme,Vijesti,Ulqini,Ulqin,Crna Gora,Mali i Zi\",\"potentialAction\":[{\"@type\":\"SearchAction\",\"target\":{\"@type\":\"EntryPoint\",\"urlTemplate\":\"https:\/\/www.visit-ulcinj.com\/blog\/?s={search_term_string}\"},\"query-input\":\"required name=search_term_string\"}],\"inLanguage\":\"en-US\"},{\"@type\":\"ImageObject\",\"inLanguage\":\"en-US\",\"@id\":\"https:\/\/www.visit-ulcinj.com\/blog\/2008\/04\/23\/aktdenimi-gjyqesor-kunder-andrej-nikolaidisit\/#primaryimage\",\"url\":\"http:\/\/www.visit-ulcinj.com\/blog\/wp-content\/uploads\/2008\/04\/andrej-nikolaidis.thumbnail.jpg\",\"contentUrl\":\"http:\/\/www.visit-ulcinj.com\/blog\/wp-content\/uploads\/2008\/04\/andrej-nikolaidis.thumbnail.jpg\"},{\"@type\":\"WebPage\",\"@id\":\"https:\/\/www.visit-ulcinj.com\/blog\/2008\/04\/23\/aktdenimi-gjyqesor-kunder-andrej-nikolaidisit\/#webpage\",\"url\":\"https:\/\/www.visit-ulcinj.com\/blog\/2008\/04\/23\/aktdenimi-gjyqesor-kunder-andrej-nikolaidisit\/\",\"name\":\"Aktd\u00ebnimi gjyq\u00ebsor kund\u00ebr Andrej Nikolaidisit - Lajme nga Ulqini\",\"isPartOf\":{\"@id\":\"https:\/\/www.visit-ulcinj.com\/blog\/#website\"},\"primaryImageOfPage\":{\"@id\":\"https:\/\/www.visit-ulcinj.com\/blog\/2008\/04\/23\/aktdenimi-gjyqesor-kunder-andrej-nikolaidisit\/#primaryimage\"},\"datePublished\":\"2008-04-23T12:23:49+00:00\",\"dateModified\":\"2008-04-23T12:25:30+00:00\",\"author\":{\"@id\":\"https:\/\/www.visit-ulcinj.com\/blog\/#\/schema\/person\/dcab619c614d3038751c63bc2aadc06d\"},\"breadcrumb\":{\"@id\":\"https:\/\/www.visit-ulcinj.com\/blog\/2008\/04\/23\/aktdenimi-gjyqesor-kunder-andrej-nikolaidisit\/#breadcrumb\"},\"inLanguage\":\"en-US\",\"potentialAction\":[{\"@type\":\"ReadAction\",\"target\":[\"https:\/\/www.visit-ulcinj.com\/blog\/2008\/04\/23\/aktdenimi-gjyqesor-kunder-andrej-nikolaidisit\/\"]}]},{\"@type\":\"BreadcrumbList\",\"@id\":\"https:\/\/www.visit-ulcinj.com\/blog\/2008\/04\/23\/aktdenimi-gjyqesor-kunder-andrej-nikolaidisit\/#breadcrumb\",\"itemListElement\":[{\"@type\":\"ListItem\",\"position\":1,\"name\":\"Aktd\u00ebnimi gjyq\u00ebsor kund\u00ebr Andrej Nikolaidisit\"}]},{\"@type\":\"Person\",\"@id\":\"https:\/\/www.visit-ulcinj.com\/blog\/#\/schema\/person\/dcab619c614d3038751c63bc2aadc06d\",\"name\":\"ulqini\",\"sameAs\":[\"http:\/\/www.visit-ulcinj.com\"],\"url\":\"https:\/\/www.visit-ulcinj.com\/blog\/author\/admin\/\"}]}<\/script>\n<!-- \/ Yoast SEO plugin. -->","yoast_head_json":{"title":"Aktd\u00ebnimi gjyq\u00ebsor kund\u00ebr Andrej Nikolaidisit - Lajme nga Ulqini","robots":{"index":"index","follow":"follow","max-snippet":"max-snippet:-1","max-image-preview":"max-image-preview:large","max-video-preview":"max-video-preview:-1"},"canonical":"https:\/\/www.visit-ulcinj.com\/blog\/2008\/04\/23\/aktdenimi-gjyqesor-kunder-andrej-nikolaidisit\/","og_locale":"en_US","og_type":"article","og_title":"Aktd\u00ebnimi gjyq\u00ebsor kund\u00ebr Andrej Nikolaidisit - Lajme nga Ulqini","og_url":"https:\/\/www.visit-ulcinj.com\/blog\/2008\/04\/23\/aktdenimi-gjyqesor-kunder-andrej-nikolaidisit\/","og_site_name":"Lajme nga Ulqini","article_published_time":"2008-04-23T12:23:49+00:00","article_modified_time":"2008-04-23T12:25:30+00:00","og_image":[{"url":"http:\/\/www.visit-ulcinj.com\/blog\/wp-content\/uploads\/2008\/04\/andrej-nikolaidis.thumbnail.jpg"}],"twitter_misc":{"Written by":"ulqini","Est. reading time":"5 minutes"},"schema":{"@context":"https:\/\/schema.org","@graph":[{"@type":"WebSite","@id":"https:\/\/www.visit-ulcinj.com\/blog\/#website","url":"https:\/\/www.visit-ulcinj.com\/blog\/","name":"Lajme nga Ulqini","description":"Lajme,Vijesti,Ulqini,Ulqin,Crna Gora,Mali i Zi","potentialAction":[{"@type":"SearchAction","target":{"@type":"EntryPoint","urlTemplate":"https:\/\/www.visit-ulcinj.com\/blog\/?s={search_term_string}"},"query-input":"required name=search_term_string"}],"inLanguage":"en-US"},{"@type":"ImageObject","inLanguage":"en-US","@id":"https:\/\/www.visit-ulcinj.com\/blog\/2008\/04\/23\/aktdenimi-gjyqesor-kunder-andrej-nikolaidisit\/#primaryimage","url":"http:\/\/www.visit-ulcinj.com\/blog\/wp-content\/uploads\/2008\/04\/andrej-nikolaidis.thumbnail.jpg","contentUrl":"http:\/\/www.visit-ulcinj.com\/blog\/wp-content\/uploads\/2008\/04\/andrej-nikolaidis.thumbnail.jpg"},{"@type":"WebPage","@id":"https:\/\/www.visit-ulcinj.com\/blog\/2008\/04\/23\/aktdenimi-gjyqesor-kunder-andrej-nikolaidisit\/#webpage","url":"https:\/\/www.visit-ulcinj.com\/blog\/2008\/04\/23\/aktdenimi-gjyqesor-kunder-andrej-nikolaidisit\/","name":"Aktd\u00ebnimi gjyq\u00ebsor kund\u00ebr Andrej Nikolaidisit - Lajme nga Ulqini","isPartOf":{"@id":"https:\/\/www.visit-ulcinj.com\/blog\/#website"},"primaryImageOfPage":{"@id":"https:\/\/www.visit-ulcinj.com\/blog\/2008\/04\/23\/aktdenimi-gjyqesor-kunder-andrej-nikolaidisit\/#primaryimage"},"datePublished":"2008-04-23T12:23:49+00:00","dateModified":"2008-04-23T12:25:30+00:00","author":{"@id":"https:\/\/www.visit-ulcinj.com\/blog\/#\/schema\/person\/dcab619c614d3038751c63bc2aadc06d"},"breadcrumb":{"@id":"https:\/\/www.visit-ulcinj.com\/blog\/2008\/04\/23\/aktdenimi-gjyqesor-kunder-andrej-nikolaidisit\/#breadcrumb"},"inLanguage":"en-US","potentialAction":[{"@type":"ReadAction","target":["https:\/\/www.visit-ulcinj.com\/blog\/2008\/04\/23\/aktdenimi-gjyqesor-kunder-andrej-nikolaidisit\/"]}]},{"@type":"BreadcrumbList","@id":"https:\/\/www.visit-ulcinj.com\/blog\/2008\/04\/23\/aktdenimi-gjyqesor-kunder-andrej-nikolaidisit\/#breadcrumb","itemListElement":[{"@type":"ListItem","position":1,"name":"Aktd\u00ebnimi gjyq\u00ebsor kund\u00ebr Andrej Nikolaidisit"}]},{"@type":"Person","@id":"https:\/\/www.visit-ulcinj.com\/blog\/#\/schema\/person\/dcab619c614d3038751c63bc2aadc06d","name":"ulqini","sameAs":["http:\/\/www.visit-ulcinj.com"],"url":"https:\/\/www.visit-ulcinj.com\/blog\/author\/admin\/"}]}},"jetpack_featured_media_url":"","jetpack_sharing_enabled":true,"jetpack_shortlink":"https:\/\/wp.me\/pe6lTn-mc","_links":{"self":[{"href":"https:\/\/www.visit-ulcinj.com\/blog\/wp-json\/wp\/v2\/posts\/1376"}],"collection":[{"href":"https:\/\/www.visit-ulcinj.com\/blog\/wp-json\/wp\/v2\/posts"}],"about":[{"href":"https:\/\/www.visit-ulcinj.com\/blog\/wp-json\/wp\/v2\/types\/post"}],"author":[{"embeddable":true,"href":"https:\/\/www.visit-ulcinj.com\/blog\/wp-json\/wp\/v2\/users\/1"}],"replies":[{"embeddable":true,"href":"https:\/\/www.visit-ulcinj.com\/blog\/wp-json\/wp\/v2\/comments?post=1376"}],"version-history":[{"count":0,"href":"https:\/\/www.visit-ulcinj.com\/blog\/wp-json\/wp\/v2\/posts\/1376\/revisions"}],"wp:attachment":[{"href":"https:\/\/www.visit-ulcinj.com\/blog\/wp-json\/wp\/v2\/media?parent=1376"}],"wp:term":[{"taxonomy":"category","embeddable":true,"href":"https:\/\/www.visit-ulcinj.com\/blog\/wp-json\/wp\/v2\/categories?post=1376"},{"taxonomy":"post_tag","embeddable":true,"href":"https:\/\/www.visit-ulcinj.com\/blog\/wp-json\/wp\/v2\/tags?post=1376"}],"curies":[{"name":"wp","href":"https:\/\/api.w.org\/{rel}","templated":true}]}}