{"id":1378,"date":"2008-04-23T07:35:10","date_gmt":"2008-04-23T12:35:10","guid":{"rendered":"http:\/\/www.visit-ulcinj.com\/blog\/?p=1378"},"modified":"2008-04-23T07:35:10","modified_gmt":"2008-04-23T12:35:10","slug":"vize-za-italiju-od-5-maja-preko-mip-a","status":"publish","type":"post","link":"https:\/\/www.visit-ulcinj.com\/blog\/2008\/04\/23\/vize-za-italiju-od-5-maja-preko-mip-a\/","title":{"rendered":"Vize za Italiju od 5. maja preko MIP-a"},"content":{"rendered":"<p><img loading=\"lazy\" class=\"alignleft\" style=\"float: left;\" src=\"http:\/\/www.camer.be\/UserFiles\/Image\/Visa81007200.jpg\" alt=\"\" width=\"200\" height=\"200\" \/>Podgorica &#8211; Crnogorske turisti?ke agencije mo?i ?e ponovo od 5. maja da pribavljaju vize kod ambasade Italije za svoje putnike, ali ovoga puta posredstvom Ministarstva inostranih poslova dogovoreno je ju?e na zajedni?kom sastanku u ambasadi Italije.<br \/>\nTokom jednoipo?asovnog sastanka ambasadora Gabrijela Meu?ija sa predstavnicima \u0161est turisti?kih agenicija Grand, Atlas turs, Siti travel, Inrut, Tran\u0161ped i Fortuna travel, dogovoreno je da se turistima koji putuju preko agencija izdaje najvi\u0161e po 100 viza sedmi?no.<br \/>\nTo je sino? Vijestima potvrdio i direktor Direkcije za konzularne poslove u MIP-u \u017deljko Stamatovi?, koji je, tako?e, prisustvao sastanku.<br \/>\nOn je objasnio da ?e se agencije ubudu?e obra?ati MIP-u, koji ?e u njihovo ime zakazivati termine za podno\u0161enje zahtjeva za vize kod ambasade Italije.<br \/>\nIste zaklju?ke sastanka, Vijestima su ponovili i vlasnici agenicija Grand i Atlas turs, Sreten Kankara\u0161 i Rajko Perovi?.<br \/>\n&#8211; Turisti?ke agenicije ubudu?e ?e termine za viziranje paso\u0161a morati da zakazuju posredstavom MIP-a i u skladu sa tom procedurom italijanska ambasada ?e izdavati najvi\u0161e po 100 viza sedmi?no. Organizovana putovanja ?e se najavljivati najkasnije tri sedmice prije odr\u017eavanja, a svi putnici ?e morati li?no da prila\u017eu dokumenta u unaprijed zakazanim terminima kazao je Kankara\u0161, poja\u0161njavaju?i revidiranu proceduru izdavanja viza, koju je na ju?era\u0161njem sastanku prezentovao ambasador Meu?i.<br \/>\nNova procedura, me?utim, kako je naveo, ne tretira licenciranje agencija, koje regularno posluju.<br \/>\n&#8211; Naprotiv, sve zaiteresovane agencije ubudu?e ?e mo?i da zatra\u017ee vize za organizovana putovanja, ali ovoga puta preko MIP-a naveo je on.<br \/>\nVlasnik turisti?ke agencije Atlas turs Rajko Perovi? izrazio je zadovoljstvo zbog dono\u0161enja novih pravila i prevazila\u017eenja dosada\u0161njeg problema zabrane.<br \/>\n&#8211; Jedina pote\u0161ko?a bi?e to da ?e svi putnici li?no morati da prila\u017eu dokumenta, jer me?u njima ima i onih koji ne \u017eive u Podgorici naveo je on.<br \/>\n\u0160to se ti?e putnika koji su trebali uskr\u0161nje i prvomajske praznike da provedu u Italiji ili Francuskoj, Grand i Atlas turs otakzale su te aran\u017emane zbog nemogu?nosti da do?u do viza.<br \/>\n&#8211; Za taj dio problematike u ambasadi nijesu imali razumijevanja i kazali su da nam ne mogu iza?i u susret, iako smo po\u0161tovali regularnu proceduru kazao je Kankara\u0161 i napomenuo da zvani?nici ambasade tokom sastanka nijesu \u017eeljeli da komentari\u0161u kako su putnicima nekih agencija selektivno izdate vize.<br \/>\nI Perovi? je podsjetio da su Atlas turs i Grand po\u0161tovale odluku o zabrani ambasade Italije, i da nijesu ni poku\u0161avali da kao neke agencije drugim kanalima do?u do viza.<br \/>\nSastanak sa predstavnicima turisti?kih agenicija, ambasador Meu?i odr\u017eao je ju?e na inicijativu MIP-a, nakon \u0161to je krajem marta zabranio izdavanje viza za organizovana turisti?ka putovanja.<br \/>\nAmbasada Italije ranije je saop\u0161tila da nakon otkrivanja prevare jedne, navodno, turisti?ke agencije koja je organizovala la\u017ena turisti?ka putovanja i prilo\u017eila la\u017ene papire, ubudu?e ne?e primati dokumentaciju agencija za bilo kakvu vrstu organizovanih putovanja krstarenja, putovanja autobusom, \u0161kolske ekskurzije&#8230;<br \/>\nItalijanska ambasada upozorila je da ?e svaki poku\u0161aj dobijanja \u0161engen viza uz upotrebu la\u017enih ili fiktivnih karata, rezervacija ili izjava biti ka\u017enjen na najstro\u017ei na?in.<br \/>\nPolicija je otvorila opse\u017enu istragu o prevarama u ambasadi, u okviru kojih su do sada podnijete krivi?ne prijave protiv \u0161est osoba. I italijanski tu\u017eilac pokrenuo je istragu protiv jednog od slu\u017ebenika ambasade, tokom koje ?e ispitati da li je bio uklju?en u organizovani kriminal izdavanja viza, uz la\u017enu dokumentaciju.<br \/>\n<strong><br \/>\nJEDNI NA SASTANAK DRUGI NA \u0160ALTERE<\/strong><br \/>\nSastanku u Ambasadi Italije ju?e nijesu prisustvovali predstavici agencija Galileo i Mytravel, ?iji ?e klijenti, uprkos zabrani izdavanja viza za organizovana putovanja, nastupaju?e praznike provesti u Rimu, odnosno, Parizu.<br \/>\nI dok su se drugi vlasnici agencija ju?e oko 16 ?asova okupljali ispred Ambasade Italije, kako bi prisustvovali sastanku sa Meu?ijem, predstavnik jedne od ovih agencija bio je ispred i davao je instrukcije svojim klijentima koji su ?ekali da u?u da bi podnijeli zahtjeve za izdavanje vize.<br \/>\nGalileo i Mytravel uspjeli su da viziraju paso\u0161e svojih putnika posredstavom Montenegro erlajnza.<\/p>\n<p><strong>PRIVREDNICI NEMAJU PROBLEMA<\/strong><br \/>\nNakon nedavnog sastanka sa ambasadorom Meu?ijem, crnogorski privrednici mnogo lak\u0161e i jednostavnije dolaze do viza tvrdi generalni sekretar Unije poslodavaca Crne Gore Vladimir ?urovi?.<br \/>\nMeu?i je prije gotovo dvije sedmice odobrio UPCG da sedmi?no mo\u017ee aplicirati za izdavanje viza za najvi\u0161e 15 osoba.<br \/>\n&#8211; Ta odluka se po\u0161tuje i na\u0161i privrednici u pojednostavljenoj proceduri za dva dana dolaze do viziranih paso\u0161a izjavio je ?urovi? Vijestima, isti?u?i da su svi privrednici, koji su podnijeli zahjeve u proteklih desetak dana dobili vize.<br \/>\nPrema njegovim rije?ima, crnogorski privrednici sada, tako?e, na vrijeme razmi\u0161alju o svojim vizama i u predvi?enom roku podnose zahtjeve.<br \/>\n<strong>J.MUMINOVI?<br \/>\nVIJESTI<\/strong><\/p>\n","protected":false},"excerpt":{"rendered":"<p><img loading=\"lazy\" class=\"alignleft\" style=\"float: left;\" src=\"http:\/\/www.camer.be\/UserFiles\/Image\/Visa81007200.jpg\" alt=\"\" width=\"140\" height=\"140\" \/><\/p>\n","protected":false},"author":1,"featured_media":0,"comment_status":"open","ping_status":"closed","sticky":false,"template":"","format":"standard","meta":{"spay_email":"","jetpack_publicize_message":"","jetpack_is_tweetstorm":false,"jetpack_publicize_feature_enabled":true},"categories":[1,12,15],"tags":[2716,2714,2721,2715,2720,2718,2717,2719,2713],"jetpack_publicize_connections":[],"yoast_head":"<!-- This site is optimized with the Yoast SEO plugin v19.1 - https:\/\/yoast.com\/wordpress\/plugins\/seo\/ -->\n<title>Vize za Italiju od 5. maja preko MIP-a - Lajme nga Ulqini<\/title>\n<meta name=\"robots\" content=\"index, follow, max-snippet:-1, max-image-preview:large, max-video-preview:-1\" \/>\n<link rel=\"canonical\" href=\"https:\/\/www.visit-ulcinj.com\/blog\/2008\/04\/23\/vize-za-italiju-od-5-maja-preko-mip-a\/\" \/>\n<meta property=\"og:locale\" content=\"en_US\" \/>\n<meta property=\"og:type\" content=\"article\" \/>\n<meta property=\"og:title\" content=\"Vize za Italiju od 5. maja preko MIP-a - Lajme nga Ulqini\" \/>\n<meta property=\"og:url\" content=\"https:\/\/www.visit-ulcinj.com\/blog\/2008\/04\/23\/vize-za-italiju-od-5-maja-preko-mip-a\/\" \/>\n<meta property=\"og:site_name\" content=\"Lajme nga Ulqini\" \/>\n<meta property=\"article:published_time\" content=\"2008-04-23T12:35:10+00:00\" \/>\n<meta property=\"og:image\" content=\"http:\/\/www.camer.be\/UserFiles\/Image\/Visa81007200.jpg\" \/>\n<meta name=\"twitter:label1\" content=\"Written by\" \/>\n\t<meta name=\"twitter:data1\" content=\"ulqini\" \/>\n\t<meta name=\"twitter:label2\" content=\"Est. reading time\" \/>\n\t<meta name=\"twitter:data2\" content=\"4 minutes\" \/>\n<script type=\"application\/ld+json\" class=\"yoast-schema-graph\">{\"@context\":\"https:\/\/schema.org\",\"@graph\":[{\"@type\":\"WebSite\",\"@id\":\"https:\/\/www.visit-ulcinj.com\/blog\/#website\",\"url\":\"https:\/\/www.visit-ulcinj.com\/blog\/\",\"name\":\"Lajme nga Ulqini\",\"description\":\"Lajme,Vijesti,Ulqini,Ulqin,Crna Gora,Mali i Zi\",\"potentialAction\":[{\"@type\":\"SearchAction\",\"target\":{\"@type\":\"EntryPoint\",\"urlTemplate\":\"https:\/\/www.visit-ulcinj.com\/blog\/?s={search_term_string}\"},\"query-input\":\"required name=search_term_string\"}],\"inLanguage\":\"en-US\"},{\"@type\":\"ImageObject\",\"inLanguage\":\"en-US\",\"@id\":\"https:\/\/www.visit-ulcinj.com\/blog\/2008\/04\/23\/vize-za-italiju-od-5-maja-preko-mip-a\/#primaryimage\",\"url\":\"http:\/\/www.camer.be\/UserFiles\/Image\/Visa81007200.jpg\",\"contentUrl\":\"http:\/\/www.camer.be\/UserFiles\/Image\/Visa81007200.jpg\"},{\"@type\":\"WebPage\",\"@id\":\"https:\/\/www.visit-ulcinj.com\/blog\/2008\/04\/23\/vize-za-italiju-od-5-maja-preko-mip-a\/#webpage\",\"url\":\"https:\/\/www.visit-ulcinj.com\/blog\/2008\/04\/23\/vize-za-italiju-od-5-maja-preko-mip-a\/\",\"name\":\"Vize za Italiju od 5. maja preko MIP-a - Lajme nga Ulqini\",\"isPartOf\":{\"@id\":\"https:\/\/www.visit-ulcinj.com\/blog\/#website\"},\"primaryImageOfPage\":{\"@id\":\"https:\/\/www.visit-ulcinj.com\/blog\/2008\/04\/23\/vize-za-italiju-od-5-maja-preko-mip-a\/#primaryimage\"},\"datePublished\":\"2008-04-23T12:35:10+00:00\",\"dateModified\":\"2008-04-23T12:35:10+00:00\",\"author\":{\"@id\":\"https:\/\/www.visit-ulcinj.com\/blog\/#\/schema\/person\/dcab619c614d3038751c63bc2aadc06d\"},\"breadcrumb\":{\"@id\":\"https:\/\/www.visit-ulcinj.com\/blog\/2008\/04\/23\/vize-za-italiju-od-5-maja-preko-mip-a\/#breadcrumb\"},\"inLanguage\":\"en-US\",\"potentialAction\":[{\"@type\":\"ReadAction\",\"target\":[\"https:\/\/www.visit-ulcinj.com\/blog\/2008\/04\/23\/vize-za-italiju-od-5-maja-preko-mip-a\/\"]}]},{\"@type\":\"BreadcrumbList\",\"@id\":\"https:\/\/www.visit-ulcinj.com\/blog\/2008\/04\/23\/vize-za-italiju-od-5-maja-preko-mip-a\/#breadcrumb\",\"itemListElement\":[{\"@type\":\"ListItem\",\"position\":1,\"name\":\"Vize za Italiju od 5. maja preko MIP-a\"}]},{\"@type\":\"Person\",\"@id\":\"https:\/\/www.visit-ulcinj.com\/blog\/#\/schema\/person\/dcab619c614d3038751c63bc2aadc06d\",\"name\":\"ulqini\",\"sameAs\":[\"http:\/\/www.visit-ulcinj.com\"],\"url\":\"https:\/\/www.visit-ulcinj.com\/blog\/author\/admin\/\"}]}<\/script>\n<!-- \/ Yoast SEO plugin. -->","yoast_head_json":{"title":"Vize za Italiju od 5. maja preko MIP-a - Lajme nga Ulqini","robots":{"index":"index","follow":"follow","max-snippet":"max-snippet:-1","max-image-preview":"max-image-preview:large","max-video-preview":"max-video-preview:-1"},"canonical":"https:\/\/www.visit-ulcinj.com\/blog\/2008\/04\/23\/vize-za-italiju-od-5-maja-preko-mip-a\/","og_locale":"en_US","og_type":"article","og_title":"Vize za Italiju od 5. maja preko MIP-a - Lajme nga Ulqini","og_url":"https:\/\/www.visit-ulcinj.com\/blog\/2008\/04\/23\/vize-za-italiju-od-5-maja-preko-mip-a\/","og_site_name":"Lajme nga Ulqini","article_published_time":"2008-04-23T12:35:10+00:00","og_image":[{"url":"http:\/\/www.camer.be\/UserFiles\/Image\/Visa81007200.jpg"}],"twitter_misc":{"Written by":"ulqini","Est. reading time":"4 minutes"},"schema":{"@context":"https:\/\/schema.org","@graph":[{"@type":"WebSite","@id":"https:\/\/www.visit-ulcinj.com\/blog\/#website","url":"https:\/\/www.visit-ulcinj.com\/blog\/","name":"Lajme nga Ulqini","description":"Lajme,Vijesti,Ulqini,Ulqin,Crna Gora,Mali i Zi","potentialAction":[{"@type":"SearchAction","target":{"@type":"EntryPoint","urlTemplate":"https:\/\/www.visit-ulcinj.com\/blog\/?s={search_term_string}"},"query-input":"required name=search_term_string"}],"inLanguage":"en-US"},{"@type":"ImageObject","inLanguage":"en-US","@id":"https:\/\/www.visit-ulcinj.com\/blog\/2008\/04\/23\/vize-za-italiju-od-5-maja-preko-mip-a\/#primaryimage","url":"http:\/\/www.camer.be\/UserFiles\/Image\/Visa81007200.jpg","contentUrl":"http:\/\/www.camer.be\/UserFiles\/Image\/Visa81007200.jpg"},{"@type":"WebPage","@id":"https:\/\/www.visit-ulcinj.com\/blog\/2008\/04\/23\/vize-za-italiju-od-5-maja-preko-mip-a\/#webpage","url":"https:\/\/www.visit-ulcinj.com\/blog\/2008\/04\/23\/vize-za-italiju-od-5-maja-preko-mip-a\/","name":"Vize za Italiju od 5. maja preko MIP-a - Lajme nga Ulqini","isPartOf":{"@id":"https:\/\/www.visit-ulcinj.com\/blog\/#website"},"primaryImageOfPage":{"@id":"https:\/\/www.visit-ulcinj.com\/blog\/2008\/04\/23\/vize-za-italiju-od-5-maja-preko-mip-a\/#primaryimage"},"datePublished":"2008-04-23T12:35:10+00:00","dateModified":"2008-04-23T12:35:10+00:00","author":{"@id":"https:\/\/www.visit-ulcinj.com\/blog\/#\/schema\/person\/dcab619c614d3038751c63bc2aadc06d"},"breadcrumb":{"@id":"https:\/\/www.visit-ulcinj.com\/blog\/2008\/04\/23\/vize-za-italiju-od-5-maja-preko-mip-a\/#breadcrumb"},"inLanguage":"en-US","potentialAction":[{"@type":"ReadAction","target":["https:\/\/www.visit-ulcinj.com\/blog\/2008\/04\/23\/vize-za-italiju-od-5-maja-preko-mip-a\/"]}]},{"@type":"BreadcrumbList","@id":"https:\/\/www.visit-ulcinj.com\/blog\/2008\/04\/23\/vize-za-italiju-od-5-maja-preko-mip-a\/#breadcrumb","itemListElement":[{"@type":"ListItem","position":1,"name":"Vize za Italiju od 5. maja preko MIP-a"}]},{"@type":"Person","@id":"https:\/\/www.visit-ulcinj.com\/blog\/#\/schema\/person\/dcab619c614d3038751c63bc2aadc06d","name":"ulqini","sameAs":["http:\/\/www.visit-ulcinj.com"],"url":"https:\/\/www.visit-ulcinj.com\/blog\/author\/admin\/"}]}},"jetpack_featured_media_url":"","jetpack_sharing_enabled":true,"jetpack_shortlink":"https:\/\/wp.me\/pe6lTn-me","_links":{"self":[{"href":"https:\/\/www.visit-ulcinj.com\/blog\/wp-json\/wp\/v2\/posts\/1378"}],"collection":[{"href":"https:\/\/www.visit-ulcinj.com\/blog\/wp-json\/wp\/v2\/posts"}],"about":[{"href":"https:\/\/www.visit-ulcinj.com\/blog\/wp-json\/wp\/v2\/types\/post"}],"author":[{"embeddable":true,"href":"https:\/\/www.visit-ulcinj.com\/blog\/wp-json\/wp\/v2\/users\/1"}],"replies":[{"embeddable":true,"href":"https:\/\/www.visit-ulcinj.com\/blog\/wp-json\/wp\/v2\/comments?post=1378"}],"version-history":[{"count":0,"href":"https:\/\/www.visit-ulcinj.com\/blog\/wp-json\/wp\/v2\/posts\/1378\/revisions"}],"wp:attachment":[{"href":"https:\/\/www.visit-ulcinj.com\/blog\/wp-json\/wp\/v2\/media?parent=1378"}],"wp:term":[{"taxonomy":"category","embeddable":true,"href":"https:\/\/www.visit-ulcinj.com\/blog\/wp-json\/wp\/v2\/categories?post=1378"},{"taxonomy":"post_tag","embeddable":true,"href":"https:\/\/www.visit-ulcinj.com\/blog\/wp-json\/wp\/v2\/tags?post=1378"}],"curies":[{"name":"wp","href":"https:\/\/api.w.org\/{rel}","templated":true}]}}