{"id":13780,"date":"2009-03-11T21:20:34","date_gmt":"2009-03-11T20:20:34","guid":{"rendered":"http:\/\/www.visit-ulcinj.com\/blog\/?p=13780"},"modified":"2009-03-11T21:20:34","modified_gmt":"2009-03-11T20:20:34","slug":"lirita-do-ta-bej-per-inat","status":"publish","type":"post","link":"https:\/\/www.visit-ulcinj.com\/blog\/2009\/03\/11\/lirita-do-ta-bej-per-inat\/","title":{"rendered":"Lirita: Do ta b\u00ebj p\u00ebr inat"},"content":{"rendered":"<p><em><span class=\"newsdate\"><a href=\"http:\/\/www.visit-ulcinj.com\/blog\/wp-content\/uploads\/2009\/03\/lirita-imiton.jpg\"><img loading=\"lazy\" class=\"alignleft size-full wp-image-13781\" title=\"lirita-imiton-big-brother-albania-2\" src=\"http:\/\/www.visit-ulcinj.com\/blog\/wp-content\/uploads\/2009\/03\/lirita-imiton.jpg\" alt=\"lirita-imiton-big-brother-albania-2\" width=\"300\" height=\"205\" \/><\/a>10\/03\/09 14:08<\/span><\/em><\/p>\n<p>Lirita \u00ebsht\u00eb duke biseduar dhe shk\u00ebmbyer batuta me Adelajd\u00ebn dhe Bik\u00ebn n\u00eb oborr. Ajo e imiton Bik\u00ebn kur flet dhe Bika e k\u00ebshillon q\u00eb at\u00eb mimik\u00eb t\u00eb mos e b\u00ebj\u00eb m\u00eb se e m\u00ebrzit. Lirita ia kthen se nuk ia b\u00ebn vet\u00ebm asaj por, Bika i thot\u00eb se nuk \u00ebsht\u00eb hera e par\u00eb dhe po ia thot\u00eb se e bezdis. Edhe Adelajda i thot\u00eb po t\u00eb nj\u00ebjt\u00ebn gj\u00eb. Lirita u thot\u00eb vajzave se ajo \u00ebsht\u00eb shqiptare dhe n\u00ebse i thua dicka q\u00eb t\u00eb mos e b\u00ebj\u00eb, at\u00ebher\u00eb nga inati do ta b\u00ebj\u00eb dhe ajo vazhdon t\u00eb imitoj\u00eb Bik\u00ebn. Vajzat qeshin dhe vazhdojn\u00eb t\u00eb shk\u00ebmbejn\u00eb batuta.<\/p>\n","protected":false},"excerpt":{"rendered":"<p>10\/03\/09 14:08 Lirita \u00ebsht\u00eb duke biseduar dhe shk\u00ebmbyer batuta me Adelajd\u00ebn dhe Bik\u00ebn n\u00eb oborr. Ajo e imiton Bik\u00ebn kur flet dhe Bika e k\u00ebshillon q\u00eb at\u00eb mimik\u00eb t\u00eb mos e b\u00ebj\u00eb m\u00eb se e m\u00ebrzit. Lirita ia kthen se nuk ia b\u00ebn vet\u00ebm asaj por, Bika i thot\u00eb se nuk \u00ebsht\u00eb hera e par\u00eb [&hellip;]<\/p>\n","protected":false},"author":1,"featured_media":0,"comment_status":"open","ping_status":"closed","sticky":false,"template":"","format":"standard","meta":{"spay_email":"","jetpack_publicize_message":"","jetpack_is_tweetstorm":false,"jetpack_publicize_feature_enabled":true},"categories":[6502],"tags":[6562,6883,6516,6712,6740,7806,6567,6542,262,6891,6773],"jetpack_publicize_connections":[],"yoast_head":"<!-- This site is optimized with the Yoast SEO plugin v19.1 - https:\/\/yoast.com\/wordpress\/plugins\/seo\/ -->\n<title>Lirita: Do ta b\u00c3\u00abj p\u00c3\u00abr inat | Big Brother Albania 2<\/title>\n<meta name=\"description\" content=\"Big Brother Albania 2 - Lirita \u00c3\u00absht\u00c3\u00ab duke biseduar dhe shk\u00c3\u00abmbyer batuta me Adelajd\u00c3\u00abn dhe Bik\u00c3\u00abn n\u00c3\u00ab oborr.\" \/>\n<meta name=\"robots\" content=\"index, follow, max-snippet:-1, max-image-preview:large, max-video-preview:-1\" \/>\n<link rel=\"canonical\" href=\"https:\/\/www.visit-ulcinj.com\/blog\/2009\/03\/11\/lirita-do-ta-bej-per-inat\/\" \/>\n<meta property=\"og:locale\" content=\"en_US\" \/>\n<meta property=\"og:type\" content=\"article\" \/>\n<meta property=\"og:title\" content=\"Lirita: Do ta b\u00c3\u00abj p\u00c3\u00abr inat | Big Brother Albania 2\" \/>\n<meta property=\"og:description\" content=\"Big Brother Albania 2 - Lirita \u00c3\u00absht\u00c3\u00ab duke biseduar dhe shk\u00c3\u00abmbyer batuta me Adelajd\u00c3\u00abn dhe Bik\u00c3\u00abn n\u00c3\u00ab oborr.\" \/>\n<meta property=\"og:url\" content=\"https:\/\/www.visit-ulcinj.com\/blog\/2009\/03\/11\/lirita-do-ta-bej-per-inat\/\" \/>\n<meta property=\"og:site_name\" content=\"Lajme nga Ulqini\" \/>\n<meta property=\"article:published_time\" content=\"2009-03-11T20:20:34+00:00\" \/>\n<meta property=\"og:image\" content=\"http:\/\/www.visit-ulcinj.com\/blog\/wp-content\/uploads\/2009\/03\/lirita-imiton.jpg\" \/>\n<meta name=\"twitter:label1\" content=\"Written by\" \/>\n\t<meta name=\"twitter:data1\" content=\"ulqini\" \/>\n\t<meta name=\"twitter:label2\" content=\"Est. reading time\" \/>\n\t<meta name=\"twitter:data2\" content=\"1 minute\" \/>\n<script type=\"application\/ld+json\" class=\"yoast-schema-graph\">{\"@context\":\"https:\/\/schema.org\",\"@graph\":[{\"@type\":\"WebSite\",\"@id\":\"https:\/\/www.visit-ulcinj.com\/blog\/#website\",\"url\":\"https:\/\/www.visit-ulcinj.com\/blog\/\",\"name\":\"Lajme nga Ulqini\",\"description\":\"Lajme,Vijesti,Ulqini,Ulqin,Crna Gora,Mali i Zi\",\"potentialAction\":[{\"@type\":\"SearchAction\",\"target\":{\"@type\":\"EntryPoint\",\"urlTemplate\":\"https:\/\/www.visit-ulcinj.com\/blog\/?s={search_term_string}\"},\"query-input\":\"required name=search_term_string\"}],\"inLanguage\":\"en-US\"},{\"@type\":\"ImageObject\",\"inLanguage\":\"en-US\",\"@id\":\"https:\/\/www.visit-ulcinj.com\/blog\/2009\/03\/11\/lirita-do-ta-bej-per-inat\/#primaryimage\",\"url\":\"http:\/\/www.visit-ulcinj.com\/blog\/wp-content\/uploads\/2009\/03\/lirita-imiton.jpg\",\"contentUrl\":\"http:\/\/www.visit-ulcinj.com\/blog\/wp-content\/uploads\/2009\/03\/lirita-imiton.jpg\"},{\"@type\":\"WebPage\",\"@id\":\"https:\/\/www.visit-ulcinj.com\/blog\/2009\/03\/11\/lirita-do-ta-bej-per-inat\/#webpage\",\"url\":\"https:\/\/www.visit-ulcinj.com\/blog\/2009\/03\/11\/lirita-do-ta-bej-per-inat\/\",\"name\":\"Lirita: Do ta b\u00c3\u00abj p\u00c3\u00abr inat | Big Brother Albania 2\",\"isPartOf\":{\"@id\":\"https:\/\/www.visit-ulcinj.com\/blog\/#website\"},\"primaryImageOfPage\":{\"@id\":\"https:\/\/www.visit-ulcinj.com\/blog\/2009\/03\/11\/lirita-do-ta-bej-per-inat\/#primaryimage\"},\"datePublished\":\"2009-03-11T20:20:34+00:00\",\"dateModified\":\"2009-03-11T20:20:34+00:00\",\"author\":{\"@id\":\"https:\/\/www.visit-ulcinj.com\/blog\/#\/schema\/person\/dcab619c614d3038751c63bc2aadc06d\"},\"description\":\"Big Brother Albania 2 - Lirita \u00c3\u00absht\u00c3\u00ab duke biseduar dhe shk\u00c3\u00abmbyer batuta me Adelajd\u00c3\u00abn dhe Bik\u00c3\u00abn n\u00c3\u00ab oborr.\",\"breadcrumb\":{\"@id\":\"https:\/\/www.visit-ulcinj.com\/blog\/2009\/03\/11\/lirita-do-ta-bej-per-inat\/#breadcrumb\"},\"inLanguage\":\"en-US\",\"potentialAction\":[{\"@type\":\"ReadAction\",\"target\":[\"https:\/\/www.visit-ulcinj.com\/blog\/2009\/03\/11\/lirita-do-ta-bej-per-inat\/\"]}]},{\"@type\":\"BreadcrumbList\",\"@id\":\"https:\/\/www.visit-ulcinj.com\/blog\/2009\/03\/11\/lirita-do-ta-bej-per-inat\/#breadcrumb\",\"itemListElement\":[{\"@type\":\"ListItem\",\"position\":1,\"name\":\"Lirita: Do ta b\u00ebj p\u00ebr inat\"}]},{\"@type\":\"Person\",\"@id\":\"https:\/\/www.visit-ulcinj.com\/blog\/#\/schema\/person\/dcab619c614d3038751c63bc2aadc06d\",\"name\":\"ulqini\",\"sameAs\":[\"http:\/\/www.visit-ulcinj.com\"],\"url\":\"https:\/\/www.visit-ulcinj.com\/blog\/author\/admin\/\"}]}<\/script>\n<!-- \/ Yoast SEO plugin. -->","yoast_head_json":{"title":"Lirita: Do ta b\u00c3\u00abj p\u00c3\u00abr inat | Big Brother Albania 2","description":"Big Brother Albania 2 - Lirita \u00c3\u00absht\u00c3\u00ab duke biseduar dhe shk\u00c3\u00abmbyer batuta me Adelajd\u00c3\u00abn dhe Bik\u00c3\u00abn n\u00c3\u00ab oborr.","robots":{"index":"index","follow":"follow","max-snippet":"max-snippet:-1","max-image-preview":"max-image-preview:large","max-video-preview":"max-video-preview:-1"},"canonical":"https:\/\/www.visit-ulcinj.com\/blog\/2009\/03\/11\/lirita-do-ta-bej-per-inat\/","og_locale":"en_US","og_type":"article","og_title":"Lirita: Do ta b\u00c3\u00abj p\u00c3\u00abr inat | Big Brother Albania 2","og_description":"Big Brother Albania 2 - Lirita \u00c3\u00absht\u00c3\u00ab duke biseduar dhe shk\u00c3\u00abmbyer batuta me Adelajd\u00c3\u00abn dhe Bik\u00c3\u00abn n\u00c3\u00ab oborr.","og_url":"https:\/\/www.visit-ulcinj.com\/blog\/2009\/03\/11\/lirita-do-ta-bej-per-inat\/","og_site_name":"Lajme nga Ulqini","article_published_time":"2009-03-11T20:20:34+00:00","og_image":[{"url":"http:\/\/www.visit-ulcinj.com\/blog\/wp-content\/uploads\/2009\/03\/lirita-imiton.jpg"}],"twitter_misc":{"Written by":"ulqini","Est. reading time":"1 minute"},"schema":{"@context":"https:\/\/schema.org","@graph":[{"@type":"WebSite","@id":"https:\/\/www.visit-ulcinj.com\/blog\/#website","url":"https:\/\/www.visit-ulcinj.com\/blog\/","name":"Lajme nga Ulqini","description":"Lajme,Vijesti,Ulqini,Ulqin,Crna Gora,Mali i Zi","potentialAction":[{"@type":"SearchAction","target":{"@type":"EntryPoint","urlTemplate":"https:\/\/www.visit-ulcinj.com\/blog\/?s={search_term_string}"},"query-input":"required name=search_term_string"}],"inLanguage":"en-US"},{"@type":"ImageObject","inLanguage":"en-US","@id":"https:\/\/www.visit-ulcinj.com\/blog\/2009\/03\/11\/lirita-do-ta-bej-per-inat\/#primaryimage","url":"http:\/\/www.visit-ulcinj.com\/blog\/wp-content\/uploads\/2009\/03\/lirita-imiton.jpg","contentUrl":"http:\/\/www.visit-ulcinj.com\/blog\/wp-content\/uploads\/2009\/03\/lirita-imiton.jpg"},{"@type":"WebPage","@id":"https:\/\/www.visit-ulcinj.com\/blog\/2009\/03\/11\/lirita-do-ta-bej-per-inat\/#webpage","url":"https:\/\/www.visit-ulcinj.com\/blog\/2009\/03\/11\/lirita-do-ta-bej-per-inat\/","name":"Lirita: Do ta b\u00c3\u00abj p\u00c3\u00abr inat | Big Brother Albania 2","isPartOf":{"@id":"https:\/\/www.visit-ulcinj.com\/blog\/#website"},"primaryImageOfPage":{"@id":"https:\/\/www.visit-ulcinj.com\/blog\/2009\/03\/11\/lirita-do-ta-bej-per-inat\/#primaryimage"},"datePublished":"2009-03-11T20:20:34+00:00","dateModified":"2009-03-11T20:20:34+00:00","author":{"@id":"https:\/\/www.visit-ulcinj.com\/blog\/#\/schema\/person\/dcab619c614d3038751c63bc2aadc06d"},"description":"Big Brother Albania 2 - Lirita \u00c3\u00absht\u00c3\u00ab duke biseduar dhe shk\u00c3\u00abmbyer batuta me Adelajd\u00c3\u00abn dhe Bik\u00c3\u00abn n\u00c3\u00ab oborr.","breadcrumb":{"@id":"https:\/\/www.visit-ulcinj.com\/blog\/2009\/03\/11\/lirita-do-ta-bej-per-inat\/#breadcrumb"},"inLanguage":"en-US","potentialAction":[{"@type":"ReadAction","target":["https:\/\/www.visit-ulcinj.com\/blog\/2009\/03\/11\/lirita-do-ta-bej-per-inat\/"]}]},{"@type":"BreadcrumbList","@id":"https:\/\/www.visit-ulcinj.com\/blog\/2009\/03\/11\/lirita-do-ta-bej-per-inat\/#breadcrumb","itemListElement":[{"@type":"ListItem","position":1,"name":"Lirita: Do ta b\u00ebj p\u00ebr inat"}]},{"@type":"Person","@id":"https:\/\/www.visit-ulcinj.com\/blog\/#\/schema\/person\/dcab619c614d3038751c63bc2aadc06d","name":"ulqini","sameAs":["http:\/\/www.visit-ulcinj.com"],"url":"https:\/\/www.visit-ulcinj.com\/blog\/author\/admin\/"}]}},"jetpack_featured_media_url":"","jetpack_sharing_enabled":true,"jetpack_shortlink":"https:\/\/wp.me\/pe6lTn-3Ag","_links":{"self":[{"href":"https:\/\/www.visit-ulcinj.com\/blog\/wp-json\/wp\/v2\/posts\/13780"}],"collection":[{"href":"https:\/\/www.visit-ulcinj.com\/blog\/wp-json\/wp\/v2\/posts"}],"about":[{"href":"https:\/\/www.visit-ulcinj.com\/blog\/wp-json\/wp\/v2\/types\/post"}],"author":[{"embeddable":true,"href":"https:\/\/www.visit-ulcinj.com\/blog\/wp-json\/wp\/v2\/users\/1"}],"replies":[{"embeddable":true,"href":"https:\/\/www.visit-ulcinj.com\/blog\/wp-json\/wp\/v2\/comments?post=13780"}],"version-history":[{"count":0,"href":"https:\/\/www.visit-ulcinj.com\/blog\/wp-json\/wp\/v2\/posts\/13780\/revisions"}],"wp:attachment":[{"href":"https:\/\/www.visit-ulcinj.com\/blog\/wp-json\/wp\/v2\/media?parent=13780"}],"wp:term":[{"taxonomy":"category","embeddable":true,"href":"https:\/\/www.visit-ulcinj.com\/blog\/wp-json\/wp\/v2\/categories?post=13780"},{"taxonomy":"post_tag","embeddable":true,"href":"https:\/\/www.visit-ulcinj.com\/blog\/wp-json\/wp\/v2\/tags?post=13780"}],"curies":[{"name":"wp","href":"https:\/\/api.w.org\/{rel}","templated":true}]}}