{"id":13786,"date":"2009-03-11T21:27:52","date_gmt":"2009-03-11T20:27:52","guid":{"rendered":"http:\/\/www.visit-ulcinj.com\/blog\/?p=13786"},"modified":"2009-03-11T21:27:52","modified_gmt":"2009-03-11T20:27:52","slug":"mimoza-do-behem-kengetare","status":"publish","type":"post","link":"https:\/\/www.visit-ulcinj.com\/blog\/2009\/03\/11\/mimoza-do-behem-kengetare\/","title":{"rendered":"Mimoza: Do b\u00ebhem k\u00ebng\u00ebtare"},"content":{"rendered":"<p><em><span class=\"newsdate\"><a href=\"http:\/\/www.visit-ulcinj.com\/blog\/wp-content\/uploads\/2009\/03\/moza-kengetare.jpg\"><img loading=\"lazy\" class=\"alignleft size-full wp-image-13787\" title=\"moza-kengetare-big-brother-albania-2\" src=\"http:\/\/www.visit-ulcinj.com\/blog\/wp-content\/uploads\/2009\/03\/moza-kengetare.jpg\" alt=\"moza-kengetare-big-brother-albania-2\" width=\"300\" height=\"205\" \/><\/a>10\/03\/09 14:35<\/span><\/em><\/p>\n<p>Mimoza u thot\u00eb vajzave se i p\u00eblqen q\u00eb t\u00eb studioj\u00eb p\u00ebr muzik\u00eb. Adelajda i thot\u00eb se q\u00eb t\u00eb vazhdosh nj\u00eb shkoll\u00eb p\u00ebr k\u00ebng\u00ebtare duhet t\u00eb kesh z\u00eb. Lirita mendon se shkoll\u00ebn e muzik\u00ebs, duhet ta fillosh q\u00eb f\u00ebmij\u00eb duke i b\u00ebr\u00eb t\u00eb gjitha etapat me radh\u00eb. Mimoza u tregon vajzave se nj\u00eb kompozitor i kishte d\u00ebgjuar z\u00ebrin e i kishte th\u00ebn\u00eb se e ka t\u00eb mir\u00eb. Ajo thot\u00eb se edhe n\u00eb fakultet mund t\u00eb filloj\u00eb t\u00eb studioj\u00eb p\u00ebr kanto, kurse Lirita mendon se disa gj\u00ebra duhet t\u2019i dish duke i m\u00ebsuar n\u00eb shkoll\u00eb q\u00eb i vog\u00ebl sepse mund ta ket\u00eb shum\u00eb t\u00eb v\u00ebshtir\u00eb m\u00eb pas. Mimoza i thot\u00eb se kur e ke hob i kap m\u00ebsimet. Lirita i b\u00ebn krahasim me shkoll\u00ebn e baletit t\u00eb cil\u00ebn nj\u00eb njeri nuk mund ta m\u00ebsoj\u00eb i rritur. P\u00ebr Moz\u00ebn, k\u00ebto jan\u00eb dy gj\u00ebra t\u00eb ndryshme dhe se ajo nuk ka nd\u00ebr mend t\u00eb b\u00ebhet k\u00ebng\u00ebtare e famshme por si gjith\u00eb k\u00ebng\u00ebtar\u00ebt e tjer\u00eb.<\/p>\n","protected":false},"excerpt":{"rendered":"<p>10\/03\/09 14:35 Mimoza u thot\u00eb vajzave se i p\u00eblqen q\u00eb t\u00eb studioj\u00eb p\u00ebr muzik\u00eb. Adelajda i thot\u00eb se q\u00eb t\u00eb vazhdosh nj\u00eb shkoll\u00eb p\u00ebr k\u00ebng\u00ebtare duhet t\u00eb kesh z\u00eb. Lirita mendon se shkoll\u00ebn e muzik\u00ebs, duhet ta fillosh q\u00eb f\u00ebmij\u00eb duke i b\u00ebr\u00eb t\u00eb gjitha etapat me radh\u00eb. Mimoza u tregon vajzave se nj\u00eb kompozitor [&hellip;]<\/p>\n","protected":false},"author":1,"featured_media":0,"comment_status":"open","ping_status":"closed","sticky":false,"template":"","format":"standard","meta":{"spay_email":"","jetpack_publicize_message":"","jetpack_is_tweetstorm":false,"jetpack_publicize_feature_enabled":true},"categories":[6502],"tags":[6562,6529,6883,6516,6712,7810,7809,6567,6542,6568,6544,7811,6891],"jetpack_publicize_connections":[],"yoast_head":"<!-- This site is optimized with the Yoast SEO plugin v19.1 - https:\/\/yoast.com\/wordpress\/plugins\/seo\/ -->\n<title>Mimoza: Do b\u00c3\u00abhem k\u00c3\u00abng\u00c3\u00abtare | Big Brother Albania 2<\/title>\n<meta name=\"description\" content=\"Big Brother Albania 2 - Mimoza u thot\u00c3\u00ab vajzave se i p\u00c3\u00ablqen q\u00c3\u00ab t\u00c3\u00ab studioj\u00c3\u00ab p\u00c3\u00abr muzik\u00c3\u00ab. Adelajda i thot\u00c3\u00ab se q\u00c3\u00ab t\u00c3\u00ab vazhdosh nj\u00c3\u00ab shkoll\u00c3\u00ab p\u00c3\u00abr k\u00c3\u00abng\u00c3\u00abtare duhet t\u00c3\u00ab kesh z\u00c3\u00ab.\" \/>\n<meta name=\"robots\" content=\"index, follow, max-snippet:-1, max-image-preview:large, max-video-preview:-1\" \/>\n<link rel=\"canonical\" href=\"https:\/\/www.visit-ulcinj.com\/blog\/2009\/03\/11\/mimoza-do-behem-kengetare\/\" \/>\n<meta property=\"og:locale\" content=\"en_US\" \/>\n<meta property=\"og:type\" content=\"article\" \/>\n<meta property=\"og:title\" content=\"Mimoza: Do b\u00c3\u00abhem k\u00c3\u00abng\u00c3\u00abtare | Big Brother Albania 2\" \/>\n<meta property=\"og:description\" content=\"Big Brother Albania 2 - Mimoza u thot\u00c3\u00ab vajzave se i p\u00c3\u00ablqen q\u00c3\u00ab t\u00c3\u00ab studioj\u00c3\u00ab p\u00c3\u00abr muzik\u00c3\u00ab. Adelajda i thot\u00c3\u00ab se q\u00c3\u00ab t\u00c3\u00ab vazhdosh nj\u00c3\u00ab shkoll\u00c3\u00ab p\u00c3\u00abr k\u00c3\u00abng\u00c3\u00abtare duhet t\u00c3\u00ab kesh z\u00c3\u00ab.\" \/>\n<meta property=\"og:url\" content=\"https:\/\/www.visit-ulcinj.com\/blog\/2009\/03\/11\/mimoza-do-behem-kengetare\/\" \/>\n<meta property=\"og:site_name\" content=\"Lajme nga Ulqini\" \/>\n<meta property=\"article:published_time\" content=\"2009-03-11T20:27:52+00:00\" \/>\n<meta property=\"og:image\" content=\"http:\/\/www.visit-ulcinj.com\/blog\/wp-content\/uploads\/2009\/03\/moza-kengetare.jpg\" \/>\n<meta name=\"twitter:label1\" content=\"Written by\" \/>\n\t<meta name=\"twitter:data1\" content=\"ulqini\" \/>\n\t<meta name=\"twitter:label2\" content=\"Est. reading time\" \/>\n\t<meta name=\"twitter:data2\" content=\"1 minute\" \/>\n<script type=\"application\/ld+json\" class=\"yoast-schema-graph\">{\"@context\":\"https:\/\/schema.org\",\"@graph\":[{\"@type\":\"WebSite\",\"@id\":\"https:\/\/www.visit-ulcinj.com\/blog\/#website\",\"url\":\"https:\/\/www.visit-ulcinj.com\/blog\/\",\"name\":\"Lajme nga Ulqini\",\"description\":\"Lajme,Vijesti,Ulqini,Ulqin,Crna Gora,Mali i Zi\",\"potentialAction\":[{\"@type\":\"SearchAction\",\"target\":{\"@type\":\"EntryPoint\",\"urlTemplate\":\"https:\/\/www.visit-ulcinj.com\/blog\/?s={search_term_string}\"},\"query-input\":\"required name=search_term_string\"}],\"inLanguage\":\"en-US\"},{\"@type\":\"ImageObject\",\"inLanguage\":\"en-US\",\"@id\":\"https:\/\/www.visit-ulcinj.com\/blog\/2009\/03\/11\/mimoza-do-behem-kengetare\/#primaryimage\",\"url\":\"http:\/\/www.visit-ulcinj.com\/blog\/wp-content\/uploads\/2009\/03\/moza-kengetare.jpg\",\"contentUrl\":\"http:\/\/www.visit-ulcinj.com\/blog\/wp-content\/uploads\/2009\/03\/moza-kengetare.jpg\"},{\"@type\":\"WebPage\",\"@id\":\"https:\/\/www.visit-ulcinj.com\/blog\/2009\/03\/11\/mimoza-do-behem-kengetare\/#webpage\",\"url\":\"https:\/\/www.visit-ulcinj.com\/blog\/2009\/03\/11\/mimoza-do-behem-kengetare\/\",\"name\":\"Mimoza: Do b\u00c3\u00abhem k\u00c3\u00abng\u00c3\u00abtare | Big Brother Albania 2\",\"isPartOf\":{\"@id\":\"https:\/\/www.visit-ulcinj.com\/blog\/#website\"},\"primaryImageOfPage\":{\"@id\":\"https:\/\/www.visit-ulcinj.com\/blog\/2009\/03\/11\/mimoza-do-behem-kengetare\/#primaryimage\"},\"datePublished\":\"2009-03-11T20:27:52+00:00\",\"dateModified\":\"2009-03-11T20:27:52+00:00\",\"author\":{\"@id\":\"https:\/\/www.visit-ulcinj.com\/blog\/#\/schema\/person\/dcab619c614d3038751c63bc2aadc06d\"},\"description\":\"Big Brother Albania 2 - Mimoza u thot\u00c3\u00ab vajzave se i p\u00c3\u00ablqen q\u00c3\u00ab t\u00c3\u00ab studioj\u00c3\u00ab p\u00c3\u00abr muzik\u00c3\u00ab. Adelajda i thot\u00c3\u00ab se q\u00c3\u00ab t\u00c3\u00ab vazhdosh nj\u00c3\u00ab shkoll\u00c3\u00ab p\u00c3\u00abr k\u00c3\u00abng\u00c3\u00abtare duhet t\u00c3\u00ab kesh z\u00c3\u00ab.\",\"breadcrumb\":{\"@id\":\"https:\/\/www.visit-ulcinj.com\/blog\/2009\/03\/11\/mimoza-do-behem-kengetare\/#breadcrumb\"},\"inLanguage\":\"en-US\",\"potentialAction\":[{\"@type\":\"ReadAction\",\"target\":[\"https:\/\/www.visit-ulcinj.com\/blog\/2009\/03\/11\/mimoza-do-behem-kengetare\/\"]}]},{\"@type\":\"BreadcrumbList\",\"@id\":\"https:\/\/www.visit-ulcinj.com\/blog\/2009\/03\/11\/mimoza-do-behem-kengetare\/#breadcrumb\",\"itemListElement\":[{\"@type\":\"ListItem\",\"position\":1,\"name\":\"Mimoza: Do b\u00ebhem k\u00ebng\u00ebtare\"}]},{\"@type\":\"Person\",\"@id\":\"https:\/\/www.visit-ulcinj.com\/blog\/#\/schema\/person\/dcab619c614d3038751c63bc2aadc06d\",\"name\":\"ulqini\",\"sameAs\":[\"http:\/\/www.visit-ulcinj.com\"],\"url\":\"https:\/\/www.visit-ulcinj.com\/blog\/author\/admin\/\"}]}<\/script>\n<!-- \/ Yoast SEO plugin. -->","yoast_head_json":{"title":"Mimoza: Do b\u00c3\u00abhem k\u00c3\u00abng\u00c3\u00abtare | Big Brother Albania 2","description":"Big Brother Albania 2 - Mimoza u thot\u00c3\u00ab vajzave se i p\u00c3\u00ablqen q\u00c3\u00ab t\u00c3\u00ab studioj\u00c3\u00ab p\u00c3\u00abr muzik\u00c3\u00ab. Adelajda i thot\u00c3\u00ab se q\u00c3\u00ab t\u00c3\u00ab vazhdosh nj\u00c3\u00ab shkoll\u00c3\u00ab p\u00c3\u00abr k\u00c3\u00abng\u00c3\u00abtare duhet t\u00c3\u00ab kesh z\u00c3\u00ab.","robots":{"index":"index","follow":"follow","max-snippet":"max-snippet:-1","max-image-preview":"max-image-preview:large","max-video-preview":"max-video-preview:-1"},"canonical":"https:\/\/www.visit-ulcinj.com\/blog\/2009\/03\/11\/mimoza-do-behem-kengetare\/","og_locale":"en_US","og_type":"article","og_title":"Mimoza: Do b\u00c3\u00abhem k\u00c3\u00abng\u00c3\u00abtare | Big Brother Albania 2","og_description":"Big Brother Albania 2 - Mimoza u thot\u00c3\u00ab vajzave se i p\u00c3\u00ablqen q\u00c3\u00ab t\u00c3\u00ab studioj\u00c3\u00ab p\u00c3\u00abr muzik\u00c3\u00ab. Adelajda i thot\u00c3\u00ab se q\u00c3\u00ab t\u00c3\u00ab vazhdosh nj\u00c3\u00ab shkoll\u00c3\u00ab p\u00c3\u00abr k\u00c3\u00abng\u00c3\u00abtare duhet t\u00c3\u00ab kesh z\u00c3\u00ab.","og_url":"https:\/\/www.visit-ulcinj.com\/blog\/2009\/03\/11\/mimoza-do-behem-kengetare\/","og_site_name":"Lajme nga Ulqini","article_published_time":"2009-03-11T20:27:52+00:00","og_image":[{"url":"http:\/\/www.visit-ulcinj.com\/blog\/wp-content\/uploads\/2009\/03\/moza-kengetare.jpg"}],"twitter_misc":{"Written by":"ulqini","Est. reading time":"1 minute"},"schema":{"@context":"https:\/\/schema.org","@graph":[{"@type":"WebSite","@id":"https:\/\/www.visit-ulcinj.com\/blog\/#website","url":"https:\/\/www.visit-ulcinj.com\/blog\/","name":"Lajme nga Ulqini","description":"Lajme,Vijesti,Ulqini,Ulqin,Crna Gora,Mali i Zi","potentialAction":[{"@type":"SearchAction","target":{"@type":"EntryPoint","urlTemplate":"https:\/\/www.visit-ulcinj.com\/blog\/?s={search_term_string}"},"query-input":"required name=search_term_string"}],"inLanguage":"en-US"},{"@type":"ImageObject","inLanguage":"en-US","@id":"https:\/\/www.visit-ulcinj.com\/blog\/2009\/03\/11\/mimoza-do-behem-kengetare\/#primaryimage","url":"http:\/\/www.visit-ulcinj.com\/blog\/wp-content\/uploads\/2009\/03\/moza-kengetare.jpg","contentUrl":"http:\/\/www.visit-ulcinj.com\/blog\/wp-content\/uploads\/2009\/03\/moza-kengetare.jpg"},{"@type":"WebPage","@id":"https:\/\/www.visit-ulcinj.com\/blog\/2009\/03\/11\/mimoza-do-behem-kengetare\/#webpage","url":"https:\/\/www.visit-ulcinj.com\/blog\/2009\/03\/11\/mimoza-do-behem-kengetare\/","name":"Mimoza: Do b\u00c3\u00abhem k\u00c3\u00abng\u00c3\u00abtare | Big Brother Albania 2","isPartOf":{"@id":"https:\/\/www.visit-ulcinj.com\/blog\/#website"},"primaryImageOfPage":{"@id":"https:\/\/www.visit-ulcinj.com\/blog\/2009\/03\/11\/mimoza-do-behem-kengetare\/#primaryimage"},"datePublished":"2009-03-11T20:27:52+00:00","dateModified":"2009-03-11T20:27:52+00:00","author":{"@id":"https:\/\/www.visit-ulcinj.com\/blog\/#\/schema\/person\/dcab619c614d3038751c63bc2aadc06d"},"description":"Big Brother Albania 2 - Mimoza u thot\u00c3\u00ab vajzave se i p\u00c3\u00ablqen q\u00c3\u00ab t\u00c3\u00ab studioj\u00c3\u00ab p\u00c3\u00abr muzik\u00c3\u00ab. Adelajda i thot\u00c3\u00ab se q\u00c3\u00ab t\u00c3\u00ab vazhdosh nj\u00c3\u00ab shkoll\u00c3\u00ab p\u00c3\u00abr k\u00c3\u00abng\u00c3\u00abtare duhet t\u00c3\u00ab kesh z\u00c3\u00ab.","breadcrumb":{"@id":"https:\/\/www.visit-ulcinj.com\/blog\/2009\/03\/11\/mimoza-do-behem-kengetare\/#breadcrumb"},"inLanguage":"en-US","potentialAction":[{"@type":"ReadAction","target":["https:\/\/www.visit-ulcinj.com\/blog\/2009\/03\/11\/mimoza-do-behem-kengetare\/"]}]},{"@type":"BreadcrumbList","@id":"https:\/\/www.visit-ulcinj.com\/blog\/2009\/03\/11\/mimoza-do-behem-kengetare\/#breadcrumb","itemListElement":[{"@type":"ListItem","position":1,"name":"Mimoza: Do b\u00ebhem k\u00ebng\u00ebtare"}]},{"@type":"Person","@id":"https:\/\/www.visit-ulcinj.com\/blog\/#\/schema\/person\/dcab619c614d3038751c63bc2aadc06d","name":"ulqini","sameAs":["http:\/\/www.visit-ulcinj.com"],"url":"https:\/\/www.visit-ulcinj.com\/blog\/author\/admin\/"}]}},"jetpack_featured_media_url":"","jetpack_sharing_enabled":true,"jetpack_shortlink":"https:\/\/wp.me\/pe6lTn-3Am","_links":{"self":[{"href":"https:\/\/www.visit-ulcinj.com\/blog\/wp-json\/wp\/v2\/posts\/13786"}],"collection":[{"href":"https:\/\/www.visit-ulcinj.com\/blog\/wp-json\/wp\/v2\/posts"}],"about":[{"href":"https:\/\/www.visit-ulcinj.com\/blog\/wp-json\/wp\/v2\/types\/post"}],"author":[{"embeddable":true,"href":"https:\/\/www.visit-ulcinj.com\/blog\/wp-json\/wp\/v2\/users\/1"}],"replies":[{"embeddable":true,"href":"https:\/\/www.visit-ulcinj.com\/blog\/wp-json\/wp\/v2\/comments?post=13786"}],"version-history":[{"count":0,"href":"https:\/\/www.visit-ulcinj.com\/blog\/wp-json\/wp\/v2\/posts\/13786\/revisions"}],"wp:attachment":[{"href":"https:\/\/www.visit-ulcinj.com\/blog\/wp-json\/wp\/v2\/media?parent=13786"}],"wp:term":[{"taxonomy":"category","embeddable":true,"href":"https:\/\/www.visit-ulcinj.com\/blog\/wp-json\/wp\/v2\/categories?post=13786"},{"taxonomy":"post_tag","embeddable":true,"href":"https:\/\/www.visit-ulcinj.com\/blog\/wp-json\/wp\/v2\/tags?post=13786"}],"curies":[{"name":"wp","href":"https:\/\/api.w.org\/{rel}","templated":true}]}}