{"id":13792,"date":"2009-03-11T21:34:34","date_gmt":"2009-03-11T20:34:34","guid":{"rendered":"http:\/\/www.visit-ulcinj.com\/blog\/?p=13792"},"modified":"2009-03-11T21:34:34","modified_gmt":"2009-03-11T20:34:34","slug":"adelajda-surpriza-per-bjordin","status":"publish","type":"post","link":"https:\/\/www.visit-ulcinj.com\/blog\/2009\/03\/11\/adelajda-surpriza-per-bjordin\/","title":{"rendered":"Adelajda : Surpriza p\u00ebr Bjordin"},"content":{"rendered":"<p><em><span class=\"newsdate\"><a href=\"http:\/\/www.visit-ulcinj.com\/blog\/wp-content\/uploads\/2009\/03\/vajzat-per-surprizen.jpg\"><img loading=\"lazy\" class=\"alignleft size-full wp-image-13793\" title=\"vajzat-per-surprizen-big-brother-albania-2\" src=\"http:\/\/www.visit-ulcinj.com\/blog\/wp-content\/uploads\/2009\/03\/vajzat-per-surprizen.jpg\" alt=\"vajzat-per-surprizen-big-brother-albania-2\" width=\"300\" height=\"205\" \/><\/a>10\/03\/09 16:55<\/span><\/em><\/p>\n<p>Adeljada diskuton me banor\u00ebt p\u00ebr surpriz\u00ebn p\u00ebr dit\u00eblindjen e Bjordit. Ata mendojn\u00eb q\u00eb n\u00eb m\u00ebngjes para se ai t\u00eb zgjohet t\u00eb zbukurojn\u00eb sht\u00ebpin\u00eb, dhe Adelajda do vishet si Michael Jackson. Banor\u00ebt mendojn\u00eb q\u00eb t\u00eb marrin dhe macen e tij, por p\u00ebr k\u00ebt\u00eb ide duhet t\u00eb vendos\u00eb Big Brother. Secili prej tyre do i b\u00ebj nj\u00eb dhurat\u00eb t\u00eb vog\u00ebl dhe Mesida ka vendosur q\u00eb t`i p\u00ebrgatis\u00eb Bjordit m\u00ebngjesin sipas tipit tradicional Suedez. N\u00eb nj\u00eb bluz\u00eb ose pantallona t\u00eb bardha ata do shkruajn\u00eb komentet e tyre p\u00ebr Bjordin. Ata mendojn\u00eb q\u00eb n\u00eb dark\u00eb t\u00eb organizojn\u00eb nj\u00eb fest\u00eb p\u00ebr dit\u00eblindjen e tij.<\/p>\n","protected":false},"excerpt":{"rendered":"<p>10\/03\/09 16:55 Adeljada diskuton me banor\u00ebt p\u00ebr surpriz\u00ebn p\u00ebr dit\u00eblindjen e Bjordit. Ata mendojn\u00eb q\u00eb n\u00eb m\u00ebngjes para se ai t\u00eb zgjohet t\u00eb zbukurojn\u00eb sht\u00ebpin\u00eb, dhe Adelajda do vishet si Michael Jackson. Banor\u00ebt mendojn\u00eb q\u00eb t\u00eb marrin dhe macen e tij, por p\u00ebr k\u00ebt\u00eb ide duhet t\u00eb vendos\u00eb Big Brother. Secili prej tyre do i [&hellip;]<\/p>\n","protected":false},"author":1,"featured_media":0,"comment_status":"open","ping_status":"closed","sticky":false,"template":"","format":"standard","meta":{"spay_email":"","jetpack_publicize_message":"","jetpack_is_tweetstorm":false,"jetpack_publicize_feature_enabled":true},"categories":[6502],"tags":[6562,6529,6566,6883,5057,6506,6516,6712,6665,6522,6567,7365,6568,6544,7812,6891],"jetpack_publicize_connections":[],"yoast_head":"<!-- This site is optimized with the Yoast SEO plugin v19.1 - https:\/\/yoast.com\/wordpress\/plugins\/seo\/ -->\n<title>Adelajda : Surpriza p\u00c3\u00abr Bjordin | Big Brother Albania 2<\/title>\n<meta name=\"description\" content=\"Big Brother Albania 2 - Adeljada diskuton me banor\u00c3\u00abt p\u00c3\u00abr surpriz\u00c3\u00abn p\u00c3\u00abr dit\u00c3\u00ablindjen e Bjordit. Ata mendojn\u00c3\u00ab q\u00c3\u00ab n\u00c3\u00ab m\u00c3\u00abngjes para se ai t\u00c3\u00ab zgjohet t\u00c3\u00ab zbukurojn\u00c3\u00ab sht\u00c3\u00abpin\u00c3\u00ab-\" \/>\n<meta name=\"robots\" content=\"index, follow, max-snippet:-1, max-image-preview:large, max-video-preview:-1\" \/>\n<link rel=\"canonical\" href=\"https:\/\/www.visit-ulcinj.com\/blog\/2009\/03\/11\/adelajda-surpriza-per-bjordin\/\" \/>\n<meta property=\"og:locale\" content=\"en_US\" \/>\n<meta property=\"og:type\" content=\"article\" \/>\n<meta property=\"og:title\" content=\"Adelajda : Surpriza p\u00c3\u00abr Bjordin | Big Brother Albania 2\" \/>\n<meta property=\"og:description\" content=\"Big Brother Albania 2 - Adeljada diskuton me banor\u00c3\u00abt p\u00c3\u00abr surpriz\u00c3\u00abn p\u00c3\u00abr dit\u00c3\u00ablindjen e Bjordit. Ata mendojn\u00c3\u00ab q\u00c3\u00ab n\u00c3\u00ab m\u00c3\u00abngjes para se ai t\u00c3\u00ab zgjohet t\u00c3\u00ab zbukurojn\u00c3\u00ab sht\u00c3\u00abpin\u00c3\u00ab-\" \/>\n<meta property=\"og:url\" content=\"https:\/\/www.visit-ulcinj.com\/blog\/2009\/03\/11\/adelajda-surpriza-per-bjordin\/\" \/>\n<meta property=\"og:site_name\" content=\"Lajme nga Ulqini\" \/>\n<meta property=\"article:published_time\" content=\"2009-03-11T20:34:34+00:00\" \/>\n<meta property=\"og:image\" content=\"http:\/\/www.visit-ulcinj.com\/blog\/wp-content\/uploads\/2009\/03\/vajzat-per-surprizen.jpg\" \/>\n<meta name=\"twitter:label1\" content=\"Written by\" \/>\n\t<meta name=\"twitter:data1\" content=\"ulqini\" \/>\n\t<meta name=\"twitter:label2\" content=\"Est. reading time\" \/>\n\t<meta name=\"twitter:data2\" content=\"1 minute\" \/>\n<script type=\"application\/ld+json\" class=\"yoast-schema-graph\">{\"@context\":\"https:\/\/schema.org\",\"@graph\":[{\"@type\":\"WebSite\",\"@id\":\"https:\/\/www.visit-ulcinj.com\/blog\/#website\",\"url\":\"https:\/\/www.visit-ulcinj.com\/blog\/\",\"name\":\"Lajme nga Ulqini\",\"description\":\"Lajme,Vijesti,Ulqini,Ulqin,Crna Gora,Mali i Zi\",\"potentialAction\":[{\"@type\":\"SearchAction\",\"target\":{\"@type\":\"EntryPoint\",\"urlTemplate\":\"https:\/\/www.visit-ulcinj.com\/blog\/?s={search_term_string}\"},\"query-input\":\"required name=search_term_string\"}],\"inLanguage\":\"en-US\"},{\"@type\":\"ImageObject\",\"inLanguage\":\"en-US\",\"@id\":\"https:\/\/www.visit-ulcinj.com\/blog\/2009\/03\/11\/adelajda-surpriza-per-bjordin\/#primaryimage\",\"url\":\"http:\/\/www.visit-ulcinj.com\/blog\/wp-content\/uploads\/2009\/03\/vajzat-per-surprizen.jpg\",\"contentUrl\":\"http:\/\/www.visit-ulcinj.com\/blog\/wp-content\/uploads\/2009\/03\/vajzat-per-surprizen.jpg\"},{\"@type\":\"WebPage\",\"@id\":\"https:\/\/www.visit-ulcinj.com\/blog\/2009\/03\/11\/adelajda-surpriza-per-bjordin\/#webpage\",\"url\":\"https:\/\/www.visit-ulcinj.com\/blog\/2009\/03\/11\/adelajda-surpriza-per-bjordin\/\",\"name\":\"Adelajda : Surpriza p\u00c3\u00abr Bjordin | Big Brother Albania 2\",\"isPartOf\":{\"@id\":\"https:\/\/www.visit-ulcinj.com\/blog\/#website\"},\"primaryImageOfPage\":{\"@id\":\"https:\/\/www.visit-ulcinj.com\/blog\/2009\/03\/11\/adelajda-surpriza-per-bjordin\/#primaryimage\"},\"datePublished\":\"2009-03-11T20:34:34+00:00\",\"dateModified\":\"2009-03-11T20:34:34+00:00\",\"author\":{\"@id\":\"https:\/\/www.visit-ulcinj.com\/blog\/#\/schema\/person\/dcab619c614d3038751c63bc2aadc06d\"},\"description\":\"Big Brother Albania 2 - Adeljada diskuton me banor\u00c3\u00abt p\u00c3\u00abr surpriz\u00c3\u00abn p\u00c3\u00abr dit\u00c3\u00ablindjen e Bjordit. Ata mendojn\u00c3\u00ab q\u00c3\u00ab n\u00c3\u00ab m\u00c3\u00abngjes para se ai t\u00c3\u00ab zgjohet t\u00c3\u00ab zbukurojn\u00c3\u00ab sht\u00c3\u00abpin\u00c3\u00ab-\",\"breadcrumb\":{\"@id\":\"https:\/\/www.visit-ulcinj.com\/blog\/2009\/03\/11\/adelajda-surpriza-per-bjordin\/#breadcrumb\"},\"inLanguage\":\"en-US\",\"potentialAction\":[{\"@type\":\"ReadAction\",\"target\":[\"https:\/\/www.visit-ulcinj.com\/blog\/2009\/03\/11\/adelajda-surpriza-per-bjordin\/\"]}]},{\"@type\":\"BreadcrumbList\",\"@id\":\"https:\/\/www.visit-ulcinj.com\/blog\/2009\/03\/11\/adelajda-surpriza-per-bjordin\/#breadcrumb\",\"itemListElement\":[{\"@type\":\"ListItem\",\"position\":1,\"name\":\"Adelajda : Surpriza p\u00ebr Bjordin\"}]},{\"@type\":\"Person\",\"@id\":\"https:\/\/www.visit-ulcinj.com\/blog\/#\/schema\/person\/dcab619c614d3038751c63bc2aadc06d\",\"name\":\"ulqini\",\"sameAs\":[\"http:\/\/www.visit-ulcinj.com\"],\"url\":\"https:\/\/www.visit-ulcinj.com\/blog\/author\/admin\/\"}]}<\/script>\n<!-- \/ Yoast SEO plugin. -->","yoast_head_json":{"title":"Adelajda : Surpriza p\u00c3\u00abr Bjordin | Big Brother Albania 2","description":"Big Brother Albania 2 - Adeljada diskuton me banor\u00c3\u00abt p\u00c3\u00abr surpriz\u00c3\u00abn p\u00c3\u00abr dit\u00c3\u00ablindjen e Bjordit. Ata mendojn\u00c3\u00ab q\u00c3\u00ab n\u00c3\u00ab m\u00c3\u00abngjes para se ai t\u00c3\u00ab zgjohet t\u00c3\u00ab zbukurojn\u00c3\u00ab sht\u00c3\u00abpin\u00c3\u00ab-","robots":{"index":"index","follow":"follow","max-snippet":"max-snippet:-1","max-image-preview":"max-image-preview:large","max-video-preview":"max-video-preview:-1"},"canonical":"https:\/\/www.visit-ulcinj.com\/blog\/2009\/03\/11\/adelajda-surpriza-per-bjordin\/","og_locale":"en_US","og_type":"article","og_title":"Adelajda : Surpriza p\u00c3\u00abr Bjordin | Big Brother Albania 2","og_description":"Big Brother Albania 2 - Adeljada diskuton me banor\u00c3\u00abt p\u00c3\u00abr surpriz\u00c3\u00abn p\u00c3\u00abr dit\u00c3\u00ablindjen e Bjordit. Ata mendojn\u00c3\u00ab q\u00c3\u00ab n\u00c3\u00ab m\u00c3\u00abngjes para se ai t\u00c3\u00ab zgjohet t\u00c3\u00ab zbukurojn\u00c3\u00ab sht\u00c3\u00abpin\u00c3\u00ab-","og_url":"https:\/\/www.visit-ulcinj.com\/blog\/2009\/03\/11\/adelajda-surpriza-per-bjordin\/","og_site_name":"Lajme nga Ulqini","article_published_time":"2009-03-11T20:34:34+00:00","og_image":[{"url":"http:\/\/www.visit-ulcinj.com\/blog\/wp-content\/uploads\/2009\/03\/vajzat-per-surprizen.jpg"}],"twitter_misc":{"Written by":"ulqini","Est. reading time":"1 minute"},"schema":{"@context":"https:\/\/schema.org","@graph":[{"@type":"WebSite","@id":"https:\/\/www.visit-ulcinj.com\/blog\/#website","url":"https:\/\/www.visit-ulcinj.com\/blog\/","name":"Lajme nga Ulqini","description":"Lajme,Vijesti,Ulqini,Ulqin,Crna Gora,Mali i Zi","potentialAction":[{"@type":"SearchAction","target":{"@type":"EntryPoint","urlTemplate":"https:\/\/www.visit-ulcinj.com\/blog\/?s={search_term_string}"},"query-input":"required name=search_term_string"}],"inLanguage":"en-US"},{"@type":"ImageObject","inLanguage":"en-US","@id":"https:\/\/www.visit-ulcinj.com\/blog\/2009\/03\/11\/adelajda-surpriza-per-bjordin\/#primaryimage","url":"http:\/\/www.visit-ulcinj.com\/blog\/wp-content\/uploads\/2009\/03\/vajzat-per-surprizen.jpg","contentUrl":"http:\/\/www.visit-ulcinj.com\/blog\/wp-content\/uploads\/2009\/03\/vajzat-per-surprizen.jpg"},{"@type":"WebPage","@id":"https:\/\/www.visit-ulcinj.com\/blog\/2009\/03\/11\/adelajda-surpriza-per-bjordin\/#webpage","url":"https:\/\/www.visit-ulcinj.com\/blog\/2009\/03\/11\/adelajda-surpriza-per-bjordin\/","name":"Adelajda : Surpriza p\u00c3\u00abr Bjordin | Big Brother Albania 2","isPartOf":{"@id":"https:\/\/www.visit-ulcinj.com\/blog\/#website"},"primaryImageOfPage":{"@id":"https:\/\/www.visit-ulcinj.com\/blog\/2009\/03\/11\/adelajda-surpriza-per-bjordin\/#primaryimage"},"datePublished":"2009-03-11T20:34:34+00:00","dateModified":"2009-03-11T20:34:34+00:00","author":{"@id":"https:\/\/www.visit-ulcinj.com\/blog\/#\/schema\/person\/dcab619c614d3038751c63bc2aadc06d"},"description":"Big Brother Albania 2 - Adeljada diskuton me banor\u00c3\u00abt p\u00c3\u00abr surpriz\u00c3\u00abn p\u00c3\u00abr dit\u00c3\u00ablindjen e Bjordit. Ata mendojn\u00c3\u00ab q\u00c3\u00ab n\u00c3\u00ab m\u00c3\u00abngjes para se ai t\u00c3\u00ab zgjohet t\u00c3\u00ab zbukurojn\u00c3\u00ab sht\u00c3\u00abpin\u00c3\u00ab-","breadcrumb":{"@id":"https:\/\/www.visit-ulcinj.com\/blog\/2009\/03\/11\/adelajda-surpriza-per-bjordin\/#breadcrumb"},"inLanguage":"en-US","potentialAction":[{"@type":"ReadAction","target":["https:\/\/www.visit-ulcinj.com\/blog\/2009\/03\/11\/adelajda-surpriza-per-bjordin\/"]}]},{"@type":"BreadcrumbList","@id":"https:\/\/www.visit-ulcinj.com\/blog\/2009\/03\/11\/adelajda-surpriza-per-bjordin\/#breadcrumb","itemListElement":[{"@type":"ListItem","position":1,"name":"Adelajda : Surpriza p\u00ebr Bjordin"}]},{"@type":"Person","@id":"https:\/\/www.visit-ulcinj.com\/blog\/#\/schema\/person\/dcab619c614d3038751c63bc2aadc06d","name":"ulqini","sameAs":["http:\/\/www.visit-ulcinj.com"],"url":"https:\/\/www.visit-ulcinj.com\/blog\/author\/admin\/"}]}},"jetpack_featured_media_url":"","jetpack_sharing_enabled":true,"jetpack_shortlink":"https:\/\/wp.me\/pe6lTn-3As","_links":{"self":[{"href":"https:\/\/www.visit-ulcinj.com\/blog\/wp-json\/wp\/v2\/posts\/13792"}],"collection":[{"href":"https:\/\/www.visit-ulcinj.com\/blog\/wp-json\/wp\/v2\/posts"}],"about":[{"href":"https:\/\/www.visit-ulcinj.com\/blog\/wp-json\/wp\/v2\/types\/post"}],"author":[{"embeddable":true,"href":"https:\/\/www.visit-ulcinj.com\/blog\/wp-json\/wp\/v2\/users\/1"}],"replies":[{"embeddable":true,"href":"https:\/\/www.visit-ulcinj.com\/blog\/wp-json\/wp\/v2\/comments?post=13792"}],"version-history":[{"count":0,"href":"https:\/\/www.visit-ulcinj.com\/blog\/wp-json\/wp\/v2\/posts\/13792\/revisions"}],"wp:attachment":[{"href":"https:\/\/www.visit-ulcinj.com\/blog\/wp-json\/wp\/v2\/media?parent=13792"}],"wp:term":[{"taxonomy":"category","embeddable":true,"href":"https:\/\/www.visit-ulcinj.com\/blog\/wp-json\/wp\/v2\/categories?post=13792"},{"taxonomy":"post_tag","embeddable":true,"href":"https:\/\/www.visit-ulcinj.com\/blog\/wp-json\/wp\/v2\/tags?post=13792"}],"curies":[{"name":"wp","href":"https:\/\/api.w.org\/{rel}","templated":true}]}}