{"id":13795,"date":"2009-03-11T21:38:07","date_gmt":"2009-03-11T20:38:07","guid":{"rendered":"http:\/\/www.visit-ulcinj.com\/blog\/?p=13795"},"modified":"2009-03-11T21:38:07","modified_gmt":"2009-03-11T20:38:07","slug":"big-brother-albania-debat-mes-banoreve","status":"publish","type":"post","link":"https:\/\/www.visit-ulcinj.com\/blog\/2009\/03\/11\/big-brother-albania-debat-mes-banoreve\/","title":{"rendered":"Big Brother Albania &#8211; Debat mes banor\u00ebve"},"content":{"rendered":"<p><em><span class=\"newsdate\"><a href=\"http:\/\/www.visit-ulcinj.com\/blog\/wp-content\/uploads\/2009\/03\/bjordi-debati.jpg\"><img loading=\"lazy\" class=\"alignleft size-full wp-image-13796\" title=\"bjordi-debati-big-brother-albania-2\" src=\"http:\/\/www.visit-ulcinj.com\/blog\/wp-content\/uploads\/2009\/03\/bjordi-debati.jpg\" alt=\"bjordi-debati-big-brother-albania-2\" width=\"300\" height=\"205\" \/><\/a>10\/03\/09 18:37<\/span><\/em><\/p>\n<p>Bjordi propozon q\u00eb t\u00eb diskutojn\u00eb n\u00eb lidhje me martes\u00ebn dhe bashk\u00ebjetes\u00ebn. Ai k\u00ebrkon mendimet e banor\u00ebve n\u00eb lidhje me tem\u00ebn e tij. Bika shprehet pro martes\u00ebs pasi \u00ebsht\u00eb p\u00ebr pjes\u00ebn tradicionale t\u00eb saj. Adi thot\u00eb:-\u201cMartesa \u00ebsht\u00eb hapi i fundit i lidhjes\u201d. N\u00eb p\u00ebrgjith\u00ebsi banor\u00ebt jan\u00eb pro bashk\u00ebjetes\u00ebs, por m\u00ebnyra e tyre e t\u00eb shprehurit i b\u00ebn t\u00eb debatojn\u00eb n\u00eb lidhje me k\u00ebt\u00eb tem\u00eb. Bjordi dhe Adela debatojn\u00eb pasi ajo nuk i l\u00eb rradh\u00eb personave t\u00eb tjer\u00eb q\u00eb t\u00eb flasin. Bjordi i thot\u00eb q\u00eb kjo \u00ebsht\u00eb munges\u00eb edukate por Adela i thot\u00eb:-\u201cMos me trego mua edukat\u00ebn. Mos e zgjat shum\u00eb!\u201d Aida shprehet pro bashk\u00ebjetes\u00ebs, pasi sipas saj \u00ebsht\u00eb m\u00ebnyra m\u00eb e mir\u00eb p\u00ebr t\u00eb njohur nj\u00eb person. Banor\u00ebt diskutojn\u00eb n\u00eb lidhje me celebrimin,ligjet q\u00eb mbrojn\u00eb martes\u00ebn dhe divorcin. Adi thot\u00eb:-\u201cVajzat Shqiptare k\u00ebrkojn\u00eb martes\u00eb q\u00eb n\u00eb fillim t\u00eb lidhjes.\u201d<\/p>\n","protected":false},"excerpt":{"rendered":"<p>10\/03\/09 18:37 Bjordi propozon q\u00eb t\u00eb diskutojn\u00eb n\u00eb lidhje me martes\u00ebn dhe bashk\u00ebjetes\u00ebn. Ai k\u00ebrkon mendimet e banor\u00ebve n\u00eb lidhje me tem\u00ebn e tij. Bika shprehet pro martes\u00ebs pasi \u00ebsht\u00eb p\u00ebr pjes\u00ebn tradicionale t\u00eb saj. Adi thot\u00eb:-\u201cMartesa \u00ebsht\u00eb hapi i fundit i lidhjes\u201d. N\u00eb p\u00ebrgjith\u00ebsi banor\u00ebt jan\u00eb pro bashk\u00ebjetes\u00ebs, por m\u00ebnyra e tyre e t\u00eb [&hellip;]<\/p>\n","protected":false},"author":1,"featured_media":0,"comment_status":"open","ping_status":"closed","sticky":false,"template":"","format":"standard","meta":{"spay_email":"","jetpack_publicize_message":"","jetpack_is_tweetstorm":false,"jetpack_publicize_feature_enabled":true},"categories":[6502],"tags":[1414,6566,7813,6883,6516,6712,6740,6665,6522,7816,7815,7814,6891],"jetpack_publicize_connections":[],"yoast_head":"<!-- This site is optimized with the Yoast SEO plugin v19.1 - https:\/\/yoast.com\/wordpress\/plugins\/seo\/ -->\n<title>Big Brother Albania - Debat mes banor\u00c3\u00abve<\/title>\n<meta name=\"description\" content=\"Big Brother Albania - Bjordi propozon q\u00c3\u00ab t\u00c3\u00ab diskutojn\u00c3\u00ab n\u00c3\u00ab lidhje me martes\u00c3\u00abn dhe bashk\u00c3\u00abjetes\u00c3\u00abn. Ai k\u00c3\u00abrkon mendimet e banor\u00c3\u00abve n\u00c3\u00ab lidhje me tem\u00c3\u00abn e tij.\" \/>\n<meta name=\"robots\" content=\"index, follow, max-snippet:-1, max-image-preview:large, max-video-preview:-1\" \/>\n<link rel=\"canonical\" href=\"https:\/\/www.visit-ulcinj.com\/blog\/2009\/03\/11\/big-brother-albania-debat-mes-banoreve\/\" \/>\n<meta property=\"og:locale\" content=\"en_US\" \/>\n<meta property=\"og:type\" content=\"article\" \/>\n<meta property=\"og:title\" content=\"Big Brother Albania - Debat mes banor\u00c3\u00abve\" \/>\n<meta property=\"og:description\" content=\"Big Brother Albania - Bjordi propozon q\u00c3\u00ab t\u00c3\u00ab diskutojn\u00c3\u00ab n\u00c3\u00ab lidhje me martes\u00c3\u00abn dhe bashk\u00c3\u00abjetes\u00c3\u00abn. Ai k\u00c3\u00abrkon mendimet e banor\u00c3\u00abve n\u00c3\u00ab lidhje me tem\u00c3\u00abn e tij.\" \/>\n<meta property=\"og:url\" content=\"https:\/\/www.visit-ulcinj.com\/blog\/2009\/03\/11\/big-brother-albania-debat-mes-banoreve\/\" \/>\n<meta property=\"og:site_name\" content=\"Lajme nga Ulqini\" \/>\n<meta property=\"article:published_time\" content=\"2009-03-11T20:38:07+00:00\" \/>\n<meta property=\"og:image\" content=\"http:\/\/www.visit-ulcinj.com\/blog\/wp-content\/uploads\/2009\/03\/bjordi-debati.jpg\" \/>\n<meta name=\"twitter:label1\" content=\"Written by\" \/>\n\t<meta name=\"twitter:data1\" content=\"ulqini\" \/>\n\t<meta name=\"twitter:label2\" content=\"Est. reading time\" \/>\n\t<meta name=\"twitter:data2\" content=\"1 minute\" \/>\n<script type=\"application\/ld+json\" class=\"yoast-schema-graph\">{\"@context\":\"https:\/\/schema.org\",\"@graph\":[{\"@type\":\"WebSite\",\"@id\":\"https:\/\/www.visit-ulcinj.com\/blog\/#website\",\"url\":\"https:\/\/www.visit-ulcinj.com\/blog\/\",\"name\":\"Lajme nga Ulqini\",\"description\":\"Lajme,Vijesti,Ulqini,Ulqin,Crna Gora,Mali i Zi\",\"potentialAction\":[{\"@type\":\"SearchAction\",\"target\":{\"@type\":\"EntryPoint\",\"urlTemplate\":\"https:\/\/www.visit-ulcinj.com\/blog\/?s={search_term_string}\"},\"query-input\":\"required name=search_term_string\"}],\"inLanguage\":\"en-US\"},{\"@type\":\"ImageObject\",\"inLanguage\":\"en-US\",\"@id\":\"https:\/\/www.visit-ulcinj.com\/blog\/2009\/03\/11\/big-brother-albania-debat-mes-banoreve\/#primaryimage\",\"url\":\"http:\/\/www.visit-ulcinj.com\/blog\/wp-content\/uploads\/2009\/03\/bjordi-debati.jpg\",\"contentUrl\":\"http:\/\/www.visit-ulcinj.com\/blog\/wp-content\/uploads\/2009\/03\/bjordi-debati.jpg\"},{\"@type\":\"WebPage\",\"@id\":\"https:\/\/www.visit-ulcinj.com\/blog\/2009\/03\/11\/big-brother-albania-debat-mes-banoreve\/#webpage\",\"url\":\"https:\/\/www.visit-ulcinj.com\/blog\/2009\/03\/11\/big-brother-albania-debat-mes-banoreve\/\",\"name\":\"Big Brother Albania - Debat mes banor\u00c3\u00abve\",\"isPartOf\":{\"@id\":\"https:\/\/www.visit-ulcinj.com\/blog\/#website\"},\"primaryImageOfPage\":{\"@id\":\"https:\/\/www.visit-ulcinj.com\/blog\/2009\/03\/11\/big-brother-albania-debat-mes-banoreve\/#primaryimage\"},\"datePublished\":\"2009-03-11T20:38:07+00:00\",\"dateModified\":\"2009-03-11T20:38:07+00:00\",\"author\":{\"@id\":\"https:\/\/www.visit-ulcinj.com\/blog\/#\/schema\/person\/dcab619c614d3038751c63bc2aadc06d\"},\"description\":\"Big Brother Albania - Bjordi propozon q\u00c3\u00ab t\u00c3\u00ab diskutojn\u00c3\u00ab n\u00c3\u00ab lidhje me martes\u00c3\u00abn dhe bashk\u00c3\u00abjetes\u00c3\u00abn. Ai k\u00c3\u00abrkon mendimet e banor\u00c3\u00abve n\u00c3\u00ab lidhje me tem\u00c3\u00abn e tij.\",\"breadcrumb\":{\"@id\":\"https:\/\/www.visit-ulcinj.com\/blog\/2009\/03\/11\/big-brother-albania-debat-mes-banoreve\/#breadcrumb\"},\"inLanguage\":\"en-US\",\"potentialAction\":[{\"@type\":\"ReadAction\",\"target\":[\"https:\/\/www.visit-ulcinj.com\/blog\/2009\/03\/11\/big-brother-albania-debat-mes-banoreve\/\"]}]},{\"@type\":\"BreadcrumbList\",\"@id\":\"https:\/\/www.visit-ulcinj.com\/blog\/2009\/03\/11\/big-brother-albania-debat-mes-banoreve\/#breadcrumb\",\"itemListElement\":[{\"@type\":\"ListItem\",\"position\":1,\"name\":\"Big Brother Albania &#8211; Debat mes banor\u00ebve\"}]},{\"@type\":\"Person\",\"@id\":\"https:\/\/www.visit-ulcinj.com\/blog\/#\/schema\/person\/dcab619c614d3038751c63bc2aadc06d\",\"name\":\"ulqini\",\"sameAs\":[\"http:\/\/www.visit-ulcinj.com\"],\"url\":\"https:\/\/www.visit-ulcinj.com\/blog\/author\/admin\/\"}]}<\/script>\n<!-- \/ Yoast SEO plugin. -->","yoast_head_json":{"title":"Big Brother Albania - Debat mes banor\u00c3\u00abve","description":"Big Brother Albania - Bjordi propozon q\u00c3\u00ab t\u00c3\u00ab diskutojn\u00c3\u00ab n\u00c3\u00ab lidhje me martes\u00c3\u00abn dhe bashk\u00c3\u00abjetes\u00c3\u00abn. Ai k\u00c3\u00abrkon mendimet e banor\u00c3\u00abve n\u00c3\u00ab lidhje me tem\u00c3\u00abn e tij.","robots":{"index":"index","follow":"follow","max-snippet":"max-snippet:-1","max-image-preview":"max-image-preview:large","max-video-preview":"max-video-preview:-1"},"canonical":"https:\/\/www.visit-ulcinj.com\/blog\/2009\/03\/11\/big-brother-albania-debat-mes-banoreve\/","og_locale":"en_US","og_type":"article","og_title":"Big Brother Albania - Debat mes banor\u00c3\u00abve","og_description":"Big Brother Albania - Bjordi propozon q\u00c3\u00ab t\u00c3\u00ab diskutojn\u00c3\u00ab n\u00c3\u00ab lidhje me martes\u00c3\u00abn dhe bashk\u00c3\u00abjetes\u00c3\u00abn. Ai k\u00c3\u00abrkon mendimet e banor\u00c3\u00abve n\u00c3\u00ab lidhje me tem\u00c3\u00abn e tij.","og_url":"https:\/\/www.visit-ulcinj.com\/blog\/2009\/03\/11\/big-brother-albania-debat-mes-banoreve\/","og_site_name":"Lajme nga Ulqini","article_published_time":"2009-03-11T20:38:07+00:00","og_image":[{"url":"http:\/\/www.visit-ulcinj.com\/blog\/wp-content\/uploads\/2009\/03\/bjordi-debati.jpg"}],"twitter_misc":{"Written by":"ulqini","Est. reading time":"1 minute"},"schema":{"@context":"https:\/\/schema.org","@graph":[{"@type":"WebSite","@id":"https:\/\/www.visit-ulcinj.com\/blog\/#website","url":"https:\/\/www.visit-ulcinj.com\/blog\/","name":"Lajme nga Ulqini","description":"Lajme,Vijesti,Ulqini,Ulqin,Crna Gora,Mali i Zi","potentialAction":[{"@type":"SearchAction","target":{"@type":"EntryPoint","urlTemplate":"https:\/\/www.visit-ulcinj.com\/blog\/?s={search_term_string}"},"query-input":"required name=search_term_string"}],"inLanguage":"en-US"},{"@type":"ImageObject","inLanguage":"en-US","@id":"https:\/\/www.visit-ulcinj.com\/blog\/2009\/03\/11\/big-brother-albania-debat-mes-banoreve\/#primaryimage","url":"http:\/\/www.visit-ulcinj.com\/blog\/wp-content\/uploads\/2009\/03\/bjordi-debati.jpg","contentUrl":"http:\/\/www.visit-ulcinj.com\/blog\/wp-content\/uploads\/2009\/03\/bjordi-debati.jpg"},{"@type":"WebPage","@id":"https:\/\/www.visit-ulcinj.com\/blog\/2009\/03\/11\/big-brother-albania-debat-mes-banoreve\/#webpage","url":"https:\/\/www.visit-ulcinj.com\/blog\/2009\/03\/11\/big-brother-albania-debat-mes-banoreve\/","name":"Big Brother Albania - Debat mes banor\u00c3\u00abve","isPartOf":{"@id":"https:\/\/www.visit-ulcinj.com\/blog\/#website"},"primaryImageOfPage":{"@id":"https:\/\/www.visit-ulcinj.com\/blog\/2009\/03\/11\/big-brother-albania-debat-mes-banoreve\/#primaryimage"},"datePublished":"2009-03-11T20:38:07+00:00","dateModified":"2009-03-11T20:38:07+00:00","author":{"@id":"https:\/\/www.visit-ulcinj.com\/blog\/#\/schema\/person\/dcab619c614d3038751c63bc2aadc06d"},"description":"Big Brother Albania - Bjordi propozon q\u00c3\u00ab t\u00c3\u00ab diskutojn\u00c3\u00ab n\u00c3\u00ab lidhje me martes\u00c3\u00abn dhe bashk\u00c3\u00abjetes\u00c3\u00abn. Ai k\u00c3\u00abrkon mendimet e banor\u00c3\u00abve n\u00c3\u00ab lidhje me tem\u00c3\u00abn e tij.","breadcrumb":{"@id":"https:\/\/www.visit-ulcinj.com\/blog\/2009\/03\/11\/big-brother-albania-debat-mes-banoreve\/#breadcrumb"},"inLanguage":"en-US","potentialAction":[{"@type":"ReadAction","target":["https:\/\/www.visit-ulcinj.com\/blog\/2009\/03\/11\/big-brother-albania-debat-mes-banoreve\/"]}]},{"@type":"BreadcrumbList","@id":"https:\/\/www.visit-ulcinj.com\/blog\/2009\/03\/11\/big-brother-albania-debat-mes-banoreve\/#breadcrumb","itemListElement":[{"@type":"ListItem","position":1,"name":"Big Brother Albania &#8211; Debat mes banor\u00ebve"}]},{"@type":"Person","@id":"https:\/\/www.visit-ulcinj.com\/blog\/#\/schema\/person\/dcab619c614d3038751c63bc2aadc06d","name":"ulqini","sameAs":["http:\/\/www.visit-ulcinj.com"],"url":"https:\/\/www.visit-ulcinj.com\/blog\/author\/admin\/"}]}},"jetpack_featured_media_url":"","jetpack_sharing_enabled":true,"jetpack_shortlink":"https:\/\/wp.me\/pe6lTn-3Av","_links":{"self":[{"href":"https:\/\/www.visit-ulcinj.com\/blog\/wp-json\/wp\/v2\/posts\/13795"}],"collection":[{"href":"https:\/\/www.visit-ulcinj.com\/blog\/wp-json\/wp\/v2\/posts"}],"about":[{"href":"https:\/\/www.visit-ulcinj.com\/blog\/wp-json\/wp\/v2\/types\/post"}],"author":[{"embeddable":true,"href":"https:\/\/www.visit-ulcinj.com\/blog\/wp-json\/wp\/v2\/users\/1"}],"replies":[{"embeddable":true,"href":"https:\/\/www.visit-ulcinj.com\/blog\/wp-json\/wp\/v2\/comments?post=13795"}],"version-history":[{"count":0,"href":"https:\/\/www.visit-ulcinj.com\/blog\/wp-json\/wp\/v2\/posts\/13795\/revisions"}],"wp:attachment":[{"href":"https:\/\/www.visit-ulcinj.com\/blog\/wp-json\/wp\/v2\/media?parent=13795"}],"wp:term":[{"taxonomy":"category","embeddable":true,"href":"https:\/\/www.visit-ulcinj.com\/blog\/wp-json\/wp\/v2\/categories?post=13795"},{"taxonomy":"post_tag","embeddable":true,"href":"https:\/\/www.visit-ulcinj.com\/blog\/wp-json\/wp\/v2\/tags?post=13795"}],"curies":[{"name":"wp","href":"https:\/\/api.w.org\/{rel}","templated":true}]}}