{"id":13798,"date":"2009-03-11T21:41:24","date_gmt":"2009-03-11T20:41:24","guid":{"rendered":"http:\/\/www.visit-ulcinj.com\/blog\/?p=13798"},"modified":"2009-03-11T21:41:24","modified_gmt":"2009-03-11T20:41:24","slug":"mesida-nuk-dua-te-lendoj-njeri","status":"publish","type":"post","link":"https:\/\/www.visit-ulcinj.com\/blog\/2009\/03\/11\/mesida-nuk-dua-te-lendoj-njeri\/","title":{"rendered":"Mesida: Nuk dua t\u00eb l\u00ebndoj nj\u00ebri"},"content":{"rendered":"<p><em><span class=\"newsdate\"><a href=\"http:\/\/www.visit-ulcinj.com\/blog\/wp-content\/uploads\/2009\/03\/bjordi-dhe-mesida.jpg\"><img loading=\"lazy\" class=\"alignleft size-full wp-image-13799\" title=\"bjordi-dhe-mesida-big-brother-albania-2\" src=\"http:\/\/www.visit-ulcinj.com\/blog\/wp-content\/uploads\/2009\/03\/bjordi-dhe-mesida.jpg\" alt=\"bjordi-dhe-mesida-big-brother-albania-2\" width=\"300\" height=\"205\" \/><\/a>10\/03\/09 19:44<\/span><\/em><\/p>\n<p>Mesida dhe Bjordi diskutojn\u00eb rreth debatit me Adel\u00ebn. Ai i thot\u00eb q\u00eb ajo duhet t`a kuptoj\u00eb q\u00eb ai nuk i flet p\u00ebr keq. Mesida i thot\u00eb Bjordit q\u00eb ajo ka v\u00ebn\u00eb re se sa her\u00eb ato t\u00eb dy q\u00ebndrojn\u00eb bashk\u00eb Adela m\u00ebrzitet. Ajo shton:-\u201cP\u00ebr mua ajo \u00ebsht\u00eb xheloze!\u201d Bjordi i thot\u00eb q\u00eb nuk e ka v\u00ebn\u00eb re k\u00ebt\u00eb gj\u00eb, dhe shton q\u00eb ajo nuk ka arsye pse t\u00eb jet\u00eb, pasi ata t\u00eb dy jan\u00eb shok\u00eb. Mesida \u00ebsht\u00eb e mendimit q\u00eb ai t\u00eb sqarohet me Adel\u00ebn n\u00ebse ato e p\u00eblqejn\u00eb v\u00ebrtet nj\u00ebri-tjetrin. Bjordi i thot\u00eb q\u00eb kjo nuk \u00ebsht\u00eb e mundur, pasi dhe po t\u00eb egzistonte p\u00eblqimi ajo nuk do pranonte, p\u00ebr vet\u00eb mentalitetin q\u00eb ka. Ai thot\u00eb:-\u201cK\u00ebtu luftohet me murin!\u201d Mesida i thot\u00eb q\u00eb nuk duhet t`a p\u00ebrqafoj\u00eb pasi kjo gj\u00eb m\u00ebrzit Adel\u00ebn. Bjordi i thot\u00eb q\u00eb nuk ka pse ai t\u00eb sillet ndryshe por ajo i thot\u00eb q\u00eb do e ndryshoj\u00eb ajo q\u00ebndrimin. Mesida thot\u00eb:-\u201cNuk dua t\u00eb l\u00ebndoj nj\u00ebri!\u201d<\/p>\n","protected":false},"excerpt":{"rendered":"<p>10\/03\/09 19:44 Mesida dhe Bjordi diskutojn\u00eb rreth debatit me Adel\u00ebn. Ai i thot\u00eb q\u00eb ajo duhet t`a kuptoj\u00eb q\u00eb ai nuk i flet p\u00ebr keq. Mesida i thot\u00eb Bjordit q\u00eb ajo ka v\u00ebn\u00eb re se sa her\u00eb ato t\u00eb dy q\u00ebndrojn\u00eb bashk\u00eb Adela m\u00ebrzitet. Ajo shton:-\u201cP\u00ebr mua ajo \u00ebsht\u00eb xheloze!\u201d Bjordi i thot\u00eb q\u00eb nuk [&hellip;]<\/p>\n","protected":false},"author":1,"featured_media":0,"comment_status":"open","ping_status":"closed","sticky":false,"template":"","format":"standard","meta":{"spay_email":"","jetpack_publicize_message":"","jetpack_is_tweetstorm":false,"jetpack_publicize_feature_enabled":true},"categories":[6502],"tags":[6562,6529,6883,6516,6712,6665,6522,7365,7364,6568,6891],"jetpack_publicize_connections":[],"yoast_head":"<!-- This site is optimized with the Yoast SEO plugin v19.1 - https:\/\/yoast.com\/wordpress\/plugins\/seo\/ -->\n<title>Mesida: Nuk dua t\u00c3\u00ab l\u00c3\u00abndoj nj\u00c3\u00abri | Big Brother Albania 2<\/title>\n<meta name=\"description\" content=\"Big Brother Albania 2 - Mesida dhe Bjordi diskutojn\u00c3\u00ab rreth debatit me Adel\u00c3\u00abn. Ai i thot\u00c3\u00ab q\u00c3\u00ab ajo duhet t`a kuptoj\u00c3\u00ab q\u00c3\u00ab ai nuk i flet p\u00c3\u00abr keq. Mesida i thot\u00c3\u00ab Bjordit q\u00c3\u00ab ajo ka v\u00c3\u00abn\u00c3\u00ab re se sa her\u00c3\u00ab ato t\u00c3\u00ab dy q\u00c3\u00abndrojn\u00c3\u00ab bashk\u00c3\u00ab Adela m\u00c3\u00abrzitet\" \/>\n<meta name=\"robots\" content=\"index, follow, max-snippet:-1, max-image-preview:large, max-video-preview:-1\" \/>\n<link rel=\"canonical\" href=\"https:\/\/www.visit-ulcinj.com\/blog\/2009\/03\/11\/mesida-nuk-dua-te-lendoj-njeri\/\" \/>\n<meta property=\"og:locale\" content=\"en_US\" \/>\n<meta property=\"og:type\" content=\"article\" \/>\n<meta property=\"og:title\" content=\"Mesida: Nuk dua t\u00c3\u00ab l\u00c3\u00abndoj nj\u00c3\u00abri | Big Brother Albania 2\" \/>\n<meta property=\"og:description\" content=\"Big Brother Albania 2 - Mesida dhe Bjordi diskutojn\u00c3\u00ab rreth debatit me Adel\u00c3\u00abn. Ai i thot\u00c3\u00ab q\u00c3\u00ab ajo duhet t`a kuptoj\u00c3\u00ab q\u00c3\u00ab ai nuk i flet p\u00c3\u00abr keq. Mesida i thot\u00c3\u00ab Bjordit q\u00c3\u00ab ajo ka v\u00c3\u00abn\u00c3\u00ab re se sa her\u00c3\u00ab ato t\u00c3\u00ab dy q\u00c3\u00abndrojn\u00c3\u00ab bashk\u00c3\u00ab Adela m\u00c3\u00abrzitet\" \/>\n<meta property=\"og:url\" content=\"https:\/\/www.visit-ulcinj.com\/blog\/2009\/03\/11\/mesida-nuk-dua-te-lendoj-njeri\/\" \/>\n<meta property=\"og:site_name\" content=\"Lajme nga Ulqini\" \/>\n<meta property=\"article:published_time\" content=\"2009-03-11T20:41:24+00:00\" \/>\n<meta property=\"og:image\" content=\"http:\/\/www.visit-ulcinj.com\/blog\/wp-content\/uploads\/2009\/03\/bjordi-dhe-mesida.jpg\" \/>\n<meta name=\"twitter:label1\" content=\"Written by\" \/>\n\t<meta name=\"twitter:data1\" content=\"ulqini\" \/>\n\t<meta name=\"twitter:label2\" content=\"Est. reading time\" \/>\n\t<meta name=\"twitter:data2\" content=\"1 minute\" \/>\n<script type=\"application\/ld+json\" class=\"yoast-schema-graph\">{\"@context\":\"https:\/\/schema.org\",\"@graph\":[{\"@type\":\"WebSite\",\"@id\":\"https:\/\/www.visit-ulcinj.com\/blog\/#website\",\"url\":\"https:\/\/www.visit-ulcinj.com\/blog\/\",\"name\":\"Lajme nga Ulqini\",\"description\":\"Lajme,Vijesti,Ulqini,Ulqin,Crna Gora,Mali i Zi\",\"potentialAction\":[{\"@type\":\"SearchAction\",\"target\":{\"@type\":\"EntryPoint\",\"urlTemplate\":\"https:\/\/www.visit-ulcinj.com\/blog\/?s={search_term_string}\"},\"query-input\":\"required name=search_term_string\"}],\"inLanguage\":\"en-US\"},{\"@type\":\"ImageObject\",\"inLanguage\":\"en-US\",\"@id\":\"https:\/\/www.visit-ulcinj.com\/blog\/2009\/03\/11\/mesida-nuk-dua-te-lendoj-njeri\/#primaryimage\",\"url\":\"http:\/\/www.visit-ulcinj.com\/blog\/wp-content\/uploads\/2009\/03\/bjordi-dhe-mesida.jpg\",\"contentUrl\":\"http:\/\/www.visit-ulcinj.com\/blog\/wp-content\/uploads\/2009\/03\/bjordi-dhe-mesida.jpg\"},{\"@type\":\"WebPage\",\"@id\":\"https:\/\/www.visit-ulcinj.com\/blog\/2009\/03\/11\/mesida-nuk-dua-te-lendoj-njeri\/#webpage\",\"url\":\"https:\/\/www.visit-ulcinj.com\/blog\/2009\/03\/11\/mesida-nuk-dua-te-lendoj-njeri\/\",\"name\":\"Mesida: Nuk dua t\u00c3\u00ab l\u00c3\u00abndoj nj\u00c3\u00abri | Big Brother Albania 2\",\"isPartOf\":{\"@id\":\"https:\/\/www.visit-ulcinj.com\/blog\/#website\"},\"primaryImageOfPage\":{\"@id\":\"https:\/\/www.visit-ulcinj.com\/blog\/2009\/03\/11\/mesida-nuk-dua-te-lendoj-njeri\/#primaryimage\"},\"datePublished\":\"2009-03-11T20:41:24+00:00\",\"dateModified\":\"2009-03-11T20:41:24+00:00\",\"author\":{\"@id\":\"https:\/\/www.visit-ulcinj.com\/blog\/#\/schema\/person\/dcab619c614d3038751c63bc2aadc06d\"},\"description\":\"Big Brother Albania 2 - Mesida dhe Bjordi diskutojn\u00c3\u00ab rreth debatit me Adel\u00c3\u00abn. Ai i thot\u00c3\u00ab q\u00c3\u00ab ajo duhet t`a kuptoj\u00c3\u00ab q\u00c3\u00ab ai nuk i flet p\u00c3\u00abr keq. Mesida i thot\u00c3\u00ab Bjordit q\u00c3\u00ab ajo ka v\u00c3\u00abn\u00c3\u00ab re se sa her\u00c3\u00ab ato t\u00c3\u00ab dy q\u00c3\u00abndrojn\u00c3\u00ab bashk\u00c3\u00ab Adela m\u00c3\u00abrzitet\",\"breadcrumb\":{\"@id\":\"https:\/\/www.visit-ulcinj.com\/blog\/2009\/03\/11\/mesida-nuk-dua-te-lendoj-njeri\/#breadcrumb\"},\"inLanguage\":\"en-US\",\"potentialAction\":[{\"@type\":\"ReadAction\",\"target\":[\"https:\/\/www.visit-ulcinj.com\/blog\/2009\/03\/11\/mesida-nuk-dua-te-lendoj-njeri\/\"]}]},{\"@type\":\"BreadcrumbList\",\"@id\":\"https:\/\/www.visit-ulcinj.com\/blog\/2009\/03\/11\/mesida-nuk-dua-te-lendoj-njeri\/#breadcrumb\",\"itemListElement\":[{\"@type\":\"ListItem\",\"position\":1,\"name\":\"Mesida: Nuk dua t\u00eb l\u00ebndoj nj\u00ebri\"}]},{\"@type\":\"Person\",\"@id\":\"https:\/\/www.visit-ulcinj.com\/blog\/#\/schema\/person\/dcab619c614d3038751c63bc2aadc06d\",\"name\":\"ulqini\",\"sameAs\":[\"http:\/\/www.visit-ulcinj.com\"],\"url\":\"https:\/\/www.visit-ulcinj.com\/blog\/author\/admin\/\"}]}<\/script>\n<!-- \/ Yoast SEO plugin. -->","yoast_head_json":{"title":"Mesida: Nuk dua t\u00c3\u00ab l\u00c3\u00abndoj nj\u00c3\u00abri | Big Brother Albania 2","description":"Big Brother Albania 2 - Mesida dhe Bjordi diskutojn\u00c3\u00ab rreth debatit me Adel\u00c3\u00abn. Ai i thot\u00c3\u00ab q\u00c3\u00ab ajo duhet t`a kuptoj\u00c3\u00ab q\u00c3\u00ab ai nuk i flet p\u00c3\u00abr keq. Mesida i thot\u00c3\u00ab Bjordit q\u00c3\u00ab ajo ka v\u00c3\u00abn\u00c3\u00ab re se sa her\u00c3\u00ab ato t\u00c3\u00ab dy q\u00c3\u00abndrojn\u00c3\u00ab bashk\u00c3\u00ab Adela m\u00c3\u00abrzitet","robots":{"index":"index","follow":"follow","max-snippet":"max-snippet:-1","max-image-preview":"max-image-preview:large","max-video-preview":"max-video-preview:-1"},"canonical":"https:\/\/www.visit-ulcinj.com\/blog\/2009\/03\/11\/mesida-nuk-dua-te-lendoj-njeri\/","og_locale":"en_US","og_type":"article","og_title":"Mesida: Nuk dua t\u00c3\u00ab l\u00c3\u00abndoj nj\u00c3\u00abri | Big Brother Albania 2","og_description":"Big Brother Albania 2 - Mesida dhe Bjordi diskutojn\u00c3\u00ab rreth debatit me Adel\u00c3\u00abn. Ai i thot\u00c3\u00ab q\u00c3\u00ab ajo duhet t`a kuptoj\u00c3\u00ab q\u00c3\u00ab ai nuk i flet p\u00c3\u00abr keq. Mesida i thot\u00c3\u00ab Bjordit q\u00c3\u00ab ajo ka v\u00c3\u00abn\u00c3\u00ab re se sa her\u00c3\u00ab ato t\u00c3\u00ab dy q\u00c3\u00abndrojn\u00c3\u00ab bashk\u00c3\u00ab Adela m\u00c3\u00abrzitet","og_url":"https:\/\/www.visit-ulcinj.com\/blog\/2009\/03\/11\/mesida-nuk-dua-te-lendoj-njeri\/","og_site_name":"Lajme nga Ulqini","article_published_time":"2009-03-11T20:41:24+00:00","og_image":[{"url":"http:\/\/www.visit-ulcinj.com\/blog\/wp-content\/uploads\/2009\/03\/bjordi-dhe-mesida.jpg"}],"twitter_misc":{"Written by":"ulqini","Est. reading time":"1 minute"},"schema":{"@context":"https:\/\/schema.org","@graph":[{"@type":"WebSite","@id":"https:\/\/www.visit-ulcinj.com\/blog\/#website","url":"https:\/\/www.visit-ulcinj.com\/blog\/","name":"Lajme nga Ulqini","description":"Lajme,Vijesti,Ulqini,Ulqin,Crna Gora,Mali i Zi","potentialAction":[{"@type":"SearchAction","target":{"@type":"EntryPoint","urlTemplate":"https:\/\/www.visit-ulcinj.com\/blog\/?s={search_term_string}"},"query-input":"required name=search_term_string"}],"inLanguage":"en-US"},{"@type":"ImageObject","inLanguage":"en-US","@id":"https:\/\/www.visit-ulcinj.com\/blog\/2009\/03\/11\/mesida-nuk-dua-te-lendoj-njeri\/#primaryimage","url":"http:\/\/www.visit-ulcinj.com\/blog\/wp-content\/uploads\/2009\/03\/bjordi-dhe-mesida.jpg","contentUrl":"http:\/\/www.visit-ulcinj.com\/blog\/wp-content\/uploads\/2009\/03\/bjordi-dhe-mesida.jpg"},{"@type":"WebPage","@id":"https:\/\/www.visit-ulcinj.com\/blog\/2009\/03\/11\/mesida-nuk-dua-te-lendoj-njeri\/#webpage","url":"https:\/\/www.visit-ulcinj.com\/blog\/2009\/03\/11\/mesida-nuk-dua-te-lendoj-njeri\/","name":"Mesida: Nuk dua t\u00c3\u00ab l\u00c3\u00abndoj nj\u00c3\u00abri | Big Brother Albania 2","isPartOf":{"@id":"https:\/\/www.visit-ulcinj.com\/blog\/#website"},"primaryImageOfPage":{"@id":"https:\/\/www.visit-ulcinj.com\/blog\/2009\/03\/11\/mesida-nuk-dua-te-lendoj-njeri\/#primaryimage"},"datePublished":"2009-03-11T20:41:24+00:00","dateModified":"2009-03-11T20:41:24+00:00","author":{"@id":"https:\/\/www.visit-ulcinj.com\/blog\/#\/schema\/person\/dcab619c614d3038751c63bc2aadc06d"},"description":"Big Brother Albania 2 - Mesida dhe Bjordi diskutojn\u00c3\u00ab rreth debatit me Adel\u00c3\u00abn. Ai i thot\u00c3\u00ab q\u00c3\u00ab ajo duhet t`a kuptoj\u00c3\u00ab q\u00c3\u00ab ai nuk i flet p\u00c3\u00abr keq. Mesida i thot\u00c3\u00ab Bjordit q\u00c3\u00ab ajo ka v\u00c3\u00abn\u00c3\u00ab re se sa her\u00c3\u00ab ato t\u00c3\u00ab dy q\u00c3\u00abndrojn\u00c3\u00ab bashk\u00c3\u00ab Adela m\u00c3\u00abrzitet","breadcrumb":{"@id":"https:\/\/www.visit-ulcinj.com\/blog\/2009\/03\/11\/mesida-nuk-dua-te-lendoj-njeri\/#breadcrumb"},"inLanguage":"en-US","potentialAction":[{"@type":"ReadAction","target":["https:\/\/www.visit-ulcinj.com\/blog\/2009\/03\/11\/mesida-nuk-dua-te-lendoj-njeri\/"]}]},{"@type":"BreadcrumbList","@id":"https:\/\/www.visit-ulcinj.com\/blog\/2009\/03\/11\/mesida-nuk-dua-te-lendoj-njeri\/#breadcrumb","itemListElement":[{"@type":"ListItem","position":1,"name":"Mesida: Nuk dua t\u00eb l\u00ebndoj nj\u00ebri"}]},{"@type":"Person","@id":"https:\/\/www.visit-ulcinj.com\/blog\/#\/schema\/person\/dcab619c614d3038751c63bc2aadc06d","name":"ulqini","sameAs":["http:\/\/www.visit-ulcinj.com"],"url":"https:\/\/www.visit-ulcinj.com\/blog\/author\/admin\/"}]}},"jetpack_featured_media_url":"","jetpack_sharing_enabled":true,"jetpack_shortlink":"https:\/\/wp.me\/pe6lTn-3Ay","_links":{"self":[{"href":"https:\/\/www.visit-ulcinj.com\/blog\/wp-json\/wp\/v2\/posts\/13798"}],"collection":[{"href":"https:\/\/www.visit-ulcinj.com\/blog\/wp-json\/wp\/v2\/posts"}],"about":[{"href":"https:\/\/www.visit-ulcinj.com\/blog\/wp-json\/wp\/v2\/types\/post"}],"author":[{"embeddable":true,"href":"https:\/\/www.visit-ulcinj.com\/blog\/wp-json\/wp\/v2\/users\/1"}],"replies":[{"embeddable":true,"href":"https:\/\/www.visit-ulcinj.com\/blog\/wp-json\/wp\/v2\/comments?post=13798"}],"version-history":[{"count":0,"href":"https:\/\/www.visit-ulcinj.com\/blog\/wp-json\/wp\/v2\/posts\/13798\/revisions"}],"wp:attachment":[{"href":"https:\/\/www.visit-ulcinj.com\/blog\/wp-json\/wp\/v2\/media?parent=13798"}],"wp:term":[{"taxonomy":"category","embeddable":true,"href":"https:\/\/www.visit-ulcinj.com\/blog\/wp-json\/wp\/v2\/categories?post=13798"},{"taxonomy":"post_tag","embeddable":true,"href":"https:\/\/www.visit-ulcinj.com\/blog\/wp-json\/wp\/v2\/tags?post=13798"}],"curies":[{"name":"wp","href":"https:\/\/api.w.org\/{rel}","templated":true}]}}