{"id":13801,"date":"2009-03-11T21:44:21","date_gmt":"2009-03-11T20:44:21","guid":{"rendered":"http:\/\/www.visit-ulcinj.com\/blog\/?p=13801"},"modified":"2009-03-11T21:44:21","modified_gmt":"2009-03-11T20:44:21","slug":"bjordi-neser-nuk-jemi-konkurent","status":"publish","type":"post","link":"https:\/\/www.visit-ulcinj.com\/blog\/2009\/03\/11\/bjordi-neser-nuk-jemi-konkurent\/","title":{"rendered":"Bjordi  : Nes\u00ebr nuk jemi konkurent"},"content":{"rendered":"<p><em><span class=\"newsdate\"><a href=\"http:\/\/www.visit-ulcinj.com\/blog\/wp-content\/uploads\/2009\/03\/deshirat-e-bjordit.jpg\"><img loading=\"lazy\" class=\"alignleft size-full wp-image-13802\" title=\"deshirat-e-bjordit-big-brother-albania-2\" src=\"http:\/\/www.visit-ulcinj.com\/blog\/wp-content\/uploads\/2009\/03\/deshirat-e-bjordit.jpg\" alt=\"deshirat-e-bjordit-big-brother-albania-2\" width=\"300\" height=\"205\" \/><\/a>10\/03\/09 20:59<\/span><\/em><\/p>\n<p>Bjordi shpreh d\u00ebshir\u00ebn q\u00eb nes\u00ebr p\u00ebr dit\u00eblindjen t\u00eb sillen t\u00eb gjith\u00eb si ai. Arjoni i thot\u00eb:-\u201cK\u00eb pjes\u00eb t\u00eb Bjordit do b\u00ebjm\u00eb? Pjes\u00ebn q\u00eb nuk b\u00ebn pun\u00ebt e sht\u00ebpis\u00eb?\u201d Zhuljeta q\u00eb nd\u00ebrhyn dhe pyet:-\u201cApo pjes\u00ebn q\u00eb djemt\u00eb flejn\u00eb me vajzat, i ngacmojn\u00eb ato?\u201d Bjordi thot\u00eb q\u00eb do nj\u00eb dit\u00eb t\u00eb qet\u00eb dhe q\u00eb t\u00eb k\u00ebnaqen t\u00eb gjith\u00eb. Adelajda i thot\u00eb q\u00eb do e ket\u00eb t\u00eb v\u00ebshtir\u00eb q\u00eb t\u00eb mos zihet me t\u00eb, por do p\u00ebrpiqet. Bjordi e pyet Qetsorin se cfar\u00eb do donte ai n\u00ebse do ishte n\u00eb vendin e tij. Qetsori i thot\u00eb q\u00eb do donte t\u00eb kishte imunitet p\u00ebr nj\u00eb jav\u00eb. Bjordi i thot\u00eb q\u00eb nuk e d\u00ebshiron k\u00ebt\u00eb gj\u00eb. Ai shton:-\u201cNes\u00ebr nuk jemi konkurent!\u201d<\/p>\n","protected":false},"excerpt":{"rendered":"<p>10\/03\/09 20:59 Bjordi shpreh d\u00ebshir\u00ebn q\u00eb nes\u00ebr p\u00ebr dit\u00eblindjen t\u00eb sillen t\u00eb gjith\u00eb si ai. Arjoni i thot\u00eb:-\u201cK\u00eb pjes\u00eb t\u00eb Bjordit do b\u00ebjm\u00eb? Pjes\u00ebn q\u00eb nuk b\u00ebn pun\u00ebt e sht\u00ebpis\u00eb?\u201d Zhuljeta q\u00eb nd\u00ebrhyn dhe pyet:-\u201cApo pjes\u00ebn q\u00eb djemt\u00eb flejn\u00eb me vajzat, i ngacmojn\u00eb ato?\u201d Bjordi thot\u00eb q\u00eb do nj\u00eb dit\u00eb t\u00eb qet\u00eb dhe q\u00eb t\u00eb [&hellip;]<\/p>\n","protected":false},"author":1,"featured_media":0,"comment_status":"open","ping_status":"closed","sticky":false,"template":"","format":"standard","meta":{"spay_email":"","jetpack_publicize_message":"","jetpack_is_tweetstorm":false,"jetpack_publicize_feature_enabled":true},"categories":[6502],"tags":[6562,6558,6525,6738,6883,6516,6712,6665,6522,7817,6891,6564],"jetpack_publicize_connections":[],"yoast_head":"<!-- This site is optimized with the Yoast SEO plugin v19.1 - https:\/\/yoast.com\/wordpress\/plugins\/seo\/ -->\n<title>Bjordi : Nes\u00c3\u00abr nuk jemi konkurent | Big Brother Albania 2<\/title>\n<meta name=\"description\" content=\"Big Brother Albania 2 - Bjordi shpreh d\u00c3\u00abshir\u00c3\u00abn q\u00c3\u00ab nes\u00c3\u00abr p\u00c3\u00abr dit\u00c3\u00ablindjen t\u00c3\u00ab sillen t\u00c3\u00ab gjith\u00c3\u00ab si ai. Arjoni i thot\u00c3\u00ab:-\u00e2\u20ac\u0153K\u00c3\u00ab pjes\u00c3\u00ab t\u00c3\u00ab Bjordit do b\u00c3\u00abjm\u00c3\u00ab? Pjes\u00c3\u00abn q\u00c3\u00ab nuk b\u00c3\u00abn pun\u00c3\u00abt e sht\u00c3\u00abpis\u00c3\u00ab?\u00e2\u20ac\u009d Zhuljeta q\u00c3\u00ab nd\u00c3\u00abrhyn dhe pyet\" \/>\n<meta name=\"robots\" content=\"index, follow, max-snippet:-1, max-image-preview:large, max-video-preview:-1\" \/>\n<link rel=\"canonical\" href=\"https:\/\/www.visit-ulcinj.com\/blog\/2009\/03\/11\/bjordi-neser-nuk-jemi-konkurent\/\" \/>\n<meta property=\"og:locale\" content=\"en_US\" \/>\n<meta property=\"og:type\" content=\"article\" \/>\n<meta property=\"og:title\" content=\"Bjordi : Nes\u00c3\u00abr nuk jemi konkurent | Big Brother Albania 2\" \/>\n<meta property=\"og:description\" content=\"Big Brother Albania 2 - Bjordi shpreh d\u00c3\u00abshir\u00c3\u00abn q\u00c3\u00ab nes\u00c3\u00abr p\u00c3\u00abr dit\u00c3\u00ablindjen t\u00c3\u00ab sillen t\u00c3\u00ab gjith\u00c3\u00ab si ai. Arjoni i thot\u00c3\u00ab:-\u00e2\u20ac\u0153K\u00c3\u00ab pjes\u00c3\u00ab t\u00c3\u00ab Bjordit do b\u00c3\u00abjm\u00c3\u00ab? Pjes\u00c3\u00abn q\u00c3\u00ab nuk b\u00c3\u00abn pun\u00c3\u00abt e sht\u00c3\u00abpis\u00c3\u00ab?\u00e2\u20ac\u009d Zhuljeta q\u00c3\u00ab nd\u00c3\u00abrhyn dhe pyet\" \/>\n<meta property=\"og:url\" content=\"https:\/\/www.visit-ulcinj.com\/blog\/2009\/03\/11\/bjordi-neser-nuk-jemi-konkurent\/\" \/>\n<meta property=\"og:site_name\" content=\"Lajme nga Ulqini\" \/>\n<meta property=\"article:published_time\" content=\"2009-03-11T20:44:21+00:00\" \/>\n<meta property=\"og:image\" content=\"http:\/\/www.visit-ulcinj.com\/blog\/wp-content\/uploads\/2009\/03\/deshirat-e-bjordit.jpg\" \/>\n<meta name=\"twitter:label1\" content=\"Written by\" \/>\n\t<meta name=\"twitter:data1\" content=\"ulqini\" \/>\n\t<meta name=\"twitter:label2\" content=\"Est. reading time\" \/>\n\t<meta name=\"twitter:data2\" content=\"1 minute\" \/>\n<script type=\"application\/ld+json\" class=\"yoast-schema-graph\">{\"@context\":\"https:\/\/schema.org\",\"@graph\":[{\"@type\":\"WebSite\",\"@id\":\"https:\/\/www.visit-ulcinj.com\/blog\/#website\",\"url\":\"https:\/\/www.visit-ulcinj.com\/blog\/\",\"name\":\"Lajme nga Ulqini\",\"description\":\"Lajme,Vijesti,Ulqini,Ulqin,Crna Gora,Mali i Zi\",\"potentialAction\":[{\"@type\":\"SearchAction\",\"target\":{\"@type\":\"EntryPoint\",\"urlTemplate\":\"https:\/\/www.visit-ulcinj.com\/blog\/?s={search_term_string}\"},\"query-input\":\"required name=search_term_string\"}],\"inLanguage\":\"en-US\"},{\"@type\":\"ImageObject\",\"inLanguage\":\"en-US\",\"@id\":\"https:\/\/www.visit-ulcinj.com\/blog\/2009\/03\/11\/bjordi-neser-nuk-jemi-konkurent\/#primaryimage\",\"url\":\"http:\/\/www.visit-ulcinj.com\/blog\/wp-content\/uploads\/2009\/03\/deshirat-e-bjordit.jpg\",\"contentUrl\":\"http:\/\/www.visit-ulcinj.com\/blog\/wp-content\/uploads\/2009\/03\/deshirat-e-bjordit.jpg\"},{\"@type\":\"WebPage\",\"@id\":\"https:\/\/www.visit-ulcinj.com\/blog\/2009\/03\/11\/bjordi-neser-nuk-jemi-konkurent\/#webpage\",\"url\":\"https:\/\/www.visit-ulcinj.com\/blog\/2009\/03\/11\/bjordi-neser-nuk-jemi-konkurent\/\",\"name\":\"Bjordi : Nes\u00c3\u00abr nuk jemi konkurent | Big Brother Albania 2\",\"isPartOf\":{\"@id\":\"https:\/\/www.visit-ulcinj.com\/blog\/#website\"},\"primaryImageOfPage\":{\"@id\":\"https:\/\/www.visit-ulcinj.com\/blog\/2009\/03\/11\/bjordi-neser-nuk-jemi-konkurent\/#primaryimage\"},\"datePublished\":\"2009-03-11T20:44:21+00:00\",\"dateModified\":\"2009-03-11T20:44:21+00:00\",\"author\":{\"@id\":\"https:\/\/www.visit-ulcinj.com\/blog\/#\/schema\/person\/dcab619c614d3038751c63bc2aadc06d\"},\"description\":\"Big Brother Albania 2 - Bjordi shpreh d\u00c3\u00abshir\u00c3\u00abn q\u00c3\u00ab nes\u00c3\u00abr p\u00c3\u00abr dit\u00c3\u00ablindjen t\u00c3\u00ab sillen t\u00c3\u00ab gjith\u00c3\u00ab si ai. Arjoni i thot\u00c3\u00ab:-\u00e2\u20ac\u0153K\u00c3\u00ab pjes\u00c3\u00ab t\u00c3\u00ab Bjordit do b\u00c3\u00abjm\u00c3\u00ab? Pjes\u00c3\u00abn q\u00c3\u00ab nuk b\u00c3\u00abn pun\u00c3\u00abt e sht\u00c3\u00abpis\u00c3\u00ab?\u00e2\u20ac\u009d Zhuljeta q\u00c3\u00ab nd\u00c3\u00abrhyn dhe pyet\",\"breadcrumb\":{\"@id\":\"https:\/\/www.visit-ulcinj.com\/blog\/2009\/03\/11\/bjordi-neser-nuk-jemi-konkurent\/#breadcrumb\"},\"inLanguage\":\"en-US\",\"potentialAction\":[{\"@type\":\"ReadAction\",\"target\":[\"https:\/\/www.visit-ulcinj.com\/blog\/2009\/03\/11\/bjordi-neser-nuk-jemi-konkurent\/\"]}]},{\"@type\":\"BreadcrumbList\",\"@id\":\"https:\/\/www.visit-ulcinj.com\/blog\/2009\/03\/11\/bjordi-neser-nuk-jemi-konkurent\/#breadcrumb\",\"itemListElement\":[{\"@type\":\"ListItem\",\"position\":1,\"name\":\"Bjordi : Nes\u00ebr nuk jemi konkurent\"}]},{\"@type\":\"Person\",\"@id\":\"https:\/\/www.visit-ulcinj.com\/blog\/#\/schema\/person\/dcab619c614d3038751c63bc2aadc06d\",\"name\":\"ulqini\",\"sameAs\":[\"http:\/\/www.visit-ulcinj.com\"],\"url\":\"https:\/\/www.visit-ulcinj.com\/blog\/author\/admin\/\"}]}<\/script>\n<!-- \/ Yoast SEO plugin. -->","yoast_head_json":{"title":"Bjordi : Nes\u00c3\u00abr nuk jemi konkurent | Big Brother Albania 2","description":"Big Brother Albania 2 - Bjordi shpreh d\u00c3\u00abshir\u00c3\u00abn q\u00c3\u00ab nes\u00c3\u00abr p\u00c3\u00abr dit\u00c3\u00ablindjen t\u00c3\u00ab sillen t\u00c3\u00ab gjith\u00c3\u00ab si ai. Arjoni i thot\u00c3\u00ab:-\u00e2\u20ac\u0153K\u00c3\u00ab pjes\u00c3\u00ab t\u00c3\u00ab Bjordit do b\u00c3\u00abjm\u00c3\u00ab? Pjes\u00c3\u00abn q\u00c3\u00ab nuk b\u00c3\u00abn pun\u00c3\u00abt e sht\u00c3\u00abpis\u00c3\u00ab?\u00e2\u20ac\u009d Zhuljeta q\u00c3\u00ab nd\u00c3\u00abrhyn dhe pyet","robots":{"index":"index","follow":"follow","max-snippet":"max-snippet:-1","max-image-preview":"max-image-preview:large","max-video-preview":"max-video-preview:-1"},"canonical":"https:\/\/www.visit-ulcinj.com\/blog\/2009\/03\/11\/bjordi-neser-nuk-jemi-konkurent\/","og_locale":"en_US","og_type":"article","og_title":"Bjordi : Nes\u00c3\u00abr nuk jemi konkurent | Big Brother Albania 2","og_description":"Big Brother Albania 2 - Bjordi shpreh d\u00c3\u00abshir\u00c3\u00abn q\u00c3\u00ab nes\u00c3\u00abr p\u00c3\u00abr dit\u00c3\u00ablindjen t\u00c3\u00ab sillen t\u00c3\u00ab gjith\u00c3\u00ab si ai. Arjoni i thot\u00c3\u00ab:-\u00e2\u20ac\u0153K\u00c3\u00ab pjes\u00c3\u00ab t\u00c3\u00ab Bjordit do b\u00c3\u00abjm\u00c3\u00ab? Pjes\u00c3\u00abn q\u00c3\u00ab nuk b\u00c3\u00abn pun\u00c3\u00abt e sht\u00c3\u00abpis\u00c3\u00ab?\u00e2\u20ac\u009d Zhuljeta q\u00c3\u00ab nd\u00c3\u00abrhyn dhe pyet","og_url":"https:\/\/www.visit-ulcinj.com\/blog\/2009\/03\/11\/bjordi-neser-nuk-jemi-konkurent\/","og_site_name":"Lajme nga Ulqini","article_published_time":"2009-03-11T20:44:21+00:00","og_image":[{"url":"http:\/\/www.visit-ulcinj.com\/blog\/wp-content\/uploads\/2009\/03\/deshirat-e-bjordit.jpg"}],"twitter_misc":{"Written by":"ulqini","Est. reading time":"1 minute"},"schema":{"@context":"https:\/\/schema.org","@graph":[{"@type":"WebSite","@id":"https:\/\/www.visit-ulcinj.com\/blog\/#website","url":"https:\/\/www.visit-ulcinj.com\/blog\/","name":"Lajme nga Ulqini","description":"Lajme,Vijesti,Ulqini,Ulqin,Crna Gora,Mali i Zi","potentialAction":[{"@type":"SearchAction","target":{"@type":"EntryPoint","urlTemplate":"https:\/\/www.visit-ulcinj.com\/blog\/?s={search_term_string}"},"query-input":"required name=search_term_string"}],"inLanguage":"en-US"},{"@type":"ImageObject","inLanguage":"en-US","@id":"https:\/\/www.visit-ulcinj.com\/blog\/2009\/03\/11\/bjordi-neser-nuk-jemi-konkurent\/#primaryimage","url":"http:\/\/www.visit-ulcinj.com\/blog\/wp-content\/uploads\/2009\/03\/deshirat-e-bjordit.jpg","contentUrl":"http:\/\/www.visit-ulcinj.com\/blog\/wp-content\/uploads\/2009\/03\/deshirat-e-bjordit.jpg"},{"@type":"WebPage","@id":"https:\/\/www.visit-ulcinj.com\/blog\/2009\/03\/11\/bjordi-neser-nuk-jemi-konkurent\/#webpage","url":"https:\/\/www.visit-ulcinj.com\/blog\/2009\/03\/11\/bjordi-neser-nuk-jemi-konkurent\/","name":"Bjordi : Nes\u00c3\u00abr nuk jemi konkurent | Big Brother Albania 2","isPartOf":{"@id":"https:\/\/www.visit-ulcinj.com\/blog\/#website"},"primaryImageOfPage":{"@id":"https:\/\/www.visit-ulcinj.com\/blog\/2009\/03\/11\/bjordi-neser-nuk-jemi-konkurent\/#primaryimage"},"datePublished":"2009-03-11T20:44:21+00:00","dateModified":"2009-03-11T20:44:21+00:00","author":{"@id":"https:\/\/www.visit-ulcinj.com\/blog\/#\/schema\/person\/dcab619c614d3038751c63bc2aadc06d"},"description":"Big Brother Albania 2 - Bjordi shpreh d\u00c3\u00abshir\u00c3\u00abn q\u00c3\u00ab nes\u00c3\u00abr p\u00c3\u00abr dit\u00c3\u00ablindjen t\u00c3\u00ab sillen t\u00c3\u00ab gjith\u00c3\u00ab si ai. Arjoni i thot\u00c3\u00ab:-\u00e2\u20ac\u0153K\u00c3\u00ab pjes\u00c3\u00ab t\u00c3\u00ab Bjordit do b\u00c3\u00abjm\u00c3\u00ab? Pjes\u00c3\u00abn q\u00c3\u00ab nuk b\u00c3\u00abn pun\u00c3\u00abt e sht\u00c3\u00abpis\u00c3\u00ab?\u00e2\u20ac\u009d Zhuljeta q\u00c3\u00ab nd\u00c3\u00abrhyn dhe pyet","breadcrumb":{"@id":"https:\/\/www.visit-ulcinj.com\/blog\/2009\/03\/11\/bjordi-neser-nuk-jemi-konkurent\/#breadcrumb"},"inLanguage":"en-US","potentialAction":[{"@type":"ReadAction","target":["https:\/\/www.visit-ulcinj.com\/blog\/2009\/03\/11\/bjordi-neser-nuk-jemi-konkurent\/"]}]},{"@type":"BreadcrumbList","@id":"https:\/\/www.visit-ulcinj.com\/blog\/2009\/03\/11\/bjordi-neser-nuk-jemi-konkurent\/#breadcrumb","itemListElement":[{"@type":"ListItem","position":1,"name":"Bjordi : Nes\u00ebr nuk jemi konkurent"}]},{"@type":"Person","@id":"https:\/\/www.visit-ulcinj.com\/blog\/#\/schema\/person\/dcab619c614d3038751c63bc2aadc06d","name":"ulqini","sameAs":["http:\/\/www.visit-ulcinj.com"],"url":"https:\/\/www.visit-ulcinj.com\/blog\/author\/admin\/"}]}},"jetpack_featured_media_url":"","jetpack_sharing_enabled":true,"jetpack_shortlink":"https:\/\/wp.me\/pe6lTn-3AB","_links":{"self":[{"href":"https:\/\/www.visit-ulcinj.com\/blog\/wp-json\/wp\/v2\/posts\/13801"}],"collection":[{"href":"https:\/\/www.visit-ulcinj.com\/blog\/wp-json\/wp\/v2\/posts"}],"about":[{"href":"https:\/\/www.visit-ulcinj.com\/blog\/wp-json\/wp\/v2\/types\/post"}],"author":[{"embeddable":true,"href":"https:\/\/www.visit-ulcinj.com\/blog\/wp-json\/wp\/v2\/users\/1"}],"replies":[{"embeddable":true,"href":"https:\/\/www.visit-ulcinj.com\/blog\/wp-json\/wp\/v2\/comments?post=13801"}],"version-history":[{"count":0,"href":"https:\/\/www.visit-ulcinj.com\/blog\/wp-json\/wp\/v2\/posts\/13801\/revisions"}],"wp:attachment":[{"href":"https:\/\/www.visit-ulcinj.com\/blog\/wp-json\/wp\/v2\/media?parent=13801"}],"wp:term":[{"taxonomy":"category","embeddable":true,"href":"https:\/\/www.visit-ulcinj.com\/blog\/wp-json\/wp\/v2\/categories?post=13801"},{"taxonomy":"post_tag","embeddable":true,"href":"https:\/\/www.visit-ulcinj.com\/blog\/wp-json\/wp\/v2\/tags?post=13801"}],"curies":[{"name":"wp","href":"https:\/\/api.w.org\/{rel}","templated":true}]}}