{"id":13810,"date":"2009-03-11T22:00:25","date_gmt":"2009-03-11T21:00:25","guid":{"rendered":"http:\/\/www.visit-ulcinj.com\/blog\/?p=13810"},"modified":"2009-03-11T21:54:38","modified_gmt":"2009-03-11T20:54:38","slug":"arjoni-do-te-dale-lirita","status":"publish","type":"post","link":"https:\/\/www.visit-ulcinj.com\/blog\/2009\/03\/11\/arjoni-do-te-dale-lirita\/","title":{"rendered":"Arjoni : Do t\u00eb dal\u00eb Lirita"},"content":{"rendered":"<p><em><span class=\"newsdate\"><a href=\"http:\/\/www.visit-ulcinj.com\/blog\/wp-content\/uploads\/2009\/03\/arjoni-per-liriten-copy.jpg\"><img loading=\"lazy\" class=\"alignleft size-full wp-image-13811\" title=\"arjoni-per-liriten-big-brother-albania\" src=\"http:\/\/www.visit-ulcinj.com\/blog\/wp-content\/uploads\/2009\/03\/arjoni-per-liriten-copy.jpg\" alt=\"arjoni-per-liriten-big-brother-albania\" width=\"300\" height=\"205\" \/><\/a>11\/03\/09 00:00<\/span><\/em><\/p>\n<p>\u201cAjo q\u00eb rrezikon m\u00eb shum\u00eb k\u00ebt\u00eb jav\u00eb, \u00ebsht\u00eb Lirita!\u201d \u2013ka th\u00ebn\u00eb Arjoni. Kjo sepse, p\u00ebr mendimin e tij, ajo \u00ebsht\u00eb e padobishme. P\u00ebr t\u00eb, si t\u00eb ishte,si t\u00eb mos ishte Lirita, ishte e nj\u00ebjta gj\u00eb, nuk i vihej re as prania, as mungesa. Ai nuk do t\u00eb donte kurrsesi t\u00eb dilte Qetsori. Ai ka th\u00ebn\u00eb gjithashtu se edhe \u201czysha\u201d e kishte t\u00eb v\u00ebshtir\u00eb e pavar\u00ebsisht t\u00eb gjithave, as ajo nuk duhet t\u00eb dilte, sepse n\u00eb fund t\u00eb fundit, kishte \u201cbukurin\u00eb e qenies s\u00eb saj\u201d.<\/p>\n","protected":false},"excerpt":{"rendered":"<p>11\/03\/09 00:00 \u201cAjo q\u00eb rrezikon m\u00eb shum\u00eb k\u00ebt\u00eb jav\u00eb, \u00ebsht\u00eb Lirita!\u201d \u2013ka th\u00ebn\u00eb Arjoni. Kjo sepse, p\u00ebr mendimin e tij, ajo \u00ebsht\u00eb e padobishme. P\u00ebr t\u00eb, si t\u00eb ishte,si t\u00eb mos ishte Lirita, ishte e nj\u00ebjta gj\u00eb, nuk i vihej re as prania, as mungesa. Ai nuk do t\u00eb donte kurrsesi t\u00eb dilte Qetsori. Ai [&hellip;]<\/p>\n","protected":false},"author":1,"featured_media":0,"comment_status":"open","ping_status":"closed","sticky":false,"template":"","format":"standard","meta":{"spay_email":"","jetpack_publicize_message":"","jetpack_is_tweetstorm":false,"jetpack_publicize_feature_enabled":true},"categories":[6502],"tags":[6525,6738,6883,6516,6712,6542,6891,6564,6536],"jetpack_publicize_connections":[],"yoast_head":"<!-- This site is optimized with the Yoast SEO plugin v19.1 - https:\/\/yoast.com\/wordpress\/plugins\/seo\/ -->\n<title>Arjoni : Do t\u00c3\u00ab dal\u00c3\u00ab Lirita | Big Brother Albania 2<\/title>\n<meta name=\"description\" content=\"Big Brother Albania 2 - \u00e2\u20ac\u0153Ajo q\u00c3\u00ab rrezikon m\u00c3\u00ab shum\u00c3\u00ab k\u00c3\u00abt\u00c3\u00ab jav\u00c3\u00ab, \u00c3\u00absht\u00c3\u00ab Lirita!\u00e2\u20ac\u009d \u00e2\u20ac\u201cka th\u00c3\u00abn\u00c3\u00ab Arjoni. Kjo sepse, p\u00c3\u00abr mendimin e tij, ajo \u00c3\u00absht\u00c3\u00ab e padobishme.\" \/>\n<meta name=\"robots\" content=\"index, follow, max-snippet:-1, max-image-preview:large, max-video-preview:-1\" \/>\n<link rel=\"canonical\" href=\"https:\/\/www.visit-ulcinj.com\/blog\/2009\/03\/11\/arjoni-do-te-dale-lirita\/\" \/>\n<meta property=\"og:locale\" content=\"en_US\" \/>\n<meta property=\"og:type\" content=\"article\" \/>\n<meta property=\"og:title\" content=\"Arjoni : Do t\u00c3\u00ab dal\u00c3\u00ab Lirita | Big Brother Albania 2\" \/>\n<meta property=\"og:description\" content=\"Big Brother Albania 2 - \u00e2\u20ac\u0153Ajo q\u00c3\u00ab rrezikon m\u00c3\u00ab shum\u00c3\u00ab k\u00c3\u00abt\u00c3\u00ab jav\u00c3\u00ab, \u00c3\u00absht\u00c3\u00ab Lirita!\u00e2\u20ac\u009d \u00e2\u20ac\u201cka th\u00c3\u00abn\u00c3\u00ab Arjoni. Kjo sepse, p\u00c3\u00abr mendimin e tij, ajo \u00c3\u00absht\u00c3\u00ab e padobishme.\" \/>\n<meta property=\"og:url\" content=\"https:\/\/www.visit-ulcinj.com\/blog\/2009\/03\/11\/arjoni-do-te-dale-lirita\/\" \/>\n<meta property=\"og:site_name\" content=\"Lajme nga Ulqini\" \/>\n<meta property=\"article:published_time\" content=\"2009-03-11T21:00:25+00:00\" \/>\n<meta property=\"article:modified_time\" content=\"2009-03-11T20:54:38+00:00\" \/>\n<meta property=\"og:image\" content=\"http:\/\/www.visit-ulcinj.com\/blog\/wp-content\/uploads\/2009\/03\/arjoni-per-liriten-copy.jpg\" \/>\n<meta name=\"twitter:label1\" content=\"Written by\" \/>\n\t<meta name=\"twitter:data1\" content=\"ulqini\" \/>\n<script type=\"application\/ld+json\" class=\"yoast-schema-graph\">{\"@context\":\"https:\/\/schema.org\",\"@graph\":[{\"@type\":\"WebSite\",\"@id\":\"https:\/\/www.visit-ulcinj.com\/blog\/#website\",\"url\":\"https:\/\/www.visit-ulcinj.com\/blog\/\",\"name\":\"Lajme nga Ulqini\",\"description\":\"Lajme,Vijesti,Ulqini,Ulqin,Crna Gora,Mali i Zi\",\"potentialAction\":[{\"@type\":\"SearchAction\",\"target\":{\"@type\":\"EntryPoint\",\"urlTemplate\":\"https:\/\/www.visit-ulcinj.com\/blog\/?s={search_term_string}\"},\"query-input\":\"required name=search_term_string\"}],\"inLanguage\":\"en-US\"},{\"@type\":\"ImageObject\",\"inLanguage\":\"en-US\",\"@id\":\"https:\/\/www.visit-ulcinj.com\/blog\/2009\/03\/11\/arjoni-do-te-dale-lirita\/#primaryimage\",\"url\":\"http:\/\/www.visit-ulcinj.com\/blog\/wp-content\/uploads\/2009\/03\/arjoni-per-liriten-copy.jpg\",\"contentUrl\":\"http:\/\/www.visit-ulcinj.com\/blog\/wp-content\/uploads\/2009\/03\/arjoni-per-liriten-copy.jpg\"},{\"@type\":\"WebPage\",\"@id\":\"https:\/\/www.visit-ulcinj.com\/blog\/2009\/03\/11\/arjoni-do-te-dale-lirita\/#webpage\",\"url\":\"https:\/\/www.visit-ulcinj.com\/blog\/2009\/03\/11\/arjoni-do-te-dale-lirita\/\",\"name\":\"Arjoni : Do t\u00c3\u00ab dal\u00c3\u00ab Lirita | Big Brother Albania 2\",\"isPartOf\":{\"@id\":\"https:\/\/www.visit-ulcinj.com\/blog\/#website\"},\"primaryImageOfPage\":{\"@id\":\"https:\/\/www.visit-ulcinj.com\/blog\/2009\/03\/11\/arjoni-do-te-dale-lirita\/#primaryimage\"},\"datePublished\":\"2009-03-11T21:00:25+00:00\",\"dateModified\":\"2009-03-11T20:54:38+00:00\",\"author\":{\"@id\":\"https:\/\/www.visit-ulcinj.com\/blog\/#\/schema\/person\/dcab619c614d3038751c63bc2aadc06d\"},\"description\":\"Big Brother Albania 2 - \u00e2\u20ac\u0153Ajo q\u00c3\u00ab rrezikon m\u00c3\u00ab shum\u00c3\u00ab k\u00c3\u00abt\u00c3\u00ab jav\u00c3\u00ab, \u00c3\u00absht\u00c3\u00ab Lirita!\u00e2\u20ac\u009d \u00e2\u20ac\u201cka th\u00c3\u00abn\u00c3\u00ab Arjoni. Kjo sepse, p\u00c3\u00abr mendimin e tij, ajo \u00c3\u00absht\u00c3\u00ab e padobishme.\",\"breadcrumb\":{\"@id\":\"https:\/\/www.visit-ulcinj.com\/blog\/2009\/03\/11\/arjoni-do-te-dale-lirita\/#breadcrumb\"},\"inLanguage\":\"en-US\",\"potentialAction\":[{\"@type\":\"ReadAction\",\"target\":[\"https:\/\/www.visit-ulcinj.com\/blog\/2009\/03\/11\/arjoni-do-te-dale-lirita\/\"]}]},{\"@type\":\"BreadcrumbList\",\"@id\":\"https:\/\/www.visit-ulcinj.com\/blog\/2009\/03\/11\/arjoni-do-te-dale-lirita\/#breadcrumb\",\"itemListElement\":[{\"@type\":\"ListItem\",\"position\":1,\"name\":\"Arjoni : Do t\u00eb dal\u00eb Lirita\"}]},{\"@type\":\"Person\",\"@id\":\"https:\/\/www.visit-ulcinj.com\/blog\/#\/schema\/person\/dcab619c614d3038751c63bc2aadc06d\",\"name\":\"ulqini\",\"sameAs\":[\"http:\/\/www.visit-ulcinj.com\"],\"url\":\"https:\/\/www.visit-ulcinj.com\/blog\/author\/admin\/\"}]}<\/script>\n<!-- \/ Yoast SEO plugin. -->","yoast_head_json":{"title":"Arjoni : Do t\u00c3\u00ab dal\u00c3\u00ab Lirita | Big Brother Albania 2","description":"Big Brother Albania 2 - \u00e2\u20ac\u0153Ajo q\u00c3\u00ab rrezikon m\u00c3\u00ab shum\u00c3\u00ab k\u00c3\u00abt\u00c3\u00ab jav\u00c3\u00ab, \u00c3\u00absht\u00c3\u00ab Lirita!\u00e2\u20ac\u009d \u00e2\u20ac\u201cka th\u00c3\u00abn\u00c3\u00ab Arjoni. Kjo sepse, p\u00c3\u00abr mendimin e tij, ajo \u00c3\u00absht\u00c3\u00ab e padobishme.","robots":{"index":"index","follow":"follow","max-snippet":"max-snippet:-1","max-image-preview":"max-image-preview:large","max-video-preview":"max-video-preview:-1"},"canonical":"https:\/\/www.visit-ulcinj.com\/blog\/2009\/03\/11\/arjoni-do-te-dale-lirita\/","og_locale":"en_US","og_type":"article","og_title":"Arjoni : Do t\u00c3\u00ab dal\u00c3\u00ab Lirita | Big Brother Albania 2","og_description":"Big Brother Albania 2 - \u00e2\u20ac\u0153Ajo q\u00c3\u00ab rrezikon m\u00c3\u00ab shum\u00c3\u00ab k\u00c3\u00abt\u00c3\u00ab jav\u00c3\u00ab, \u00c3\u00absht\u00c3\u00ab Lirita!\u00e2\u20ac\u009d \u00e2\u20ac\u201cka th\u00c3\u00abn\u00c3\u00ab Arjoni. Kjo sepse, p\u00c3\u00abr mendimin e tij, ajo \u00c3\u00absht\u00c3\u00ab e padobishme.","og_url":"https:\/\/www.visit-ulcinj.com\/blog\/2009\/03\/11\/arjoni-do-te-dale-lirita\/","og_site_name":"Lajme nga Ulqini","article_published_time":"2009-03-11T21:00:25+00:00","article_modified_time":"2009-03-11T20:54:38+00:00","og_image":[{"url":"http:\/\/www.visit-ulcinj.com\/blog\/wp-content\/uploads\/2009\/03\/arjoni-per-liriten-copy.jpg"}],"twitter_misc":{"Written by":"ulqini"},"schema":{"@context":"https:\/\/schema.org","@graph":[{"@type":"WebSite","@id":"https:\/\/www.visit-ulcinj.com\/blog\/#website","url":"https:\/\/www.visit-ulcinj.com\/blog\/","name":"Lajme nga Ulqini","description":"Lajme,Vijesti,Ulqini,Ulqin,Crna Gora,Mali i Zi","potentialAction":[{"@type":"SearchAction","target":{"@type":"EntryPoint","urlTemplate":"https:\/\/www.visit-ulcinj.com\/blog\/?s={search_term_string}"},"query-input":"required name=search_term_string"}],"inLanguage":"en-US"},{"@type":"ImageObject","inLanguage":"en-US","@id":"https:\/\/www.visit-ulcinj.com\/blog\/2009\/03\/11\/arjoni-do-te-dale-lirita\/#primaryimage","url":"http:\/\/www.visit-ulcinj.com\/blog\/wp-content\/uploads\/2009\/03\/arjoni-per-liriten-copy.jpg","contentUrl":"http:\/\/www.visit-ulcinj.com\/blog\/wp-content\/uploads\/2009\/03\/arjoni-per-liriten-copy.jpg"},{"@type":"WebPage","@id":"https:\/\/www.visit-ulcinj.com\/blog\/2009\/03\/11\/arjoni-do-te-dale-lirita\/#webpage","url":"https:\/\/www.visit-ulcinj.com\/blog\/2009\/03\/11\/arjoni-do-te-dale-lirita\/","name":"Arjoni : Do t\u00c3\u00ab dal\u00c3\u00ab Lirita | Big Brother Albania 2","isPartOf":{"@id":"https:\/\/www.visit-ulcinj.com\/blog\/#website"},"primaryImageOfPage":{"@id":"https:\/\/www.visit-ulcinj.com\/blog\/2009\/03\/11\/arjoni-do-te-dale-lirita\/#primaryimage"},"datePublished":"2009-03-11T21:00:25+00:00","dateModified":"2009-03-11T20:54:38+00:00","author":{"@id":"https:\/\/www.visit-ulcinj.com\/blog\/#\/schema\/person\/dcab619c614d3038751c63bc2aadc06d"},"description":"Big Brother Albania 2 - \u00e2\u20ac\u0153Ajo q\u00c3\u00ab rrezikon m\u00c3\u00ab shum\u00c3\u00ab k\u00c3\u00abt\u00c3\u00ab jav\u00c3\u00ab, \u00c3\u00absht\u00c3\u00ab Lirita!\u00e2\u20ac\u009d \u00e2\u20ac\u201cka th\u00c3\u00abn\u00c3\u00ab Arjoni. Kjo sepse, p\u00c3\u00abr mendimin e tij, ajo \u00c3\u00absht\u00c3\u00ab e padobishme.","breadcrumb":{"@id":"https:\/\/www.visit-ulcinj.com\/blog\/2009\/03\/11\/arjoni-do-te-dale-lirita\/#breadcrumb"},"inLanguage":"en-US","potentialAction":[{"@type":"ReadAction","target":["https:\/\/www.visit-ulcinj.com\/blog\/2009\/03\/11\/arjoni-do-te-dale-lirita\/"]}]},{"@type":"BreadcrumbList","@id":"https:\/\/www.visit-ulcinj.com\/blog\/2009\/03\/11\/arjoni-do-te-dale-lirita\/#breadcrumb","itemListElement":[{"@type":"ListItem","position":1,"name":"Arjoni : Do t\u00eb dal\u00eb Lirita"}]},{"@type":"Person","@id":"https:\/\/www.visit-ulcinj.com\/blog\/#\/schema\/person\/dcab619c614d3038751c63bc2aadc06d","name":"ulqini","sameAs":["http:\/\/www.visit-ulcinj.com"],"url":"https:\/\/www.visit-ulcinj.com\/blog\/author\/admin\/"}]}},"jetpack_featured_media_url":"","jetpack_sharing_enabled":true,"jetpack_shortlink":"https:\/\/wp.me\/pe6lTn-3AK","_links":{"self":[{"href":"https:\/\/www.visit-ulcinj.com\/blog\/wp-json\/wp\/v2\/posts\/13810"}],"collection":[{"href":"https:\/\/www.visit-ulcinj.com\/blog\/wp-json\/wp\/v2\/posts"}],"about":[{"href":"https:\/\/www.visit-ulcinj.com\/blog\/wp-json\/wp\/v2\/types\/post"}],"author":[{"embeddable":true,"href":"https:\/\/www.visit-ulcinj.com\/blog\/wp-json\/wp\/v2\/users\/1"}],"replies":[{"embeddable":true,"href":"https:\/\/www.visit-ulcinj.com\/blog\/wp-json\/wp\/v2\/comments?post=13810"}],"version-history":[{"count":0,"href":"https:\/\/www.visit-ulcinj.com\/blog\/wp-json\/wp\/v2\/posts\/13810\/revisions"}],"wp:attachment":[{"href":"https:\/\/www.visit-ulcinj.com\/blog\/wp-json\/wp\/v2\/media?parent=13810"}],"wp:term":[{"taxonomy":"category","embeddable":true,"href":"https:\/\/www.visit-ulcinj.com\/blog\/wp-json\/wp\/v2\/categories?post=13810"},{"taxonomy":"post_tag","embeddable":true,"href":"https:\/\/www.visit-ulcinj.com\/blog\/wp-json\/wp\/v2\/tags?post=13810"}],"curies":[{"name":"wp","href":"https:\/\/api.w.org\/{rel}","templated":true}]}}