{"id":13822,"date":"2009-03-11T22:30:40","date_gmt":"2009-03-11T21:30:40","guid":{"rendered":"http:\/\/www.visit-ulcinj.com\/blog\/?p=13822"},"modified":"2009-03-11T22:12:29","modified_gmt":"2009-03-11T21:12:29","slug":"adelajda-pse-je-skuqur","status":"publish","type":"post","link":"https:\/\/www.visit-ulcinj.com\/blog\/2009\/03\/11\/adelajda-pse-je-skuqur\/","title":{"rendered":"Adelajda  : Pse je skuqur ?!"},"content":{"rendered":"<p><em><span class=\"newsdate\"><a href=\"http:\/\/www.visit-ulcinj.com\/blog\/wp-content\/uploads\/2009\/03\/banoret-ngacmojne-adelen.jpg\"><img loading=\"lazy\" class=\"alignleft size-full wp-image-13823\" title=\"banoret-ngacmojne-adelen-big-brother-albania-2\" src=\"http:\/\/www.visit-ulcinj.com\/blog\/wp-content\/uploads\/2009\/03\/banoret-ngacmojne-adelen.jpg\" alt=\"banoret-ngacmojne-adelen-big-brother-albania-2\" width=\"300\" height=\"205\" \/><\/a>11\/03\/09 00:45<\/span><\/em><\/p>\n<p>Megjith\u00ebse Adelajda u ka shpjeguar se i kishte k\u00ebrkuar V\u00ebllait t\u00eb Madh q\u00eb ta njoftonte p\u00ebr momentin e nd\u00ebrrimit t\u00eb dit\u00ebve, n\u00eb m\u00ebnyr\u00eb q\u00eb t\u2019i uronte Bjordit dit\u00eblindjen, banor\u00ebt kan\u00eb filluar ta ngacmojn\u00eb at\u00eb. Ata e kan\u00eb pyetur n\u00eb lidhje me bluz\u00ebn me emrin e Bjordit, q\u00eb ajo kishte veshur dhe p\u00ebr tr\u00ebndafilin e kuq q\u00eb Bjordi mbante n\u00eb dor\u00eb. \u201cPse je skuqur?!\u201d \u2013 e ka pyetur Aida. Adelajda \u00ebsht\u00eb p\u00ebrgjigjur se ishte shum\u00eb vap\u00eb n\u00eb dhom\u00ebn e rr\u00ebfimit dhe ngaq\u00eb t\u00eb gjith\u00eb po i rrinin tani mbi kok\u00eb. Aida e ka ngacmuar duke th\u00ebn\u00eb se do t\u00eb shkonte t\u00eb b\u00ebnte ca pyetje te dhoma e rr\u00ebfimit, kurse Qetsori, me shaka, i ka th\u00ebn\u00eb se p\u00ebr t\u00eb, ajo mund t\u00eb b\u00ebnte \u00e7\u2019t\u00eb donte, por do t\u00eb kishte probleme me Mirin. Banor\u00ebt kan\u00eb vazhduar ta ngacmojn\u00eb Adelajden dhe ajo, pasi nuk ka duruar m\u00eb, ka filluar t\u2019i gjuaj\u00eb me jast\u00ebqe.<\/p>\n","protected":false},"excerpt":{"rendered":"<p>11\/03\/09 00:45 Megjith\u00ebse Adelajda u ka shpjeguar se i kishte k\u00ebrkuar V\u00ebllait t\u00eb Madh q\u00eb ta njoftonte p\u00ebr momentin e nd\u00ebrrimit t\u00eb dit\u00ebve, n\u00eb m\u00ebnyr\u00eb q\u00eb t\u2019i uronte Bjordit dit\u00eblindjen, banor\u00ebt kan\u00eb filluar ta ngacmojn\u00eb at\u00eb. Ata e kan\u00eb pyetur n\u00eb lidhje me bluz\u00ebn me emrin e Bjordit, q\u00eb ajo kishte veshur dhe p\u00ebr tr\u00ebndafilin [&hellip;]<\/p>\n","protected":false},"author":1,"featured_media":0,"comment_status":"open","ping_status":"closed","sticky":false,"template":"","format":"standard","meta":{"spay_email":"","jetpack_publicize_message":"","jetpack_is_tweetstorm":false,"jetpack_publicize_feature_enabled":true},"categories":[6502],"tags":[6529,6537,6883,6516,6712,6522,7364,7824,6891],"jetpack_publicize_connections":[],"yoast_head":"<!-- This site is optimized with the Yoast SEO plugin v19.1 - https:\/\/yoast.com\/wordpress\/plugins\/seo\/ -->\n<title>Adelajda : Pse je skuqur ?! | Big Brother Albania 2<\/title>\n<meta name=\"description\" content=\"Big Brother Albania 2 - Megjith\u00c3\u00abse Adelajda u ka shpjeguar se i kishte k\u00c3\u00abrkuar V\u00c3\u00abllait t\u00c3\u00ab Madh q\u00c3\u00ab ta njoftonte p\u00c3\u00abr momentin e nd\u00c3\u00abrrimit t\u00c3\u00ab dit\u00c3\u00abve, n\u00c3\u00ab m\u00c3\u00abnyr\u00c3\u00ab q\u00c3\u00ab t\u00e2\u20ac\u2122i uronte Bjordit dit\u00c3\u00ablindjen, banor\u00c3\u00abt kan\u00c3\u00ab filluar ta ngacmojn\u00c3\u00ab at\u00c3\u00ab\" \/>\n<meta name=\"robots\" content=\"index, follow, max-snippet:-1, max-image-preview:large, max-video-preview:-1\" \/>\n<link rel=\"canonical\" href=\"https:\/\/www.visit-ulcinj.com\/blog\/2009\/03\/11\/adelajda-pse-je-skuqur\/\" \/>\n<meta property=\"og:locale\" content=\"en_US\" \/>\n<meta property=\"og:type\" content=\"article\" \/>\n<meta property=\"og:title\" content=\"Adelajda : Pse je skuqur ?! | Big Brother Albania 2\" \/>\n<meta property=\"og:description\" content=\"Big Brother Albania 2 - Megjith\u00c3\u00abse Adelajda u ka shpjeguar se i kishte k\u00c3\u00abrkuar V\u00c3\u00abllait t\u00c3\u00ab Madh q\u00c3\u00ab ta njoftonte p\u00c3\u00abr momentin e nd\u00c3\u00abrrimit t\u00c3\u00ab dit\u00c3\u00abve, n\u00c3\u00ab m\u00c3\u00abnyr\u00c3\u00ab q\u00c3\u00ab t\u00e2\u20ac\u2122i uronte Bjordit dit\u00c3\u00ablindjen, banor\u00c3\u00abt kan\u00c3\u00ab filluar ta ngacmojn\u00c3\u00ab at\u00c3\u00ab\" \/>\n<meta property=\"og:url\" content=\"https:\/\/www.visit-ulcinj.com\/blog\/2009\/03\/11\/adelajda-pse-je-skuqur\/\" \/>\n<meta property=\"og:site_name\" content=\"Lajme nga Ulqini\" \/>\n<meta property=\"article:published_time\" content=\"2009-03-11T21:30:40+00:00\" \/>\n<meta property=\"article:modified_time\" content=\"2009-03-11T21:12:29+00:00\" \/>\n<meta property=\"og:image\" content=\"http:\/\/www.visit-ulcinj.com\/blog\/wp-content\/uploads\/2009\/03\/banoret-ngacmojne-adelen.jpg\" \/>\n<meta name=\"twitter:label1\" content=\"Written by\" \/>\n\t<meta name=\"twitter:data1\" content=\"ulqini\" \/>\n\t<meta name=\"twitter:label2\" content=\"Est. reading time\" \/>\n\t<meta name=\"twitter:data2\" content=\"1 minute\" \/>\n<script type=\"application\/ld+json\" class=\"yoast-schema-graph\">{\"@context\":\"https:\/\/schema.org\",\"@graph\":[{\"@type\":\"WebSite\",\"@id\":\"https:\/\/www.visit-ulcinj.com\/blog\/#website\",\"url\":\"https:\/\/www.visit-ulcinj.com\/blog\/\",\"name\":\"Lajme nga Ulqini\",\"description\":\"Lajme,Vijesti,Ulqini,Ulqin,Crna Gora,Mali i Zi\",\"potentialAction\":[{\"@type\":\"SearchAction\",\"target\":{\"@type\":\"EntryPoint\",\"urlTemplate\":\"https:\/\/www.visit-ulcinj.com\/blog\/?s={search_term_string}\"},\"query-input\":\"required name=search_term_string\"}],\"inLanguage\":\"en-US\"},{\"@type\":\"ImageObject\",\"inLanguage\":\"en-US\",\"@id\":\"https:\/\/www.visit-ulcinj.com\/blog\/2009\/03\/11\/adelajda-pse-je-skuqur\/#primaryimage\",\"url\":\"http:\/\/www.visit-ulcinj.com\/blog\/wp-content\/uploads\/2009\/03\/banoret-ngacmojne-adelen.jpg\",\"contentUrl\":\"http:\/\/www.visit-ulcinj.com\/blog\/wp-content\/uploads\/2009\/03\/banoret-ngacmojne-adelen.jpg\"},{\"@type\":\"WebPage\",\"@id\":\"https:\/\/www.visit-ulcinj.com\/blog\/2009\/03\/11\/adelajda-pse-je-skuqur\/#webpage\",\"url\":\"https:\/\/www.visit-ulcinj.com\/blog\/2009\/03\/11\/adelajda-pse-je-skuqur\/\",\"name\":\"Adelajda : Pse je skuqur ?! | Big Brother Albania 2\",\"isPartOf\":{\"@id\":\"https:\/\/www.visit-ulcinj.com\/blog\/#website\"},\"primaryImageOfPage\":{\"@id\":\"https:\/\/www.visit-ulcinj.com\/blog\/2009\/03\/11\/adelajda-pse-je-skuqur\/#primaryimage\"},\"datePublished\":\"2009-03-11T21:30:40+00:00\",\"dateModified\":\"2009-03-11T21:12:29+00:00\",\"author\":{\"@id\":\"https:\/\/www.visit-ulcinj.com\/blog\/#\/schema\/person\/dcab619c614d3038751c63bc2aadc06d\"},\"description\":\"Big Brother Albania 2 - Megjith\u00c3\u00abse Adelajda u ka shpjeguar se i kishte k\u00c3\u00abrkuar V\u00c3\u00abllait t\u00c3\u00ab Madh q\u00c3\u00ab ta njoftonte p\u00c3\u00abr momentin e nd\u00c3\u00abrrimit t\u00c3\u00ab dit\u00c3\u00abve, n\u00c3\u00ab m\u00c3\u00abnyr\u00c3\u00ab q\u00c3\u00ab t\u00e2\u20ac\u2122i uronte Bjordit dit\u00c3\u00ablindjen, banor\u00c3\u00abt kan\u00c3\u00ab filluar ta ngacmojn\u00c3\u00ab at\u00c3\u00ab\",\"breadcrumb\":{\"@id\":\"https:\/\/www.visit-ulcinj.com\/blog\/2009\/03\/11\/adelajda-pse-je-skuqur\/#breadcrumb\"},\"inLanguage\":\"en-US\",\"potentialAction\":[{\"@type\":\"ReadAction\",\"target\":[\"https:\/\/www.visit-ulcinj.com\/blog\/2009\/03\/11\/adelajda-pse-je-skuqur\/\"]}]},{\"@type\":\"BreadcrumbList\",\"@id\":\"https:\/\/www.visit-ulcinj.com\/blog\/2009\/03\/11\/adelajda-pse-je-skuqur\/#breadcrumb\",\"itemListElement\":[{\"@type\":\"ListItem\",\"position\":1,\"name\":\"Adelajda : Pse je skuqur ?!\"}]},{\"@type\":\"Person\",\"@id\":\"https:\/\/www.visit-ulcinj.com\/blog\/#\/schema\/person\/dcab619c614d3038751c63bc2aadc06d\",\"name\":\"ulqini\",\"sameAs\":[\"http:\/\/www.visit-ulcinj.com\"],\"url\":\"https:\/\/www.visit-ulcinj.com\/blog\/author\/admin\/\"}]}<\/script>\n<!-- \/ Yoast SEO plugin. -->","yoast_head_json":{"title":"Adelajda : Pse je skuqur ?! | Big Brother Albania 2","description":"Big Brother Albania 2 - Megjith\u00c3\u00abse Adelajda u ka shpjeguar se i kishte k\u00c3\u00abrkuar V\u00c3\u00abllait t\u00c3\u00ab Madh q\u00c3\u00ab ta njoftonte p\u00c3\u00abr momentin e nd\u00c3\u00abrrimit t\u00c3\u00ab dit\u00c3\u00abve, n\u00c3\u00ab m\u00c3\u00abnyr\u00c3\u00ab q\u00c3\u00ab t\u00e2\u20ac\u2122i uronte Bjordit dit\u00c3\u00ablindjen, banor\u00c3\u00abt kan\u00c3\u00ab filluar ta ngacmojn\u00c3\u00ab at\u00c3\u00ab","robots":{"index":"index","follow":"follow","max-snippet":"max-snippet:-1","max-image-preview":"max-image-preview:large","max-video-preview":"max-video-preview:-1"},"canonical":"https:\/\/www.visit-ulcinj.com\/blog\/2009\/03\/11\/adelajda-pse-je-skuqur\/","og_locale":"en_US","og_type":"article","og_title":"Adelajda : Pse je skuqur ?! | Big Brother Albania 2","og_description":"Big Brother Albania 2 - Megjith\u00c3\u00abse Adelajda u ka shpjeguar se i kishte k\u00c3\u00abrkuar V\u00c3\u00abllait t\u00c3\u00ab Madh q\u00c3\u00ab ta njoftonte p\u00c3\u00abr momentin e nd\u00c3\u00abrrimit t\u00c3\u00ab dit\u00c3\u00abve, n\u00c3\u00ab m\u00c3\u00abnyr\u00c3\u00ab q\u00c3\u00ab t\u00e2\u20ac\u2122i uronte Bjordit dit\u00c3\u00ablindjen, banor\u00c3\u00abt kan\u00c3\u00ab filluar ta ngacmojn\u00c3\u00ab at\u00c3\u00ab","og_url":"https:\/\/www.visit-ulcinj.com\/blog\/2009\/03\/11\/adelajda-pse-je-skuqur\/","og_site_name":"Lajme nga Ulqini","article_published_time":"2009-03-11T21:30:40+00:00","article_modified_time":"2009-03-11T21:12:29+00:00","og_image":[{"url":"http:\/\/www.visit-ulcinj.com\/blog\/wp-content\/uploads\/2009\/03\/banoret-ngacmojne-adelen.jpg"}],"twitter_misc":{"Written by":"ulqini","Est. reading time":"1 minute"},"schema":{"@context":"https:\/\/schema.org","@graph":[{"@type":"WebSite","@id":"https:\/\/www.visit-ulcinj.com\/blog\/#website","url":"https:\/\/www.visit-ulcinj.com\/blog\/","name":"Lajme nga Ulqini","description":"Lajme,Vijesti,Ulqini,Ulqin,Crna Gora,Mali i Zi","potentialAction":[{"@type":"SearchAction","target":{"@type":"EntryPoint","urlTemplate":"https:\/\/www.visit-ulcinj.com\/blog\/?s={search_term_string}"},"query-input":"required name=search_term_string"}],"inLanguage":"en-US"},{"@type":"ImageObject","inLanguage":"en-US","@id":"https:\/\/www.visit-ulcinj.com\/blog\/2009\/03\/11\/adelajda-pse-je-skuqur\/#primaryimage","url":"http:\/\/www.visit-ulcinj.com\/blog\/wp-content\/uploads\/2009\/03\/banoret-ngacmojne-adelen.jpg","contentUrl":"http:\/\/www.visit-ulcinj.com\/blog\/wp-content\/uploads\/2009\/03\/banoret-ngacmojne-adelen.jpg"},{"@type":"WebPage","@id":"https:\/\/www.visit-ulcinj.com\/blog\/2009\/03\/11\/adelajda-pse-je-skuqur\/#webpage","url":"https:\/\/www.visit-ulcinj.com\/blog\/2009\/03\/11\/adelajda-pse-je-skuqur\/","name":"Adelajda : Pse je skuqur ?! | Big Brother Albania 2","isPartOf":{"@id":"https:\/\/www.visit-ulcinj.com\/blog\/#website"},"primaryImageOfPage":{"@id":"https:\/\/www.visit-ulcinj.com\/blog\/2009\/03\/11\/adelajda-pse-je-skuqur\/#primaryimage"},"datePublished":"2009-03-11T21:30:40+00:00","dateModified":"2009-03-11T21:12:29+00:00","author":{"@id":"https:\/\/www.visit-ulcinj.com\/blog\/#\/schema\/person\/dcab619c614d3038751c63bc2aadc06d"},"description":"Big Brother Albania 2 - Megjith\u00c3\u00abse Adelajda u ka shpjeguar se i kishte k\u00c3\u00abrkuar V\u00c3\u00abllait t\u00c3\u00ab Madh q\u00c3\u00ab ta njoftonte p\u00c3\u00abr momentin e nd\u00c3\u00abrrimit t\u00c3\u00ab dit\u00c3\u00abve, n\u00c3\u00ab m\u00c3\u00abnyr\u00c3\u00ab q\u00c3\u00ab t\u00e2\u20ac\u2122i uronte Bjordit dit\u00c3\u00ablindjen, banor\u00c3\u00abt kan\u00c3\u00ab filluar ta ngacmojn\u00c3\u00ab at\u00c3\u00ab","breadcrumb":{"@id":"https:\/\/www.visit-ulcinj.com\/blog\/2009\/03\/11\/adelajda-pse-je-skuqur\/#breadcrumb"},"inLanguage":"en-US","potentialAction":[{"@type":"ReadAction","target":["https:\/\/www.visit-ulcinj.com\/blog\/2009\/03\/11\/adelajda-pse-je-skuqur\/"]}]},{"@type":"BreadcrumbList","@id":"https:\/\/www.visit-ulcinj.com\/blog\/2009\/03\/11\/adelajda-pse-je-skuqur\/#breadcrumb","itemListElement":[{"@type":"ListItem","position":1,"name":"Adelajda : Pse je skuqur ?!"}]},{"@type":"Person","@id":"https:\/\/www.visit-ulcinj.com\/blog\/#\/schema\/person\/dcab619c614d3038751c63bc2aadc06d","name":"ulqini","sameAs":["http:\/\/www.visit-ulcinj.com"],"url":"https:\/\/www.visit-ulcinj.com\/blog\/author\/admin\/"}]}},"jetpack_featured_media_url":"","jetpack_sharing_enabled":true,"jetpack_shortlink":"https:\/\/wp.me\/pe6lTn-3AW","_links":{"self":[{"href":"https:\/\/www.visit-ulcinj.com\/blog\/wp-json\/wp\/v2\/posts\/13822"}],"collection":[{"href":"https:\/\/www.visit-ulcinj.com\/blog\/wp-json\/wp\/v2\/posts"}],"about":[{"href":"https:\/\/www.visit-ulcinj.com\/blog\/wp-json\/wp\/v2\/types\/post"}],"author":[{"embeddable":true,"href":"https:\/\/www.visit-ulcinj.com\/blog\/wp-json\/wp\/v2\/users\/1"}],"replies":[{"embeddable":true,"href":"https:\/\/www.visit-ulcinj.com\/blog\/wp-json\/wp\/v2\/comments?post=13822"}],"version-history":[{"count":0,"href":"https:\/\/www.visit-ulcinj.com\/blog\/wp-json\/wp\/v2\/posts\/13822\/revisions"}],"wp:attachment":[{"href":"https:\/\/www.visit-ulcinj.com\/blog\/wp-json\/wp\/v2\/media?parent=13822"}],"wp:term":[{"taxonomy":"category","embeddable":true,"href":"https:\/\/www.visit-ulcinj.com\/blog\/wp-json\/wp\/v2\/categories?post=13822"},{"taxonomy":"post_tag","embeddable":true,"href":"https:\/\/www.visit-ulcinj.com\/blog\/wp-json\/wp\/v2\/tags?post=13822"}],"curies":[{"name":"wp","href":"https:\/\/api.w.org\/{rel}","templated":true}]}}