{"id":13830,"date":"2009-03-11T22:37:07","date_gmt":"2009-03-11T21:37:07","guid":{"rendered":"http:\/\/www.visit-ulcinj.com\/blog\/?p=13830"},"modified":"2009-03-11T23:30:23","modified_gmt":"2009-03-11T22:30:23","slug":"bjordi-organizon-banoret","status":"publish","type":"post","link":"https:\/\/www.visit-ulcinj.com\/blog\/2009\/03\/11\/bjordi-organizon-banoret\/","title":{"rendered":"Bjordi organizon banor\u00ebt"},"content":{"rendered":"<p><em><span class=\"newsdate\"><a href=\"http:\/\/www.visit-ulcinj.com\/blog\/wp-content\/uploads\/2009\/03\/loja.jpg\"><img loading=\"lazy\" class=\"alignleft size-full wp-image-13831\" title=\"loja-big-brother-albania-2\" src=\"http:\/\/www.visit-ulcinj.com\/blog\/wp-content\/uploads\/2009\/03\/loja.jpg\" alt=\"loja-big-brother-albania-2\" width=\"300\" height=\"205\" \/><\/a>11\/03\/09 01:30<\/span><\/em><\/p>\n<p>Pasi kan\u00eb k\u00ebrcyer p\u00ebrgjat\u00eb gjith\u00eb mbr\u00ebmjes, Bjordi \u00ebsht\u00eb p\u00ebrpjekur t\u2019i organizoj\u00eb banor\u00ebt n\u00eb loj\u00ebra t\u00eb ndryshme. Fillimisht ai ka rreshtuar t\u00eb gjith\u00eb djemt\u00eb sipas gjat\u00ebsis\u00eb dhe i ka \u201cdetyruar\u201d vajzat q\u00eb t\u2019i puthin ata me rradh\u00eb. M\u00eb pas ishin vajzat q\u00eb duhet t\u00eb b\u00ebnin t\u00eb kund\u00ebrt\u00ebn. Pas k\u00ebsaj kan\u00eb kaluar n\u00eb loj\u00eb. Nj\u00ebrit prej banor\u00ebve i mbylleshin syt\u00eb dhe duhet t\u00eb gjente kush ishte banori q\u00eb e puthte. Banor\u00ebt jan\u00eb zbavitur me loj\u00ebn pasi ngat\u00ebrresat q\u00eb b\u00ebnte banori me syt\u00eb e mbyllura ishin mjaft qesharake. M\u00eb pas, n\u00eb oborrin e sht\u00ebpis\u00eb, vajzat kan\u00eb komentuar buz\u00ebt e buta t\u00eb Bjordit.<\/p>\n","protected":false},"excerpt":{"rendered":"<p>11\/03\/09 01:30 Pasi kan\u00eb k\u00ebrcyer p\u00ebrgjat\u00eb gjith\u00eb mbr\u00ebmjes, Bjordi \u00ebsht\u00eb p\u00ebrpjekur t\u2019i organizoj\u00eb banor\u00ebt n\u00eb loj\u00ebra t\u00eb ndryshme. Fillimisht ai ka rreshtuar t\u00eb gjith\u00eb djemt\u00eb sipas gjat\u00ebsis\u00eb dhe i ka \u201cdetyruar\u201d vajzat q\u00eb t\u2019i puthin ata me rradh\u00eb. M\u00eb pas ishin vajzat q\u00eb duhet t\u00eb b\u00ebnin t\u00eb kund\u00ebrt\u00ebn. Pas k\u00ebsaj kan\u00eb kaluar n\u00eb loj\u00eb. Nj\u00ebrit [&hellip;]<\/p>\n","protected":false},"author":1,"featured_media":0,"comment_status":"open","ping_status":"closed","sticky":false,"template":"","format":"standard","meta":{"spay_email":"","jetpack_publicize_message":"","jetpack_is_tweetstorm":false,"jetpack_publicize_feature_enabled":true},"categories":[6502],"tags":[2362,6883,6516,6712,6522,7826,6513,6891],"jetpack_publicize_connections":[],"yoast_head":"<!-- This site is optimized with the Yoast SEO plugin v19.1 - https:\/\/yoast.com\/wordpress\/plugins\/seo\/ -->\n<title>Bjordi organizon banor\u00c3\u00abt | Big Brother Albania 2<\/title>\n<meta name=\"description\" content=\"Big Brother Albania 2 - Pasi kan\u00c3\u00ab k\u00c3\u00abrcyer p\u00c3\u00abrgjat\u00c3\u00ab gjith\u00c3\u00ab mbr\u00c3\u00abmjes, Bjordi \u00c3\u00absht\u00c3\u00ab p\u00c3\u00abrpjekur t\u00e2\u20ac\u2122i organizoj\u00c3\u00ab banor\u00c3\u00abt n\u00c3\u00ab loj\u00c3\u00abra t\u00c3\u00ab ndryshme.\" \/>\n<meta name=\"robots\" content=\"index, follow, max-snippet:-1, max-image-preview:large, max-video-preview:-1\" \/>\n<link rel=\"canonical\" href=\"https:\/\/www.visit-ulcinj.com\/blog\/2009\/03\/11\/bjordi-organizon-banoret\/\" \/>\n<meta property=\"og:locale\" content=\"en_US\" \/>\n<meta property=\"og:type\" content=\"article\" \/>\n<meta property=\"og:title\" content=\"Bjordi organizon banor\u00c3\u00abt | Big Brother Albania 2\" \/>\n<meta property=\"og:description\" content=\"Big Brother Albania 2 - Pasi kan\u00c3\u00ab k\u00c3\u00abrcyer p\u00c3\u00abrgjat\u00c3\u00ab gjith\u00c3\u00ab mbr\u00c3\u00abmjes, Bjordi \u00c3\u00absht\u00c3\u00ab p\u00c3\u00abrpjekur t\u00e2\u20ac\u2122i organizoj\u00c3\u00ab banor\u00c3\u00abt n\u00c3\u00ab loj\u00c3\u00abra t\u00c3\u00ab ndryshme.\" \/>\n<meta property=\"og:url\" content=\"https:\/\/www.visit-ulcinj.com\/blog\/2009\/03\/11\/bjordi-organizon-banoret\/\" \/>\n<meta property=\"og:site_name\" content=\"Lajme nga Ulqini\" \/>\n<meta property=\"article:published_time\" content=\"2009-03-11T21:37:07+00:00\" \/>\n<meta property=\"article:modified_time\" content=\"2009-03-11T22:30:23+00:00\" \/>\n<meta property=\"og:image\" content=\"http:\/\/www.visit-ulcinj.com\/blog\/wp-content\/uploads\/2009\/03\/loja.jpg\" \/>\n<meta name=\"twitter:label1\" content=\"Written by\" \/>\n\t<meta name=\"twitter:data1\" content=\"ulqini\" \/>\n\t<meta name=\"twitter:label2\" content=\"Est. reading time\" \/>\n\t<meta name=\"twitter:data2\" content=\"1 minute\" \/>\n<script type=\"application\/ld+json\" class=\"yoast-schema-graph\">{\"@context\":\"https:\/\/schema.org\",\"@graph\":[{\"@type\":\"WebSite\",\"@id\":\"https:\/\/www.visit-ulcinj.com\/blog\/#website\",\"url\":\"https:\/\/www.visit-ulcinj.com\/blog\/\",\"name\":\"Lajme nga Ulqini\",\"description\":\"Lajme,Vijesti,Ulqini,Ulqin,Crna Gora,Mali i Zi\",\"potentialAction\":[{\"@type\":\"SearchAction\",\"target\":{\"@type\":\"EntryPoint\",\"urlTemplate\":\"https:\/\/www.visit-ulcinj.com\/blog\/?s={search_term_string}\"},\"query-input\":\"required name=search_term_string\"}],\"inLanguage\":\"en-US\"},{\"@type\":\"ImageObject\",\"inLanguage\":\"en-US\",\"@id\":\"https:\/\/www.visit-ulcinj.com\/blog\/2009\/03\/11\/bjordi-organizon-banoret\/#primaryimage\",\"url\":\"http:\/\/www.visit-ulcinj.com\/blog\/wp-content\/uploads\/2009\/03\/loja.jpg\",\"contentUrl\":\"http:\/\/www.visit-ulcinj.com\/blog\/wp-content\/uploads\/2009\/03\/loja.jpg\"},{\"@type\":\"WebPage\",\"@id\":\"https:\/\/www.visit-ulcinj.com\/blog\/2009\/03\/11\/bjordi-organizon-banoret\/#webpage\",\"url\":\"https:\/\/www.visit-ulcinj.com\/blog\/2009\/03\/11\/bjordi-organizon-banoret\/\",\"name\":\"Bjordi organizon banor\u00c3\u00abt | Big Brother Albania 2\",\"isPartOf\":{\"@id\":\"https:\/\/www.visit-ulcinj.com\/blog\/#website\"},\"primaryImageOfPage\":{\"@id\":\"https:\/\/www.visit-ulcinj.com\/blog\/2009\/03\/11\/bjordi-organizon-banoret\/#primaryimage\"},\"datePublished\":\"2009-03-11T21:37:07+00:00\",\"dateModified\":\"2009-03-11T22:30:23+00:00\",\"author\":{\"@id\":\"https:\/\/www.visit-ulcinj.com\/blog\/#\/schema\/person\/dcab619c614d3038751c63bc2aadc06d\"},\"description\":\"Big Brother Albania 2 - Pasi kan\u00c3\u00ab k\u00c3\u00abrcyer p\u00c3\u00abrgjat\u00c3\u00ab gjith\u00c3\u00ab mbr\u00c3\u00abmjes, Bjordi \u00c3\u00absht\u00c3\u00ab p\u00c3\u00abrpjekur t\u00e2\u20ac\u2122i organizoj\u00c3\u00ab banor\u00c3\u00abt n\u00c3\u00ab loj\u00c3\u00abra t\u00c3\u00ab ndryshme.\",\"breadcrumb\":{\"@id\":\"https:\/\/www.visit-ulcinj.com\/blog\/2009\/03\/11\/bjordi-organizon-banoret\/#breadcrumb\"},\"inLanguage\":\"en-US\",\"potentialAction\":[{\"@type\":\"ReadAction\",\"target\":[\"https:\/\/www.visit-ulcinj.com\/blog\/2009\/03\/11\/bjordi-organizon-banoret\/\"]}]},{\"@type\":\"BreadcrumbList\",\"@id\":\"https:\/\/www.visit-ulcinj.com\/blog\/2009\/03\/11\/bjordi-organizon-banoret\/#breadcrumb\",\"itemListElement\":[{\"@type\":\"ListItem\",\"position\":1,\"name\":\"Bjordi organizon banor\u00ebt\"}]},{\"@type\":\"Person\",\"@id\":\"https:\/\/www.visit-ulcinj.com\/blog\/#\/schema\/person\/dcab619c614d3038751c63bc2aadc06d\",\"name\":\"ulqini\",\"sameAs\":[\"http:\/\/www.visit-ulcinj.com\"],\"url\":\"https:\/\/www.visit-ulcinj.com\/blog\/author\/admin\/\"}]}<\/script>\n<!-- \/ Yoast SEO plugin. -->","yoast_head_json":{"title":"Bjordi organizon banor\u00c3\u00abt | Big Brother Albania 2","description":"Big Brother Albania 2 - Pasi kan\u00c3\u00ab k\u00c3\u00abrcyer p\u00c3\u00abrgjat\u00c3\u00ab gjith\u00c3\u00ab mbr\u00c3\u00abmjes, Bjordi \u00c3\u00absht\u00c3\u00ab p\u00c3\u00abrpjekur t\u00e2\u20ac\u2122i organizoj\u00c3\u00ab banor\u00c3\u00abt n\u00c3\u00ab loj\u00c3\u00abra t\u00c3\u00ab ndryshme.","robots":{"index":"index","follow":"follow","max-snippet":"max-snippet:-1","max-image-preview":"max-image-preview:large","max-video-preview":"max-video-preview:-1"},"canonical":"https:\/\/www.visit-ulcinj.com\/blog\/2009\/03\/11\/bjordi-organizon-banoret\/","og_locale":"en_US","og_type":"article","og_title":"Bjordi organizon banor\u00c3\u00abt | Big Brother Albania 2","og_description":"Big Brother Albania 2 - Pasi kan\u00c3\u00ab k\u00c3\u00abrcyer p\u00c3\u00abrgjat\u00c3\u00ab gjith\u00c3\u00ab mbr\u00c3\u00abmjes, Bjordi \u00c3\u00absht\u00c3\u00ab p\u00c3\u00abrpjekur t\u00e2\u20ac\u2122i organizoj\u00c3\u00ab banor\u00c3\u00abt n\u00c3\u00ab loj\u00c3\u00abra t\u00c3\u00ab ndryshme.","og_url":"https:\/\/www.visit-ulcinj.com\/blog\/2009\/03\/11\/bjordi-organizon-banoret\/","og_site_name":"Lajme nga Ulqini","article_published_time":"2009-03-11T21:37:07+00:00","article_modified_time":"2009-03-11T22:30:23+00:00","og_image":[{"url":"http:\/\/www.visit-ulcinj.com\/blog\/wp-content\/uploads\/2009\/03\/loja.jpg"}],"twitter_misc":{"Written by":"ulqini","Est. reading time":"1 minute"},"schema":{"@context":"https:\/\/schema.org","@graph":[{"@type":"WebSite","@id":"https:\/\/www.visit-ulcinj.com\/blog\/#website","url":"https:\/\/www.visit-ulcinj.com\/blog\/","name":"Lajme nga Ulqini","description":"Lajme,Vijesti,Ulqini,Ulqin,Crna Gora,Mali i Zi","potentialAction":[{"@type":"SearchAction","target":{"@type":"EntryPoint","urlTemplate":"https:\/\/www.visit-ulcinj.com\/blog\/?s={search_term_string}"},"query-input":"required name=search_term_string"}],"inLanguage":"en-US"},{"@type":"ImageObject","inLanguage":"en-US","@id":"https:\/\/www.visit-ulcinj.com\/blog\/2009\/03\/11\/bjordi-organizon-banoret\/#primaryimage","url":"http:\/\/www.visit-ulcinj.com\/blog\/wp-content\/uploads\/2009\/03\/loja.jpg","contentUrl":"http:\/\/www.visit-ulcinj.com\/blog\/wp-content\/uploads\/2009\/03\/loja.jpg"},{"@type":"WebPage","@id":"https:\/\/www.visit-ulcinj.com\/blog\/2009\/03\/11\/bjordi-organizon-banoret\/#webpage","url":"https:\/\/www.visit-ulcinj.com\/blog\/2009\/03\/11\/bjordi-organizon-banoret\/","name":"Bjordi organizon banor\u00c3\u00abt | Big Brother Albania 2","isPartOf":{"@id":"https:\/\/www.visit-ulcinj.com\/blog\/#website"},"primaryImageOfPage":{"@id":"https:\/\/www.visit-ulcinj.com\/blog\/2009\/03\/11\/bjordi-organizon-banoret\/#primaryimage"},"datePublished":"2009-03-11T21:37:07+00:00","dateModified":"2009-03-11T22:30:23+00:00","author":{"@id":"https:\/\/www.visit-ulcinj.com\/blog\/#\/schema\/person\/dcab619c614d3038751c63bc2aadc06d"},"description":"Big Brother Albania 2 - Pasi kan\u00c3\u00ab k\u00c3\u00abrcyer p\u00c3\u00abrgjat\u00c3\u00ab gjith\u00c3\u00ab mbr\u00c3\u00abmjes, Bjordi \u00c3\u00absht\u00c3\u00ab p\u00c3\u00abrpjekur t\u00e2\u20ac\u2122i organizoj\u00c3\u00ab banor\u00c3\u00abt n\u00c3\u00ab loj\u00c3\u00abra t\u00c3\u00ab ndryshme.","breadcrumb":{"@id":"https:\/\/www.visit-ulcinj.com\/blog\/2009\/03\/11\/bjordi-organizon-banoret\/#breadcrumb"},"inLanguage":"en-US","potentialAction":[{"@type":"ReadAction","target":["https:\/\/www.visit-ulcinj.com\/blog\/2009\/03\/11\/bjordi-organizon-banoret\/"]}]},{"@type":"BreadcrumbList","@id":"https:\/\/www.visit-ulcinj.com\/blog\/2009\/03\/11\/bjordi-organizon-banoret\/#breadcrumb","itemListElement":[{"@type":"ListItem","position":1,"name":"Bjordi organizon banor\u00ebt"}]},{"@type":"Person","@id":"https:\/\/www.visit-ulcinj.com\/blog\/#\/schema\/person\/dcab619c614d3038751c63bc2aadc06d","name":"ulqini","sameAs":["http:\/\/www.visit-ulcinj.com"],"url":"https:\/\/www.visit-ulcinj.com\/blog\/author\/admin\/"}]}},"jetpack_featured_media_url":"","jetpack_sharing_enabled":true,"jetpack_shortlink":"https:\/\/wp.me\/pe6lTn-3B4","_links":{"self":[{"href":"https:\/\/www.visit-ulcinj.com\/blog\/wp-json\/wp\/v2\/posts\/13830"}],"collection":[{"href":"https:\/\/www.visit-ulcinj.com\/blog\/wp-json\/wp\/v2\/posts"}],"about":[{"href":"https:\/\/www.visit-ulcinj.com\/blog\/wp-json\/wp\/v2\/types\/post"}],"author":[{"embeddable":true,"href":"https:\/\/www.visit-ulcinj.com\/blog\/wp-json\/wp\/v2\/users\/1"}],"replies":[{"embeddable":true,"href":"https:\/\/www.visit-ulcinj.com\/blog\/wp-json\/wp\/v2\/comments?post=13830"}],"version-history":[{"count":0,"href":"https:\/\/www.visit-ulcinj.com\/blog\/wp-json\/wp\/v2\/posts\/13830\/revisions"}],"wp:attachment":[{"href":"https:\/\/www.visit-ulcinj.com\/blog\/wp-json\/wp\/v2\/media?parent=13830"}],"wp:term":[{"taxonomy":"category","embeddable":true,"href":"https:\/\/www.visit-ulcinj.com\/blog\/wp-json\/wp\/v2\/categories?post=13830"},{"taxonomy":"post_tag","embeddable":true,"href":"https:\/\/www.visit-ulcinj.com\/blog\/wp-json\/wp\/v2\/tags?post=13830"}],"curies":[{"name":"wp","href":"https:\/\/api.w.org\/{rel}","templated":true}]}}