{"id":13842,"date":"2009-03-11T22:58:37","date_gmt":"2009-03-11T21:58:37","guid":{"rendered":"http:\/\/www.visit-ulcinj.com\/blog\/?p=13842"},"modified":"2009-03-11T22:58:37","modified_gmt":"2009-03-11T21:58:37","slug":"bika-zhuljeta-nuk-ben-asgje","status":"publish","type":"post","link":"https:\/\/www.visit-ulcinj.com\/blog\/2009\/03\/11\/bika-zhuljeta-nuk-ben-asgje\/","title":{"rendered":"Bika: Zhuljeta nuk b\u00ebn asgj\u00eb"},"content":{"rendered":"<p><a href=\"http:\/\/www.visit-ulcinj.com\/blog\/wp-content\/uploads\/2009\/03\/per-punet.jpg\"><img loading=\"lazy\" class=\"alignleft size-full wp-image-13843\" title=\"per-punet-big-brother-albania-2\" src=\"http:\/\/www.visit-ulcinj.com\/blog\/wp-content\/uploads\/2009\/03\/per-punet.jpg\" alt=\"per-punet-big-brother-albania-2\" width=\"300\" height=\"205\" \/><\/a>11\/03\/09 12:10<\/p>\n<p>Bika, Adi dhe Dritani diskutojn\u00eb se cili do t\u00eb laj\u00eb en\u00ebt, pasi grupi tjet\u00ebr duhet t\u00eb b\u00ebj\u00eb pun\u00ebt. Bika u thot\u00eb djemve se ajo s\u2019ka nd\u00ebrmend t\u2019i laj\u00eb, k\u00ebshtu q\u00eb duhet ta b\u00ebj\u00eb dikush nga pjesa tjet\u00ebr e grupit. Ajo p\u00ebrmend emrat e an\u00ebtar\u00ebve t\u00eb grupit t\u00eb tyre, ku p\u00ebrfshiheshin edhe Bjordi me Adel\u00ebn dhe Zhuljet\u00ebn. Bika u kujton djemve se Bjordi nuk mund t\u2019i laj\u00eb pasi sot \u00ebsht\u00eb dit\u00eb e vecant\u00eb p\u00ebr t\u00eb, kurse Adela ka vrar\u00eb dor\u00ebn. Ajo p\u00ebrjashton edhe Zhuljet\u00ebn duke u shprehur se asaj i mjafton t\u00eb laj\u00eb nj\u00eb pjat\u00eb ose tenxhere dhe thot\u00eb se ka qen\u00eb gjith\u00eb koh\u00ebn duke lar\u00eb en\u00eb, k\u00ebshtu q\u00eb edhe ajo p\u00ebrjashtohet. At\u00ebher\u00eb Adi vendos se do t\u00eb jet\u00eb ai q\u00eb do ta b\u00ebj\u00eb k\u00ebt\u00eb pun\u00eb.<br \/>\nDritani mbetet vet\u00ebm me Bik\u00ebn dhe e pyet p\u00ebr raportin me Adel\u00ebn dhe ajo i p\u00ebrgjigjet se jan\u00eb mir\u00eb. Ai e pyet edhe p\u00ebr marr\u00ebdh\u00ebnien e Adel\u00ebs me Bjordin sepse dicka i kishte l\u00ebn\u00eb t\u00eb kuptonte. Bika i tregon se kur kishte folur me t\u00eb, i kishte treguar p\u00ebr dyshimin q\u00eb ajo kishte, se m\u00ebnyra se si ajo shprehej dhe reagonte tregonte dicka por, Adela ia kishte mohuar se midis saj dhe Bjordit mund t\u00eb kishte dicka. Bika dhe Dritani vazhdojn\u00eb t\u00eb diskutojn\u00eb edhe p\u00ebr raportin e Bjordit me Mesid\u00ebn dhe mendojn\u00eb se atij i afrohen vet\u00eb vajzat dhe se ai nuk ka faj.<\/p>\n","protected":false},"excerpt":{"rendered":"<p>11\/03\/09 12:10 Bika, Adi dhe Dritani diskutojn\u00eb se cili do t\u00eb laj\u00eb en\u00ebt, pasi grupi tjet\u00ebr duhet t\u00eb b\u00ebj\u00eb pun\u00ebt. Bika u thot\u00eb djemve se ajo s\u2019ka nd\u00ebrmend t\u2019i laj\u00eb, k\u00ebshtu q\u00eb duhet ta b\u00ebj\u00eb dikush nga pjesa tjet\u00ebr e grupit. Ajo p\u00ebrmend emrat e an\u00ebtar\u00ebve t\u00eb grupit t\u00eb tyre, ku p\u00ebrfshiheshin edhe Bjordi me [&hellip;]<\/p>\n","protected":false},"author":1,"featured_media":0,"comment_status":"open","ping_status":"closed","sticky":false,"template":"","format":"standard","meta":{"spay_email":"","jetpack_publicize_message":"","jetpack_is_tweetstorm":false,"jetpack_publicize_feature_enabled":true},"categories":[6502],"tags":[1414,6883,6516,6712,6740,6538,7830,262,6891,7829],"jetpack_publicize_connections":[],"yoast_head":"<!-- This site is optimized with the Yoast SEO plugin v19.1 - https:\/\/yoast.com\/wordpress\/plugins\/seo\/ -->\n<title>Bika: Zhuljeta nuk b\u00c3\u00abn asgj\u00c3\u00ab | Big Brother Albania 2<\/title>\n<meta name=\"description\" content=\"Big Brother Albania 2 - Bika, Adi dhe Dritani diskutojn\u00c3\u00ab se cili do t\u00c3\u00ab laj\u00c3\u00ab en\u00c3\u00abt, pasi grupi tjet\u00c3\u00abr duhet t\u00c3\u00ab b\u00c3\u00abj\u00c3\u00ab pun\u00c3\u00abt. Bika u thot\u00c3\u00ab djemve se ajo s\u00e2\u20ac\u2122ka nd\u00c3\u00abrmend t\u00e2\u20ac\u2122i laj\u00c3\u00ab\" \/>\n<meta name=\"robots\" content=\"index, follow, max-snippet:-1, max-image-preview:large, max-video-preview:-1\" \/>\n<link rel=\"canonical\" href=\"https:\/\/www.visit-ulcinj.com\/blog\/2009\/03\/11\/bika-zhuljeta-nuk-ben-asgje\/\" \/>\n<meta property=\"og:locale\" content=\"en_US\" \/>\n<meta property=\"og:type\" content=\"article\" \/>\n<meta property=\"og:title\" content=\"Bika: Zhuljeta nuk b\u00c3\u00abn asgj\u00c3\u00ab | Big Brother Albania 2\" \/>\n<meta property=\"og:description\" content=\"Big Brother Albania 2 - Bika, Adi dhe Dritani diskutojn\u00c3\u00ab se cili do t\u00c3\u00ab laj\u00c3\u00ab en\u00c3\u00abt, pasi grupi tjet\u00c3\u00abr duhet t\u00c3\u00ab b\u00c3\u00abj\u00c3\u00ab pun\u00c3\u00abt. Bika u thot\u00c3\u00ab djemve se ajo s\u00e2\u20ac\u2122ka nd\u00c3\u00abrmend t\u00e2\u20ac\u2122i laj\u00c3\u00ab\" \/>\n<meta property=\"og:url\" content=\"https:\/\/www.visit-ulcinj.com\/blog\/2009\/03\/11\/bika-zhuljeta-nuk-ben-asgje\/\" \/>\n<meta property=\"og:site_name\" content=\"Lajme nga Ulqini\" \/>\n<meta property=\"article:published_time\" content=\"2009-03-11T21:58:37+00:00\" \/>\n<meta property=\"og:image\" content=\"http:\/\/www.visit-ulcinj.com\/blog\/wp-content\/uploads\/2009\/03\/per-punet.jpg\" \/>\n<meta name=\"twitter:label1\" content=\"Written by\" \/>\n\t<meta name=\"twitter:data1\" content=\"ulqini\" \/>\n\t<meta name=\"twitter:label2\" content=\"Est. reading time\" \/>\n\t<meta name=\"twitter:data2\" content=\"1 minute\" \/>\n<script type=\"application\/ld+json\" class=\"yoast-schema-graph\">{\"@context\":\"https:\/\/schema.org\",\"@graph\":[{\"@type\":\"WebSite\",\"@id\":\"https:\/\/www.visit-ulcinj.com\/blog\/#website\",\"url\":\"https:\/\/www.visit-ulcinj.com\/blog\/\",\"name\":\"Lajme nga Ulqini\",\"description\":\"Lajme,Vijesti,Ulqini,Ulqin,Crna Gora,Mali i Zi\",\"potentialAction\":[{\"@type\":\"SearchAction\",\"target\":{\"@type\":\"EntryPoint\",\"urlTemplate\":\"https:\/\/www.visit-ulcinj.com\/blog\/?s={search_term_string}\"},\"query-input\":\"required name=search_term_string\"}],\"inLanguage\":\"en-US\"},{\"@type\":\"ImageObject\",\"inLanguage\":\"en-US\",\"@id\":\"https:\/\/www.visit-ulcinj.com\/blog\/2009\/03\/11\/bika-zhuljeta-nuk-ben-asgje\/#primaryimage\",\"url\":\"http:\/\/www.visit-ulcinj.com\/blog\/wp-content\/uploads\/2009\/03\/per-punet.jpg\",\"contentUrl\":\"http:\/\/www.visit-ulcinj.com\/blog\/wp-content\/uploads\/2009\/03\/per-punet.jpg\"},{\"@type\":\"WebPage\",\"@id\":\"https:\/\/www.visit-ulcinj.com\/blog\/2009\/03\/11\/bika-zhuljeta-nuk-ben-asgje\/#webpage\",\"url\":\"https:\/\/www.visit-ulcinj.com\/blog\/2009\/03\/11\/bika-zhuljeta-nuk-ben-asgje\/\",\"name\":\"Bika: Zhuljeta nuk b\u00c3\u00abn asgj\u00c3\u00ab | Big Brother Albania 2\",\"isPartOf\":{\"@id\":\"https:\/\/www.visit-ulcinj.com\/blog\/#website\"},\"primaryImageOfPage\":{\"@id\":\"https:\/\/www.visit-ulcinj.com\/blog\/2009\/03\/11\/bika-zhuljeta-nuk-ben-asgje\/#primaryimage\"},\"datePublished\":\"2009-03-11T21:58:37+00:00\",\"dateModified\":\"2009-03-11T21:58:37+00:00\",\"author\":{\"@id\":\"https:\/\/www.visit-ulcinj.com\/blog\/#\/schema\/person\/dcab619c614d3038751c63bc2aadc06d\"},\"description\":\"Big Brother Albania 2 - Bika, Adi dhe Dritani diskutojn\u00c3\u00ab se cili do t\u00c3\u00ab laj\u00c3\u00ab en\u00c3\u00abt, pasi grupi tjet\u00c3\u00abr duhet t\u00c3\u00ab b\u00c3\u00abj\u00c3\u00ab pun\u00c3\u00abt. Bika u thot\u00c3\u00ab djemve se ajo s\u00e2\u20ac\u2122ka nd\u00c3\u00abrmend t\u00e2\u20ac\u2122i laj\u00c3\u00ab\",\"breadcrumb\":{\"@id\":\"https:\/\/www.visit-ulcinj.com\/blog\/2009\/03\/11\/bika-zhuljeta-nuk-ben-asgje\/#breadcrumb\"},\"inLanguage\":\"en-US\",\"potentialAction\":[{\"@type\":\"ReadAction\",\"target\":[\"https:\/\/www.visit-ulcinj.com\/blog\/2009\/03\/11\/bika-zhuljeta-nuk-ben-asgje\/\"]}]},{\"@type\":\"BreadcrumbList\",\"@id\":\"https:\/\/www.visit-ulcinj.com\/blog\/2009\/03\/11\/bika-zhuljeta-nuk-ben-asgje\/#breadcrumb\",\"itemListElement\":[{\"@type\":\"ListItem\",\"position\":1,\"name\":\"Bika: Zhuljeta nuk b\u00ebn asgj\u00eb\"}]},{\"@type\":\"Person\",\"@id\":\"https:\/\/www.visit-ulcinj.com\/blog\/#\/schema\/person\/dcab619c614d3038751c63bc2aadc06d\",\"name\":\"ulqini\",\"sameAs\":[\"http:\/\/www.visit-ulcinj.com\"],\"url\":\"https:\/\/www.visit-ulcinj.com\/blog\/author\/admin\/\"}]}<\/script>\n<!-- \/ Yoast SEO plugin. -->","yoast_head_json":{"title":"Bika: Zhuljeta nuk b\u00c3\u00abn asgj\u00c3\u00ab | Big Brother Albania 2","description":"Big Brother Albania 2 - Bika, Adi dhe Dritani diskutojn\u00c3\u00ab se cili do t\u00c3\u00ab laj\u00c3\u00ab en\u00c3\u00abt, pasi grupi tjet\u00c3\u00abr duhet t\u00c3\u00ab b\u00c3\u00abj\u00c3\u00ab pun\u00c3\u00abt. Bika u thot\u00c3\u00ab djemve se ajo s\u00e2\u20ac\u2122ka nd\u00c3\u00abrmend t\u00e2\u20ac\u2122i laj\u00c3\u00ab","robots":{"index":"index","follow":"follow","max-snippet":"max-snippet:-1","max-image-preview":"max-image-preview:large","max-video-preview":"max-video-preview:-1"},"canonical":"https:\/\/www.visit-ulcinj.com\/blog\/2009\/03\/11\/bika-zhuljeta-nuk-ben-asgje\/","og_locale":"en_US","og_type":"article","og_title":"Bika: Zhuljeta nuk b\u00c3\u00abn asgj\u00c3\u00ab | Big Brother Albania 2","og_description":"Big Brother Albania 2 - Bika, Adi dhe Dritani diskutojn\u00c3\u00ab se cili do t\u00c3\u00ab laj\u00c3\u00ab en\u00c3\u00abt, pasi grupi tjet\u00c3\u00abr duhet t\u00c3\u00ab b\u00c3\u00abj\u00c3\u00ab pun\u00c3\u00abt. Bika u thot\u00c3\u00ab djemve se ajo s\u00e2\u20ac\u2122ka nd\u00c3\u00abrmend t\u00e2\u20ac\u2122i laj\u00c3\u00ab","og_url":"https:\/\/www.visit-ulcinj.com\/blog\/2009\/03\/11\/bika-zhuljeta-nuk-ben-asgje\/","og_site_name":"Lajme nga Ulqini","article_published_time":"2009-03-11T21:58:37+00:00","og_image":[{"url":"http:\/\/www.visit-ulcinj.com\/blog\/wp-content\/uploads\/2009\/03\/per-punet.jpg"}],"twitter_misc":{"Written by":"ulqini","Est. reading time":"1 minute"},"schema":{"@context":"https:\/\/schema.org","@graph":[{"@type":"WebSite","@id":"https:\/\/www.visit-ulcinj.com\/blog\/#website","url":"https:\/\/www.visit-ulcinj.com\/blog\/","name":"Lajme nga Ulqini","description":"Lajme,Vijesti,Ulqini,Ulqin,Crna Gora,Mali i Zi","potentialAction":[{"@type":"SearchAction","target":{"@type":"EntryPoint","urlTemplate":"https:\/\/www.visit-ulcinj.com\/blog\/?s={search_term_string}"},"query-input":"required name=search_term_string"}],"inLanguage":"en-US"},{"@type":"ImageObject","inLanguage":"en-US","@id":"https:\/\/www.visit-ulcinj.com\/blog\/2009\/03\/11\/bika-zhuljeta-nuk-ben-asgje\/#primaryimage","url":"http:\/\/www.visit-ulcinj.com\/blog\/wp-content\/uploads\/2009\/03\/per-punet.jpg","contentUrl":"http:\/\/www.visit-ulcinj.com\/blog\/wp-content\/uploads\/2009\/03\/per-punet.jpg"},{"@type":"WebPage","@id":"https:\/\/www.visit-ulcinj.com\/blog\/2009\/03\/11\/bika-zhuljeta-nuk-ben-asgje\/#webpage","url":"https:\/\/www.visit-ulcinj.com\/blog\/2009\/03\/11\/bika-zhuljeta-nuk-ben-asgje\/","name":"Bika: Zhuljeta nuk b\u00c3\u00abn asgj\u00c3\u00ab | Big Brother Albania 2","isPartOf":{"@id":"https:\/\/www.visit-ulcinj.com\/blog\/#website"},"primaryImageOfPage":{"@id":"https:\/\/www.visit-ulcinj.com\/blog\/2009\/03\/11\/bika-zhuljeta-nuk-ben-asgje\/#primaryimage"},"datePublished":"2009-03-11T21:58:37+00:00","dateModified":"2009-03-11T21:58:37+00:00","author":{"@id":"https:\/\/www.visit-ulcinj.com\/blog\/#\/schema\/person\/dcab619c614d3038751c63bc2aadc06d"},"description":"Big Brother Albania 2 - Bika, Adi dhe Dritani diskutojn\u00c3\u00ab se cili do t\u00c3\u00ab laj\u00c3\u00ab en\u00c3\u00abt, pasi grupi tjet\u00c3\u00abr duhet t\u00c3\u00ab b\u00c3\u00abj\u00c3\u00ab pun\u00c3\u00abt. Bika u thot\u00c3\u00ab djemve se ajo s\u00e2\u20ac\u2122ka nd\u00c3\u00abrmend t\u00e2\u20ac\u2122i laj\u00c3\u00ab","breadcrumb":{"@id":"https:\/\/www.visit-ulcinj.com\/blog\/2009\/03\/11\/bika-zhuljeta-nuk-ben-asgje\/#breadcrumb"},"inLanguage":"en-US","potentialAction":[{"@type":"ReadAction","target":["https:\/\/www.visit-ulcinj.com\/blog\/2009\/03\/11\/bika-zhuljeta-nuk-ben-asgje\/"]}]},{"@type":"BreadcrumbList","@id":"https:\/\/www.visit-ulcinj.com\/blog\/2009\/03\/11\/bika-zhuljeta-nuk-ben-asgje\/#breadcrumb","itemListElement":[{"@type":"ListItem","position":1,"name":"Bika: Zhuljeta nuk b\u00ebn asgj\u00eb"}]},{"@type":"Person","@id":"https:\/\/www.visit-ulcinj.com\/blog\/#\/schema\/person\/dcab619c614d3038751c63bc2aadc06d","name":"ulqini","sameAs":["http:\/\/www.visit-ulcinj.com"],"url":"https:\/\/www.visit-ulcinj.com\/blog\/author\/admin\/"}]}},"jetpack_featured_media_url":"","jetpack_sharing_enabled":true,"jetpack_shortlink":"https:\/\/wp.me\/pe6lTn-3Bg","_links":{"self":[{"href":"https:\/\/www.visit-ulcinj.com\/blog\/wp-json\/wp\/v2\/posts\/13842"}],"collection":[{"href":"https:\/\/www.visit-ulcinj.com\/blog\/wp-json\/wp\/v2\/posts"}],"about":[{"href":"https:\/\/www.visit-ulcinj.com\/blog\/wp-json\/wp\/v2\/types\/post"}],"author":[{"embeddable":true,"href":"https:\/\/www.visit-ulcinj.com\/blog\/wp-json\/wp\/v2\/users\/1"}],"replies":[{"embeddable":true,"href":"https:\/\/www.visit-ulcinj.com\/blog\/wp-json\/wp\/v2\/comments?post=13842"}],"version-history":[{"count":0,"href":"https:\/\/www.visit-ulcinj.com\/blog\/wp-json\/wp\/v2\/posts\/13842\/revisions"}],"wp:attachment":[{"href":"https:\/\/www.visit-ulcinj.com\/blog\/wp-json\/wp\/v2\/media?parent=13842"}],"wp:term":[{"taxonomy":"category","embeddable":true,"href":"https:\/\/www.visit-ulcinj.com\/blog\/wp-json\/wp\/v2\/categories?post=13842"},{"taxonomy":"post_tag","embeddable":true,"href":"https:\/\/www.visit-ulcinj.com\/blog\/wp-json\/wp\/v2\/tags?post=13842"}],"curies":[{"name":"wp","href":"https:\/\/api.w.org\/{rel}","templated":true}]}}