{"id":13851,"date":"2009-03-11T23:35:28","date_gmt":"2009-03-11T22:35:28","guid":{"rendered":"http:\/\/www.visit-ulcinj.com\/blog\/?p=13851"},"modified":"2009-03-11T23:35:28","modified_gmt":"2009-03-11T22:35:28","slug":"qetsori-e-zhuljeta-nuk-mund-te-sillet-ashtu","status":"publish","type":"post","link":"https:\/\/www.visit-ulcinj.com\/blog\/2009\/03\/11\/qetsori-e-zhuljeta-nuk-mund-te-sillet-ashtu\/","title":{"rendered":"Qetsori \u00eb Zhuljeta nuk mund t\u00eb sillet ashtu"},"content":{"rendered":"<p><em><span class=\"newsdate\"><a href=\"http:\/\/www.visit-ulcinj.com\/blog\/wp-content\/uploads\/2009\/03\/adelasori.jpg\"><img loading=\"lazy\" class=\"alignleft size-full wp-image-13852\" title=\"adela-sori-big-brother-albania-2\" src=\"http:\/\/www.visit-ulcinj.com\/blog\/wp-content\/uploads\/2009\/03\/adelasori.jpg\" alt=\"adela-sori-big-brother-albania-2\" width=\"300\" height=\"205\" \/><\/a>11\/03\/09 14:02<\/span><\/em><\/p>\n<p>Adelajda e pyet Sorin n\u00ebse u bezdis q\u00eb ajo nd\u00ebrhyri kur ai ishte duke ndenjur n\u00eb kuzhin\u00eb me Zhuljet\u00ebn dhe kjo e fundit po e ngacmonte. Sori i thot\u00eb se nuk u bezdis aspak dhe Adelajda i thot\u00eb se nd\u00ebrhyri ngaq\u00eb e vuri veten n\u00eb vend t\u00eb bashk\u00ebshortes s\u00eb tij dhe e mendoi se Zhuljeta po e tepronte shum\u00eb. Ajoi tregon se kjo nuk ishte hera e par\u00eb q\u00eb e vinte re, por asnj\u00ebher\u00eb nuk kishte nd\u00ebrhyr\u00eb m\u00eb par\u00eb. Adelajda i thot\u00eb se ato veprime nuk i dukeshin normale dhe e mendon v\u00ebrtet q\u00eb bashk\u00ebshortja e tij mund t\u00eb bezdisej. Ajo shton se njeriu duhet t\u00eb ket\u00eb disa kufij n\u00eb sjellje dhe Zhuljeta nuk duhet t\u00eb justifikohet se kan\u00eb shoq\u00ebri, pasi njihen prej nj\u00eb muaji dhe shoq\u00ebri nuk mund t\u00eb ken\u00eb krijuar aq sa p\u00ebr t\u00eb justifikuar at\u00eb sjellje.<\/p>\n","protected":false},"excerpt":{"rendered":"<p>11\/03\/09 14:02 Adelajda e pyet Sorin n\u00ebse u bezdis q\u00eb ajo nd\u00ebrhyri kur ai ishte duke ndenjur n\u00eb kuzhin\u00eb me Zhuljet\u00ebn dhe kjo e fundit po e ngacmonte. Sori i thot\u00eb se nuk u bezdis aspak dhe Adelajda i thot\u00eb se nd\u00ebrhyri ngaq\u00eb e vuri veten n\u00eb vend t\u00eb bashk\u00ebshortes s\u00eb tij dhe e mendoi [&hellip;]<\/p>\n","protected":false},"author":1,"featured_media":0,"comment_status":"open","ping_status":"closed","sticky":false,"template":"","format":"standard","meta":{"spay_email":"","jetpack_publicize_message":"","jetpack_is_tweetstorm":false,"jetpack_publicize_feature_enabled":true},"categories":[6502],"tags":[6529,6883,6516,6712,6900,6891,6536],"jetpack_publicize_connections":[],"yoast_head":"<!-- This site is optimized with the Yoast SEO plugin v19.1 - https:\/\/yoast.com\/wordpress\/plugins\/seo\/ -->\n<title>Qetsoir \u00c3\u00ab Zhuljeta nuk mund t\u00c3\u00ab sillet ashtu | Big Brother Albania 2<\/title>\n<meta name=\"description\" content=\"Big Brother Albania 2 - Adelajda e pyet Sorin n\u00c3\u00abse u bezdis q\u00c3\u00ab ajo nd\u00c3\u00abrhyri kur ai ishte duke ndenjur n\u00c3\u00ab kuzhin\u00c3\u00ab me Zhuljet\u00c3\u00abn dhe kjo e fundit po e ngacmonte.\" \/>\n<meta name=\"robots\" content=\"index, follow, max-snippet:-1, max-image-preview:large, max-video-preview:-1\" \/>\n<link rel=\"canonical\" href=\"https:\/\/www.visit-ulcinj.com\/blog\/2009\/03\/11\/qetsori-e-zhuljeta-nuk-mund-te-sillet-ashtu\/\" \/>\n<meta property=\"og:locale\" content=\"en_US\" \/>\n<meta property=\"og:type\" content=\"article\" \/>\n<meta property=\"og:title\" content=\"Qetsoir \u00c3\u00ab Zhuljeta nuk mund t\u00c3\u00ab sillet ashtu | Big Brother Albania 2\" \/>\n<meta property=\"og:description\" content=\"Big Brother Albania 2 - Adelajda e pyet Sorin n\u00c3\u00abse u bezdis q\u00c3\u00ab ajo nd\u00c3\u00abrhyri kur ai ishte duke ndenjur n\u00c3\u00ab kuzhin\u00c3\u00ab me Zhuljet\u00c3\u00abn dhe kjo e fundit po e ngacmonte.\" \/>\n<meta property=\"og:url\" content=\"https:\/\/www.visit-ulcinj.com\/blog\/2009\/03\/11\/qetsori-e-zhuljeta-nuk-mund-te-sillet-ashtu\/\" \/>\n<meta property=\"og:site_name\" content=\"Lajme nga Ulqini\" \/>\n<meta property=\"article:published_time\" content=\"2009-03-11T22:35:28+00:00\" \/>\n<meta property=\"og:image\" content=\"http:\/\/www.visit-ulcinj.com\/blog\/wp-content\/uploads\/2009\/03\/adelasori.jpg\" \/>\n<meta name=\"twitter:label1\" content=\"Written by\" \/>\n\t<meta name=\"twitter:data1\" content=\"ulqini\" \/>\n\t<meta name=\"twitter:label2\" content=\"Est. reading time\" \/>\n\t<meta name=\"twitter:data2\" content=\"1 minute\" \/>\n<script type=\"application\/ld+json\" class=\"yoast-schema-graph\">{\"@context\":\"https:\/\/schema.org\",\"@graph\":[{\"@type\":\"WebSite\",\"@id\":\"https:\/\/www.visit-ulcinj.com\/blog\/#website\",\"url\":\"https:\/\/www.visit-ulcinj.com\/blog\/\",\"name\":\"Lajme nga Ulqini\",\"description\":\"Lajme,Vijesti,Ulqini,Ulqin,Crna Gora,Mali i Zi\",\"potentialAction\":[{\"@type\":\"SearchAction\",\"target\":{\"@type\":\"EntryPoint\",\"urlTemplate\":\"https:\/\/www.visit-ulcinj.com\/blog\/?s={search_term_string}\"},\"query-input\":\"required name=search_term_string\"}],\"inLanguage\":\"en-US\"},{\"@type\":\"ImageObject\",\"inLanguage\":\"en-US\",\"@id\":\"https:\/\/www.visit-ulcinj.com\/blog\/2009\/03\/11\/qetsori-e-zhuljeta-nuk-mund-te-sillet-ashtu\/#primaryimage\",\"url\":\"http:\/\/www.visit-ulcinj.com\/blog\/wp-content\/uploads\/2009\/03\/adelasori.jpg\",\"contentUrl\":\"http:\/\/www.visit-ulcinj.com\/blog\/wp-content\/uploads\/2009\/03\/adelasori.jpg\"},{\"@type\":\"WebPage\",\"@id\":\"https:\/\/www.visit-ulcinj.com\/blog\/2009\/03\/11\/qetsori-e-zhuljeta-nuk-mund-te-sillet-ashtu\/#webpage\",\"url\":\"https:\/\/www.visit-ulcinj.com\/blog\/2009\/03\/11\/qetsori-e-zhuljeta-nuk-mund-te-sillet-ashtu\/\",\"name\":\"Qetsoir \u00c3\u00ab Zhuljeta nuk mund t\u00c3\u00ab sillet ashtu | Big Brother Albania 2\",\"isPartOf\":{\"@id\":\"https:\/\/www.visit-ulcinj.com\/blog\/#website\"},\"primaryImageOfPage\":{\"@id\":\"https:\/\/www.visit-ulcinj.com\/blog\/2009\/03\/11\/qetsori-e-zhuljeta-nuk-mund-te-sillet-ashtu\/#primaryimage\"},\"datePublished\":\"2009-03-11T22:35:28+00:00\",\"dateModified\":\"2009-03-11T22:35:28+00:00\",\"author\":{\"@id\":\"https:\/\/www.visit-ulcinj.com\/blog\/#\/schema\/person\/dcab619c614d3038751c63bc2aadc06d\"},\"description\":\"Big Brother Albania 2 - Adelajda e pyet Sorin n\u00c3\u00abse u bezdis q\u00c3\u00ab ajo nd\u00c3\u00abrhyri kur ai ishte duke ndenjur n\u00c3\u00ab kuzhin\u00c3\u00ab me Zhuljet\u00c3\u00abn dhe kjo e fundit po e ngacmonte.\",\"breadcrumb\":{\"@id\":\"https:\/\/www.visit-ulcinj.com\/blog\/2009\/03\/11\/qetsori-e-zhuljeta-nuk-mund-te-sillet-ashtu\/#breadcrumb\"},\"inLanguage\":\"en-US\",\"potentialAction\":[{\"@type\":\"ReadAction\",\"target\":[\"https:\/\/www.visit-ulcinj.com\/blog\/2009\/03\/11\/qetsori-e-zhuljeta-nuk-mund-te-sillet-ashtu\/\"]}]},{\"@type\":\"BreadcrumbList\",\"@id\":\"https:\/\/www.visit-ulcinj.com\/blog\/2009\/03\/11\/qetsori-e-zhuljeta-nuk-mund-te-sillet-ashtu\/#breadcrumb\",\"itemListElement\":[{\"@type\":\"ListItem\",\"position\":1,\"name\":\"Qetsori \u00eb Zhuljeta nuk mund t\u00eb sillet ashtu\"}]},{\"@type\":\"Person\",\"@id\":\"https:\/\/www.visit-ulcinj.com\/blog\/#\/schema\/person\/dcab619c614d3038751c63bc2aadc06d\",\"name\":\"ulqini\",\"sameAs\":[\"http:\/\/www.visit-ulcinj.com\"],\"url\":\"https:\/\/www.visit-ulcinj.com\/blog\/author\/admin\/\"}]}<\/script>\n<!-- \/ Yoast SEO plugin. -->","yoast_head_json":{"title":"Qetsoir \u00c3\u00ab Zhuljeta nuk mund t\u00c3\u00ab sillet ashtu | Big Brother Albania 2","description":"Big Brother Albania 2 - Adelajda e pyet Sorin n\u00c3\u00abse u bezdis q\u00c3\u00ab ajo nd\u00c3\u00abrhyri kur ai ishte duke ndenjur n\u00c3\u00ab kuzhin\u00c3\u00ab me Zhuljet\u00c3\u00abn dhe kjo e fundit po e ngacmonte.","robots":{"index":"index","follow":"follow","max-snippet":"max-snippet:-1","max-image-preview":"max-image-preview:large","max-video-preview":"max-video-preview:-1"},"canonical":"https:\/\/www.visit-ulcinj.com\/blog\/2009\/03\/11\/qetsori-e-zhuljeta-nuk-mund-te-sillet-ashtu\/","og_locale":"en_US","og_type":"article","og_title":"Qetsoir \u00c3\u00ab Zhuljeta nuk mund t\u00c3\u00ab sillet ashtu | Big Brother Albania 2","og_description":"Big Brother Albania 2 - Adelajda e pyet Sorin n\u00c3\u00abse u bezdis q\u00c3\u00ab ajo nd\u00c3\u00abrhyri kur ai ishte duke ndenjur n\u00c3\u00ab kuzhin\u00c3\u00ab me Zhuljet\u00c3\u00abn dhe kjo e fundit po e ngacmonte.","og_url":"https:\/\/www.visit-ulcinj.com\/blog\/2009\/03\/11\/qetsori-e-zhuljeta-nuk-mund-te-sillet-ashtu\/","og_site_name":"Lajme nga Ulqini","article_published_time":"2009-03-11T22:35:28+00:00","og_image":[{"url":"http:\/\/www.visit-ulcinj.com\/blog\/wp-content\/uploads\/2009\/03\/adelasori.jpg"}],"twitter_misc":{"Written by":"ulqini","Est. reading time":"1 minute"},"schema":{"@context":"https:\/\/schema.org","@graph":[{"@type":"WebSite","@id":"https:\/\/www.visit-ulcinj.com\/blog\/#website","url":"https:\/\/www.visit-ulcinj.com\/blog\/","name":"Lajme nga Ulqini","description":"Lajme,Vijesti,Ulqini,Ulqin,Crna Gora,Mali i Zi","potentialAction":[{"@type":"SearchAction","target":{"@type":"EntryPoint","urlTemplate":"https:\/\/www.visit-ulcinj.com\/blog\/?s={search_term_string}"},"query-input":"required name=search_term_string"}],"inLanguage":"en-US"},{"@type":"ImageObject","inLanguage":"en-US","@id":"https:\/\/www.visit-ulcinj.com\/blog\/2009\/03\/11\/qetsori-e-zhuljeta-nuk-mund-te-sillet-ashtu\/#primaryimage","url":"http:\/\/www.visit-ulcinj.com\/blog\/wp-content\/uploads\/2009\/03\/adelasori.jpg","contentUrl":"http:\/\/www.visit-ulcinj.com\/blog\/wp-content\/uploads\/2009\/03\/adelasori.jpg"},{"@type":"WebPage","@id":"https:\/\/www.visit-ulcinj.com\/blog\/2009\/03\/11\/qetsori-e-zhuljeta-nuk-mund-te-sillet-ashtu\/#webpage","url":"https:\/\/www.visit-ulcinj.com\/blog\/2009\/03\/11\/qetsori-e-zhuljeta-nuk-mund-te-sillet-ashtu\/","name":"Qetsoir \u00c3\u00ab Zhuljeta nuk mund t\u00c3\u00ab sillet ashtu | Big Brother Albania 2","isPartOf":{"@id":"https:\/\/www.visit-ulcinj.com\/blog\/#website"},"primaryImageOfPage":{"@id":"https:\/\/www.visit-ulcinj.com\/blog\/2009\/03\/11\/qetsori-e-zhuljeta-nuk-mund-te-sillet-ashtu\/#primaryimage"},"datePublished":"2009-03-11T22:35:28+00:00","dateModified":"2009-03-11T22:35:28+00:00","author":{"@id":"https:\/\/www.visit-ulcinj.com\/blog\/#\/schema\/person\/dcab619c614d3038751c63bc2aadc06d"},"description":"Big Brother Albania 2 - Adelajda e pyet Sorin n\u00c3\u00abse u bezdis q\u00c3\u00ab ajo nd\u00c3\u00abrhyri kur ai ishte duke ndenjur n\u00c3\u00ab kuzhin\u00c3\u00ab me Zhuljet\u00c3\u00abn dhe kjo e fundit po e ngacmonte.","breadcrumb":{"@id":"https:\/\/www.visit-ulcinj.com\/blog\/2009\/03\/11\/qetsori-e-zhuljeta-nuk-mund-te-sillet-ashtu\/#breadcrumb"},"inLanguage":"en-US","potentialAction":[{"@type":"ReadAction","target":["https:\/\/www.visit-ulcinj.com\/blog\/2009\/03\/11\/qetsori-e-zhuljeta-nuk-mund-te-sillet-ashtu\/"]}]},{"@type":"BreadcrumbList","@id":"https:\/\/www.visit-ulcinj.com\/blog\/2009\/03\/11\/qetsori-e-zhuljeta-nuk-mund-te-sillet-ashtu\/#breadcrumb","itemListElement":[{"@type":"ListItem","position":1,"name":"Qetsori \u00eb Zhuljeta nuk mund t\u00eb sillet ashtu"}]},{"@type":"Person","@id":"https:\/\/www.visit-ulcinj.com\/blog\/#\/schema\/person\/dcab619c614d3038751c63bc2aadc06d","name":"ulqini","sameAs":["http:\/\/www.visit-ulcinj.com"],"url":"https:\/\/www.visit-ulcinj.com\/blog\/author\/admin\/"}]}},"jetpack_featured_media_url":"","jetpack_sharing_enabled":true,"jetpack_shortlink":"https:\/\/wp.me\/pe6lTn-3Bp","_links":{"self":[{"href":"https:\/\/www.visit-ulcinj.com\/blog\/wp-json\/wp\/v2\/posts\/13851"}],"collection":[{"href":"https:\/\/www.visit-ulcinj.com\/blog\/wp-json\/wp\/v2\/posts"}],"about":[{"href":"https:\/\/www.visit-ulcinj.com\/blog\/wp-json\/wp\/v2\/types\/post"}],"author":[{"embeddable":true,"href":"https:\/\/www.visit-ulcinj.com\/blog\/wp-json\/wp\/v2\/users\/1"}],"replies":[{"embeddable":true,"href":"https:\/\/www.visit-ulcinj.com\/blog\/wp-json\/wp\/v2\/comments?post=13851"}],"version-history":[{"count":0,"href":"https:\/\/www.visit-ulcinj.com\/blog\/wp-json\/wp\/v2\/posts\/13851\/revisions"}],"wp:attachment":[{"href":"https:\/\/www.visit-ulcinj.com\/blog\/wp-json\/wp\/v2\/media?parent=13851"}],"wp:term":[{"taxonomy":"category","embeddable":true,"href":"https:\/\/www.visit-ulcinj.com\/blog\/wp-json\/wp\/v2\/categories?post=13851"},{"taxonomy":"post_tag","embeddable":true,"href":"https:\/\/www.visit-ulcinj.com\/blog\/wp-json\/wp\/v2\/tags?post=13851"}],"curies":[{"name":"wp","href":"https:\/\/api.w.org\/{rel}","templated":true}]}}