{"id":13854,"date":"2009-03-11T23:39:02","date_gmt":"2009-03-11T22:39:02","guid":{"rendered":"http:\/\/www.visit-ulcinj.com\/blog\/?p=13854"},"modified":"2009-03-11T23:39:02","modified_gmt":"2009-03-11T22:39:02","slug":"adelajda-sori-i-largohet-zhuljetes","status":"publish","type":"post","link":"https:\/\/www.visit-ulcinj.com\/blog\/2009\/03\/11\/adelajda-sori-i-largohet-zhuljetes\/","title":{"rendered":"Adelajda : Sori i largohet Zhuljet\u00ebs"},"content":{"rendered":"<p><em><span class=\"newsdate\"><a href=\"http:\/\/www.visit-ulcinj.com\/blog\/wp-content\/uploads\/2009\/03\/per-zhuljeten.jpg\"><img loading=\"lazy\" class=\"alignleft size-full wp-image-13855\" title=\"per-zhuljeten-big-brother-albania\" src=\"http:\/\/www.visit-ulcinj.com\/blog\/wp-content\/uploads\/2009\/03\/per-zhuljeten.jpg\" alt=\"per-zhuljeten-big-brother-albania\" width=\"300\" height=\"205\" \/><\/a>11\/03\/09 15:37<\/span><\/em><\/p>\n<p>Mesida, Adelajda, Bjordi dhe Dritani jan\u00eb n\u00eb kop\u00ebsht. Mesida hap tem\u00ebn e debatit mes Adelajd\u00ebs dhe Zhuljet\u00ebs. Ajo i k\u00ebrkon Adel\u00ebs q\u00eb t\u00eb mos ia merrte p\u00ebr keq nd\u00ebrhyrjen q\u00eb b\u00ebri n\u00eb at\u00eb moment dhe Adela i thot\u00eb se e kuptoi se si ishte situata dhe thot\u00eb me shaka se cfar\u00eb t\u2019i b\u00ebnt\u00eb q\u00eb Bjordi kishte dit\u00eblindjen, se n\u00eb t\u00eb kund\u00ebrt do kishin debatuar m\u00eb. Adelajda tregon se Zhuljeta donte t\u2019i vinte Qetsorit p\u00ebrparsen dhe Sori in largohej. Ajo po sillej n\u00eb nj\u00eb m\u00ebnyr\u00eb q\u00eb Adel\u00ebs nuk i p\u00eblqeu. Adelajda kishte nd\u00ebrhyr\u00eb dhe i kishte th\u00ebn\u00eb Zhuljet\u00ebs se Sori ka teta-teta jasht\u00eb, dometh\u00ebn\u00eb se \u00ebsht\u00eb i martuar dhe me f\u00ebmij\u00eb e sjelljet e saj nuk ishin me vend. Ajo tregon edhe p\u00ebr disa raste t\u00eb tjera q\u00eb kishte v\u00ebn\u00eb re ku Sori ndihej i bezdisur nga Zhuljeta dhe i largohej. Zhuljeta pas saj, kishte filluar t\u2019i hidhte fjal\u00eb me kunja dhe ironi. Mesida shton se kjo kishte ndodhur kat\u00ebr her\u00eb dhe se t\u00eb kat\u00ebrta her\u00ebt kishte nd\u00ebrhyr\u00eb ajo p\u00ebr t\u2019i ndaluar. Adelajda vazhdon t\u00eb tregoj\u00eb edhe p\u00ebr debatin q\u00eb pat\u00ebn dhe thot\u00eb se Zhuljeta donte t\u00eb kapej por nuk po dinte se ku.<\/p>\n","protected":false},"excerpt":{"rendered":"<p>11\/03\/09 15:37 Mesida, Adelajda, Bjordi dhe Dritani jan\u00eb n\u00eb kop\u00ebsht. Mesida hap tem\u00ebn e debatit mes Adelajd\u00ebs dhe Zhuljet\u00ebs. Ajo i k\u00ebrkon Adel\u00ebs q\u00eb t\u00eb mos ia merrte p\u00ebr keq nd\u00ebrhyrjen q\u00eb b\u00ebri n\u00eb at\u00eb moment dhe Adela i thot\u00eb se e kuptoi se si ishte situata dhe thot\u00eb me shaka se cfar\u00eb t\u2019i b\u00ebnt\u00eb [&hellip;]<\/p>\n","protected":false},"author":1,"featured_media":0,"comment_status":"open","ping_status":"closed","sticky":false,"template":"","format":"standard","meta":{"spay_email":"","jetpack_publicize_message":"","jetpack_is_tweetstorm":false,"jetpack_publicize_feature_enabled":true},"categories":[6502],"tags":[6529,1414,6537,6883,6516,6712,6900,6891,6536],"jetpack_publicize_connections":[],"yoast_head":"<!-- This site is optimized with the Yoast SEO plugin v19.1 - https:\/\/yoast.com\/wordpress\/plugins\/seo\/ -->\n<title>Adelajda : Sori i largohet Zhuljet\u00c3\u00abs | Big Brother Albania 2<\/title>\n<meta name=\"description\" content=\"Big Brother Albania 2 | Mesida, Adelajda, Bjordi dhe Dritani jan\u00c3\u00ab n\u00c3\u00ab kop\u00c3\u00absht. Mesida hap tem\u00c3\u00abn e debatit mes Adelajd\u00c3\u00abs dhe Zhuljet\u00c3\u00abs.\" \/>\n<meta name=\"robots\" content=\"index, follow, max-snippet:-1, max-image-preview:large, max-video-preview:-1\" \/>\n<link rel=\"canonical\" href=\"https:\/\/www.visit-ulcinj.com\/blog\/2009\/03\/11\/adelajda-sori-i-largohet-zhuljetes\/\" \/>\n<meta property=\"og:locale\" content=\"en_US\" \/>\n<meta property=\"og:type\" content=\"article\" \/>\n<meta property=\"og:title\" content=\"Adelajda : Sori i largohet Zhuljet\u00c3\u00abs | Big Brother Albania 2\" \/>\n<meta property=\"og:description\" content=\"Big Brother Albania 2 | Mesida, Adelajda, Bjordi dhe Dritani jan\u00c3\u00ab n\u00c3\u00ab kop\u00c3\u00absht. Mesida hap tem\u00c3\u00abn e debatit mes Adelajd\u00c3\u00abs dhe Zhuljet\u00c3\u00abs.\" \/>\n<meta property=\"og:url\" content=\"https:\/\/www.visit-ulcinj.com\/blog\/2009\/03\/11\/adelajda-sori-i-largohet-zhuljetes\/\" \/>\n<meta property=\"og:site_name\" content=\"Lajme nga Ulqini\" \/>\n<meta property=\"article:published_time\" content=\"2009-03-11T22:39:02+00:00\" \/>\n<meta property=\"og:image\" content=\"http:\/\/www.visit-ulcinj.com\/blog\/wp-content\/uploads\/2009\/03\/per-zhuljeten.jpg\" \/>\n<meta name=\"twitter:label1\" content=\"Written by\" \/>\n\t<meta name=\"twitter:data1\" content=\"ulqini\" \/>\n\t<meta name=\"twitter:label2\" content=\"Est. reading time\" \/>\n\t<meta name=\"twitter:data2\" content=\"1 minute\" \/>\n<script type=\"application\/ld+json\" class=\"yoast-schema-graph\">{\"@context\":\"https:\/\/schema.org\",\"@graph\":[{\"@type\":\"WebSite\",\"@id\":\"https:\/\/www.visit-ulcinj.com\/blog\/#website\",\"url\":\"https:\/\/www.visit-ulcinj.com\/blog\/\",\"name\":\"Lajme nga Ulqini\",\"description\":\"Lajme,Vijesti,Ulqini,Ulqin,Crna Gora,Mali i Zi\",\"potentialAction\":[{\"@type\":\"SearchAction\",\"target\":{\"@type\":\"EntryPoint\",\"urlTemplate\":\"https:\/\/www.visit-ulcinj.com\/blog\/?s={search_term_string}\"},\"query-input\":\"required name=search_term_string\"}],\"inLanguage\":\"en-US\"},{\"@type\":\"ImageObject\",\"inLanguage\":\"en-US\",\"@id\":\"https:\/\/www.visit-ulcinj.com\/blog\/2009\/03\/11\/adelajda-sori-i-largohet-zhuljetes\/#primaryimage\",\"url\":\"http:\/\/www.visit-ulcinj.com\/blog\/wp-content\/uploads\/2009\/03\/per-zhuljeten.jpg\",\"contentUrl\":\"http:\/\/www.visit-ulcinj.com\/blog\/wp-content\/uploads\/2009\/03\/per-zhuljeten.jpg\"},{\"@type\":\"WebPage\",\"@id\":\"https:\/\/www.visit-ulcinj.com\/blog\/2009\/03\/11\/adelajda-sori-i-largohet-zhuljetes\/#webpage\",\"url\":\"https:\/\/www.visit-ulcinj.com\/blog\/2009\/03\/11\/adelajda-sori-i-largohet-zhuljetes\/\",\"name\":\"Adelajda : Sori i largohet Zhuljet\u00c3\u00abs | Big Brother Albania 2\",\"isPartOf\":{\"@id\":\"https:\/\/www.visit-ulcinj.com\/blog\/#website\"},\"primaryImageOfPage\":{\"@id\":\"https:\/\/www.visit-ulcinj.com\/blog\/2009\/03\/11\/adelajda-sori-i-largohet-zhuljetes\/#primaryimage\"},\"datePublished\":\"2009-03-11T22:39:02+00:00\",\"dateModified\":\"2009-03-11T22:39:02+00:00\",\"author\":{\"@id\":\"https:\/\/www.visit-ulcinj.com\/blog\/#\/schema\/person\/dcab619c614d3038751c63bc2aadc06d\"},\"description\":\"Big Brother Albania 2 | Mesida, Adelajda, Bjordi dhe Dritani jan\u00c3\u00ab n\u00c3\u00ab kop\u00c3\u00absht. Mesida hap tem\u00c3\u00abn e debatit mes Adelajd\u00c3\u00abs dhe Zhuljet\u00c3\u00abs.\",\"breadcrumb\":{\"@id\":\"https:\/\/www.visit-ulcinj.com\/blog\/2009\/03\/11\/adelajda-sori-i-largohet-zhuljetes\/#breadcrumb\"},\"inLanguage\":\"en-US\",\"potentialAction\":[{\"@type\":\"ReadAction\",\"target\":[\"https:\/\/www.visit-ulcinj.com\/blog\/2009\/03\/11\/adelajda-sori-i-largohet-zhuljetes\/\"]}]},{\"@type\":\"BreadcrumbList\",\"@id\":\"https:\/\/www.visit-ulcinj.com\/blog\/2009\/03\/11\/adelajda-sori-i-largohet-zhuljetes\/#breadcrumb\",\"itemListElement\":[{\"@type\":\"ListItem\",\"position\":1,\"name\":\"Adelajda : Sori i largohet Zhuljet\u00ebs\"}]},{\"@type\":\"Person\",\"@id\":\"https:\/\/www.visit-ulcinj.com\/blog\/#\/schema\/person\/dcab619c614d3038751c63bc2aadc06d\",\"name\":\"ulqini\",\"sameAs\":[\"http:\/\/www.visit-ulcinj.com\"],\"url\":\"https:\/\/www.visit-ulcinj.com\/blog\/author\/admin\/\"}]}<\/script>\n<!-- \/ Yoast SEO plugin. -->","yoast_head_json":{"title":"Adelajda : Sori i largohet Zhuljet\u00c3\u00abs | Big Brother Albania 2","description":"Big Brother Albania 2 | Mesida, Adelajda, Bjordi dhe Dritani jan\u00c3\u00ab n\u00c3\u00ab kop\u00c3\u00absht. Mesida hap tem\u00c3\u00abn e debatit mes Adelajd\u00c3\u00abs dhe Zhuljet\u00c3\u00abs.","robots":{"index":"index","follow":"follow","max-snippet":"max-snippet:-1","max-image-preview":"max-image-preview:large","max-video-preview":"max-video-preview:-1"},"canonical":"https:\/\/www.visit-ulcinj.com\/blog\/2009\/03\/11\/adelajda-sori-i-largohet-zhuljetes\/","og_locale":"en_US","og_type":"article","og_title":"Adelajda : Sori i largohet Zhuljet\u00c3\u00abs | Big Brother Albania 2","og_description":"Big Brother Albania 2 | Mesida, Adelajda, Bjordi dhe Dritani jan\u00c3\u00ab n\u00c3\u00ab kop\u00c3\u00absht. Mesida hap tem\u00c3\u00abn e debatit mes Adelajd\u00c3\u00abs dhe Zhuljet\u00c3\u00abs.","og_url":"https:\/\/www.visit-ulcinj.com\/blog\/2009\/03\/11\/adelajda-sori-i-largohet-zhuljetes\/","og_site_name":"Lajme nga Ulqini","article_published_time":"2009-03-11T22:39:02+00:00","og_image":[{"url":"http:\/\/www.visit-ulcinj.com\/blog\/wp-content\/uploads\/2009\/03\/per-zhuljeten.jpg"}],"twitter_misc":{"Written by":"ulqini","Est. reading time":"1 minute"},"schema":{"@context":"https:\/\/schema.org","@graph":[{"@type":"WebSite","@id":"https:\/\/www.visit-ulcinj.com\/blog\/#website","url":"https:\/\/www.visit-ulcinj.com\/blog\/","name":"Lajme nga Ulqini","description":"Lajme,Vijesti,Ulqini,Ulqin,Crna Gora,Mali i Zi","potentialAction":[{"@type":"SearchAction","target":{"@type":"EntryPoint","urlTemplate":"https:\/\/www.visit-ulcinj.com\/blog\/?s={search_term_string}"},"query-input":"required name=search_term_string"}],"inLanguage":"en-US"},{"@type":"ImageObject","inLanguage":"en-US","@id":"https:\/\/www.visit-ulcinj.com\/blog\/2009\/03\/11\/adelajda-sori-i-largohet-zhuljetes\/#primaryimage","url":"http:\/\/www.visit-ulcinj.com\/blog\/wp-content\/uploads\/2009\/03\/per-zhuljeten.jpg","contentUrl":"http:\/\/www.visit-ulcinj.com\/blog\/wp-content\/uploads\/2009\/03\/per-zhuljeten.jpg"},{"@type":"WebPage","@id":"https:\/\/www.visit-ulcinj.com\/blog\/2009\/03\/11\/adelajda-sori-i-largohet-zhuljetes\/#webpage","url":"https:\/\/www.visit-ulcinj.com\/blog\/2009\/03\/11\/adelajda-sori-i-largohet-zhuljetes\/","name":"Adelajda : Sori i largohet Zhuljet\u00c3\u00abs | Big Brother Albania 2","isPartOf":{"@id":"https:\/\/www.visit-ulcinj.com\/blog\/#website"},"primaryImageOfPage":{"@id":"https:\/\/www.visit-ulcinj.com\/blog\/2009\/03\/11\/adelajda-sori-i-largohet-zhuljetes\/#primaryimage"},"datePublished":"2009-03-11T22:39:02+00:00","dateModified":"2009-03-11T22:39:02+00:00","author":{"@id":"https:\/\/www.visit-ulcinj.com\/blog\/#\/schema\/person\/dcab619c614d3038751c63bc2aadc06d"},"description":"Big Brother Albania 2 | Mesida, Adelajda, Bjordi dhe Dritani jan\u00c3\u00ab n\u00c3\u00ab kop\u00c3\u00absht. Mesida hap tem\u00c3\u00abn e debatit mes Adelajd\u00c3\u00abs dhe Zhuljet\u00c3\u00abs.","breadcrumb":{"@id":"https:\/\/www.visit-ulcinj.com\/blog\/2009\/03\/11\/adelajda-sori-i-largohet-zhuljetes\/#breadcrumb"},"inLanguage":"en-US","potentialAction":[{"@type":"ReadAction","target":["https:\/\/www.visit-ulcinj.com\/blog\/2009\/03\/11\/adelajda-sori-i-largohet-zhuljetes\/"]}]},{"@type":"BreadcrumbList","@id":"https:\/\/www.visit-ulcinj.com\/blog\/2009\/03\/11\/adelajda-sori-i-largohet-zhuljetes\/#breadcrumb","itemListElement":[{"@type":"ListItem","position":1,"name":"Adelajda : Sori i largohet Zhuljet\u00ebs"}]},{"@type":"Person","@id":"https:\/\/www.visit-ulcinj.com\/blog\/#\/schema\/person\/dcab619c614d3038751c63bc2aadc06d","name":"ulqini","sameAs":["http:\/\/www.visit-ulcinj.com"],"url":"https:\/\/www.visit-ulcinj.com\/blog\/author\/admin\/"}]}},"jetpack_featured_media_url":"","jetpack_sharing_enabled":true,"jetpack_shortlink":"https:\/\/wp.me\/pe6lTn-3Bs","_links":{"self":[{"href":"https:\/\/www.visit-ulcinj.com\/blog\/wp-json\/wp\/v2\/posts\/13854"}],"collection":[{"href":"https:\/\/www.visit-ulcinj.com\/blog\/wp-json\/wp\/v2\/posts"}],"about":[{"href":"https:\/\/www.visit-ulcinj.com\/blog\/wp-json\/wp\/v2\/types\/post"}],"author":[{"embeddable":true,"href":"https:\/\/www.visit-ulcinj.com\/blog\/wp-json\/wp\/v2\/users\/1"}],"replies":[{"embeddable":true,"href":"https:\/\/www.visit-ulcinj.com\/blog\/wp-json\/wp\/v2\/comments?post=13854"}],"version-history":[{"count":0,"href":"https:\/\/www.visit-ulcinj.com\/blog\/wp-json\/wp\/v2\/posts\/13854\/revisions"}],"wp:attachment":[{"href":"https:\/\/www.visit-ulcinj.com\/blog\/wp-json\/wp\/v2\/media?parent=13854"}],"wp:term":[{"taxonomy":"category","embeddable":true,"href":"https:\/\/www.visit-ulcinj.com\/blog\/wp-json\/wp\/v2\/categories?post=13854"},{"taxonomy":"post_tag","embeddable":true,"href":"https:\/\/www.visit-ulcinj.com\/blog\/wp-json\/wp\/v2\/tags?post=13854"}],"curies":[{"name":"wp","href":"https:\/\/api.w.org\/{rel}","templated":true}]}}