{"id":13865,"date":"2009-03-11T23:54:21","date_gmt":"2009-03-11T22:54:21","guid":{"rendered":"http:\/\/www.visit-ulcinj.com\/blog\/?p=13865"},"modified":"2009-03-11T23:54:21","modified_gmt":"2009-03-11T22:54:21","slug":"aida-tani-nuk-te-shikon-si-femer","status":"publish","type":"post","link":"https:\/\/www.visit-ulcinj.com\/blog\/2009\/03\/11\/aida-tani-nuk-te-shikon-si-femer\/","title":{"rendered":"Aida : Tani nuk t\u00eb shikon si fem\u00ebr"},"content":{"rendered":"<p><em><span class=\"newsdate\"><a href=\"http:\/\/www.visit-ulcinj.com\/blog\/wp-content\/uploads\/2009\/03\/aida-dhe-adela.jpg\"><img loading=\"lazy\" class=\"alignleft size-full wp-image-13866\" title=\"aida-dhe-adela-big-brother-albania-2\" src=\"http:\/\/www.visit-ulcinj.com\/blog\/wp-content\/uploads\/2009\/03\/aida-dhe-adela.jpg\" alt=\"aida-dhe-adela-big-brother-albania-2\" width=\"300\" height=\"205\" \/><\/a>11\/03\/09 18:49<\/span><\/em><\/p>\n<p>Aida duke i rregulluar flok\u00ebt Adel\u00ebs diskuton me t\u00eb p\u00ebr lidhjet. Ajo \u00ebsht\u00eb e mendimit q\u00eb femrat kur dashurojn\u00eb v\u00ebrtet duan q\u00eb kjo ndjenj\u00eb t`i shoq\u00ebroj\u00eb gjith\u00eb jet\u00ebn. Adelajda \u00ebsht\u00eb dakort me k\u00ebt\u00eb gj\u00eb, por thot\u00eb:-\u201cNuk e imagjinoj jet\u00ebn me nj\u00eb 20vjecar!\u201d Aida i thot\u00eb q\u00eb n\u00ebse egziston dashuria cdo gj\u00eb \u00ebsht\u00eb e mundur,gjithashtu ajo thot\u00eb q\u00eb nuk mund t\u00eb ndrydhet ndjenja sepse njeriu duhet t\u00eb provoj\u00eb. Sipas saj mashkulli duket q\u00eb n\u00eb fillim q\u00eb cfar\u00eb q\u00ebllimesh ka me nj\u00eb fem\u00ebr dhe merr si shembull Dritanin. Ajo thot\u00eb:-\u201cTani nuk t\u00eb shikon si fem\u00ebr!\u201d Aida i thot\u00eb q\u00eb e kishte kuptuar q\u00eb Tani ishte i fejuar pa e shprehur ende ai, sepse e kuptoi nga m\u00ebnyra se si ai i shikonte femrat.<\/p>\n","protected":false},"excerpt":{"rendered":"<p>11\/03\/09 18:49 Aida duke i rregulluar flok\u00ebt Adel\u00ebs diskuton me t\u00eb p\u00ebr lidhjet. Ajo \u00ebsht\u00eb e mendimit q\u00eb femrat kur dashurojn\u00eb v\u00ebrtet duan q\u00eb kjo ndjenj\u00eb t`i shoq\u00ebroj\u00eb gjith\u00eb jet\u00ebn. Adelajda \u00ebsht\u00eb dakort me k\u00ebt\u00eb gj\u00eb, por thot\u00eb:-\u201cNuk e imagjinoj jet\u00ebn me nj\u00eb 20vjecar!\u201d Aida i thot\u00eb q\u00eb n\u00ebse egziston dashuria cdo gj\u00eb \u00ebsht\u00eb e [&hellip;]<\/p>\n","protected":false},"author":1,"featured_media":0,"comment_status":"open","ping_status":"closed","sticky":false,"template":"","format":"standard","meta":{"spay_email":"","jetpack_publicize_message":"","jetpack_is_tweetstorm":false,"jetpack_publicize_feature_enabled":true},"categories":[6502],"tags":[6529,6537,6883,6516,6712,6538,6521,7832,6891],"jetpack_publicize_connections":[],"yoast_head":"<!-- This site is optimized with the Yoast SEO plugin v19.1 - https:\/\/yoast.com\/wordpress\/plugins\/seo\/ -->\n<title>Aida : Tani nuk t\u00c3\u00ab shikon si fem\u00c3\u00abr | Big Brother Albania 2<\/title>\n<meta name=\"description\" content=\"Big Brother Albania 2 - Aida duke i rregulluar flok\u00c3\u00abt Adel\u00c3\u00abs diskuton me t\u00c3\u00ab p\u00c3\u00abr lidhjet. Ajo \u00c3\u00absht\u00c3\u00ab e mendimit q\u00c3\u00ab femrat kur dashurojn\u00c3\u00ab v\u00c3\u00abrtet duan q\u00c3\u00ab kjo ndjenj\u00c3\u00ab t`i shoq\u00c3\u00abroj\u00c3\u00ab gjith\u00c3\u00ab jet\u00c3\u00abn.\" \/>\n<meta name=\"robots\" content=\"index, follow, max-snippet:-1, max-image-preview:large, max-video-preview:-1\" \/>\n<link rel=\"canonical\" href=\"https:\/\/www.visit-ulcinj.com\/blog\/2009\/03\/11\/aida-tani-nuk-te-shikon-si-femer\/\" \/>\n<meta property=\"og:locale\" content=\"en_US\" \/>\n<meta property=\"og:type\" content=\"article\" \/>\n<meta property=\"og:title\" content=\"Aida : Tani nuk t\u00c3\u00ab shikon si fem\u00c3\u00abr | Big Brother Albania 2\" \/>\n<meta property=\"og:description\" content=\"Big Brother Albania 2 - Aida duke i rregulluar flok\u00c3\u00abt Adel\u00c3\u00abs diskuton me t\u00c3\u00ab p\u00c3\u00abr lidhjet. Ajo \u00c3\u00absht\u00c3\u00ab e mendimit q\u00c3\u00ab femrat kur dashurojn\u00c3\u00ab v\u00c3\u00abrtet duan q\u00c3\u00ab kjo ndjenj\u00c3\u00ab t`i shoq\u00c3\u00abroj\u00c3\u00ab gjith\u00c3\u00ab jet\u00c3\u00abn.\" \/>\n<meta property=\"og:url\" content=\"https:\/\/www.visit-ulcinj.com\/blog\/2009\/03\/11\/aida-tani-nuk-te-shikon-si-femer\/\" \/>\n<meta property=\"og:site_name\" content=\"Lajme nga Ulqini\" \/>\n<meta property=\"article:published_time\" content=\"2009-03-11T22:54:21+00:00\" \/>\n<meta property=\"og:image\" content=\"http:\/\/www.visit-ulcinj.com\/blog\/wp-content\/uploads\/2009\/03\/aida-dhe-adela.jpg\" \/>\n<meta name=\"twitter:label1\" content=\"Written by\" \/>\n\t<meta name=\"twitter:data1\" content=\"ulqini\" \/>\n\t<meta name=\"twitter:label2\" content=\"Est. reading time\" \/>\n\t<meta name=\"twitter:data2\" content=\"1 minute\" \/>\n<script type=\"application\/ld+json\" class=\"yoast-schema-graph\">{\"@context\":\"https:\/\/schema.org\",\"@graph\":[{\"@type\":\"WebSite\",\"@id\":\"https:\/\/www.visit-ulcinj.com\/blog\/#website\",\"url\":\"https:\/\/www.visit-ulcinj.com\/blog\/\",\"name\":\"Lajme nga Ulqini\",\"description\":\"Lajme,Vijesti,Ulqini,Ulqin,Crna Gora,Mali i Zi\",\"potentialAction\":[{\"@type\":\"SearchAction\",\"target\":{\"@type\":\"EntryPoint\",\"urlTemplate\":\"https:\/\/www.visit-ulcinj.com\/blog\/?s={search_term_string}\"},\"query-input\":\"required name=search_term_string\"}],\"inLanguage\":\"en-US\"},{\"@type\":\"ImageObject\",\"inLanguage\":\"en-US\",\"@id\":\"https:\/\/www.visit-ulcinj.com\/blog\/2009\/03\/11\/aida-tani-nuk-te-shikon-si-femer\/#primaryimage\",\"url\":\"http:\/\/www.visit-ulcinj.com\/blog\/wp-content\/uploads\/2009\/03\/aida-dhe-adela.jpg\",\"contentUrl\":\"http:\/\/www.visit-ulcinj.com\/blog\/wp-content\/uploads\/2009\/03\/aida-dhe-adela.jpg\"},{\"@type\":\"WebPage\",\"@id\":\"https:\/\/www.visit-ulcinj.com\/blog\/2009\/03\/11\/aida-tani-nuk-te-shikon-si-femer\/#webpage\",\"url\":\"https:\/\/www.visit-ulcinj.com\/blog\/2009\/03\/11\/aida-tani-nuk-te-shikon-si-femer\/\",\"name\":\"Aida : Tani nuk t\u00c3\u00ab shikon si fem\u00c3\u00abr | Big Brother Albania 2\",\"isPartOf\":{\"@id\":\"https:\/\/www.visit-ulcinj.com\/blog\/#website\"},\"primaryImageOfPage\":{\"@id\":\"https:\/\/www.visit-ulcinj.com\/blog\/2009\/03\/11\/aida-tani-nuk-te-shikon-si-femer\/#primaryimage\"},\"datePublished\":\"2009-03-11T22:54:21+00:00\",\"dateModified\":\"2009-03-11T22:54:21+00:00\",\"author\":{\"@id\":\"https:\/\/www.visit-ulcinj.com\/blog\/#\/schema\/person\/dcab619c614d3038751c63bc2aadc06d\"},\"description\":\"Big Brother Albania 2 - Aida duke i rregulluar flok\u00c3\u00abt Adel\u00c3\u00abs diskuton me t\u00c3\u00ab p\u00c3\u00abr lidhjet. Ajo \u00c3\u00absht\u00c3\u00ab e mendimit q\u00c3\u00ab femrat kur dashurojn\u00c3\u00ab v\u00c3\u00abrtet duan q\u00c3\u00ab kjo ndjenj\u00c3\u00ab t`i shoq\u00c3\u00abroj\u00c3\u00ab gjith\u00c3\u00ab jet\u00c3\u00abn.\",\"breadcrumb\":{\"@id\":\"https:\/\/www.visit-ulcinj.com\/blog\/2009\/03\/11\/aida-tani-nuk-te-shikon-si-femer\/#breadcrumb\"},\"inLanguage\":\"en-US\",\"potentialAction\":[{\"@type\":\"ReadAction\",\"target\":[\"https:\/\/www.visit-ulcinj.com\/blog\/2009\/03\/11\/aida-tani-nuk-te-shikon-si-femer\/\"]}]},{\"@type\":\"BreadcrumbList\",\"@id\":\"https:\/\/www.visit-ulcinj.com\/blog\/2009\/03\/11\/aida-tani-nuk-te-shikon-si-femer\/#breadcrumb\",\"itemListElement\":[{\"@type\":\"ListItem\",\"position\":1,\"name\":\"Aida : Tani nuk t\u00eb shikon si fem\u00ebr\"}]},{\"@type\":\"Person\",\"@id\":\"https:\/\/www.visit-ulcinj.com\/blog\/#\/schema\/person\/dcab619c614d3038751c63bc2aadc06d\",\"name\":\"ulqini\",\"sameAs\":[\"http:\/\/www.visit-ulcinj.com\"],\"url\":\"https:\/\/www.visit-ulcinj.com\/blog\/author\/admin\/\"}]}<\/script>\n<!-- \/ Yoast SEO plugin. -->","yoast_head_json":{"title":"Aida : Tani nuk t\u00c3\u00ab shikon si fem\u00c3\u00abr | Big Brother Albania 2","description":"Big Brother Albania 2 - Aida duke i rregulluar flok\u00c3\u00abt Adel\u00c3\u00abs diskuton me t\u00c3\u00ab p\u00c3\u00abr lidhjet. Ajo \u00c3\u00absht\u00c3\u00ab e mendimit q\u00c3\u00ab femrat kur dashurojn\u00c3\u00ab v\u00c3\u00abrtet duan q\u00c3\u00ab kjo ndjenj\u00c3\u00ab t`i shoq\u00c3\u00abroj\u00c3\u00ab gjith\u00c3\u00ab jet\u00c3\u00abn.","robots":{"index":"index","follow":"follow","max-snippet":"max-snippet:-1","max-image-preview":"max-image-preview:large","max-video-preview":"max-video-preview:-1"},"canonical":"https:\/\/www.visit-ulcinj.com\/blog\/2009\/03\/11\/aida-tani-nuk-te-shikon-si-femer\/","og_locale":"en_US","og_type":"article","og_title":"Aida : Tani nuk t\u00c3\u00ab shikon si fem\u00c3\u00abr | Big Brother Albania 2","og_description":"Big Brother Albania 2 - Aida duke i rregulluar flok\u00c3\u00abt Adel\u00c3\u00abs diskuton me t\u00c3\u00ab p\u00c3\u00abr lidhjet. Ajo \u00c3\u00absht\u00c3\u00ab e mendimit q\u00c3\u00ab femrat kur dashurojn\u00c3\u00ab v\u00c3\u00abrtet duan q\u00c3\u00ab kjo ndjenj\u00c3\u00ab t`i shoq\u00c3\u00abroj\u00c3\u00ab gjith\u00c3\u00ab jet\u00c3\u00abn.","og_url":"https:\/\/www.visit-ulcinj.com\/blog\/2009\/03\/11\/aida-tani-nuk-te-shikon-si-femer\/","og_site_name":"Lajme nga Ulqini","article_published_time":"2009-03-11T22:54:21+00:00","og_image":[{"url":"http:\/\/www.visit-ulcinj.com\/blog\/wp-content\/uploads\/2009\/03\/aida-dhe-adela.jpg"}],"twitter_misc":{"Written by":"ulqini","Est. reading time":"1 minute"},"schema":{"@context":"https:\/\/schema.org","@graph":[{"@type":"WebSite","@id":"https:\/\/www.visit-ulcinj.com\/blog\/#website","url":"https:\/\/www.visit-ulcinj.com\/blog\/","name":"Lajme nga Ulqini","description":"Lajme,Vijesti,Ulqini,Ulqin,Crna Gora,Mali i Zi","potentialAction":[{"@type":"SearchAction","target":{"@type":"EntryPoint","urlTemplate":"https:\/\/www.visit-ulcinj.com\/blog\/?s={search_term_string}"},"query-input":"required name=search_term_string"}],"inLanguage":"en-US"},{"@type":"ImageObject","inLanguage":"en-US","@id":"https:\/\/www.visit-ulcinj.com\/blog\/2009\/03\/11\/aida-tani-nuk-te-shikon-si-femer\/#primaryimage","url":"http:\/\/www.visit-ulcinj.com\/blog\/wp-content\/uploads\/2009\/03\/aida-dhe-adela.jpg","contentUrl":"http:\/\/www.visit-ulcinj.com\/blog\/wp-content\/uploads\/2009\/03\/aida-dhe-adela.jpg"},{"@type":"WebPage","@id":"https:\/\/www.visit-ulcinj.com\/blog\/2009\/03\/11\/aida-tani-nuk-te-shikon-si-femer\/#webpage","url":"https:\/\/www.visit-ulcinj.com\/blog\/2009\/03\/11\/aida-tani-nuk-te-shikon-si-femer\/","name":"Aida : Tani nuk t\u00c3\u00ab shikon si fem\u00c3\u00abr | Big Brother Albania 2","isPartOf":{"@id":"https:\/\/www.visit-ulcinj.com\/blog\/#website"},"primaryImageOfPage":{"@id":"https:\/\/www.visit-ulcinj.com\/blog\/2009\/03\/11\/aida-tani-nuk-te-shikon-si-femer\/#primaryimage"},"datePublished":"2009-03-11T22:54:21+00:00","dateModified":"2009-03-11T22:54:21+00:00","author":{"@id":"https:\/\/www.visit-ulcinj.com\/blog\/#\/schema\/person\/dcab619c614d3038751c63bc2aadc06d"},"description":"Big Brother Albania 2 - Aida duke i rregulluar flok\u00c3\u00abt Adel\u00c3\u00abs diskuton me t\u00c3\u00ab p\u00c3\u00abr lidhjet. Ajo \u00c3\u00absht\u00c3\u00ab e mendimit q\u00c3\u00ab femrat kur dashurojn\u00c3\u00ab v\u00c3\u00abrtet duan q\u00c3\u00ab kjo ndjenj\u00c3\u00ab t`i shoq\u00c3\u00abroj\u00c3\u00ab gjith\u00c3\u00ab jet\u00c3\u00abn.","breadcrumb":{"@id":"https:\/\/www.visit-ulcinj.com\/blog\/2009\/03\/11\/aida-tani-nuk-te-shikon-si-femer\/#breadcrumb"},"inLanguage":"en-US","potentialAction":[{"@type":"ReadAction","target":["https:\/\/www.visit-ulcinj.com\/blog\/2009\/03\/11\/aida-tani-nuk-te-shikon-si-femer\/"]}]},{"@type":"BreadcrumbList","@id":"https:\/\/www.visit-ulcinj.com\/blog\/2009\/03\/11\/aida-tani-nuk-te-shikon-si-femer\/#breadcrumb","itemListElement":[{"@type":"ListItem","position":1,"name":"Aida : Tani nuk t\u00eb shikon si fem\u00ebr"}]},{"@type":"Person","@id":"https:\/\/www.visit-ulcinj.com\/blog\/#\/schema\/person\/dcab619c614d3038751c63bc2aadc06d","name":"ulqini","sameAs":["http:\/\/www.visit-ulcinj.com"],"url":"https:\/\/www.visit-ulcinj.com\/blog\/author\/admin\/"}]}},"jetpack_featured_media_url":"","jetpack_sharing_enabled":true,"jetpack_shortlink":"https:\/\/wp.me\/pe6lTn-3BD","_links":{"self":[{"href":"https:\/\/www.visit-ulcinj.com\/blog\/wp-json\/wp\/v2\/posts\/13865"}],"collection":[{"href":"https:\/\/www.visit-ulcinj.com\/blog\/wp-json\/wp\/v2\/posts"}],"about":[{"href":"https:\/\/www.visit-ulcinj.com\/blog\/wp-json\/wp\/v2\/types\/post"}],"author":[{"embeddable":true,"href":"https:\/\/www.visit-ulcinj.com\/blog\/wp-json\/wp\/v2\/users\/1"}],"replies":[{"embeddable":true,"href":"https:\/\/www.visit-ulcinj.com\/blog\/wp-json\/wp\/v2\/comments?post=13865"}],"version-history":[{"count":0,"href":"https:\/\/www.visit-ulcinj.com\/blog\/wp-json\/wp\/v2\/posts\/13865\/revisions"}],"wp:attachment":[{"href":"https:\/\/www.visit-ulcinj.com\/blog\/wp-json\/wp\/v2\/media?parent=13865"}],"wp:term":[{"taxonomy":"category","embeddable":true,"href":"https:\/\/www.visit-ulcinj.com\/blog\/wp-json\/wp\/v2\/categories?post=13865"},{"taxonomy":"post_tag","embeddable":true,"href":"https:\/\/www.visit-ulcinj.com\/blog\/wp-json\/wp\/v2\/tags?post=13865"}],"curies":[{"name":"wp","href":"https:\/\/api.w.org\/{rel}","templated":true}]}}