{"id":13868,"date":"2009-03-11T23:57:36","date_gmt":"2009-03-11T22:57:36","guid":{"rendered":"http:\/\/www.visit-ulcinj.com\/blog\/?p=13868"},"modified":"2009-03-11T23:57:36","modified_gmt":"2009-03-11T22:57:36","slug":"adela-nuk-e-ben-ate-gabim","status":"publish","type":"post","link":"https:\/\/www.visit-ulcinj.com\/blog\/2009\/03\/11\/adela-nuk-e-ben-ate-gabim\/","title":{"rendered":"Adela nuk e b\u00ebn at\u00eb gabim"},"content":{"rendered":"<p><em><span class=\"newsdate\"><a href=\"http:\/\/www.visit-ulcinj.com\/blog\/wp-content\/uploads\/2009\/03\/adela.jpg\"><img loading=\"lazy\" class=\"alignleft size-full wp-image-13869\" title=\"adela-big-brother-albania-2\" src=\"http:\/\/www.visit-ulcinj.com\/blog\/wp-content\/uploads\/2009\/03\/adela.jpg\" alt=\"adela-big-brother-albania-2\" width=\"300\" height=\"205\" \/><\/a>11\/03\/09 19:51<\/span><\/em><\/p>\n<p>Adela i shpreh disa prej banor\u00ebve shqet\u00ebsimin e saj, se si kuptohet mar\u00ebdh\u00ebnia e saj me Bjordin. Ajo thot\u00eb q\u00eb \u00ebsht\u00eb nj\u00eb person n\u00eb sht\u00ebpi q\u00eb mendon q\u00eb ata kan\u00eb dicka me nj\u00ebri-tjetrin, dhe mundohet t\u00eb bindi dhe t\u00eb tjer\u00ebt. Qetsori i thot\u00eb q\u00eb kjo gj\u00eb nuk \u00ebsht\u00eb e v\u00ebrtet\u00eb pasi me sa ka kuptuar, ajo nuk e b\u00ebn at\u00eb gabim. Adelajda e aprovon ,dhe shton q\u00eb ajo nuk \u00ebsht\u00eb natyra e femr\u00ebs q\u00eb lidhet me dik\u00eb pa q\u00ebn\u00eb dicka serioze. Qetsori i thot\u00eb q\u00eb ajo mund t\u00eb lidhet me Bjordin, por jo brenda n\u00eb sht\u00ebpi. Adela e kund\u00ebrshton duke i th\u00ebn\u00eb q\u00eb kjo gj\u00eb nuk \u00ebsht\u00eb e mundur. Ajo thot\u00eb q\u00eb i p\u00eblqen m\u00ebnyra e tij(Bjordit) e t\u00eb arsyetuarit, por fakti q\u00eb ajo kalon shum\u00eb koh\u00eb me t\u00eb keqkuptohet nga disa persona brenda sht\u00ebpis\u00eb. Qetsori me shaka i thot\u00eb:-\u201cPo u afrove me Bjordin do kesh probleme me Mirin!\u201d<\/p>\n","protected":false},"excerpt":{"rendered":"<p>11\/03\/09 19:51 Adela i shpreh disa prej banor\u00ebve shqet\u00ebsimin e saj, se si kuptohet mar\u00ebdh\u00ebnia e saj me Bjordin. Ajo thot\u00eb q\u00eb \u00ebsht\u00eb nj\u00eb person n\u00eb sht\u00ebpi q\u00eb mendon q\u00eb ata kan\u00eb dicka me nj\u00ebri-tjetrin, dhe mundohet t\u00eb bindi dhe t\u00eb tjer\u00ebt. Qetsori i thot\u00eb q\u00eb kjo gj\u00eb nuk \u00ebsht\u00eb e v\u00ebrtet\u00eb pasi me sa [&hellip;]<\/p>\n","protected":false},"author":1,"featured_media":0,"comment_status":"open","ping_status":"closed","sticky":false,"template":"","format":"standard","meta":{"spay_email":"","jetpack_publicize_message":"","jetpack_is_tweetstorm":false,"jetpack_publicize_feature_enabled":true},"categories":[6502],"tags":[6736,7833,6529,6537,6883,6516,6712,6522,6538,6521,6542,6891],"jetpack_publicize_connections":[],"yoast_head":"<!-- This site is optimized with the Yoast SEO plugin v19.1 - https:\/\/yoast.com\/wordpress\/plugins\/seo\/ -->\n<title>Adela nuk e b\u00c3\u00abn at\u00c3\u00ab gabim | Big Brother Albania 2<\/title>\n<meta name=\"description\" content=\"Big Brother Albania 2 - Adela i shpreh disa prej banor\u00c3\u00abve shqet\u00c3\u00absimin e saj, se si kuptohet mar\u00c3\u00abdh\u00c3\u00abnia e saj me Bjordin. Ajo thot\u00c3\u00ab q\u00c3\u00ab \u00c3\u00absht\u00c3\u00ab nj\u00c3\u00ab person n\u00c3\u00ab sht\u00c3\u00abpi q\u00c3\u00ab mendon q\u00c3\u00ab ata kan\u00c3\u00ab dicka me nj\u00c3\u00abri-tjetrin, dhe mundohet t\u00c3\u00ab bindi dhe t\u00c3\u00ab tjer\u00c3\u00abt.\" \/>\n<meta name=\"robots\" content=\"index, follow, max-snippet:-1, max-image-preview:large, max-video-preview:-1\" \/>\n<link rel=\"canonical\" href=\"https:\/\/www.visit-ulcinj.com\/blog\/2009\/03\/11\/adela-nuk-e-ben-ate-gabim\/\" \/>\n<meta property=\"og:locale\" content=\"en_US\" \/>\n<meta property=\"og:type\" content=\"article\" \/>\n<meta property=\"og:title\" content=\"Adela nuk e b\u00c3\u00abn at\u00c3\u00ab gabim | Big Brother Albania 2\" \/>\n<meta property=\"og:description\" content=\"Big Brother Albania 2 - Adela i shpreh disa prej banor\u00c3\u00abve shqet\u00c3\u00absimin e saj, se si kuptohet mar\u00c3\u00abdh\u00c3\u00abnia e saj me Bjordin. Ajo thot\u00c3\u00ab q\u00c3\u00ab \u00c3\u00absht\u00c3\u00ab nj\u00c3\u00ab person n\u00c3\u00ab sht\u00c3\u00abpi q\u00c3\u00ab mendon q\u00c3\u00ab ata kan\u00c3\u00ab dicka me nj\u00c3\u00abri-tjetrin, dhe mundohet t\u00c3\u00ab bindi dhe t\u00c3\u00ab tjer\u00c3\u00abt.\" \/>\n<meta property=\"og:url\" content=\"https:\/\/www.visit-ulcinj.com\/blog\/2009\/03\/11\/adela-nuk-e-ben-ate-gabim\/\" \/>\n<meta property=\"og:site_name\" content=\"Lajme nga Ulqini\" \/>\n<meta property=\"article:published_time\" content=\"2009-03-11T22:57:36+00:00\" \/>\n<meta property=\"og:image\" content=\"http:\/\/www.visit-ulcinj.com\/blog\/wp-content\/uploads\/2009\/03\/adela.jpg\" \/>\n<meta name=\"twitter:label1\" content=\"Written by\" \/>\n\t<meta name=\"twitter:data1\" content=\"ulqini\" \/>\n\t<meta name=\"twitter:label2\" content=\"Est. reading time\" \/>\n\t<meta name=\"twitter:data2\" content=\"1 minute\" \/>\n<script type=\"application\/ld+json\" class=\"yoast-schema-graph\">{\"@context\":\"https:\/\/schema.org\",\"@graph\":[{\"@type\":\"WebSite\",\"@id\":\"https:\/\/www.visit-ulcinj.com\/blog\/#website\",\"url\":\"https:\/\/www.visit-ulcinj.com\/blog\/\",\"name\":\"Lajme nga Ulqini\",\"description\":\"Lajme,Vijesti,Ulqini,Ulqin,Crna Gora,Mali i Zi\",\"potentialAction\":[{\"@type\":\"SearchAction\",\"target\":{\"@type\":\"EntryPoint\",\"urlTemplate\":\"https:\/\/www.visit-ulcinj.com\/blog\/?s={search_term_string}\"},\"query-input\":\"required name=search_term_string\"}],\"inLanguage\":\"en-US\"},{\"@type\":\"ImageObject\",\"inLanguage\":\"en-US\",\"@id\":\"https:\/\/www.visit-ulcinj.com\/blog\/2009\/03\/11\/adela-nuk-e-ben-ate-gabim\/#primaryimage\",\"url\":\"http:\/\/www.visit-ulcinj.com\/blog\/wp-content\/uploads\/2009\/03\/adela.jpg\",\"contentUrl\":\"http:\/\/www.visit-ulcinj.com\/blog\/wp-content\/uploads\/2009\/03\/adela.jpg\"},{\"@type\":\"WebPage\",\"@id\":\"https:\/\/www.visit-ulcinj.com\/blog\/2009\/03\/11\/adela-nuk-e-ben-ate-gabim\/#webpage\",\"url\":\"https:\/\/www.visit-ulcinj.com\/blog\/2009\/03\/11\/adela-nuk-e-ben-ate-gabim\/\",\"name\":\"Adela nuk e b\u00c3\u00abn at\u00c3\u00ab gabim | Big Brother Albania 2\",\"isPartOf\":{\"@id\":\"https:\/\/www.visit-ulcinj.com\/blog\/#website\"},\"primaryImageOfPage\":{\"@id\":\"https:\/\/www.visit-ulcinj.com\/blog\/2009\/03\/11\/adela-nuk-e-ben-ate-gabim\/#primaryimage\"},\"datePublished\":\"2009-03-11T22:57:36+00:00\",\"dateModified\":\"2009-03-11T22:57:36+00:00\",\"author\":{\"@id\":\"https:\/\/www.visit-ulcinj.com\/blog\/#\/schema\/person\/dcab619c614d3038751c63bc2aadc06d\"},\"description\":\"Big Brother Albania 2 - Adela i shpreh disa prej banor\u00c3\u00abve shqet\u00c3\u00absimin e saj, se si kuptohet mar\u00c3\u00abdh\u00c3\u00abnia e saj me Bjordin. Ajo thot\u00c3\u00ab q\u00c3\u00ab \u00c3\u00absht\u00c3\u00ab nj\u00c3\u00ab person n\u00c3\u00ab sht\u00c3\u00abpi q\u00c3\u00ab mendon q\u00c3\u00ab ata kan\u00c3\u00ab dicka me nj\u00c3\u00abri-tjetrin, dhe mundohet t\u00c3\u00ab bindi dhe t\u00c3\u00ab tjer\u00c3\u00abt.\",\"breadcrumb\":{\"@id\":\"https:\/\/www.visit-ulcinj.com\/blog\/2009\/03\/11\/adela-nuk-e-ben-ate-gabim\/#breadcrumb\"},\"inLanguage\":\"en-US\",\"potentialAction\":[{\"@type\":\"ReadAction\",\"target\":[\"https:\/\/www.visit-ulcinj.com\/blog\/2009\/03\/11\/adela-nuk-e-ben-ate-gabim\/\"]}]},{\"@type\":\"BreadcrumbList\",\"@id\":\"https:\/\/www.visit-ulcinj.com\/blog\/2009\/03\/11\/adela-nuk-e-ben-ate-gabim\/#breadcrumb\",\"itemListElement\":[{\"@type\":\"ListItem\",\"position\":1,\"name\":\"Adela nuk e b\u00ebn at\u00eb gabim\"}]},{\"@type\":\"Person\",\"@id\":\"https:\/\/www.visit-ulcinj.com\/blog\/#\/schema\/person\/dcab619c614d3038751c63bc2aadc06d\",\"name\":\"ulqini\",\"sameAs\":[\"http:\/\/www.visit-ulcinj.com\"],\"url\":\"https:\/\/www.visit-ulcinj.com\/blog\/author\/admin\/\"}]}<\/script>\n<!-- \/ Yoast SEO plugin. -->","yoast_head_json":{"title":"Adela nuk e b\u00c3\u00abn at\u00c3\u00ab gabim | Big Brother Albania 2","description":"Big Brother Albania 2 - Adela i shpreh disa prej banor\u00c3\u00abve shqet\u00c3\u00absimin e saj, se si kuptohet mar\u00c3\u00abdh\u00c3\u00abnia e saj me Bjordin. Ajo thot\u00c3\u00ab q\u00c3\u00ab \u00c3\u00absht\u00c3\u00ab nj\u00c3\u00ab person n\u00c3\u00ab sht\u00c3\u00abpi q\u00c3\u00ab mendon q\u00c3\u00ab ata kan\u00c3\u00ab dicka me nj\u00c3\u00abri-tjetrin, dhe mundohet t\u00c3\u00ab bindi dhe t\u00c3\u00ab tjer\u00c3\u00abt.","robots":{"index":"index","follow":"follow","max-snippet":"max-snippet:-1","max-image-preview":"max-image-preview:large","max-video-preview":"max-video-preview:-1"},"canonical":"https:\/\/www.visit-ulcinj.com\/blog\/2009\/03\/11\/adela-nuk-e-ben-ate-gabim\/","og_locale":"en_US","og_type":"article","og_title":"Adela nuk e b\u00c3\u00abn at\u00c3\u00ab gabim | Big Brother Albania 2","og_description":"Big Brother Albania 2 - Adela i shpreh disa prej banor\u00c3\u00abve shqet\u00c3\u00absimin e saj, se si kuptohet mar\u00c3\u00abdh\u00c3\u00abnia e saj me Bjordin. Ajo thot\u00c3\u00ab q\u00c3\u00ab \u00c3\u00absht\u00c3\u00ab nj\u00c3\u00ab person n\u00c3\u00ab sht\u00c3\u00abpi q\u00c3\u00ab mendon q\u00c3\u00ab ata kan\u00c3\u00ab dicka me nj\u00c3\u00abri-tjetrin, dhe mundohet t\u00c3\u00ab bindi dhe t\u00c3\u00ab tjer\u00c3\u00abt.","og_url":"https:\/\/www.visit-ulcinj.com\/blog\/2009\/03\/11\/adela-nuk-e-ben-ate-gabim\/","og_site_name":"Lajme nga Ulqini","article_published_time":"2009-03-11T22:57:36+00:00","og_image":[{"url":"http:\/\/www.visit-ulcinj.com\/blog\/wp-content\/uploads\/2009\/03\/adela.jpg"}],"twitter_misc":{"Written by":"ulqini","Est. reading time":"1 minute"},"schema":{"@context":"https:\/\/schema.org","@graph":[{"@type":"WebSite","@id":"https:\/\/www.visit-ulcinj.com\/blog\/#website","url":"https:\/\/www.visit-ulcinj.com\/blog\/","name":"Lajme nga Ulqini","description":"Lajme,Vijesti,Ulqini,Ulqin,Crna Gora,Mali i Zi","potentialAction":[{"@type":"SearchAction","target":{"@type":"EntryPoint","urlTemplate":"https:\/\/www.visit-ulcinj.com\/blog\/?s={search_term_string}"},"query-input":"required name=search_term_string"}],"inLanguage":"en-US"},{"@type":"ImageObject","inLanguage":"en-US","@id":"https:\/\/www.visit-ulcinj.com\/blog\/2009\/03\/11\/adela-nuk-e-ben-ate-gabim\/#primaryimage","url":"http:\/\/www.visit-ulcinj.com\/blog\/wp-content\/uploads\/2009\/03\/adela.jpg","contentUrl":"http:\/\/www.visit-ulcinj.com\/blog\/wp-content\/uploads\/2009\/03\/adela.jpg"},{"@type":"WebPage","@id":"https:\/\/www.visit-ulcinj.com\/blog\/2009\/03\/11\/adela-nuk-e-ben-ate-gabim\/#webpage","url":"https:\/\/www.visit-ulcinj.com\/blog\/2009\/03\/11\/adela-nuk-e-ben-ate-gabim\/","name":"Adela nuk e b\u00c3\u00abn at\u00c3\u00ab gabim | Big Brother Albania 2","isPartOf":{"@id":"https:\/\/www.visit-ulcinj.com\/blog\/#website"},"primaryImageOfPage":{"@id":"https:\/\/www.visit-ulcinj.com\/blog\/2009\/03\/11\/adela-nuk-e-ben-ate-gabim\/#primaryimage"},"datePublished":"2009-03-11T22:57:36+00:00","dateModified":"2009-03-11T22:57:36+00:00","author":{"@id":"https:\/\/www.visit-ulcinj.com\/blog\/#\/schema\/person\/dcab619c614d3038751c63bc2aadc06d"},"description":"Big Brother Albania 2 - Adela i shpreh disa prej banor\u00c3\u00abve shqet\u00c3\u00absimin e saj, se si kuptohet mar\u00c3\u00abdh\u00c3\u00abnia e saj me Bjordin. Ajo thot\u00c3\u00ab q\u00c3\u00ab \u00c3\u00absht\u00c3\u00ab nj\u00c3\u00ab person n\u00c3\u00ab sht\u00c3\u00abpi q\u00c3\u00ab mendon q\u00c3\u00ab ata kan\u00c3\u00ab dicka me nj\u00c3\u00abri-tjetrin, dhe mundohet t\u00c3\u00ab bindi dhe t\u00c3\u00ab tjer\u00c3\u00abt.","breadcrumb":{"@id":"https:\/\/www.visit-ulcinj.com\/blog\/2009\/03\/11\/adela-nuk-e-ben-ate-gabim\/#breadcrumb"},"inLanguage":"en-US","potentialAction":[{"@type":"ReadAction","target":["https:\/\/www.visit-ulcinj.com\/blog\/2009\/03\/11\/adela-nuk-e-ben-ate-gabim\/"]}]},{"@type":"BreadcrumbList","@id":"https:\/\/www.visit-ulcinj.com\/blog\/2009\/03\/11\/adela-nuk-e-ben-ate-gabim\/#breadcrumb","itemListElement":[{"@type":"ListItem","position":1,"name":"Adela nuk e b\u00ebn at\u00eb gabim"}]},{"@type":"Person","@id":"https:\/\/www.visit-ulcinj.com\/blog\/#\/schema\/person\/dcab619c614d3038751c63bc2aadc06d","name":"ulqini","sameAs":["http:\/\/www.visit-ulcinj.com"],"url":"https:\/\/www.visit-ulcinj.com\/blog\/author\/admin\/"}]}},"jetpack_featured_media_url":"","jetpack_sharing_enabled":true,"jetpack_shortlink":"https:\/\/wp.me\/pe6lTn-3BG","_links":{"self":[{"href":"https:\/\/www.visit-ulcinj.com\/blog\/wp-json\/wp\/v2\/posts\/13868"}],"collection":[{"href":"https:\/\/www.visit-ulcinj.com\/blog\/wp-json\/wp\/v2\/posts"}],"about":[{"href":"https:\/\/www.visit-ulcinj.com\/blog\/wp-json\/wp\/v2\/types\/post"}],"author":[{"embeddable":true,"href":"https:\/\/www.visit-ulcinj.com\/blog\/wp-json\/wp\/v2\/users\/1"}],"replies":[{"embeddable":true,"href":"https:\/\/www.visit-ulcinj.com\/blog\/wp-json\/wp\/v2\/comments?post=13868"}],"version-history":[{"count":0,"href":"https:\/\/www.visit-ulcinj.com\/blog\/wp-json\/wp\/v2\/posts\/13868\/revisions"}],"wp:attachment":[{"href":"https:\/\/www.visit-ulcinj.com\/blog\/wp-json\/wp\/v2\/media?parent=13868"}],"wp:term":[{"taxonomy":"category","embeddable":true,"href":"https:\/\/www.visit-ulcinj.com\/blog\/wp-json\/wp\/v2\/categories?post=13868"},{"taxonomy":"post_tag","embeddable":true,"href":"https:\/\/www.visit-ulcinj.com\/blog\/wp-json\/wp\/v2\/tags?post=13868"}],"curies":[{"name":"wp","href":"https:\/\/api.w.org\/{rel}","templated":true}]}}