{"id":13875,"date":"2009-03-12T00:16:43","date_gmt":"2009-03-11T23:16:43","guid":{"rendered":"http:\/\/www.visit-ulcinj.com\/blog\/?p=13875"},"modified":"2009-03-12T00:16:43","modified_gmt":"2009-03-11T23:16:43","slug":"big-brother-albania-2-prova-e-javes-2","status":"publish","type":"post","link":"https:\/\/www.visit-ulcinj.com\/blog\/2009\/03\/12\/big-brother-albania-2-prova-e-javes-2\/","title":{"rendered":"Big Brother Albania 2 &#8211; Prova e jav\u00ebs"},"content":{"rendered":"<p><em><span class=\"newsdate\"><a href=\"http:\/\/www.visit-ulcinj.com\/blog\/wp-content\/uploads\/2009\/03\/prova-e-javes1.jpg\"><img loading=\"lazy\" class=\"alignleft size-full wp-image-13876\" title=\"prova-e-javes-big-brother-albania\" src=\"http:\/\/www.visit-ulcinj.com\/blog\/wp-content\/uploads\/2009\/03\/prova-e-javes1.jpg\" alt=\"prova-e-javes-big-brother-albania\" width=\"300\" height=\"205\" \/><\/a>11\/03\/09 21:55<\/span><\/em><\/p>\n<p>Big Brother ka vendosur q\u00eb prova e jav\u00ebs t\u00eb p\u00ebrb\u00ebhet nga disa sfida q\u00eb banor\u00ebt duhet t`i kalojn\u00eb deri dit\u00ebn e shtun\u00eb. N\u00eb sfid\u00ebn e par\u00eb ato duhet t\u00eb kapin 50 topa t\u00eb r\u00ebn\u00eb nga qielli. Kjo sfid\u00eb quhet e p\u00ebrmbushur n\u00ebse banor\u00ebt e kapin topin pa r\u00ebn\u00eb n\u00eb vask\u00ebn me balt\u00eb q\u00eb Big Brother ka vendosur n\u00eb zon\u00ebn e kampingut. Prova do kryhet n\u00eb brenda nj\u00eb kohe t\u00eb caktuar dhe n\u00eb fund t\u00eb saj do num\u00ebrohen topat e kapur nga banor\u00ebt. Realizimi i k\u00ebtij aktiviteti p\u00ebrb\u00ebn 25%t\u00eb gjith\u00eb prov\u00ebs javore. Grupi i par\u00eb q\u00eb zhvilloi loj\u00ebn ishte Bjordi, Adela, Bika, Qetsori, Adi dhe Aida.\u00a0<br \/>\nNj\u00eb element tjet\u00ebr i prov\u00ebs s\u00eb jav\u00ebs \u00ebsht\u00eb dhe vendosja e nj\u00eb telefoni brenda sht\u00ebpis\u00eb. Zilja e tij mund t\u00eb bjer\u00eb n\u00eb orare t\u00eb pacaktuara gjat\u00eb dit\u00ebs ose nat\u00ebs. Personi i par\u00eb q\u00eb p\u00ebrgjigjet do t`i jepet nj\u00eb shp\u00ebrblim ose detyr\u00eb!<\/p>\n","protected":false},"excerpt":{"rendered":"<p>11\/03\/09 21:55 Big Brother ka vendosur q\u00eb prova e jav\u00ebs t\u00eb p\u00ebrb\u00ebhet nga disa sfida q\u00eb banor\u00ebt duhet t`i kalojn\u00eb deri dit\u00ebn e shtun\u00eb. N\u00eb sfid\u00ebn e par\u00eb ato duhet t\u00eb kapin 50 topa t\u00eb r\u00ebn\u00eb nga qielli. Kjo sfid\u00eb quhet e p\u00ebrmbushur n\u00ebse banor\u00ebt e kapin topin pa r\u00ebn\u00eb n\u00eb vask\u00ebn me balt\u00eb q\u00eb [&hellip;]<\/p>\n","protected":false},"author":1,"featured_media":0,"comment_status":"open","ping_status":"closed","sticky":false,"template":"","format":"standard","meta":{"spay_email":"","jetpack_publicize_message":"","jetpack_is_tweetstorm":false,"jetpack_publicize_feature_enabled":true},"categories":[6502],"tags":[6736,6529,1414,6566,6537,6883,6516,6712,6740,6665,7836,6900,6891],"jetpack_publicize_connections":[],"yoast_head":"<!-- This site is optimized with the Yoast SEO plugin v19.1 - https:\/\/yoast.com\/wordpress\/plugins\/seo\/ -->\n<title>Big Brother Albania 2 - Prova e jav\u00c3\u00abs<\/title>\n<meta name=\"description\" content=\"Big Brother Albania 2 - Big Brother ka vendosur q\u00c3\u00ab prova e jav\u00c3\u00abs t\u00c3\u00ab p\u00c3\u00abrb\u00c3\u00abhet nga disa sfida q\u00c3\u00ab banor\u00c3\u00abt duhet t`i kalojn\u00c3\u00ab deri dit\u00c3\u00abn e shtun\u00c3\u00ab.\" \/>\n<meta name=\"robots\" content=\"index, follow, max-snippet:-1, max-image-preview:large, max-video-preview:-1\" \/>\n<link rel=\"canonical\" href=\"https:\/\/www.visit-ulcinj.com\/blog\/2009\/03\/12\/big-brother-albania-2-prova-e-javes-2\/\" \/>\n<meta property=\"og:locale\" content=\"en_US\" \/>\n<meta property=\"og:type\" content=\"article\" \/>\n<meta property=\"og:title\" content=\"Big Brother Albania 2 - Prova e jav\u00c3\u00abs\" \/>\n<meta property=\"og:description\" content=\"Big Brother Albania 2 - Big Brother ka vendosur q\u00c3\u00ab prova e jav\u00c3\u00abs t\u00c3\u00ab p\u00c3\u00abrb\u00c3\u00abhet nga disa sfida q\u00c3\u00ab banor\u00c3\u00abt duhet t`i kalojn\u00c3\u00ab deri dit\u00c3\u00abn e shtun\u00c3\u00ab.\" \/>\n<meta property=\"og:url\" content=\"https:\/\/www.visit-ulcinj.com\/blog\/2009\/03\/12\/big-brother-albania-2-prova-e-javes-2\/\" \/>\n<meta property=\"og:site_name\" content=\"Lajme nga Ulqini\" \/>\n<meta property=\"article:published_time\" content=\"2009-03-11T23:16:43+00:00\" \/>\n<meta property=\"og:image\" content=\"http:\/\/www.visit-ulcinj.com\/blog\/wp-content\/uploads\/2009\/03\/prova-e-javes1.jpg\" \/>\n<meta name=\"twitter:label1\" content=\"Written by\" \/>\n\t<meta name=\"twitter:data1\" content=\"ulqini\" \/>\n\t<meta name=\"twitter:label2\" content=\"Est. reading time\" \/>\n\t<meta name=\"twitter:data2\" content=\"1 minute\" \/>\n<script type=\"application\/ld+json\" class=\"yoast-schema-graph\">{\"@context\":\"https:\/\/schema.org\",\"@graph\":[{\"@type\":\"WebSite\",\"@id\":\"https:\/\/www.visit-ulcinj.com\/blog\/#website\",\"url\":\"https:\/\/www.visit-ulcinj.com\/blog\/\",\"name\":\"Lajme nga Ulqini\",\"description\":\"Lajme,Vijesti,Ulqini,Ulqin,Crna Gora,Mali i Zi\",\"potentialAction\":[{\"@type\":\"SearchAction\",\"target\":{\"@type\":\"EntryPoint\",\"urlTemplate\":\"https:\/\/www.visit-ulcinj.com\/blog\/?s={search_term_string}\"},\"query-input\":\"required name=search_term_string\"}],\"inLanguage\":\"en-US\"},{\"@type\":\"ImageObject\",\"inLanguage\":\"en-US\",\"@id\":\"https:\/\/www.visit-ulcinj.com\/blog\/2009\/03\/12\/big-brother-albania-2-prova-e-javes-2\/#primaryimage\",\"url\":\"http:\/\/www.visit-ulcinj.com\/blog\/wp-content\/uploads\/2009\/03\/prova-e-javes1.jpg\",\"contentUrl\":\"http:\/\/www.visit-ulcinj.com\/blog\/wp-content\/uploads\/2009\/03\/prova-e-javes1.jpg\"},{\"@type\":\"WebPage\",\"@id\":\"https:\/\/www.visit-ulcinj.com\/blog\/2009\/03\/12\/big-brother-albania-2-prova-e-javes-2\/#webpage\",\"url\":\"https:\/\/www.visit-ulcinj.com\/blog\/2009\/03\/12\/big-brother-albania-2-prova-e-javes-2\/\",\"name\":\"Big Brother Albania 2 - Prova e jav\u00c3\u00abs\",\"isPartOf\":{\"@id\":\"https:\/\/www.visit-ulcinj.com\/blog\/#website\"},\"primaryImageOfPage\":{\"@id\":\"https:\/\/www.visit-ulcinj.com\/blog\/2009\/03\/12\/big-brother-albania-2-prova-e-javes-2\/#primaryimage\"},\"datePublished\":\"2009-03-11T23:16:43+00:00\",\"dateModified\":\"2009-03-11T23:16:43+00:00\",\"author\":{\"@id\":\"https:\/\/www.visit-ulcinj.com\/blog\/#\/schema\/person\/dcab619c614d3038751c63bc2aadc06d\"},\"description\":\"Big Brother Albania 2 - Big Brother ka vendosur q\u00c3\u00ab prova e jav\u00c3\u00abs t\u00c3\u00ab p\u00c3\u00abrb\u00c3\u00abhet nga disa sfida q\u00c3\u00ab banor\u00c3\u00abt duhet t`i kalojn\u00c3\u00ab deri dit\u00c3\u00abn e shtun\u00c3\u00ab.\",\"breadcrumb\":{\"@id\":\"https:\/\/www.visit-ulcinj.com\/blog\/2009\/03\/12\/big-brother-albania-2-prova-e-javes-2\/#breadcrumb\"},\"inLanguage\":\"en-US\",\"potentialAction\":[{\"@type\":\"ReadAction\",\"target\":[\"https:\/\/www.visit-ulcinj.com\/blog\/2009\/03\/12\/big-brother-albania-2-prova-e-javes-2\/\"]}]},{\"@type\":\"BreadcrumbList\",\"@id\":\"https:\/\/www.visit-ulcinj.com\/blog\/2009\/03\/12\/big-brother-albania-2-prova-e-javes-2\/#breadcrumb\",\"itemListElement\":[{\"@type\":\"ListItem\",\"position\":1,\"name\":\"Big Brother Albania 2 &#8211; Prova e jav\u00ebs\"}]},{\"@type\":\"Person\",\"@id\":\"https:\/\/www.visit-ulcinj.com\/blog\/#\/schema\/person\/dcab619c614d3038751c63bc2aadc06d\",\"name\":\"ulqini\",\"sameAs\":[\"http:\/\/www.visit-ulcinj.com\"],\"url\":\"https:\/\/www.visit-ulcinj.com\/blog\/author\/admin\/\"}]}<\/script>\n<!-- \/ Yoast SEO plugin. -->","yoast_head_json":{"title":"Big Brother Albania 2 - Prova e jav\u00c3\u00abs","description":"Big Brother Albania 2 - Big Brother ka vendosur q\u00c3\u00ab prova e jav\u00c3\u00abs t\u00c3\u00ab p\u00c3\u00abrb\u00c3\u00abhet nga disa sfida q\u00c3\u00ab banor\u00c3\u00abt duhet t`i kalojn\u00c3\u00ab deri dit\u00c3\u00abn e shtun\u00c3\u00ab.","robots":{"index":"index","follow":"follow","max-snippet":"max-snippet:-1","max-image-preview":"max-image-preview:large","max-video-preview":"max-video-preview:-1"},"canonical":"https:\/\/www.visit-ulcinj.com\/blog\/2009\/03\/12\/big-brother-albania-2-prova-e-javes-2\/","og_locale":"en_US","og_type":"article","og_title":"Big Brother Albania 2 - Prova e jav\u00c3\u00abs","og_description":"Big Brother Albania 2 - Big Brother ka vendosur q\u00c3\u00ab prova e jav\u00c3\u00abs t\u00c3\u00ab p\u00c3\u00abrb\u00c3\u00abhet nga disa sfida q\u00c3\u00ab banor\u00c3\u00abt duhet t`i kalojn\u00c3\u00ab deri dit\u00c3\u00abn e shtun\u00c3\u00ab.","og_url":"https:\/\/www.visit-ulcinj.com\/blog\/2009\/03\/12\/big-brother-albania-2-prova-e-javes-2\/","og_site_name":"Lajme nga Ulqini","article_published_time":"2009-03-11T23:16:43+00:00","og_image":[{"url":"http:\/\/www.visit-ulcinj.com\/blog\/wp-content\/uploads\/2009\/03\/prova-e-javes1.jpg"}],"twitter_misc":{"Written by":"ulqini","Est. reading time":"1 minute"},"schema":{"@context":"https:\/\/schema.org","@graph":[{"@type":"WebSite","@id":"https:\/\/www.visit-ulcinj.com\/blog\/#website","url":"https:\/\/www.visit-ulcinj.com\/blog\/","name":"Lajme nga Ulqini","description":"Lajme,Vijesti,Ulqini,Ulqin,Crna Gora,Mali i Zi","potentialAction":[{"@type":"SearchAction","target":{"@type":"EntryPoint","urlTemplate":"https:\/\/www.visit-ulcinj.com\/blog\/?s={search_term_string}"},"query-input":"required name=search_term_string"}],"inLanguage":"en-US"},{"@type":"ImageObject","inLanguage":"en-US","@id":"https:\/\/www.visit-ulcinj.com\/blog\/2009\/03\/12\/big-brother-albania-2-prova-e-javes-2\/#primaryimage","url":"http:\/\/www.visit-ulcinj.com\/blog\/wp-content\/uploads\/2009\/03\/prova-e-javes1.jpg","contentUrl":"http:\/\/www.visit-ulcinj.com\/blog\/wp-content\/uploads\/2009\/03\/prova-e-javes1.jpg"},{"@type":"WebPage","@id":"https:\/\/www.visit-ulcinj.com\/blog\/2009\/03\/12\/big-brother-albania-2-prova-e-javes-2\/#webpage","url":"https:\/\/www.visit-ulcinj.com\/blog\/2009\/03\/12\/big-brother-albania-2-prova-e-javes-2\/","name":"Big Brother Albania 2 - Prova e jav\u00c3\u00abs","isPartOf":{"@id":"https:\/\/www.visit-ulcinj.com\/blog\/#website"},"primaryImageOfPage":{"@id":"https:\/\/www.visit-ulcinj.com\/blog\/2009\/03\/12\/big-brother-albania-2-prova-e-javes-2\/#primaryimage"},"datePublished":"2009-03-11T23:16:43+00:00","dateModified":"2009-03-11T23:16:43+00:00","author":{"@id":"https:\/\/www.visit-ulcinj.com\/blog\/#\/schema\/person\/dcab619c614d3038751c63bc2aadc06d"},"description":"Big Brother Albania 2 - Big Brother ka vendosur q\u00c3\u00ab prova e jav\u00c3\u00abs t\u00c3\u00ab p\u00c3\u00abrb\u00c3\u00abhet nga disa sfida q\u00c3\u00ab banor\u00c3\u00abt duhet t`i kalojn\u00c3\u00ab deri dit\u00c3\u00abn e shtun\u00c3\u00ab.","breadcrumb":{"@id":"https:\/\/www.visit-ulcinj.com\/blog\/2009\/03\/12\/big-brother-albania-2-prova-e-javes-2\/#breadcrumb"},"inLanguage":"en-US","potentialAction":[{"@type":"ReadAction","target":["https:\/\/www.visit-ulcinj.com\/blog\/2009\/03\/12\/big-brother-albania-2-prova-e-javes-2\/"]}]},{"@type":"BreadcrumbList","@id":"https:\/\/www.visit-ulcinj.com\/blog\/2009\/03\/12\/big-brother-albania-2-prova-e-javes-2\/#breadcrumb","itemListElement":[{"@type":"ListItem","position":1,"name":"Big Brother Albania 2 &#8211; Prova e jav\u00ebs"}]},{"@type":"Person","@id":"https:\/\/www.visit-ulcinj.com\/blog\/#\/schema\/person\/dcab619c614d3038751c63bc2aadc06d","name":"ulqini","sameAs":["http:\/\/www.visit-ulcinj.com"],"url":"https:\/\/www.visit-ulcinj.com\/blog\/author\/admin\/"}]}},"jetpack_featured_media_url":"","jetpack_sharing_enabled":true,"jetpack_shortlink":"https:\/\/wp.me\/pe6lTn-3BN","_links":{"self":[{"href":"https:\/\/www.visit-ulcinj.com\/blog\/wp-json\/wp\/v2\/posts\/13875"}],"collection":[{"href":"https:\/\/www.visit-ulcinj.com\/blog\/wp-json\/wp\/v2\/posts"}],"about":[{"href":"https:\/\/www.visit-ulcinj.com\/blog\/wp-json\/wp\/v2\/types\/post"}],"author":[{"embeddable":true,"href":"https:\/\/www.visit-ulcinj.com\/blog\/wp-json\/wp\/v2\/users\/1"}],"replies":[{"embeddable":true,"href":"https:\/\/www.visit-ulcinj.com\/blog\/wp-json\/wp\/v2\/comments?post=13875"}],"version-history":[{"count":0,"href":"https:\/\/www.visit-ulcinj.com\/blog\/wp-json\/wp\/v2\/posts\/13875\/revisions"}],"wp:attachment":[{"href":"https:\/\/www.visit-ulcinj.com\/blog\/wp-json\/wp\/v2\/media?parent=13875"}],"wp:term":[{"taxonomy":"category","embeddable":true,"href":"https:\/\/www.visit-ulcinj.com\/blog\/wp-json\/wp\/v2\/categories?post=13875"},{"taxonomy":"post_tag","embeddable":true,"href":"https:\/\/www.visit-ulcinj.com\/blog\/wp-json\/wp\/v2\/tags?post=13875"}],"curies":[{"name":"wp","href":"https:\/\/api.w.org\/{rel}","templated":true}]}}