{"id":13879,"date":"2009-03-12T18:37:34","date_gmt":"2009-03-12T17:37:34","guid":{"rendered":"http:\/\/www.visit-ulcinj.com\/blog\/?p=13879"},"modified":"2009-03-12T18:43:14","modified_gmt":"2009-03-12T17:43:14","slug":"resulbegovic-htjeli-bi-da-im-do-avgusta-odloze-dugove","status":"publish","type":"post","link":"https:\/\/www.visit-ulcinj.com\/blog\/2009\/03\/12\/resulbegovic-htjeli-bi-da-im-do-avgusta-odloze-dugove\/","title":{"rendered":"Resulbegovi?: Htjeli bi da im do avgusta odlo\u017ee dugove"},"content":{"rendered":"<p><strong><a href=\"http:\/\/www.visit-ulcinj.com\/blog\/wp-content\/uploads\/2009\/03\/predstavnik-ulcinjskog-turistickog-udruzenja-gani-resulbegovic.jpg\"><img loading=\"lazy\" class=\"alignleft size-full wp-image-13880\" title=\"predstavnik-ulcinjskog-turistickog-udruzenja-gani-resulbegovic\" src=\"http:\/\/www.visit-ulcinj.com\/blog\/wp-content\/uploads\/2009\/03\/predstavnik-ulcinjskog-turistickog-udruzenja-gani-resulbegovic.jpg\" alt=\"predstavnik-ulcinjskog-turistickog-udruzenja-gani-resulbegovic\" width=\"319\" height=\"425\" \/><\/a>TURISTI?KI POSLENICI IMAJU BROJNE ZAHTJEVE<\/strong><\/p>\n<p>Podgorica (MINA-BUSINESS) \u2013 Reprogramiranje kreditnog duga do avgusta, povoljniji krediti, ukidanje eko takse i bolja saradnja turisti?kih radnika sjevera i juga Crne Gore doprinijelo bi ostvarivanju boljih rezultata u predstoje?oj sezoni, ocijenjeno je ju?e u Privrednoj komori (PKCG).<\/p>\n<p>Predstavnik ulcinjskog Turisti?kog udru\u017eenja Gani Resulbegovi?, smatra da bi obezbje?ivanje povoljnijih kredita pomoglo crnogorskim hotelijerima, ?ija kreditna zadu\u017eenost nije mala.<\/p>\n<p>&#8211; Crnogorska Vlada bi mogla da ulo\u017ei napor da u saradnji sa bankama pomogne turizmu &#8211; rekao je Resulbegovi? na sjednici Odbora Udru\u017eenja turizma i ugostiteljstva PKCG.<\/p>\n<p>On je dodao da bi reprogramiranje kreditnog duga hotelijerima do avgusta pomoglo u pripremi i ostvarivanju boljih rezultata u predstoje?oj sezoni.<\/p>\n<p>Predstavnik bjelopoljskog hotela Palas Ver\u0161igora Bulatovi? tvrdi da je uvo?enje naplate eko takse turistima koji ulaze u Crnu Goru 20 odsto umanjilo njihov broj u pro\u0161logodi\u0161njoj sezoni.<\/p>\n<p>Vlasnik budvanske turisti?ke agencije Ekskluziv turs Vuka\u0161in ?ulafi?, predlo\u017eio je da se me?u gra?anima susjednih dr\u017eava sprovede anketa na osnovu koje bi se utvrdilo koliko naplata eko takse uti?e na njihovo opredjeljenje za dolazak u Crnu Goru.<\/p>\n<p>On je dodao da bi dr\u017eava trebalo da iza?e u susret stranim tur-operatorima kada je rije? o avio-prevozu, uvo?enjem olak\u0161ica, odnosno smanjenjem aerodromske takse za polijetanje i slijetanje aviona.<\/p>\n<p>Predstavnik Montenegro stars hotels grupe Radovan Radoman smatra da bi crnogorski hotelijeri koji rade u periodu od novembra do aprila trabalo da budu oslobo?eni pla?anja da\u017ebina dr\u017eavnoj i lokalnoj upravi, odnosno taksi kao \u0161to su turisti?ke, boravi\u0161ne i festivalske takse.<\/p>\n<p>Montenegro stars, prema rije?ima Radomana, zapo\u0161ljava oko 350 narazidenata, za koje je obavezan da plati osmomjese?nu taksu, iako u kompaniji u prosjeku provedu 37 dana.<\/p>\n<p><strong>MINA-BUSINESS<\/strong><\/p>\n<p><strong>\n\t\t<style type=\"text\/css\">\n\t\t\t#gallery-1 {\n\t\t\t\tmargin: auto;\n\t\t\t}\n\t\t\t#gallery-1 .gallery-item {\n\t\t\t\tfloat: left;\n\t\t\t\tmargin-top: 10px;\n\t\t\t\ttext-align: center;\n\t\t\t\twidth: 33%;\n\t\t\t}\n\t\t\t#gallery-1 img {\n\t\t\t\tborder: 2px solid #cfcfcf;\n\t\t\t}\n\t\t\t#gallery-1 .gallery-caption {\n\t\t\t\tmargin-left: 0;\n\t\t\t}\n\t\t\t\/* see gallery_shortcode() in wp-includes\/media.php *\/\n\t\t<\/style>\n\t\t<div id='gallery-1' class='gallery galleryid-13879 gallery-columns-3 gallery-size-thumbnail'><dl class='gallery-item'>\n\t\t\t<dt class='gallery-icon portrait'>\n\t\t\t\t<a href='https:\/\/www.visit-ulcinj.com\/blog\/2009\/03\/12\/resulbegovic-htjeli-bi-da-im-do-avgusta-odloze-dugove\/predstavnik-ulcinjskog-turistickog-udruzenja-gani-resulbegovic\/'><img width=\"150\" height=\"150\" src=\"https:\/\/www.visit-ulcinj.com\/blog\/wp-content\/uploads\/2009\/03\/predstavnik-ulcinjskog-turistickog-udruzenja-gani-resulbegovic-150x150.jpg\" class=\"attachment-thumbnail size-thumbnail\" alt=\"\" loading=\"lazy\" \/><\/a>\n\t\t\t<\/dt><\/dl><dl class='gallery-item'>\n\t\t\t<dt class='gallery-icon landscape'>\n\t\t\t\t<a href='https:\/\/www.visit-ulcinj.com\/blog\/2009\/03\/12\/resulbegovic-htjeli-bi-da-im-do-avgusta-odloze-dugove\/gezim_hajdinaga_dr_vbrailo_hajdar_murati_gani_resulbegovic_hasan_karamanaga\/'><img width=\"150\" height=\"150\" src=\"https:\/\/www.visit-ulcinj.com\/blog\/wp-content\/uploads\/2009\/03\/gezim_hajdinaga_dr_vbrailo_hajdar_murati_gani_resulbegovic_hasan_karamanaga-150x150.jpg\" class=\"attachment-thumbnail size-thumbnail\" alt=\"\" loading=\"lazy\" \/><\/a>\n\t\t\t<\/dt><\/dl><dl class='gallery-item'>\n\t\t\t<dt class='gallery-icon landscape'>\n\t\t\t\t<a href='https:\/\/www.visit-ulcinj.com\/blog\/2009\/03\/12\/resulbegovic-htjeli-bi-da-im-do-avgusta-odloze-dugove\/gzim-hajdinaga_gani-resulbegovic\/'><img width=\"150\" height=\"150\" src=\"https:\/\/www.visit-ulcinj.com\/blog\/wp-content\/uploads\/2009\/03\/gzim-hajdinaga_gani-resulbegovic-150x150.jpg\" class=\"attachment-thumbnail size-thumbnail\" alt=\"\" loading=\"lazy\" \/><\/a>\n\t\t\t<\/dt><\/dl><br style=\"clear: both\" \/><dl class='gallery-item'>\n\t\t\t<dt class='gallery-icon landscape'>\n\t\t\t\t<a href='https:\/\/www.visit-ulcinj.com\/blog\/2009\/03\/12\/resulbegovic-htjeli-bi-da-im-do-avgusta-odloze-dugove\/dvori-balsica_ulcinj_crna-gora1\/'><img width=\"150\" height=\"150\" src=\"https:\/\/www.visit-ulcinj.com\/blog\/wp-content\/uploads\/2009\/03\/dvori-balsica_ulcinj_crna-gora1-150x150.jpg\" class=\"attachment-thumbnail size-thumbnail\" alt=\"\" loading=\"lazy\" \/><\/a>\n\t\t\t<\/dt><\/dl><dl class='gallery-item'>\n\t\t\t<dt class='gallery-icon landscape'>\n\t\t\t\t<a href='https:\/\/www.visit-ulcinj.com\/blog\/2009\/03\/12\/resulbegovic-htjeli-bi-da-im-do-avgusta-odloze-dugove\/dvori-balsica_ulcinj_crna-gora2\/'><img width=\"150\" height=\"150\" src=\"https:\/\/www.visit-ulcinj.com\/blog\/wp-content\/uploads\/2009\/03\/dvori-balsica_ulcinj_crna-gora2-150x150.jpg\" class=\"attachment-thumbnail size-thumbnail\" alt=\"\" loading=\"lazy\" \/><\/a>\n\t\t\t<\/dt><\/dl><dl class='gallery-item'>\n\t\t\t<dt class='gallery-icon landscape'>\n\t\t\t\t<a href='https:\/\/www.visit-ulcinj.com\/blog\/2009\/03\/12\/resulbegovic-htjeli-bi-da-im-do-avgusta-odloze-dugove\/dvori-balsica_ulcinj_crna-gora3\/'><img width=\"150\" height=\"150\" src=\"https:\/\/www.visit-ulcinj.com\/blog\/wp-content\/uploads\/2009\/03\/dvori-balsica_ulcinj_crna-gora3-150x150.jpg\" class=\"attachment-thumbnail size-thumbnail\" alt=\"\" loading=\"lazy\" \/><\/a>\n\t\t\t<\/dt><\/dl><br style=\"clear: both\" \/><dl class='gallery-item'>\n\t\t\t<dt class='gallery-icon landscape'>\n\t\t\t\t<a href='https:\/\/www.visit-ulcinj.com\/blog\/2009\/03\/12\/resulbegovic-htjeli-bi-da-im-do-avgusta-odloze-dugove\/dvori-balsica_ulcinj_crna-gora4\/'><img width=\"150\" height=\"150\" src=\"https:\/\/www.visit-ulcinj.com\/blog\/wp-content\/uploads\/2009\/03\/dvori-balsica_ulcinj_crna-gora4-150x150.jpg\" class=\"attachment-thumbnail size-thumbnail\" alt=\"\" loading=\"lazy\" \/><\/a>\n\t\t\t<\/dt><\/dl><dl class='gallery-item'>\n\t\t\t<dt class='gallery-icon landscape'>\n\t\t\t\t<a href='https:\/\/www.visit-ulcinj.com\/blog\/2009\/03\/12\/resulbegovic-htjeli-bi-da-im-do-avgusta-odloze-dugove\/dvori-balsica_ulcinj_crna-gora5\/'><img width=\"150\" height=\"150\" src=\"https:\/\/www.visit-ulcinj.com\/blog\/wp-content\/uploads\/2009\/03\/dvori-balsica_ulcinj_crna-gora5-150x150.jpg\" class=\"attachment-thumbnail size-thumbnail\" alt=\"\" loading=\"lazy\" \/><\/a>\n\t\t\t<\/dt><\/dl><dl class='gallery-item'>\n\t\t\t<dt class='gallery-icon landscape'>\n\t\t\t\t<a href='https:\/\/www.visit-ulcinj.com\/blog\/2009\/03\/12\/resulbegovic-htjeli-bi-da-im-do-avgusta-odloze-dugove\/dvori-balsica_ulcinj_crna-gora6\/'><img width=\"150\" height=\"150\" src=\"https:\/\/www.visit-ulcinj.com\/blog\/wp-content\/uploads\/2009\/03\/dvori-balsica_ulcinj_crna-gora6-150x150.jpg\" class=\"attachment-thumbnail size-thumbnail\" alt=\"\" loading=\"lazy\" \/><\/a>\n\t\t\t<\/dt><\/dl><br style=\"clear: both\" \/><dl class='gallery-item'>\n\t\t\t<dt class='gallery-icon landscape'>\n\t\t\t\t<a href='https:\/\/www.visit-ulcinj.com\/blog\/2009\/03\/12\/resulbegovic-htjeli-bi-da-im-do-avgusta-odloze-dugove\/dvori-balsica_ulcinj_crna-gora7\/'><img width=\"150\" height=\"150\" src=\"https:\/\/www.visit-ulcinj.com\/blog\/wp-content\/uploads\/2009\/03\/dvori-balsica_ulcinj_crna-gora7-150x150.jpg\" class=\"attachment-thumbnail size-thumbnail\" alt=\"\" loading=\"lazy\" \/><\/a>\n\t\t\t<\/dt><\/dl><dl class='gallery-item'>\n\t\t\t<dt class='gallery-icon landscape'>\n\t\t\t\t<a href='https:\/\/www.visit-ulcinj.com\/blog\/2009\/03\/12\/resulbegovic-htjeli-bi-da-im-do-avgusta-odloze-dugove\/dvori-balsica_ulcinj_crna-gora8\/'><img width=\"150\" height=\"150\" src=\"https:\/\/www.visit-ulcinj.com\/blog\/wp-content\/uploads\/2009\/03\/dvori-balsica_ulcinj_crna-gora8-150x150.jpg\" class=\"attachment-thumbnail size-thumbnail\" alt=\"\" loading=\"lazy\" \/><\/a>\n\t\t\t<\/dt><\/dl><dl class='gallery-item'>\n\t\t\t<dt class='gallery-icon landscape'>\n\t\t\t\t<a href='https:\/\/www.visit-ulcinj.com\/blog\/2009\/03\/12\/resulbegovic-htjeli-bi-da-im-do-avgusta-odloze-dugove\/dvori-balsica_ulcinj_crna-gora9\/'><img width=\"150\" height=\"150\" src=\"https:\/\/www.visit-ulcinj.com\/blog\/wp-content\/uploads\/2009\/03\/dvori-balsica_ulcinj_crna-gora9-150x150.jpg\" class=\"attachment-thumbnail size-thumbnail\" alt=\"\" loading=\"lazy\" \/><\/a>\n\t\t\t<\/dt><\/dl><br style=\"clear: both\" \/><dl class='gallery-item'>\n\t\t\t<dt class='gallery-icon landscape'>\n\t\t\t\t<a href='https:\/\/www.visit-ulcinj.com\/blog\/2009\/03\/12\/resulbegovic-htjeli-bi-da-im-do-avgusta-odloze-dugove\/dvori-balsica_ulcinj_crna-gora10\/'><img width=\"150\" height=\"150\" src=\"https:\/\/www.visit-ulcinj.com\/blog\/wp-content\/uploads\/2009\/03\/dvori-balsica_ulcinj_crna-gora10-150x150.jpg\" class=\"attachment-thumbnail size-thumbnail\" alt=\"\" loading=\"lazy\" \/><\/a>\n\t\t\t<\/dt><\/dl><dl class='gallery-item'>\n\t\t\t<dt class='gallery-icon landscape'>\n\t\t\t\t<a href='https:\/\/www.visit-ulcinj.com\/blog\/2009\/03\/12\/resulbegovic-htjeli-bi-da-im-do-avgusta-odloze-dugove\/dvori-balsica_ulcinj_crna-gora11\/'><img width=\"150\" height=\"150\" src=\"https:\/\/www.visit-ulcinj.com\/blog\/wp-content\/uploads\/2009\/03\/dvori-balsica_ulcinj_crna-gora11-150x150.jpg\" class=\"attachment-thumbnail size-thumbnail\" alt=\"\" loading=\"lazy\" \/><\/a>\n\t\t\t<\/dt><\/dl><dl class='gallery-item'>\n\t\t\t<dt class='gallery-icon landscape'>\n\t\t\t\t<a href='https:\/\/www.visit-ulcinj.com\/blog\/2009\/03\/12\/resulbegovic-htjeli-bi-da-im-do-avgusta-odloze-dugove\/dvori-balsica_ulcinj_crna-gora12\/'><img width=\"150\" height=\"150\" src=\"https:\/\/www.visit-ulcinj.com\/blog\/wp-content\/uploads\/2009\/03\/dvori-balsica_ulcinj_crna-gora12-150x150.jpg\" class=\"attachment-thumbnail size-thumbnail\" alt=\"\" loading=\"lazy\" \/><\/a>\n\t\t\t<\/dt><\/dl><br style=\"clear: both\" \/><dl class='gallery-item'>\n\t\t\t<dt class='gallery-icon landscape'>\n\t\t\t\t<a href='https:\/\/www.visit-ulcinj.com\/blog\/2009\/03\/12\/resulbegovic-htjeli-bi-da-im-do-avgusta-odloze-dugove\/dvori-balsica_ulcinj_crna-gora13\/'><img width=\"150\" height=\"150\" src=\"https:\/\/www.visit-ulcinj.com\/blog\/wp-content\/uploads\/2009\/03\/dvori-balsica_ulcinj_crna-gora13-150x150.jpg\" class=\"attachment-thumbnail size-thumbnail\" alt=\"\" loading=\"lazy\" \/><\/a>\n\t\t\t<\/dt><\/dl><dl class='gallery-item'>\n\t\t\t<dt class='gallery-icon landscape'>\n\t\t\t\t<a href='https:\/\/www.visit-ulcinj.com\/blog\/2009\/03\/12\/resulbegovic-htjeli-bi-da-im-do-avgusta-odloze-dugove\/dvori-balsica_ulcinj_crna-gora14\/'><img width=\"150\" height=\"150\" src=\"https:\/\/www.visit-ulcinj.com\/blog\/wp-content\/uploads\/2009\/03\/dvori-balsica_ulcinj_crna-gora14-150x150.jpg\" class=\"attachment-thumbnail size-thumbnail\" alt=\"\" loading=\"lazy\" \/><\/a>\n\t\t\t<\/dt><\/dl><dl class='gallery-item'>\n\t\t\t<dt class='gallery-icon landscape'>\n\t\t\t\t<a href='https:\/\/www.visit-ulcinj.com\/blog\/2009\/03\/12\/resulbegovic-htjeli-bi-da-im-do-avgusta-odloze-dugove\/dvori-balsica_ulcinj_crna-gora\/'><img width=\"150\" height=\"150\" src=\"https:\/\/www.visit-ulcinj.com\/blog\/wp-content\/uploads\/2009\/03\/dvori-balsica_ulcinj_crna-gora-150x150.jpg\" class=\"attachment-thumbnail size-thumbnail\" alt=\"\" loading=\"lazy\" \/><\/a>\n\t\t\t<\/dt><\/dl><br style=\"clear: both\" \/><dl class='gallery-item'>\n\t\t\t<dt class='gallery-icon portrait'>\n\t\t\t\t<a href='https:\/\/www.visit-ulcinj.com\/blog\/2009\/03\/12\/resulbegovic-htjeli-bi-da-im-do-avgusta-odloze-dugove\/dvori-balsica_ulcinj_crna-gora15\/'><img width=\"150\" height=\"150\" src=\"https:\/\/www.visit-ulcinj.com\/blog\/wp-content\/uploads\/2009\/03\/dvori-balsica_ulcinj_crna-gora15-150x150.jpg\" class=\"attachment-thumbnail size-thumbnail\" alt=\"\" loading=\"lazy\" \/><\/a>\n\t\t\t<\/dt><\/dl><dl class='gallery-item'>\n\t\t\t<dt class='gallery-icon landscape'>\n\t\t\t\t<a href='https:\/\/www.visit-ulcinj.com\/blog\/2009\/03\/12\/resulbegovic-htjeli-bi-da-im-do-avgusta-odloze-dugove\/dvori-balsica_ulcinj_crna-gora16\/'><img width=\"150\" height=\"150\" src=\"https:\/\/www.visit-ulcinj.com\/blog\/wp-content\/uploads\/2009\/03\/dvori-balsica_ulcinj_crna-gora16-150x150.jpg\" class=\"attachment-thumbnail size-thumbnail\" alt=\"\" loading=\"lazy\" \/><\/a>\n\t\t\t<\/dt><\/dl><dl class='gallery-item'>\n\t\t\t<dt class='gallery-icon landscape'>\n\t\t\t\t<a href='https:\/\/www.visit-ulcinj.com\/blog\/2009\/03\/12\/resulbegovic-htjeli-bi-da-im-do-avgusta-odloze-dugove\/dvori-balsica_ulcinj_crna-gora17\/'><img width=\"150\" height=\"150\" src=\"https:\/\/www.visit-ulcinj.com\/blog\/wp-content\/uploads\/2009\/03\/dvori-balsica_ulcinj_crna-gora17-150x150.jpg\" class=\"attachment-thumbnail size-thumbnail\" alt=\"\" loading=\"lazy\" \/><\/a>\n\t\t\t<\/dt><\/dl><br style=\"clear: both\" \/><dl class='gallery-item'>\n\t\t\t<dt class='gallery-icon landscape'>\n\t\t\t\t<a href='https:\/\/www.visit-ulcinj.com\/blog\/2009\/03\/12\/resulbegovic-htjeli-bi-da-im-do-avgusta-odloze-dugove\/dvori-balsica_ulcinj_crna-gora18\/'><img width=\"150\" height=\"150\" src=\"https:\/\/www.visit-ulcinj.com\/blog\/wp-content\/uploads\/2009\/03\/dvori-balsica_ulcinj_crna-gora18-150x150.jpg\" class=\"attachment-thumbnail size-thumbnail\" alt=\"\" loading=\"lazy\" \/><\/a>\n\t\t\t<\/dt><\/dl><dl class='gallery-item'>\n\t\t\t<dt class='gallery-icon landscape'>\n\t\t\t\t<a href='https:\/\/www.visit-ulcinj.com\/blog\/2009\/03\/12\/resulbegovic-htjeli-bi-da-im-do-avgusta-odloze-dugove\/dvori-balsica_ulcinj_crna-gora19\/'><img width=\"150\" height=\"150\" src=\"https:\/\/www.visit-ulcinj.com\/blog\/wp-content\/uploads\/2009\/03\/dvori-balsica_ulcinj_crna-gora19-150x150.jpg\" class=\"attachment-thumbnail size-thumbnail\" alt=\"\" loading=\"lazy\" \/><\/a>\n\t\t\t<\/dt><\/dl><dl class='gallery-item'>\n\t\t\t<dt class='gallery-icon landscape'>\n\t\t\t\t<a href='https:\/\/www.visit-ulcinj.com\/blog\/2009\/03\/12\/resulbegovic-htjeli-bi-da-im-do-avgusta-odloze-dugove\/dvori-balsica_ulcinj_crna-gora20\/'><img width=\"150\" height=\"150\" src=\"https:\/\/www.visit-ulcinj.com\/blog\/wp-content\/uploads\/2009\/03\/dvori-balsica_ulcinj_crna-gora20-150x150.jpg\" class=\"attachment-thumbnail size-thumbnail\" alt=\"\" loading=\"lazy\" \/><\/a>\n\t\t\t<\/dt><\/dl><br style=\"clear: both\" \/>\n\t\t<\/div>\n<\/p>\n<p><\/strong><\/p>\n<p><strong><!-- vimeo error: not a vimeo video --><br \/>\n<\/strong><\/p>\n<p><strong><\/strong><\/p>\n<p><strong><\/strong><\/p>\n<p><strong><\/strong><\/p>\n","protected":false},"excerpt":{"rendered":"<p>TURISTI?KI POSLENICI IMAJU BROJNE ZAHTJEVE Podgorica (MINA-BUSINESS) \u2013 Reprogramiranje kreditnog duga do avgusta, povoljniji krediti, ukidanje eko takse i bolja saradnja turisti?kih radnika sjevera i juga Crne Gore doprinijelo bi ostvarivanju boljih rezultata u predstoje?oj sezoni, ocijenjeno je ju?e u Privrednoj komori (PKCG). Predstavnik ulcinjskog Turisti?kog udru\u017eenja Gani Resulbegovi?, smatra da bi obezbje?ivanje povoljnijih kredita [&hellip;]<\/p>\n","protected":false},"author":1,"featured_media":0,"comment_status":"open","ping_status":"closed","sticky":false,"template":"","format":"standard","meta":{"spay_email":"","jetpack_publicize_message":"","jetpack_is_tweetstorm":false,"jetpack_publicize_feature_enabled":true},"categories":[15],"tags":[7838,7840,7837,7839,7842,7841],"jetpack_publicize_connections":[],"yoast_head":"<!-- This site is optimized with the Yoast SEO plugin v19.1 - https:\/\/yoast.com\/wordpress\/plugins\/seo\/ -->\n<title>Resulbegovi?: Htjeli bi da im do avgusta odlo\u017ee dugove - Lajme nga Ulqini<\/title>\n<meta name=\"description\" content=\"TURISTI?KI POSLENICI IMAJU BROJNE ZAHTJEVE Podgorica (MINA-BUSINESS) \u2013 Reprogramiranje kreditnog duga do avgusta, povoljniji krediti, ukidanje eko takse i\" \/>\n<meta name=\"robots\" content=\"index, follow, max-snippet:-1, max-image-preview:large, max-video-preview:-1\" \/>\n<link rel=\"canonical\" href=\"https:\/\/www.visit-ulcinj.com\/blog\/2009\/03\/12\/resulbegovic-htjeli-bi-da-im-do-avgusta-odloze-dugove\/\" \/>\n<meta property=\"og:locale\" content=\"en_US\" \/>\n<meta property=\"og:type\" content=\"article\" \/>\n<meta property=\"og:title\" content=\"Resulbegovi?: Htjeli bi da im do avgusta odlo\u017ee dugove - Lajme nga Ulqini\" \/>\n<meta property=\"og:description\" content=\"TURISTI?KI POSLENICI IMAJU BROJNE ZAHTJEVE Podgorica (MINA-BUSINESS) \u2013 Reprogramiranje kreditnog duga do avgusta, povoljniji krediti, ukidanje eko takse i\" \/>\n<meta property=\"og:url\" content=\"https:\/\/www.visit-ulcinj.com\/blog\/2009\/03\/12\/resulbegovic-htjeli-bi-da-im-do-avgusta-odloze-dugove\/\" \/>\n<meta property=\"og:site_name\" content=\"Lajme nga Ulqini\" \/>\n<meta property=\"article:published_time\" content=\"2009-03-12T17:37:34+00:00\" \/>\n<meta property=\"article:modified_time\" content=\"2009-03-12T17:43:14+00:00\" \/>\n<meta property=\"og:image\" content=\"https:\/\/www.visit-ulcinj.com\/blog\/wp-content\/uploads\/2009\/03\/predstavnik-ulcinjskog-turistickog-udruzenja-gani-resulbegovic-150x150.jpg\" \/>\n<meta name=\"twitter:label1\" content=\"Written by\" \/>\n\t<meta name=\"twitter:data1\" content=\"ulqini\" \/>\n\t<meta name=\"twitter:label2\" content=\"Est. reading time\" \/>\n\t<meta name=\"twitter:data2\" content=\"2 minutes\" \/>\n<script type=\"application\/ld+json\" class=\"yoast-schema-graph\">{\"@context\":\"https:\/\/schema.org\",\"@graph\":[{\"@type\":\"WebSite\",\"@id\":\"https:\/\/www.visit-ulcinj.com\/blog\/#website\",\"url\":\"https:\/\/www.visit-ulcinj.com\/blog\/\",\"name\":\"Lajme nga Ulqini\",\"description\":\"Lajme,Vijesti,Ulqini,Ulqin,Crna Gora,Mali i Zi\",\"potentialAction\":[{\"@type\":\"SearchAction\",\"target\":{\"@type\":\"EntryPoint\",\"urlTemplate\":\"https:\/\/www.visit-ulcinj.com\/blog\/?s={search_term_string}\"},\"query-input\":\"required name=search_term_string\"}],\"inLanguage\":\"en-US\"},{\"@type\":\"ImageObject\",\"inLanguage\":\"en-US\",\"@id\":\"https:\/\/www.visit-ulcinj.com\/blog\/2009\/03\/12\/resulbegovic-htjeli-bi-da-im-do-avgusta-odloze-dugove\/#primaryimage\",\"url\":\"https:\/\/www.visit-ulcinj.com\/blog\/wp-content\/uploads\/2009\/03\/predstavnik-ulcinjskog-turistickog-udruzenja-gani-resulbegovic.jpg\",\"contentUrl\":\"https:\/\/www.visit-ulcinj.com\/blog\/wp-content\/uploads\/2009\/03\/predstavnik-ulcinjskog-turistickog-udruzenja-gani-resulbegovic.jpg\",\"width\":\"180\",\"height\":\"240\"},{\"@type\":\"WebPage\",\"@id\":\"https:\/\/www.visit-ulcinj.com\/blog\/2009\/03\/12\/resulbegovic-htjeli-bi-da-im-do-avgusta-odloze-dugove\/#webpage\",\"url\":\"https:\/\/www.visit-ulcinj.com\/blog\/2009\/03\/12\/resulbegovic-htjeli-bi-da-im-do-avgusta-odloze-dugove\/\",\"name\":\"Resulbegovi?: Htjeli bi da im do avgusta odlo\u017ee dugove - Lajme nga Ulqini\",\"isPartOf\":{\"@id\":\"https:\/\/www.visit-ulcinj.com\/blog\/#website\"},\"primaryImageOfPage\":{\"@id\":\"https:\/\/www.visit-ulcinj.com\/blog\/2009\/03\/12\/resulbegovic-htjeli-bi-da-im-do-avgusta-odloze-dugove\/#primaryimage\"},\"datePublished\":\"2009-03-12T17:37:34+00:00\",\"dateModified\":\"2009-03-12T17:43:14+00:00\",\"author\":{\"@id\":\"https:\/\/www.visit-ulcinj.com\/blog\/#\/schema\/person\/dcab619c614d3038751c63bc2aadc06d\"},\"description\":\"TURISTI?KI POSLENICI IMAJU BROJNE ZAHTJEVE Podgorica (MINA-BUSINESS) \u2013 Reprogramiranje kreditnog duga do avgusta, povoljniji krediti, ukidanje eko takse i\",\"breadcrumb\":{\"@id\":\"https:\/\/www.visit-ulcinj.com\/blog\/2009\/03\/12\/resulbegovic-htjeli-bi-da-im-do-avgusta-odloze-dugove\/#breadcrumb\"},\"inLanguage\":\"en-US\",\"potentialAction\":[{\"@type\":\"ReadAction\",\"target\":[\"https:\/\/www.visit-ulcinj.com\/blog\/2009\/03\/12\/resulbegovic-htjeli-bi-da-im-do-avgusta-odloze-dugove\/\"]}]},{\"@type\":\"BreadcrumbList\",\"@id\":\"https:\/\/www.visit-ulcinj.com\/blog\/2009\/03\/12\/resulbegovic-htjeli-bi-da-im-do-avgusta-odloze-dugove\/#breadcrumb\",\"itemListElement\":[{\"@type\":\"ListItem\",\"position\":1,\"name\":\"Resulbegovi?: Htjeli bi da im do avgusta odlo\u017ee dugove\"}]},{\"@type\":\"Person\",\"@id\":\"https:\/\/www.visit-ulcinj.com\/blog\/#\/schema\/person\/dcab619c614d3038751c63bc2aadc06d\",\"name\":\"ulqini\",\"sameAs\":[\"http:\/\/www.visit-ulcinj.com\"],\"url\":\"https:\/\/www.visit-ulcinj.com\/blog\/author\/admin\/\"}]}<\/script>\n<!-- \/ Yoast SEO plugin. -->","yoast_head_json":{"title":"Resulbegovi?: Htjeli bi da im do avgusta odlo\u017ee dugove - Lajme nga Ulqini","description":"TURISTI?KI POSLENICI IMAJU BROJNE ZAHTJEVE Podgorica (MINA-BUSINESS) \u2013 Reprogramiranje kreditnog duga do avgusta, povoljniji krediti, ukidanje eko takse i","robots":{"index":"index","follow":"follow","max-snippet":"max-snippet:-1","max-image-preview":"max-image-preview:large","max-video-preview":"max-video-preview:-1"},"canonical":"https:\/\/www.visit-ulcinj.com\/blog\/2009\/03\/12\/resulbegovic-htjeli-bi-da-im-do-avgusta-odloze-dugove\/","og_locale":"en_US","og_type":"article","og_title":"Resulbegovi?: Htjeli bi da im do avgusta odlo\u017ee dugove - Lajme nga Ulqini","og_description":"TURISTI?KI POSLENICI IMAJU BROJNE ZAHTJEVE Podgorica (MINA-BUSINESS) \u2013 Reprogramiranje kreditnog duga do avgusta, povoljniji krediti, ukidanje eko takse i","og_url":"https:\/\/www.visit-ulcinj.com\/blog\/2009\/03\/12\/resulbegovic-htjeli-bi-da-im-do-avgusta-odloze-dugove\/","og_site_name":"Lajme nga Ulqini","article_published_time":"2009-03-12T17:37:34+00:00","article_modified_time":"2009-03-12T17:43:14+00:00","og_image":[{"url":"https:\/\/www.visit-ulcinj.com\/blog\/wp-content\/uploads\/2009\/03\/predstavnik-ulcinjskog-turistickog-udruzenja-gani-resulbegovic-150x150.jpg"}],"twitter_misc":{"Written by":"ulqini","Est. reading time":"2 minutes"},"schema":{"@context":"https:\/\/schema.org","@graph":[{"@type":"WebSite","@id":"https:\/\/www.visit-ulcinj.com\/blog\/#website","url":"https:\/\/www.visit-ulcinj.com\/blog\/","name":"Lajme nga Ulqini","description":"Lajme,Vijesti,Ulqini,Ulqin,Crna Gora,Mali i Zi","potentialAction":[{"@type":"SearchAction","target":{"@type":"EntryPoint","urlTemplate":"https:\/\/www.visit-ulcinj.com\/blog\/?s={search_term_string}"},"query-input":"required name=search_term_string"}],"inLanguage":"en-US"},{"@type":"ImageObject","inLanguage":"en-US","@id":"https:\/\/www.visit-ulcinj.com\/blog\/2009\/03\/12\/resulbegovic-htjeli-bi-da-im-do-avgusta-odloze-dugove\/#primaryimage","url":"https:\/\/www.visit-ulcinj.com\/blog\/wp-content\/uploads\/2009\/03\/predstavnik-ulcinjskog-turistickog-udruzenja-gani-resulbegovic.jpg","contentUrl":"https:\/\/www.visit-ulcinj.com\/blog\/wp-content\/uploads\/2009\/03\/predstavnik-ulcinjskog-turistickog-udruzenja-gani-resulbegovic.jpg","width":"180","height":"240"},{"@type":"WebPage","@id":"https:\/\/www.visit-ulcinj.com\/blog\/2009\/03\/12\/resulbegovic-htjeli-bi-da-im-do-avgusta-odloze-dugove\/#webpage","url":"https:\/\/www.visit-ulcinj.com\/blog\/2009\/03\/12\/resulbegovic-htjeli-bi-da-im-do-avgusta-odloze-dugove\/","name":"Resulbegovi?: Htjeli bi da im do avgusta odlo\u017ee dugove - Lajme nga Ulqini","isPartOf":{"@id":"https:\/\/www.visit-ulcinj.com\/blog\/#website"},"primaryImageOfPage":{"@id":"https:\/\/www.visit-ulcinj.com\/blog\/2009\/03\/12\/resulbegovic-htjeli-bi-da-im-do-avgusta-odloze-dugove\/#primaryimage"},"datePublished":"2009-03-12T17:37:34+00:00","dateModified":"2009-03-12T17:43:14+00:00","author":{"@id":"https:\/\/www.visit-ulcinj.com\/blog\/#\/schema\/person\/dcab619c614d3038751c63bc2aadc06d"},"description":"TURISTI?KI POSLENICI IMAJU BROJNE ZAHTJEVE Podgorica (MINA-BUSINESS) \u2013 Reprogramiranje kreditnog duga do avgusta, povoljniji krediti, ukidanje eko takse i","breadcrumb":{"@id":"https:\/\/www.visit-ulcinj.com\/blog\/2009\/03\/12\/resulbegovic-htjeli-bi-da-im-do-avgusta-odloze-dugove\/#breadcrumb"},"inLanguage":"en-US","potentialAction":[{"@type":"ReadAction","target":["https:\/\/www.visit-ulcinj.com\/blog\/2009\/03\/12\/resulbegovic-htjeli-bi-da-im-do-avgusta-odloze-dugove\/"]}]},{"@type":"BreadcrumbList","@id":"https:\/\/www.visit-ulcinj.com\/blog\/2009\/03\/12\/resulbegovic-htjeli-bi-da-im-do-avgusta-odloze-dugove\/#breadcrumb","itemListElement":[{"@type":"ListItem","position":1,"name":"Resulbegovi?: Htjeli bi da im do avgusta odlo\u017ee dugove"}]},{"@type":"Person","@id":"https:\/\/www.visit-ulcinj.com\/blog\/#\/schema\/person\/dcab619c614d3038751c63bc2aadc06d","name":"ulqini","sameAs":["http:\/\/www.visit-ulcinj.com"],"url":"https:\/\/www.visit-ulcinj.com\/blog\/author\/admin\/"}]}},"jetpack_featured_media_url":"","jetpack_sharing_enabled":true,"jetpack_shortlink":"https:\/\/wp.me\/pe6lTn-3BR","_links":{"self":[{"href":"https:\/\/www.visit-ulcinj.com\/blog\/wp-json\/wp\/v2\/posts\/13879"}],"collection":[{"href":"https:\/\/www.visit-ulcinj.com\/blog\/wp-json\/wp\/v2\/posts"}],"about":[{"href":"https:\/\/www.visit-ulcinj.com\/blog\/wp-json\/wp\/v2\/types\/post"}],"author":[{"embeddable":true,"href":"https:\/\/www.visit-ulcinj.com\/blog\/wp-json\/wp\/v2\/users\/1"}],"replies":[{"embeddable":true,"href":"https:\/\/www.visit-ulcinj.com\/blog\/wp-json\/wp\/v2\/comments?post=13879"}],"version-history":[{"count":0,"href":"https:\/\/www.visit-ulcinj.com\/blog\/wp-json\/wp\/v2\/posts\/13879\/revisions"}],"wp:attachment":[{"href":"https:\/\/www.visit-ulcinj.com\/blog\/wp-json\/wp\/v2\/media?parent=13879"}],"wp:term":[{"taxonomy":"category","embeddable":true,"href":"https:\/\/www.visit-ulcinj.com\/blog\/wp-json\/wp\/v2\/categories?post=13879"},{"taxonomy":"post_tag","embeddable":true,"href":"https:\/\/www.visit-ulcinj.com\/blog\/wp-json\/wp\/v2\/tags?post=13879"}],"curies":[{"name":"wp","href":"https:\/\/api.w.org\/{rel}","templated":true}]}}