{"id":1388,"date":"2008-04-24T06:40:41","date_gmt":"2008-04-24T11:40:41","guid":{"rendered":"http:\/\/www.visit-ulcinj.com\/blog\/?p=1388"},"modified":"2010-01-10T13:39:05","modified_gmt":"2010-01-10T11:39:05","slug":"zapis-o-dzamiji-%e2%80%9cmeterizi%e2%80%9d","status":"publish","type":"post","link":"https:\/\/www.visit-ulcinj.com\/blog\/2008\/04\/24\/zapis-o-dzamiji-%e2%80%9cmeterizi%e2%80%9d\/","title":{"rendered":"Zapis o D\u017eamiji \u201cMeterizi\u201d"},"content":{"rendered":"<p><a href=\"http:\/\/www.visit-ulcinj.com\/blog\/wp-content\/uploads\/2008\/04\/libri-i-ismet-karamanages1.jpg\"><img loading=\"lazy\" class=\"alignleft attachment wp-att-1389\" style=\"float: left;\" src=\"http:\/\/www.visit-ulcinj.com\/blog\/wp-content\/uploads\/2008\/04\/libri-i-ismet-karamanages1.thumbnail.jpg\" alt=\"KALAJA LEGJEND\u00cb DHE ART\" width=\"176\" height=\"233\" \/><\/a>Podignuta je dolaskom Turaka negdje poslije 1571.godine ispod zidina Starog grada. Gra?ena je pod direktivom turskog garnizona smje\u0161tenog u Citadeli na gornjem dijelu grada. Ina?e, ovaj je garnizon bio inicijator gradnje svih vitalnih objekata u gradu \u2013 pa i pomenute D\u017eamije \u2013 i ona je vi\u0161e od 300 godine odoljevala zubu vremena i prohujalim vjekovima. Do berlinskog kongresa 1878. godine bila je tu kao simbol vjere i mjesto okupljanja vjernika i gra?ana, jer je u neposrednoj blizini bilo i tri turbeta kao i groblje gra?ana albanske narodnosti muslimanske vjeroispovjesti.Sre?om, postiji fotografija iz 1890-\u201995 godine iz vremena gradnje pravoslavne Crkve Sv. Nikole na mjestu d\u017eamije \u201dMeterizi\u201d, gdje se jasno vide tri turbeta i groblje,gdje je neposredno nakon Berlinskog kongresa zasa?en\u201dKulukom\u201d maslinjak koji i danas postoji. Na mjestu gdje su se nalazila Turbeta izgra?ane su ku?e, koje su koristili upravo kamen iz tih vjerskih objekata.Za\u0161to nije do\u0161lo do obnove D\u017eamije nakon pripajanja Ulcinja Crnoj Gori 1880. godine nije nam poznato, ali je poznata ?injenica da je Knjaz Nikola donio odluku, odnosno,odobrio obnovu d\u017eamije \u201dMeterizi\u201d. Za gradnju nove D\u017eamije na mjestu stare, koja je ve? bila sklona padu,Knjaz je odobrio sredstva u visini od 3000 gro\u0161a. Za\u0161to nije do\u0161lo do realizacije ovog projekta nije nam poznato.Me?utim, jasno je na<a href=\"http:\/\/www.visit-ulcinj.com\/blog\/wp-content\/uploads\/2008\/04\/xhamija-e-meterizit.jpg\"><img loading=\"lazy\" class=\"alignright attachment wp-att-1384\" style=\"float: right;\" src=\"http:\/\/www.visit-ulcinj.com\/blog\/wp-content\/uploads\/2008\/04\/xhamija-e-meterizit.thumbnail.jpg\" alt=\"Xhamija e Meterizit\" width=\"200\" height=\"151\" \/><\/a> osnovu dokumenata \u2013 fotografija (u prilogu) i sje?anja starih ljudi, do\u0161lo je do dogradnje pravoslavne Crkve S. Nikole upravo na tom mjestu 1890.godine koja je i zavr\u0161ena 1895. godine.Svoj dana\u0161nji izgled ova Crkva je dobila 1934. godine dogradnjom zvonika, Crkva je gra?ena od postoje?eg materijala pomenute D\u017eamije \u2013 kao i fasadnog kamena sa zidina Starog grada. Podsje?am da je fasada zidinama vra?ena tek nakon zemljotresa 1979. godine. \u017eelja mi je da u ime generacija koje su \u017eivjele prije nas, u ime onih koji danas \u017eive, kao i u ime onih koji ?e do?i poslije nas da razjasnim neke pojedinosti iz bogate kulturne ba\u0161tine na\u0161eg grada, bez namjere da bilo \u0161ta promjenim ili bilo koga prozivam. Jednostavno, \u017eelja mi da ovaj kratak zapis posvetim mojim precima.Upravo ispod tih maslina je sahranjen moj pradjed \u2013 Ismail I Karamanaga, dok je moj djed Mola Ismail II Karamanaga kao mlad imam klanjao upravo kao jedan od zadnjih imama u d\u017eamiji \u201dMeterizi\u201d. Moj otac Hasan Karamanaga je ?esto govorio o toj D\u017eamiji i svojim slavnim precima, te zbog toga ?ast mi je i zadovoljstvo da to makar i na ovaj na?in pomenem.Podsje?am da mi nije namjera da promjenim tako prekrasan ambijent ispod Staroga grada, jednog od najljep\u0161ih i najatraktivnijih gradova ovog djela Mediterana.Jednostavno, mi\u0161ljenja sam da kao vi\u0161ekonfesionalno i multietni?ko dru\u0161tvo smo du\u017eni da njegujemo kulturne vrijednosti sviju nas za generacije koje ?e do?i iza nas.Upravo vi\u0161ekonfesionalnost jeste spona na\u0161eg zajedni?kog \u017eivljenja na ovim prostorima, bogatstvo na kojem bi mogli da nam pozavide mnogi drugi narodi.Mi\u0161ljenja sam da je lijepo imati ovakve vrijednosti,ovakvu bogatu kulturnu ba\u0161tinu ali je moramo bri\u017eljivo njegovati uz du\u017eno po\u0161tovanje i respekt prema istorijskim ?injenicama. Naravno ne treba se optere?ivati istorijom i pro\u0161lo\u0161?u, ali je moramo sa?uvati od zaborava, jer ?emo na taj na?in ste?i vi\u0161e respekta i po\u0161tovanja i za nas same.<br \/>\n<strong>Izvor:Ismet H. Karamanaga<br \/>\nKALAJA<br \/>\nLEGJEND\u00cb DHE ART<\/strong><\/p>\n<p><strong>Turbeta u Crnoj Gori &#8211; II dio<br \/>\n<\/strong><!--YouTube Error: bad URL entered--><\/p>\n","protected":false},"excerpt":{"rendered":"<p><img loading=\"lazy\" class=\"alignleft attachment wp-att-1389\" style=\"float: left;\" src=\"http:\/\/www.visit-ulcinj.com\/blog\/wp-content\/uploads\/2008\/04\/libri-i-ismet-karamanages1.thumbnail.jpg\" alt=\"KALAJA LEGJEND\u00cb DHE ART\" width=\"140\" height=\"140\" \/><\/p>\n","protected":false},"author":1,"featured_media":0,"comment_status":"open","ping_status":"closed","sticky":false,"template":"","format":"standard","meta":{"spay_email":"","jetpack_publicize_message":"","jetpack_is_tweetstorm":false,"jetpack_publicize_feature_enabled":true},"categories":[4],"tags":[2742,306,2741],"jetpack_publicize_connections":[],"yoast_head":"<!-- This site is optimized with the Yoast SEO plugin v19.1 - https:\/\/yoast.com\/wordpress\/plugins\/seo\/ -->\n<title>Zapis o D\u017eamiji \u201cMeterizi\u201d - Lajme nga Ulqini<\/title>\n<meta name=\"robots\" content=\"index, follow, max-snippet:-1, max-image-preview:large, max-video-preview:-1\" \/>\n<link rel=\"canonical\" href=\"https:\/\/www.visit-ulcinj.com\/blog\/2008\/04\/24\/zapis-o-dzamiji-\u201cmeterizi\u201d\/\" \/>\n<meta property=\"og:locale\" content=\"en_US\" \/>\n<meta property=\"og:type\" content=\"article\" \/>\n<meta property=\"og:title\" content=\"Zapis o D\u017eamiji \u201cMeterizi\u201d - Lajme nga Ulqini\" \/>\n<meta property=\"og:url\" content=\"https:\/\/www.visit-ulcinj.com\/blog\/2008\/04\/24\/zapis-o-dzamiji-\u201cmeterizi\u201d\/\" \/>\n<meta property=\"og:site_name\" content=\"Lajme nga Ulqini\" \/>\n<meta property=\"article:published_time\" content=\"2008-04-24T11:40:41+00:00\" \/>\n<meta property=\"article:modified_time\" content=\"2010-01-10T11:39:05+00:00\" \/>\n<meta property=\"og:image\" content=\"http:\/\/www.visit-ulcinj.com\/blog\/wp-content\/uploads\/2008\/04\/libri-i-ismet-karamanages1.thumbnail.jpg\" \/>\n<meta name=\"twitter:label1\" content=\"Written by\" \/>\n\t<meta name=\"twitter:data1\" content=\"ulqini\" \/>\n\t<meta name=\"twitter:label2\" content=\"Est. reading time\" \/>\n\t<meta name=\"twitter:data2\" content=\"3 minutes\" \/>\n<script type=\"application\/ld+json\" class=\"yoast-schema-graph\">{\"@context\":\"https:\/\/schema.org\",\"@graph\":[{\"@type\":\"WebSite\",\"@id\":\"https:\/\/www.visit-ulcinj.com\/blog\/#website\",\"url\":\"https:\/\/www.visit-ulcinj.com\/blog\/\",\"name\":\"Lajme nga Ulqini\",\"description\":\"Lajme,Vijesti,Ulqini,Ulqin,Crna Gora,Mali i Zi\",\"potentialAction\":[{\"@type\":\"SearchAction\",\"target\":{\"@type\":\"EntryPoint\",\"urlTemplate\":\"https:\/\/www.visit-ulcinj.com\/blog\/?s={search_term_string}\"},\"query-input\":\"required name=search_term_string\"}],\"inLanguage\":\"en-US\"},{\"@type\":\"ImageObject\",\"inLanguage\":\"en-US\",\"@id\":\"https:\/\/www.visit-ulcinj.com\/blog\/2008\/04\/24\/zapis-o-dzamiji-%e2%80%9cmeterizi%e2%80%9d\/#primaryimage\",\"url\":\"http:\/\/www.visit-ulcinj.com\/blog\/wp-content\/uploads\/2008\/04\/libri-i-ismet-karamanages1.thumbnail.jpg\",\"contentUrl\":\"http:\/\/www.visit-ulcinj.com\/blog\/wp-content\/uploads\/2008\/04\/libri-i-ismet-karamanages1.thumbnail.jpg\"},{\"@type\":\"WebPage\",\"@id\":\"https:\/\/www.visit-ulcinj.com\/blog\/2008\/04\/24\/zapis-o-dzamiji-%e2%80%9cmeterizi%e2%80%9d\/#webpage\",\"url\":\"https:\/\/www.visit-ulcinj.com\/blog\/2008\/04\/24\/zapis-o-dzamiji-%e2%80%9cmeterizi%e2%80%9d\/\",\"name\":\"Zapis o D\u017eamiji \u201cMeterizi\u201d - Lajme nga Ulqini\",\"isPartOf\":{\"@id\":\"https:\/\/www.visit-ulcinj.com\/blog\/#website\"},\"primaryImageOfPage\":{\"@id\":\"https:\/\/www.visit-ulcinj.com\/blog\/2008\/04\/24\/zapis-o-dzamiji-%e2%80%9cmeterizi%e2%80%9d\/#primaryimage\"},\"datePublished\":\"2008-04-24T11:40:41+00:00\",\"dateModified\":\"2010-01-10T11:39:05+00:00\",\"author\":{\"@id\":\"https:\/\/www.visit-ulcinj.com\/blog\/#\/schema\/person\/dcab619c614d3038751c63bc2aadc06d\"},\"breadcrumb\":{\"@id\":\"https:\/\/www.visit-ulcinj.com\/blog\/2008\/04\/24\/zapis-o-dzamiji-%e2%80%9cmeterizi%e2%80%9d\/#breadcrumb\"},\"inLanguage\":\"en-US\",\"potentialAction\":[{\"@type\":\"ReadAction\",\"target\":[\"https:\/\/www.visit-ulcinj.com\/blog\/2008\/04\/24\/zapis-o-dzamiji-%e2%80%9cmeterizi%e2%80%9d\/\"]}]},{\"@type\":\"BreadcrumbList\",\"@id\":\"https:\/\/www.visit-ulcinj.com\/blog\/2008\/04\/24\/zapis-o-dzamiji-%e2%80%9cmeterizi%e2%80%9d\/#breadcrumb\",\"itemListElement\":[{\"@type\":\"ListItem\",\"position\":1,\"name\":\"Zapis o D\u017eamiji \u201cMeterizi\u201d\"}]},{\"@type\":\"Person\",\"@id\":\"https:\/\/www.visit-ulcinj.com\/blog\/#\/schema\/person\/dcab619c614d3038751c63bc2aadc06d\",\"name\":\"ulqini\",\"sameAs\":[\"http:\/\/www.visit-ulcinj.com\"],\"url\":\"https:\/\/www.visit-ulcinj.com\/blog\/author\/admin\/\"}]}<\/script>\n<!-- \/ Yoast SEO plugin. -->","yoast_head_json":{"title":"Zapis o D\u017eamiji \u201cMeterizi\u201d - Lajme nga Ulqini","robots":{"index":"index","follow":"follow","max-snippet":"max-snippet:-1","max-image-preview":"max-image-preview:large","max-video-preview":"max-video-preview:-1"},"canonical":"https:\/\/www.visit-ulcinj.com\/blog\/2008\/04\/24\/zapis-o-dzamiji-\u201cmeterizi\u201d\/","og_locale":"en_US","og_type":"article","og_title":"Zapis o D\u017eamiji \u201cMeterizi\u201d - Lajme nga Ulqini","og_url":"https:\/\/www.visit-ulcinj.com\/blog\/2008\/04\/24\/zapis-o-dzamiji-\u201cmeterizi\u201d\/","og_site_name":"Lajme nga Ulqini","article_published_time":"2008-04-24T11:40:41+00:00","article_modified_time":"2010-01-10T11:39:05+00:00","og_image":[{"url":"http:\/\/www.visit-ulcinj.com\/blog\/wp-content\/uploads\/2008\/04\/libri-i-ismet-karamanages1.thumbnail.jpg"}],"twitter_misc":{"Written by":"ulqini","Est. reading time":"3 minutes"},"schema":{"@context":"https:\/\/schema.org","@graph":[{"@type":"WebSite","@id":"https:\/\/www.visit-ulcinj.com\/blog\/#website","url":"https:\/\/www.visit-ulcinj.com\/blog\/","name":"Lajme nga Ulqini","description":"Lajme,Vijesti,Ulqini,Ulqin,Crna Gora,Mali i Zi","potentialAction":[{"@type":"SearchAction","target":{"@type":"EntryPoint","urlTemplate":"https:\/\/www.visit-ulcinj.com\/blog\/?s={search_term_string}"},"query-input":"required name=search_term_string"}],"inLanguage":"en-US"},{"@type":"ImageObject","inLanguage":"en-US","@id":"https:\/\/www.visit-ulcinj.com\/blog\/2008\/04\/24\/zapis-o-dzamiji-%e2%80%9cmeterizi%e2%80%9d\/#primaryimage","url":"http:\/\/www.visit-ulcinj.com\/blog\/wp-content\/uploads\/2008\/04\/libri-i-ismet-karamanages1.thumbnail.jpg","contentUrl":"http:\/\/www.visit-ulcinj.com\/blog\/wp-content\/uploads\/2008\/04\/libri-i-ismet-karamanages1.thumbnail.jpg"},{"@type":"WebPage","@id":"https:\/\/www.visit-ulcinj.com\/blog\/2008\/04\/24\/zapis-o-dzamiji-%e2%80%9cmeterizi%e2%80%9d\/#webpage","url":"https:\/\/www.visit-ulcinj.com\/blog\/2008\/04\/24\/zapis-o-dzamiji-%e2%80%9cmeterizi%e2%80%9d\/","name":"Zapis o D\u017eamiji \u201cMeterizi\u201d - Lajme nga Ulqini","isPartOf":{"@id":"https:\/\/www.visit-ulcinj.com\/blog\/#website"},"primaryImageOfPage":{"@id":"https:\/\/www.visit-ulcinj.com\/blog\/2008\/04\/24\/zapis-o-dzamiji-%e2%80%9cmeterizi%e2%80%9d\/#primaryimage"},"datePublished":"2008-04-24T11:40:41+00:00","dateModified":"2010-01-10T11:39:05+00:00","author":{"@id":"https:\/\/www.visit-ulcinj.com\/blog\/#\/schema\/person\/dcab619c614d3038751c63bc2aadc06d"},"breadcrumb":{"@id":"https:\/\/www.visit-ulcinj.com\/blog\/2008\/04\/24\/zapis-o-dzamiji-%e2%80%9cmeterizi%e2%80%9d\/#breadcrumb"},"inLanguage":"en-US","potentialAction":[{"@type":"ReadAction","target":["https:\/\/www.visit-ulcinj.com\/blog\/2008\/04\/24\/zapis-o-dzamiji-%e2%80%9cmeterizi%e2%80%9d\/"]}]},{"@type":"BreadcrumbList","@id":"https:\/\/www.visit-ulcinj.com\/blog\/2008\/04\/24\/zapis-o-dzamiji-%e2%80%9cmeterizi%e2%80%9d\/#breadcrumb","itemListElement":[{"@type":"ListItem","position":1,"name":"Zapis o D\u017eamiji \u201cMeterizi\u201d"}]},{"@type":"Person","@id":"https:\/\/www.visit-ulcinj.com\/blog\/#\/schema\/person\/dcab619c614d3038751c63bc2aadc06d","name":"ulqini","sameAs":["http:\/\/www.visit-ulcinj.com"],"url":"https:\/\/www.visit-ulcinj.com\/blog\/author\/admin\/"}]}},"jetpack_featured_media_url":"","jetpack_sharing_enabled":true,"jetpack_shortlink":"https:\/\/wp.me\/pe6lTn-mo","_links":{"self":[{"href":"https:\/\/www.visit-ulcinj.com\/blog\/wp-json\/wp\/v2\/posts\/1388"}],"collection":[{"href":"https:\/\/www.visit-ulcinj.com\/blog\/wp-json\/wp\/v2\/posts"}],"about":[{"href":"https:\/\/www.visit-ulcinj.com\/blog\/wp-json\/wp\/v2\/types\/post"}],"author":[{"embeddable":true,"href":"https:\/\/www.visit-ulcinj.com\/blog\/wp-json\/wp\/v2\/users\/1"}],"replies":[{"embeddable":true,"href":"https:\/\/www.visit-ulcinj.com\/blog\/wp-json\/wp\/v2\/comments?post=1388"}],"version-history":[{"count":0,"href":"https:\/\/www.visit-ulcinj.com\/blog\/wp-json\/wp\/v2\/posts\/1388\/revisions"}],"wp:attachment":[{"href":"https:\/\/www.visit-ulcinj.com\/blog\/wp-json\/wp\/v2\/media?parent=1388"}],"wp:term":[{"taxonomy":"category","embeddable":true,"href":"https:\/\/www.visit-ulcinj.com\/blog\/wp-json\/wp\/v2\/categories?post=1388"},{"taxonomy":"post_tag","embeddable":true,"href":"https:\/\/www.visit-ulcinj.com\/blog\/wp-json\/wp\/v2\/tags?post=1388"}],"curies":[{"name":"wp","href":"https:\/\/api.w.org\/{rel}","templated":true}]}}