{"id":13944,"date":"2009-03-13T09:25:06","date_gmt":"2009-03-13T08:25:06","guid":{"rendered":"http:\/\/www.visit-ulcinj.com\/blog\/?p=13944"},"modified":"2009-03-13T09:47:40","modified_gmt":"2009-03-13T08:47:40","slug":"fejzo-hoxha-ne-emisionin-ekologjik-coperativa","status":"publish","type":"post","link":"https:\/\/www.visit-ulcinj.com\/blog\/2009\/03\/13\/fejzo-hoxha-ne-emisionin-ekologjik-coperativa\/","title":{"rendered":"Fejzo Hoxha n\u00eb emisionin ekologjik &#8220;Coperativa&#8221;"},"content":{"rendered":"<p><a href=\"http:\/\/www.visit-ulcinj.com\/blog\/wp-content\/uploads\/2009\/03\/fejzo-hoxha-_profesor-_ekollogu-i-ulqinit.jpg\"><img loading=\"lazy\" class=\"alignleft size-full wp-image-13945\" title=\"fejzo-hoxha-_profesor-_ekollogu-i-ulqinit\" src=\"http:\/\/www.visit-ulcinj.com\/blog\/wp-content\/uploads\/2009\/03\/fejzo-hoxha-_profesor-_ekollogu-i-ulqinit.jpg\" alt=\"fejzo-hoxha-_profesor-_ekollogu-i-ulqinit\" width=\"570\" height=\"360\" \/><\/a>Problemet ekologjike n\u00eb Ulqin pritet t\u2019ju vije fundi. K\u00ebshilltari i ekologjis\u00eb dhe ekollogu n\u00eb k\u00ebt\u00eb komun\u00eb t\u00eb bukur t\u00eb Ulqinit Fejzo Hoxha, deklaroi p\u00ebr emisionin ekologjik Coperativa se n\u00eb bashk\u00ebpunim me homolog\u00ebt e k\u00ebtij emisioni do t\u00eb mbrisin t\u00eb ndryshojn shum\u00eb gj\u00ebra n\u00eb komun t\u00eb Ulqinit.<\/p>\n<p><strong>P\u00ebr ma tep\u00ebr sqarime shikoni emisionin q\u00eb imresionon nj\u00eb publik t\u00eb gj\u00ebr\u00eb<\/strong><\/p>\n<p><strong>1.<\/p>\n<p><\/strong><\/p>\n<!--YouTube Error: bad URL entered-->\n<p>&#8211;<\/p>\n<!--YouTube Error: bad URL entered-->\n<p><strong>2.<\/strong><\/p>\n<p><strong><!--YouTube Error: bad URL entered--><\/strong><\/p>\n<p><strong>3.<\/strong><\/p>\n<p><strong><!--YouTube Error: bad URL entered--><br \/>\n<\/strong><\/p>\n","protected":false},"excerpt":{"rendered":"<p>Problemet ekologjike n\u00eb Ulqin pritet t\u2019ju vije fundi. K\u00ebshilltari i ekologjis\u00eb dhe ekollogu n\u00eb k\u00ebt\u00eb komun\u00eb t\u00eb bukur t\u00eb Ulqinit Fejzo Hoxha, deklaroi p\u00ebr emisionin ekologjik Coperativa se n\u00eb bashk\u00ebpunim me homolog\u00ebt e k\u00ebtij emisioni do t\u00eb mbrisin t\u00eb ndryshojn shum\u00eb gj\u00ebra n\u00eb komun t\u00eb Ulqinit. P\u00ebr ma tep\u00ebr sqarime shikoni emisionin q\u00eb imresionon nj\u00eb [&hellip;]<\/p>\n","protected":false},"author":1,"featured_media":0,"comment_status":"open","ping_status":"closed","sticky":false,"template":"","format":"standard","meta":{"spay_email":"","jetpack_publicize_message":"","jetpack_is_tweetstorm":false,"jetpack_publicize_feature_enabled":true},"categories":[11],"tags":[7843,7844,988,95,200,18],"jetpack_publicize_connections":[],"yoast_head":"<!-- This site is optimized with the Yoast SEO plugin v19.1 - https:\/\/yoast.com\/wordpress\/plugins\/seo\/ -->\n<title>Fejzo Hoxha n\u00eb emisionin ekologjik &quot;Coperativa&quot; - Lajme nga Ulqini<\/title>\n<meta name=\"description\" content=\"Problemet ekologjike n\u00eb Ulqin pritet t\u2019ju vije fundi. K\u00ebshilltari i ekologjis\u00eb dhe ekollogu n\u00eb k\u00ebt\u00eb komun\u00eb t\u00eb bukur t\u00eb Ulqinit Fejzo Hoxha, deklaroi p\u00ebr\" \/>\n<meta name=\"robots\" content=\"index, follow, max-snippet:-1, max-image-preview:large, max-video-preview:-1\" \/>\n<link rel=\"canonical\" href=\"https:\/\/www.visit-ulcinj.com\/blog\/2009\/03\/13\/fejzo-hoxha-ne-emisionin-ekologjik-coperativa\/\" \/>\n<meta property=\"og:locale\" content=\"en_US\" \/>\n<meta property=\"og:type\" content=\"article\" \/>\n<meta property=\"og:title\" content=\"Fejzo Hoxha n\u00eb emisionin ekologjik &quot;Coperativa&quot; - Lajme nga Ulqini\" \/>\n<meta property=\"og:description\" content=\"Problemet ekologjike n\u00eb Ulqin pritet t\u2019ju vije fundi. K\u00ebshilltari i ekologjis\u00eb dhe ekollogu n\u00eb k\u00ebt\u00eb komun\u00eb t\u00eb bukur t\u00eb Ulqinit Fejzo Hoxha, deklaroi p\u00ebr\" \/>\n<meta property=\"og:url\" content=\"https:\/\/www.visit-ulcinj.com\/blog\/2009\/03\/13\/fejzo-hoxha-ne-emisionin-ekologjik-coperativa\/\" \/>\n<meta property=\"og:site_name\" content=\"Lajme nga Ulqini\" \/>\n<meta property=\"article:published_time\" content=\"2009-03-13T08:25:06+00:00\" \/>\n<meta property=\"article:modified_time\" content=\"2009-03-13T08:47:40+00:00\" \/>\n<meta property=\"og:image\" content=\"http:\/\/www.visit-ulcinj.com\/blog\/wp-content\/uploads\/2009\/03\/fejzo-hoxha-_profesor-_ekollogu-i-ulqinit.jpg\" \/>\n<meta name=\"twitter:label1\" content=\"Written by\" \/>\n\t<meta name=\"twitter:data1\" content=\"ulqini\" \/>\n\t<meta name=\"twitter:label2\" content=\"Est. reading time\" \/>\n\t<meta name=\"twitter:data2\" content=\"1 minute\" \/>\n<script type=\"application\/ld+json\" class=\"yoast-schema-graph\">{\"@context\":\"https:\/\/schema.org\",\"@graph\":[{\"@type\":\"WebSite\",\"@id\":\"https:\/\/www.visit-ulcinj.com\/blog\/#website\",\"url\":\"https:\/\/www.visit-ulcinj.com\/blog\/\",\"name\":\"Lajme nga Ulqini\",\"description\":\"Lajme,Vijesti,Ulqini,Ulqin,Crna Gora,Mali i Zi\",\"potentialAction\":[{\"@type\":\"SearchAction\",\"target\":{\"@type\":\"EntryPoint\",\"urlTemplate\":\"https:\/\/www.visit-ulcinj.com\/blog\/?s={search_term_string}\"},\"query-input\":\"required name=search_term_string\"}],\"inLanguage\":\"en-US\"},{\"@type\":\"ImageObject\",\"inLanguage\":\"en-US\",\"@id\":\"https:\/\/www.visit-ulcinj.com\/blog\/2009\/03\/13\/fejzo-hoxha-ne-emisionin-ekologjik-coperativa\/#primaryimage\",\"url\":\"https:\/\/www.visit-ulcinj.com\/blog\/wp-content\/uploads\/2009\/03\/fejzo-hoxha-_profesor-_ekollogu-i-ulqinit.jpg\",\"contentUrl\":\"https:\/\/www.visit-ulcinj.com\/blog\/wp-content\/uploads\/2009\/03\/fejzo-hoxha-_profesor-_ekollogu-i-ulqinit.jpg\",\"width\":\"471\",\"height\":\"358\"},{\"@type\":\"WebPage\",\"@id\":\"https:\/\/www.visit-ulcinj.com\/blog\/2009\/03\/13\/fejzo-hoxha-ne-emisionin-ekologjik-coperativa\/#webpage\",\"url\":\"https:\/\/www.visit-ulcinj.com\/blog\/2009\/03\/13\/fejzo-hoxha-ne-emisionin-ekologjik-coperativa\/\",\"name\":\"Fejzo Hoxha n\u00eb emisionin ekologjik \\\"Coperativa\\\" - Lajme nga Ulqini\",\"isPartOf\":{\"@id\":\"https:\/\/www.visit-ulcinj.com\/blog\/#website\"},\"primaryImageOfPage\":{\"@id\":\"https:\/\/www.visit-ulcinj.com\/blog\/2009\/03\/13\/fejzo-hoxha-ne-emisionin-ekologjik-coperativa\/#primaryimage\"},\"datePublished\":\"2009-03-13T08:25:06+00:00\",\"dateModified\":\"2009-03-13T08:47:40+00:00\",\"author\":{\"@id\":\"https:\/\/www.visit-ulcinj.com\/blog\/#\/schema\/person\/dcab619c614d3038751c63bc2aadc06d\"},\"description\":\"Problemet ekologjike n\u00eb Ulqin pritet t\u2019ju vije fundi. K\u00ebshilltari i ekologjis\u00eb dhe ekollogu n\u00eb k\u00ebt\u00eb komun\u00eb t\u00eb bukur t\u00eb Ulqinit Fejzo Hoxha, deklaroi p\u00ebr\",\"breadcrumb\":{\"@id\":\"https:\/\/www.visit-ulcinj.com\/blog\/2009\/03\/13\/fejzo-hoxha-ne-emisionin-ekologjik-coperativa\/#breadcrumb\"},\"inLanguage\":\"en-US\",\"potentialAction\":[{\"@type\":\"ReadAction\",\"target\":[\"https:\/\/www.visit-ulcinj.com\/blog\/2009\/03\/13\/fejzo-hoxha-ne-emisionin-ekologjik-coperativa\/\"]}]},{\"@type\":\"BreadcrumbList\",\"@id\":\"https:\/\/www.visit-ulcinj.com\/blog\/2009\/03\/13\/fejzo-hoxha-ne-emisionin-ekologjik-coperativa\/#breadcrumb\",\"itemListElement\":[{\"@type\":\"ListItem\",\"position\":1,\"name\":\"Fejzo Hoxha n\u00eb emisionin ekologjik &#8220;Coperativa&#8221;\"}]},{\"@type\":\"Person\",\"@id\":\"https:\/\/www.visit-ulcinj.com\/blog\/#\/schema\/person\/dcab619c614d3038751c63bc2aadc06d\",\"name\":\"ulqini\",\"sameAs\":[\"http:\/\/www.visit-ulcinj.com\"],\"url\":\"https:\/\/www.visit-ulcinj.com\/blog\/author\/admin\/\"}]}<\/script>\n<!-- \/ Yoast SEO plugin. -->","yoast_head_json":{"title":"Fejzo Hoxha n\u00eb emisionin ekologjik \"Coperativa\" - Lajme nga Ulqini","description":"Problemet ekologjike n\u00eb Ulqin pritet t\u2019ju vije fundi. K\u00ebshilltari i ekologjis\u00eb dhe ekollogu n\u00eb k\u00ebt\u00eb komun\u00eb t\u00eb bukur t\u00eb Ulqinit Fejzo Hoxha, deklaroi p\u00ebr","robots":{"index":"index","follow":"follow","max-snippet":"max-snippet:-1","max-image-preview":"max-image-preview:large","max-video-preview":"max-video-preview:-1"},"canonical":"https:\/\/www.visit-ulcinj.com\/blog\/2009\/03\/13\/fejzo-hoxha-ne-emisionin-ekologjik-coperativa\/","og_locale":"en_US","og_type":"article","og_title":"Fejzo Hoxha n\u00eb emisionin ekologjik \"Coperativa\" - Lajme nga Ulqini","og_description":"Problemet ekologjike n\u00eb Ulqin pritet t\u2019ju vije fundi. K\u00ebshilltari i ekologjis\u00eb dhe ekollogu n\u00eb k\u00ebt\u00eb komun\u00eb t\u00eb bukur t\u00eb Ulqinit Fejzo Hoxha, deklaroi p\u00ebr","og_url":"https:\/\/www.visit-ulcinj.com\/blog\/2009\/03\/13\/fejzo-hoxha-ne-emisionin-ekologjik-coperativa\/","og_site_name":"Lajme nga Ulqini","article_published_time":"2009-03-13T08:25:06+00:00","article_modified_time":"2009-03-13T08:47:40+00:00","og_image":[{"url":"http:\/\/www.visit-ulcinj.com\/blog\/wp-content\/uploads\/2009\/03\/fejzo-hoxha-_profesor-_ekollogu-i-ulqinit.jpg"}],"twitter_misc":{"Written by":"ulqini","Est. reading time":"1 minute"},"schema":{"@context":"https:\/\/schema.org","@graph":[{"@type":"WebSite","@id":"https:\/\/www.visit-ulcinj.com\/blog\/#website","url":"https:\/\/www.visit-ulcinj.com\/blog\/","name":"Lajme nga Ulqini","description":"Lajme,Vijesti,Ulqini,Ulqin,Crna Gora,Mali i Zi","potentialAction":[{"@type":"SearchAction","target":{"@type":"EntryPoint","urlTemplate":"https:\/\/www.visit-ulcinj.com\/blog\/?s={search_term_string}"},"query-input":"required name=search_term_string"}],"inLanguage":"en-US"},{"@type":"ImageObject","inLanguage":"en-US","@id":"https:\/\/www.visit-ulcinj.com\/blog\/2009\/03\/13\/fejzo-hoxha-ne-emisionin-ekologjik-coperativa\/#primaryimage","url":"https:\/\/www.visit-ulcinj.com\/blog\/wp-content\/uploads\/2009\/03\/fejzo-hoxha-_profesor-_ekollogu-i-ulqinit.jpg","contentUrl":"https:\/\/www.visit-ulcinj.com\/blog\/wp-content\/uploads\/2009\/03\/fejzo-hoxha-_profesor-_ekollogu-i-ulqinit.jpg","width":"471","height":"358"},{"@type":"WebPage","@id":"https:\/\/www.visit-ulcinj.com\/blog\/2009\/03\/13\/fejzo-hoxha-ne-emisionin-ekologjik-coperativa\/#webpage","url":"https:\/\/www.visit-ulcinj.com\/blog\/2009\/03\/13\/fejzo-hoxha-ne-emisionin-ekologjik-coperativa\/","name":"Fejzo Hoxha n\u00eb emisionin ekologjik \"Coperativa\" - Lajme nga Ulqini","isPartOf":{"@id":"https:\/\/www.visit-ulcinj.com\/blog\/#website"},"primaryImageOfPage":{"@id":"https:\/\/www.visit-ulcinj.com\/blog\/2009\/03\/13\/fejzo-hoxha-ne-emisionin-ekologjik-coperativa\/#primaryimage"},"datePublished":"2009-03-13T08:25:06+00:00","dateModified":"2009-03-13T08:47:40+00:00","author":{"@id":"https:\/\/www.visit-ulcinj.com\/blog\/#\/schema\/person\/dcab619c614d3038751c63bc2aadc06d"},"description":"Problemet ekologjike n\u00eb Ulqin pritet t\u2019ju vije fundi. K\u00ebshilltari i ekologjis\u00eb dhe ekollogu n\u00eb k\u00ebt\u00eb komun\u00eb t\u00eb bukur t\u00eb Ulqinit Fejzo Hoxha, deklaroi p\u00ebr","breadcrumb":{"@id":"https:\/\/www.visit-ulcinj.com\/blog\/2009\/03\/13\/fejzo-hoxha-ne-emisionin-ekologjik-coperativa\/#breadcrumb"},"inLanguage":"en-US","potentialAction":[{"@type":"ReadAction","target":["https:\/\/www.visit-ulcinj.com\/blog\/2009\/03\/13\/fejzo-hoxha-ne-emisionin-ekologjik-coperativa\/"]}]},{"@type":"BreadcrumbList","@id":"https:\/\/www.visit-ulcinj.com\/blog\/2009\/03\/13\/fejzo-hoxha-ne-emisionin-ekologjik-coperativa\/#breadcrumb","itemListElement":[{"@type":"ListItem","position":1,"name":"Fejzo Hoxha n\u00eb emisionin ekologjik &#8220;Coperativa&#8221;"}]},{"@type":"Person","@id":"https:\/\/www.visit-ulcinj.com\/blog\/#\/schema\/person\/dcab619c614d3038751c63bc2aadc06d","name":"ulqini","sameAs":["http:\/\/www.visit-ulcinj.com"],"url":"https:\/\/www.visit-ulcinj.com\/blog\/author\/admin\/"}]}},"jetpack_featured_media_url":"","jetpack_sharing_enabled":true,"jetpack_shortlink":"https:\/\/wp.me\/pe6lTn-3CU","_links":{"self":[{"href":"https:\/\/www.visit-ulcinj.com\/blog\/wp-json\/wp\/v2\/posts\/13944"}],"collection":[{"href":"https:\/\/www.visit-ulcinj.com\/blog\/wp-json\/wp\/v2\/posts"}],"about":[{"href":"https:\/\/www.visit-ulcinj.com\/blog\/wp-json\/wp\/v2\/types\/post"}],"author":[{"embeddable":true,"href":"https:\/\/www.visit-ulcinj.com\/blog\/wp-json\/wp\/v2\/users\/1"}],"replies":[{"embeddable":true,"href":"https:\/\/www.visit-ulcinj.com\/blog\/wp-json\/wp\/v2\/comments?post=13944"}],"version-history":[{"count":0,"href":"https:\/\/www.visit-ulcinj.com\/blog\/wp-json\/wp\/v2\/posts\/13944\/revisions"}],"wp:attachment":[{"href":"https:\/\/www.visit-ulcinj.com\/blog\/wp-json\/wp\/v2\/media?parent=13944"}],"wp:term":[{"taxonomy":"category","embeddable":true,"href":"https:\/\/www.visit-ulcinj.com\/blog\/wp-json\/wp\/v2\/categories?post=13944"},{"taxonomy":"post_tag","embeddable":true,"href":"https:\/\/www.visit-ulcinj.com\/blog\/wp-json\/wp\/v2\/tags?post=13944"}],"curies":[{"name":"wp","href":"https:\/\/api.w.org\/{rel}","templated":true}]}}