{"id":13952,"date":"2009-03-13T14:29:42","date_gmt":"2009-03-13T13:29:42","guid":{"rendered":"http:\/\/www.visit-ulcinj.com\/blog\/?p=13952"},"modified":"2009-03-13T14:29:42","modified_gmt":"2009-03-13T13:29:42","slug":"labinot-rexha-realizon-nje-kenge-te-re","status":"publish","type":"post","link":"https:\/\/www.visit-ulcinj.com\/blog\/2009\/03\/13\/labinot-rexha-realizon-nje-kenge-te-re\/","title":{"rendered":"Labinot Rexha realizon nj\u00eb k\u00ebng\u00eb t\u00eb re"},"content":{"rendered":"<p><strong><a href=\"http:\/\/www.visit-ulcinj.com\/blog\/wp-content\/uploads\/2009\/03\/labinot-rexha10.jpg\"><img loading=\"lazy\" class=\"alignleft size-full wp-image-13961\" title=\"labinot-rexha10\" src=\"http:\/\/www.visit-ulcinj.com\/blog\/wp-content\/uploads\/2009\/03\/labinot-rexha10.jpg\" alt=\"labinot-rexha10\" width=\"570\" height=\"375\" \/><\/a>K\u00ebnga e vjet\u00ebr \u2018\u00c7ohu, Rexho\u2019 vjen e rip\u00ebrpunuar<\/strong><br \/>\n\u201cKam pasur d\u00ebshir\u00eb t\u00eb kamotshme p\u00ebr ta realizuar k\u00ebt\u00eb k\u00ebng\u00eb. \u00cbsht\u00eb vlera e artit ton\u00eb dhe \u00ebsht\u00eb hera\u00a0 e par\u00eb q\u00eb\u00a0 po vizuelizohet kjo k\u00ebng\u00eb e vjet\u00ebr nga un\u00eb\u201d, ka th\u00ebn\u00eb Labi<br \/>\nLabinot Rexha, tashm\u00eb i njohur jo vet\u00ebm n\u00eb Gjenev\u00eb, por edhe n\u00eb Kosov\u00eb, sapo ka lansuar k\u00ebng\u00ebn m\u00eb t\u00eb re, t\u00eb quajtur \u201c\u00c7ohu, Rexho\u201d. \u00cbsht\u00eb hera e par\u00eb q\u00eb nj\u00eb k\u00ebng\u00ebtar ka realizuar k\u00ebt\u00eb k\u00ebng\u00eb, historia e s\u00eb cil\u00ebs \u00ebsht\u00eb e njohur p\u00ebr t\u00ebr\u00eb opinionin, nj\u00eb k\u00ebng\u00eb e vjet\u00ebr, e rip\u00ebrpunuar nga Labi. \u201cKam pasur d\u00ebshir\u00eb t\u00eb kamotshme p\u00ebr ta realizuar k\u00ebt\u00eb k\u00ebng\u00eb. \u00cbsht\u00eb vlera e artit ton\u00eb dhe \u00ebsht\u00eb hera\u00a0 e par\u00eb q\u00eb\u00a0 po vizuelizohet kjo k\u00ebng\u00eb e vjet\u00ebr nga un\u00eb\u201d, shprehet ai p\u00ebr \u201cKosova Sot\u201d. Labi nuk dyshon n\u00eb suksesin e k\u00ebng\u00ebs, sepse publiku ka pasur nevoj\u00eb p\u00ebr k\u00ebt\u00eb k\u00ebng\u00eb. Labi deri m\u00eb tani i ka t\u00eb realizuara pes\u00eb albume dhe kat\u00ebr videoklipe dhe n\u00eb pjes\u00ebn d\u00ebrmuese t\u00eb k\u00ebng\u00ebve bashk\u00ebpunon me Valton Beqirin. K\u00ebnga q\u00eb i ka sjell\u00eb sukses deri m\u00eb tani \u00ebsht\u00eb \u201cTi nuk mendon\u201d, mir\u00ebpo tani me realizimin e klipit t\u00eb k\u00ebng\u00ebs \u201c\u00c7ohu, Rexho\u201d sukseset do t\u00eb rriten edhe m\u00eb shum\u00eb, meq\u00eb ka b\u00ebr\u00eb nj\u00eb pun\u00eb t\u00eb madhe, me nj\u00eb staf t\u00eb zgjeruar t\u00eb ekipit. \u201cSapo kam p\u00ebrfunduar\u00a0 videoklipin m\u00eb t\u00eb ri,\u00a0 apo mund t\u00eb them filmin e metrazhit t\u00eb shkurt\u00ebr t\u00eb k\u00ebng\u00ebs s\u00eb vjet\u00ebr \u2018\u00c7ohu, Rexho\u2019. Kam\u00a0 punuar me aktor\u00eb m\u00eb t\u00eb mir\u00eb t\u00eb Teatrit t\u00eb Gjakov\u00ebs, si Hadi Shehu, Mehdi Popaj, Miradije Muriqi, Rrustem Latifi, Ngadhnjim Popaj, Q\u00ebndresa Popaj, me skenografi dhe regji t\u00eb Sylejman Popajt\u201d, shton Labi. Sipas tij, spoti \u00ebsht\u00eb punuar nga produksioni \u201cPasha-dv\u201d nga Prizreni, kurse xhirimet jan\u00eb b\u00ebr\u00eb n\u00eb fshatin Drenoc t\u00eb De\u00e7anit. \u201cI fal\u00ebnderoj ato familje q\u00eb na mund\u00ebsuan n\u00eb ato kulla t\u00eb vjetra t\u00eb b\u00ebjm\u00eb k\u00ebt\u00eb realizim, e po ashtu edhe ato nga Anadrini dhe Gjakova\u201d, thot\u00eb Labi.<br \/>\nK\u00ebng\u00ebtari ka shum\u00eb vizione p\u00ebr t\u00eb ardhmen, ai pas k\u00ebtij lansimi do t\u00eb nis\u00eb pun\u00ebn edhe p\u00ebr disa projekte t\u00eb reja, t\u00eb cilat do t\u2019i p\u00ebrgatit\u00eb me klaviaturistin Zakir Popaj. \u201cD\u00ebshiroj t\u00eb realizoj \u00ebndrr\u00ebn e babait tim t\u00eb ndjer\u00eb, pasi\u00a0 ai tash fizikisht \u00ebsht\u00eb ndar\u00eb nga ne,\u00a0 por\u00a0 gjithmon\u00eb ishte optimist q\u00eb un\u00eb nj\u00eb dit\u00eb\u00a0 do t\u00eb b\u00ebhem nj\u00eb solist i mir\u00eb\u201d, shprehet ai. D\u00ebshira p\u00ebr t\u00eb qen\u00eb nj\u00eb k\u00ebng\u00ebtar profesionist e ka shtyr\u00eb q\u00eb t\u00eb studioj\u00eb n\u00eb Fakultetin e Muzik\u00ebs n\u00eb Gjenev\u00eb. Shkoll\u00ebn e ul\u00ebt t\u00eb muzik\u00ebs e ka t\u00eb p\u00ebrfunduar n\u00eb Prizren dhe pas\u00a0 migrimit t\u00eb tij n\u00eb Gjenev\u00eb ka vazhduar shkollimin n\u00eb k\u00ebt\u00eb profesion, n\u00eb t\u00eb cilin vend ka shum\u00eb adhurues. \u201cKam shum\u00eb adhurues k\u00ebtu ku jetoj dhe n\u00ebp\u00ebr shtetet e tjera. Thuajse n\u00eb \u00e7do jav\u00eb kam mbr\u00ebmje muzikore n\u00eb Gjermani, n\u00eb Austri, n\u00eb Zvic\u00ebr, etj\u201d, thekson ai. P\u00ebrve\u00e7 k\u00ebng\u00ebs, Labi merret edhe me aktivitete sportive, e p\u00eblqen boksin dhe luan n\u00eb nj\u00eb klub n\u00eb Gjenev\u00eb. \u201cBoksi \u00ebsht\u00eb sporti q\u00eb e adhuroj m\u00eb s\u00eb shumti. Zakonisht, koh\u00ebn e lir\u00eb e kaloj n\u00eb nj\u00eb klub aty ku jetoj dhe boksoj dy her\u00eb n\u00eb jav\u00eb\u201d, thot\u00eb ai. Mir\u00ebpo, koh\u00ebn e lir\u00eb, thot\u00eb se e p\u00eblqen p\u00ebr ta kaluar edhe me familje dhe me shoq\u00ebri.<\/p>\n<p><strong>K. BAJRAMI<br \/>\nKosova Sot<\/strong><\/p>\n\n<!--YouTube Error: bad URL entered-->\n","protected":false},"excerpt":{"rendered":"<p>K\u00ebnga e vjet\u00ebr \u2018\u00c7ohu, Rexho\u2019 vjen e rip\u00ebrpunuar \u201cKam pasur d\u00ebshir\u00eb t\u00eb kamotshme p\u00ebr ta realizuar k\u00ebt\u00eb k\u00ebng\u00eb. \u00cbsht\u00eb vlera e artit ton\u00eb dhe \u00ebsht\u00eb hera\u00a0 e par\u00eb q\u00eb\u00a0 po vizuelizohet kjo k\u00ebng\u00eb e vjet\u00ebr nga un\u00eb\u201d, ka th\u00ebn\u00eb Labi Labinot Rexha, tashm\u00eb i njohur jo vet\u00ebm n\u00eb Gjenev\u00eb, por edhe n\u00eb Kosov\u00eb, sapo ka [&hellip;]<\/p>\n","protected":false},"author":1,"featured_media":0,"comment_status":"open","ping_status":"closed","sticky":false,"template":"","format":"standard","meta":{"spay_email":"","jetpack_publicize_message":"","jetpack_is_tweetstorm":false,"jetpack_publicize_feature_enabled":true},"categories":[1],"tags":[7849,7846,7848,7850,7845,7847,7851],"jetpack_publicize_connections":[],"yoast_head":"<!-- This site is optimized with the Yoast SEO plugin v19.1 - https:\/\/yoast.com\/wordpress\/plugins\/seo\/ -->\n<title>Labinot Rexha realizon nj\u00eb k\u00ebng\u00eb t\u00eb re - Lajme nga Ulqini<\/title>\n<meta name=\"description\" content=\"K\u00ebnga e vjet\u00ebr \u2018\u00c7ohu, Rexho\u2019 vjen e rip\u00ebrpunuar \u201cKam pasur d\u00ebshir\u00eb t\u00eb kamotshme p\u00ebr ta realizuar k\u00ebt\u00eb k\u00ebng\u00eb. \u00cbsht\u00eb vlera e artit ton\u00eb dhe \u00ebsht\u00eb hera\u00a0 e\" \/>\n<meta name=\"robots\" content=\"index, follow, max-snippet:-1, max-image-preview:large, max-video-preview:-1\" \/>\n<link rel=\"canonical\" href=\"https:\/\/www.visit-ulcinj.com\/blog\/2009\/03\/13\/labinot-rexha-realizon-nje-kenge-te-re\/\" \/>\n<meta property=\"og:locale\" content=\"en_US\" \/>\n<meta property=\"og:type\" content=\"article\" \/>\n<meta property=\"og:title\" content=\"Labinot Rexha realizon nj\u00eb k\u00ebng\u00eb t\u00eb re - Lajme nga Ulqini\" \/>\n<meta property=\"og:description\" content=\"K\u00ebnga e vjet\u00ebr \u2018\u00c7ohu, Rexho\u2019 vjen e rip\u00ebrpunuar \u201cKam pasur d\u00ebshir\u00eb t\u00eb kamotshme p\u00ebr ta realizuar k\u00ebt\u00eb k\u00ebng\u00eb. \u00cbsht\u00eb vlera e artit ton\u00eb dhe \u00ebsht\u00eb hera\u00a0 e\" \/>\n<meta property=\"og:url\" content=\"https:\/\/www.visit-ulcinj.com\/blog\/2009\/03\/13\/labinot-rexha-realizon-nje-kenge-te-re\/\" \/>\n<meta property=\"og:site_name\" content=\"Lajme nga Ulqini\" \/>\n<meta property=\"article:published_time\" content=\"2009-03-13T13:29:42+00:00\" \/>\n<meta property=\"og:image\" content=\"https:\/\/www.visit-ulcinj.com\/blog\/wp-content\/uploads\/2009\/03\/labinot-rexha7-150x150.jpg\" \/>\n<meta name=\"twitter:label1\" content=\"Written by\" \/>\n\t<meta name=\"twitter:data1\" content=\"ulqini\" \/>\n\t<meta name=\"twitter:label2\" content=\"Est. reading time\" \/>\n\t<meta name=\"twitter:data2\" content=\"3 minutes\" \/>\n<script type=\"application\/ld+json\" class=\"yoast-schema-graph\">{\"@context\":\"https:\/\/schema.org\",\"@graph\":[{\"@type\":\"WebSite\",\"@id\":\"https:\/\/www.visit-ulcinj.com\/blog\/#website\",\"url\":\"https:\/\/www.visit-ulcinj.com\/blog\/\",\"name\":\"Lajme nga Ulqini\",\"description\":\"Lajme,Vijesti,Ulqini,Ulqin,Crna Gora,Mali i Zi\",\"potentialAction\":[{\"@type\":\"SearchAction\",\"target\":{\"@type\":\"EntryPoint\",\"urlTemplate\":\"https:\/\/www.visit-ulcinj.com\/blog\/?s={search_term_string}\"},\"query-input\":\"required name=search_term_string\"}],\"inLanguage\":\"en-US\"},{\"@type\":\"ImageObject\",\"inLanguage\":\"en-US\",\"@id\":\"https:\/\/www.visit-ulcinj.com\/blog\/2009\/03\/13\/labinot-rexha-realizon-nje-kenge-te-re\/#primaryimage\",\"url\":\"http:\/\/www.visit-ulcinj.com\/blog\/wp-content\/uploads\/2009\/03\/labinot-rexha10.jpg\",\"contentUrl\":\"http:\/\/www.visit-ulcinj.com\/blog\/wp-content\/uploads\/2009\/03\/labinot-rexha10.jpg\"},{\"@type\":\"WebPage\",\"@id\":\"https:\/\/www.visit-ulcinj.com\/blog\/2009\/03\/13\/labinot-rexha-realizon-nje-kenge-te-re\/#webpage\",\"url\":\"https:\/\/www.visit-ulcinj.com\/blog\/2009\/03\/13\/labinot-rexha-realizon-nje-kenge-te-re\/\",\"name\":\"Labinot Rexha realizon nj\u00eb k\u00ebng\u00eb t\u00eb re - Lajme nga Ulqini\",\"isPartOf\":{\"@id\":\"https:\/\/www.visit-ulcinj.com\/blog\/#website\"},\"primaryImageOfPage\":{\"@id\":\"https:\/\/www.visit-ulcinj.com\/blog\/2009\/03\/13\/labinot-rexha-realizon-nje-kenge-te-re\/#primaryimage\"},\"datePublished\":\"2009-03-13T13:29:42+00:00\",\"dateModified\":\"2009-03-13T13:29:42+00:00\",\"author\":{\"@id\":\"https:\/\/www.visit-ulcinj.com\/blog\/#\/schema\/person\/dcab619c614d3038751c63bc2aadc06d\"},\"description\":\"K\u00ebnga e vjet\u00ebr \u2018\u00c7ohu, Rexho\u2019 vjen e rip\u00ebrpunuar \u201cKam pasur d\u00ebshir\u00eb t\u00eb kamotshme p\u00ebr ta realizuar k\u00ebt\u00eb k\u00ebng\u00eb. \u00cbsht\u00eb vlera e artit ton\u00eb dhe \u00ebsht\u00eb hera\u00a0 e\",\"breadcrumb\":{\"@id\":\"https:\/\/www.visit-ulcinj.com\/blog\/2009\/03\/13\/labinot-rexha-realizon-nje-kenge-te-re\/#breadcrumb\"},\"inLanguage\":\"en-US\",\"potentialAction\":[{\"@type\":\"ReadAction\",\"target\":[\"https:\/\/www.visit-ulcinj.com\/blog\/2009\/03\/13\/labinot-rexha-realizon-nje-kenge-te-re\/\"]}]},{\"@type\":\"BreadcrumbList\",\"@id\":\"https:\/\/www.visit-ulcinj.com\/blog\/2009\/03\/13\/labinot-rexha-realizon-nje-kenge-te-re\/#breadcrumb\",\"itemListElement\":[{\"@type\":\"ListItem\",\"position\":1,\"name\":\"Labinot Rexha realizon nj\u00eb k\u00ebng\u00eb t\u00eb re\"}]},{\"@type\":\"Person\",\"@id\":\"https:\/\/www.visit-ulcinj.com\/blog\/#\/schema\/person\/dcab619c614d3038751c63bc2aadc06d\",\"name\":\"ulqini\",\"sameAs\":[\"http:\/\/www.visit-ulcinj.com\"],\"url\":\"https:\/\/www.visit-ulcinj.com\/blog\/author\/admin\/\"}]}<\/script>\n<!-- \/ Yoast SEO plugin. -->","yoast_head_json":{"title":"Labinot Rexha realizon nj\u00eb k\u00ebng\u00eb t\u00eb re - Lajme nga Ulqini","description":"K\u00ebnga e vjet\u00ebr \u2018\u00c7ohu, Rexho\u2019 vjen e rip\u00ebrpunuar \u201cKam pasur d\u00ebshir\u00eb t\u00eb kamotshme p\u00ebr ta realizuar k\u00ebt\u00eb k\u00ebng\u00eb. \u00cbsht\u00eb vlera e artit ton\u00eb dhe \u00ebsht\u00eb hera\u00a0 e","robots":{"index":"index","follow":"follow","max-snippet":"max-snippet:-1","max-image-preview":"max-image-preview:large","max-video-preview":"max-video-preview:-1"},"canonical":"https:\/\/www.visit-ulcinj.com\/blog\/2009\/03\/13\/labinot-rexha-realizon-nje-kenge-te-re\/","og_locale":"en_US","og_type":"article","og_title":"Labinot Rexha realizon nj\u00eb k\u00ebng\u00eb t\u00eb re - Lajme nga Ulqini","og_description":"K\u00ebnga e vjet\u00ebr \u2018\u00c7ohu, Rexho\u2019 vjen e rip\u00ebrpunuar \u201cKam pasur d\u00ebshir\u00eb t\u00eb kamotshme p\u00ebr ta realizuar k\u00ebt\u00eb k\u00ebng\u00eb. \u00cbsht\u00eb vlera e artit ton\u00eb dhe \u00ebsht\u00eb hera\u00a0 e","og_url":"https:\/\/www.visit-ulcinj.com\/blog\/2009\/03\/13\/labinot-rexha-realizon-nje-kenge-te-re\/","og_site_name":"Lajme nga Ulqini","article_published_time":"2009-03-13T13:29:42+00:00","og_image":[{"url":"https:\/\/www.visit-ulcinj.com\/blog\/wp-content\/uploads\/2009\/03\/labinot-rexha7-150x150.jpg"}],"twitter_misc":{"Written by":"ulqini","Est. reading time":"3 minutes"},"schema":{"@context":"https:\/\/schema.org","@graph":[{"@type":"WebSite","@id":"https:\/\/www.visit-ulcinj.com\/blog\/#website","url":"https:\/\/www.visit-ulcinj.com\/blog\/","name":"Lajme nga Ulqini","description":"Lajme,Vijesti,Ulqini,Ulqin,Crna Gora,Mali i Zi","potentialAction":[{"@type":"SearchAction","target":{"@type":"EntryPoint","urlTemplate":"https:\/\/www.visit-ulcinj.com\/blog\/?s={search_term_string}"},"query-input":"required name=search_term_string"}],"inLanguage":"en-US"},{"@type":"ImageObject","inLanguage":"en-US","@id":"https:\/\/www.visit-ulcinj.com\/blog\/2009\/03\/13\/labinot-rexha-realizon-nje-kenge-te-re\/#primaryimage","url":"http:\/\/www.visit-ulcinj.com\/blog\/wp-content\/uploads\/2009\/03\/labinot-rexha10.jpg","contentUrl":"http:\/\/www.visit-ulcinj.com\/blog\/wp-content\/uploads\/2009\/03\/labinot-rexha10.jpg"},{"@type":"WebPage","@id":"https:\/\/www.visit-ulcinj.com\/blog\/2009\/03\/13\/labinot-rexha-realizon-nje-kenge-te-re\/#webpage","url":"https:\/\/www.visit-ulcinj.com\/blog\/2009\/03\/13\/labinot-rexha-realizon-nje-kenge-te-re\/","name":"Labinot Rexha realizon nj\u00eb k\u00ebng\u00eb t\u00eb re - Lajme nga Ulqini","isPartOf":{"@id":"https:\/\/www.visit-ulcinj.com\/blog\/#website"},"primaryImageOfPage":{"@id":"https:\/\/www.visit-ulcinj.com\/blog\/2009\/03\/13\/labinot-rexha-realizon-nje-kenge-te-re\/#primaryimage"},"datePublished":"2009-03-13T13:29:42+00:00","dateModified":"2009-03-13T13:29:42+00:00","author":{"@id":"https:\/\/www.visit-ulcinj.com\/blog\/#\/schema\/person\/dcab619c614d3038751c63bc2aadc06d"},"description":"K\u00ebnga e vjet\u00ebr \u2018\u00c7ohu, Rexho\u2019 vjen e rip\u00ebrpunuar \u201cKam pasur d\u00ebshir\u00eb t\u00eb kamotshme p\u00ebr ta realizuar k\u00ebt\u00eb k\u00ebng\u00eb. \u00cbsht\u00eb vlera e artit ton\u00eb dhe \u00ebsht\u00eb hera\u00a0 e","breadcrumb":{"@id":"https:\/\/www.visit-ulcinj.com\/blog\/2009\/03\/13\/labinot-rexha-realizon-nje-kenge-te-re\/#breadcrumb"},"inLanguage":"en-US","potentialAction":[{"@type":"ReadAction","target":["https:\/\/www.visit-ulcinj.com\/blog\/2009\/03\/13\/labinot-rexha-realizon-nje-kenge-te-re\/"]}]},{"@type":"BreadcrumbList","@id":"https:\/\/www.visit-ulcinj.com\/blog\/2009\/03\/13\/labinot-rexha-realizon-nje-kenge-te-re\/#breadcrumb","itemListElement":[{"@type":"ListItem","position":1,"name":"Labinot Rexha realizon nj\u00eb k\u00ebng\u00eb t\u00eb re"}]},{"@type":"Person","@id":"https:\/\/www.visit-ulcinj.com\/blog\/#\/schema\/person\/dcab619c614d3038751c63bc2aadc06d","name":"ulqini","sameAs":["http:\/\/www.visit-ulcinj.com"],"url":"https:\/\/www.visit-ulcinj.com\/blog\/author\/admin\/"}]}},"jetpack_featured_media_url":"","jetpack_sharing_enabled":true,"jetpack_shortlink":"https:\/\/wp.me\/pe6lTn-3D2","_links":{"self":[{"href":"https:\/\/www.visit-ulcinj.com\/blog\/wp-json\/wp\/v2\/posts\/13952"}],"collection":[{"href":"https:\/\/www.visit-ulcinj.com\/blog\/wp-json\/wp\/v2\/posts"}],"about":[{"href":"https:\/\/www.visit-ulcinj.com\/blog\/wp-json\/wp\/v2\/types\/post"}],"author":[{"embeddable":true,"href":"https:\/\/www.visit-ulcinj.com\/blog\/wp-json\/wp\/v2\/users\/1"}],"replies":[{"embeddable":true,"href":"https:\/\/www.visit-ulcinj.com\/blog\/wp-json\/wp\/v2\/comments?post=13952"}],"version-history":[{"count":0,"href":"https:\/\/www.visit-ulcinj.com\/blog\/wp-json\/wp\/v2\/posts\/13952\/revisions"}],"wp:attachment":[{"href":"https:\/\/www.visit-ulcinj.com\/blog\/wp-json\/wp\/v2\/media?parent=13952"}],"wp:term":[{"taxonomy":"category","embeddable":true,"href":"https:\/\/www.visit-ulcinj.com\/blog\/wp-json\/wp\/v2\/categories?post=13952"},{"taxonomy":"post_tag","embeddable":true,"href":"https:\/\/www.visit-ulcinj.com\/blog\/wp-json\/wp\/v2\/tags?post=13952"}],"curies":[{"name":"wp","href":"https:\/\/api.w.org\/{rel}","templated":true}]}}