{"id":1396,"date":"2008-04-25T09:36:58","date_gmt":"2008-04-25T14:36:58","guid":{"rendered":"http:\/\/www.visit-ulcinj.com\/blog\/?p=1396"},"modified":"2008-04-25T09:36:58","modified_gmt":"2008-04-25T14:36:58","slug":"ulcinjvelika-plaza-rezervisana-za-strance","status":"publish","type":"post","link":"https:\/\/www.visit-ulcinj.com\/blog\/2008\/04\/25\/ulcinjvelika-plaza-rezervisana-za-strance\/","title":{"rendered":"Ulcinj:Velika pla\u017ea rezervisana za strance"},"content":{"rendered":"<p><a href=\"http:\/\/www.visit-ulcinj.com\/blog\/wp-content\/uploads\/2008\/04\/velika-plaza1.jpg\"><img loading=\"lazy\" class=\"alignleft attachment wp-att-1342\" style=\"float: left;\" src=\"http:\/\/www.visit-ulcinj.com\/blog\/wp-content\/uploads\/2008\/04\/velika-plaza1.thumbnail.jpg\" alt=\"velika plaza1\" width=\"215\" height=\"147\" \/><\/a>Razvoj Velike pla\u017ee i ostalih lokacija na crnogorskom primorju ima?e posebnu ulogu u odr\u017eivom razvoju Crne Gore i mo\u017ee u potpunosti promijeniti ekonomsku budu?nost zemlje. Investicije tog obima i karaktera su inicijalna kapisla za ekonomski bum koji o?ekujemo &#8211; rekao je ministar ekonomije Branimir Gvozdenovi? u intervjuu &#8220;Danu&#8221;.<br \/>\nOsim turisti?kih efekata, naveo je, o?ekujemo da ?e ovaj projekat ubrzati ulaganja u infrastrukturu &#8211; saobra?ajnu, vodovodnu, energetsku, kanalizacionu, da ?e podsta?i dalji razvoj ugostiteljstva, trgovine, obrazovanja&#8230; Dakle, efekti ?e biti multiplikativni i u krajnjem ?e za rezultat imati zna?ajno pove?anje svih ekonomskih indikatora i \u017eivotnog standarda, ne samo lokalnog stanovni\u0161tva, nego cijele dr\u017eave.<br \/>\nSavjet za privatizaciju raspisao je 13. marta oglas za dugoro?ni zakup ulcinjske Velike pla\u017ee. Na oglas se mogu prijaviti isklju?ivo strani investitori. Koji uslovi moraju biti zadovoljeni?<img loading=\"lazy\" class=\"alignright\" style=\"float: right;\" src=\"http:\/\/www.vlada.cg.yu\/img\/1189168259.jpg\" alt=\"\" width=\"162\" height=\"151\" \/><br \/>\n&#8211; Vlada je objavila pozive za izra\u017eavanje interesovanja za vi\u0161e lokacija na Crnogorskom primorju, po?ev od Ade Bojane, Valdanosa, Ostrva Cvije?a, Kumbora&#8230; Projekat turisti?ke valorizacije Velike pla\u017ee jeste najve?i i vjerovatno najkompleksniji projekat koji ?e se realizovati.<br \/>\nPrva faza realizacije projekta je zapo?ela objavljivanjem poziva za izra\u017eavanje interesovanja, ?iji je cilj da privu?e iskusne me?unarodne investitore, sa dokazanim finansijskim kapacitetima i iskustvom u projektovanju, gradnji, marketingu i upravljanju ekskluzivnim turisti?kim kompleksima da dostave izraze interesovanja za dugoro?ni zakup Velike pla\u017ee, koji ?e uklju?ivati i obavezu izgradnje i upravljanja turisti?kim kompleksom svjetske klase. Predvi?ena je mogu?nost zakupa cijele lokacije Velike pla\u017ee ili pojedina?nih modula, s obavezom na to izgradnje turisti?kog kompleksa koji ?e obuhvatiti razvoj hotelskog, rekreativnog, kongresnog i sportskog turizma koji ?e sadr\u017eati hotele koji su projektovani i koji ?e funkcionisati po me?unarodnim standardima ?etiri i pet zvjezdica, kojima ?e upravljati dobro poznati, brand-name, me?unarodni turisti?ki operater ili operateri. Izra\u017eavanje interesovanja za ovaj projekat omogu?eno je do 16. juna.<br \/>\n<a href=\"http:\/\/www.visit-ulcinj.com\/blog\/wp-content\/uploads\/2008\/03\/ada_bojana_ulcinj.jpg\"><img loading=\"lazy\" class=\"alignleft attachment wp-att-820\" style=\"float: left;\" src=\"http:\/\/www.visit-ulcinj.com\/blog\/wp-content\/uploads\/2008\/03\/ada_bojana_ulcinj.thumbnail.jpg\" alt=\"Ada  Bojana Ulcinj\" width=\"200\" height=\"188\" \/><\/a>Nakon toga, uslijedi?e faza podno\u0161enja ponuda i njihove evaluacije, tokom koje ?e se od ponu?a?a zahtijevati da u ponudu uklju?e detaljne konceptualne, projektantske i operativne planove, kao i finansijski predlog koji treba da uklju?uje predlo\u017eeno trajanje zakupa, iznos zakupnine, strukturu i vremenske rokove.<br \/>\nKako ocjenjujete dosada\u0161nje interesovanje stranih investitora za zakup Velike pla\u017ee?<br \/>\n&#8211; Imaju?i u vidu da se procjenjuje da investicije u ovaj projekat mogu iznositi vi\u0161e milijardi eura, te da veoma ograni?en broj investitora mo\u017ee obezbijediti finansijska sredstva, ekspertizu i kadrove za ovakav projekat, jako smo zadovoljni inicijalnim interesovanjem koje je do sada iskazano za Veliku pla\u017eu.<br \/>\nLideri opozicije su zabrinuti da ?e najavljeni projekti voditi ka nekontrolisanoj gradnji kao \u0161to je bio slu?aj u Budvi. Kakve garancije imate da se to ne?e ponoviti?<br \/>\n&#8211; \u0160to se ti?e Velike pla\u017ee, generalni koncept ove lokacije je usvojen i on defini\u0161e okvire i smjernice za izgradnju objekata. Uslijedi?e izrada studije lokacije kojom ?e se ovaj prostor, u skladu sa smjernicama Prostornog plana posebne namjene za zonu Morskog dobra detaljno planirati i propisati uslovi za izgradnju objekata na ovom prostoru. Svakako, kao neophodan i potreban segment ovog planiranja je i strate\u0161ka procjena uticaja na \u017eivotnu sredinu, koja ?e se raditi uporedo sa studijom lokacije.<br \/>\n<strong><br \/>\nS. GORANOVI?<\/strong><br \/>\n<strong>Izvor-Dan<\/strong><\/p>\n<p><strong>Ne boji se parlamentaraca<\/strong><br \/>\nStrahuje li Ministarstvo ekonomije od najava opozicionih ?lanova Parlamentarne komisije za kontrolu privatizacije?<br \/>\n&#8211; Nemamo razloga ni za kakvu bojazan, i kada su u pitanju prethodne i predstoje?e privatizacije. Naprotiv, Ministarstvo za ekonomski razvoj ?e sa zadovoljstvom prihvatiti mogu?nost da ponovo sa Komisijom razgovara o privatizacionim ugovorima vezanim za KAP, \u017deljezaru, Jugopetrol&#8230; Radi se o privatizacionim postupcima koji su u potpunosti sprovedeni u skladu sa zakonom, o ?emu je javnost, uklju?uju?i i poslanike, u vi\u0161e navrata upoznata. Trebalo je vremena da javnost shvati da se pojedini segmenti ovih aran\u017emana ne mogu olako i trivijalno izvla?iti iz konteksta cjelokupnih ugovora i komentarisati nezavisno od ostalih elemenata. Me?utim, va\u017eno je da su efekti ovih privatizacija o?igledni i da smo nesumnjivo pokazali da se radi o veoma dobrim ugovorima, koji su pa\u017eljivo izbalansirali sve segmente.<br \/>\nPodsje?am i da je ugovor o kupoprodaji akcija KAP-a prvi ugovor takve vrste koji je objavljen. Dio ugovora koji se odnosi na elektri?nu energiju, iz neznanja, nerazumijevanja ili lo\u0161e namjere, ?esto se pogre\u0161no tuma?io. Me?utim, pokazalo se da je takav ugovor doprinio da KAP danas pla?a cijenu elektri?ne energije koja je ?etiri puta ve?a od cijene koju je pla?ao u periodu prije privatizacije i znatno vi\u0161e od cijene koju je utvrdila Regulatorna agencija za energetiku i iznosi 29,68 eura za megavat. Ako uporedimo prihode koje je EPCG ostvarila po osnovu isporuke elektri?ne energije KAP-u u 2004. i 2007. godini, taj prihod u 2007. godini bio ve?i za oko 80 procenata.<br \/>\nBritanska kompanija CRU napravila je analizu cijena elektri?ne energije za kombinate aluminijuma u svijetu i svrstala KAP me?u one koji pla?aju najskuplju struju. Prema njihovom izvje\u0161taju, prosje?na cijena koju pla?aju elektrolize u svijetu iznosi 31,3 dolara za megavat, \u0161to je dva i po puta manje od cijene koju pla?a KAP, a koja iznosi 81,8 dolara po megavatu. Me?utim, ako i dalje postoje pitanja koja iz bilo kojeg razloga nekome nijesu dovoljno jasna, spremni smo da u svakom momentu odgovorimo na njih i otklonimo sve nedoumice koje postoje. Smatramo da je dobro da parlamentarna komisija dobije sve ove informacije.<br \/>\n<strong>Izvor-Dan<\/strong><\/p>\n<!-- vimeo error: not a vimeo video -->\n","protected":false},"excerpt":{"rendered":"<p><img loading=\"lazy\" class=\"alignleft attachment wp-att-1342\" style=\"float: left;\" src=\"http:\/\/www.visit-ulcinj.com\/blog\/wp-content\/uploads\/2008\/04\/velika-plaza1.thumbnail.jpg\" alt=\"velika plaza1\" width=\"140\" height=\"140\" \/><\/p>\n","protected":false},"author":1,"featured_media":0,"comment_status":"open","ping_status":"closed","sticky":false,"template":"","format":"standard","meta":{"spay_email":"","jetpack_publicize_message":"","jetpack_is_tweetstorm":false,"jetpack_publicize_feature_enabled":true},"categories":[12,15],"tags":[138,20,2756,2755,19,136,265],"jetpack_publicize_connections":[],"yoast_head":"<!-- This site is optimized with the Yoast SEO plugin v19.1 - https:\/\/yoast.com\/wordpress\/plugins\/seo\/ -->\n<title>Ulcinj:Velika pla\u017ea rezervisana za strance - Lajme nga Ulqini<\/title>\n<meta name=\"robots\" content=\"index, follow, max-snippet:-1, max-image-preview:large, max-video-preview:-1\" \/>\n<link rel=\"canonical\" href=\"https:\/\/www.visit-ulcinj.com\/blog\/2008\/04\/25\/ulcinjvelika-plaza-rezervisana-za-strance\/\" \/>\n<meta property=\"og:locale\" content=\"en_US\" \/>\n<meta property=\"og:type\" content=\"article\" \/>\n<meta property=\"og:title\" content=\"Ulcinj:Velika pla\u017ea rezervisana za strance - Lajme nga Ulqini\" \/>\n<meta property=\"og:url\" content=\"https:\/\/www.visit-ulcinj.com\/blog\/2008\/04\/25\/ulcinjvelika-plaza-rezervisana-za-strance\/\" \/>\n<meta property=\"og:site_name\" content=\"Lajme nga Ulqini\" \/>\n<meta property=\"article:published_time\" content=\"2008-04-25T14:36:58+00:00\" \/>\n<meta property=\"og:image\" content=\"http:\/\/www.visit-ulcinj.com\/blog\/wp-content\/uploads\/2008\/04\/velika-plaza1.thumbnail.jpg\" \/>\n<meta name=\"twitter:label1\" content=\"Written by\" \/>\n\t<meta name=\"twitter:data1\" content=\"ulqini\" \/>\n\t<meta name=\"twitter:label2\" content=\"Est. reading time\" \/>\n\t<meta name=\"twitter:data2\" content=\"5 minutes\" \/>\n<script type=\"application\/ld+json\" class=\"yoast-schema-graph\">{\"@context\":\"https:\/\/schema.org\",\"@graph\":[{\"@type\":\"WebSite\",\"@id\":\"https:\/\/www.visit-ulcinj.com\/blog\/#website\",\"url\":\"https:\/\/www.visit-ulcinj.com\/blog\/\",\"name\":\"Lajme nga Ulqini\",\"description\":\"Lajme,Vijesti,Ulqini,Ulqin,Crna Gora,Mali i Zi\",\"potentialAction\":[{\"@type\":\"SearchAction\",\"target\":{\"@type\":\"EntryPoint\",\"urlTemplate\":\"https:\/\/www.visit-ulcinj.com\/blog\/?s={search_term_string}\"},\"query-input\":\"required name=search_term_string\"}],\"inLanguage\":\"en-US\"},{\"@type\":\"ImageObject\",\"inLanguage\":\"en-US\",\"@id\":\"https:\/\/www.visit-ulcinj.com\/blog\/2008\/04\/25\/ulcinjvelika-plaza-rezervisana-za-strance\/#primaryimage\",\"url\":\"http:\/\/www.visit-ulcinj.com\/blog\/wp-content\/uploads\/2008\/04\/velika-plaza1.thumbnail.jpg\",\"contentUrl\":\"http:\/\/www.visit-ulcinj.com\/blog\/wp-content\/uploads\/2008\/04\/velika-plaza1.thumbnail.jpg\"},{\"@type\":\"WebPage\",\"@id\":\"https:\/\/www.visit-ulcinj.com\/blog\/2008\/04\/25\/ulcinjvelika-plaza-rezervisana-za-strance\/#webpage\",\"url\":\"https:\/\/www.visit-ulcinj.com\/blog\/2008\/04\/25\/ulcinjvelika-plaza-rezervisana-za-strance\/\",\"name\":\"Ulcinj:Velika pla\u017ea rezervisana za strance - Lajme nga Ulqini\",\"isPartOf\":{\"@id\":\"https:\/\/www.visit-ulcinj.com\/blog\/#website\"},\"primaryImageOfPage\":{\"@id\":\"https:\/\/www.visit-ulcinj.com\/blog\/2008\/04\/25\/ulcinjvelika-plaza-rezervisana-za-strance\/#primaryimage\"},\"datePublished\":\"2008-04-25T14:36:58+00:00\",\"dateModified\":\"2008-04-25T14:36:58+00:00\",\"author\":{\"@id\":\"https:\/\/www.visit-ulcinj.com\/blog\/#\/schema\/person\/dcab619c614d3038751c63bc2aadc06d\"},\"breadcrumb\":{\"@id\":\"https:\/\/www.visit-ulcinj.com\/blog\/2008\/04\/25\/ulcinjvelika-plaza-rezervisana-za-strance\/#breadcrumb\"},\"inLanguage\":\"en-US\",\"potentialAction\":[{\"@type\":\"ReadAction\",\"target\":[\"https:\/\/www.visit-ulcinj.com\/blog\/2008\/04\/25\/ulcinjvelika-plaza-rezervisana-za-strance\/\"]}]},{\"@type\":\"BreadcrumbList\",\"@id\":\"https:\/\/www.visit-ulcinj.com\/blog\/2008\/04\/25\/ulcinjvelika-plaza-rezervisana-za-strance\/#breadcrumb\",\"itemListElement\":[{\"@type\":\"ListItem\",\"position\":1,\"name\":\"Ulcinj:Velika pla\u017ea rezervisana za strance\"}]},{\"@type\":\"Person\",\"@id\":\"https:\/\/www.visit-ulcinj.com\/blog\/#\/schema\/person\/dcab619c614d3038751c63bc2aadc06d\",\"name\":\"ulqini\",\"sameAs\":[\"http:\/\/www.visit-ulcinj.com\"],\"url\":\"https:\/\/www.visit-ulcinj.com\/blog\/author\/admin\/\"}]}<\/script>\n<!-- \/ Yoast SEO plugin. -->","yoast_head_json":{"title":"Ulcinj:Velika pla\u017ea rezervisana za strance - Lajme nga Ulqini","robots":{"index":"index","follow":"follow","max-snippet":"max-snippet:-1","max-image-preview":"max-image-preview:large","max-video-preview":"max-video-preview:-1"},"canonical":"https:\/\/www.visit-ulcinj.com\/blog\/2008\/04\/25\/ulcinjvelika-plaza-rezervisana-za-strance\/","og_locale":"en_US","og_type":"article","og_title":"Ulcinj:Velika pla\u017ea rezervisana za strance - Lajme nga Ulqini","og_url":"https:\/\/www.visit-ulcinj.com\/blog\/2008\/04\/25\/ulcinjvelika-plaza-rezervisana-za-strance\/","og_site_name":"Lajme nga Ulqini","article_published_time":"2008-04-25T14:36:58+00:00","og_image":[{"url":"http:\/\/www.visit-ulcinj.com\/blog\/wp-content\/uploads\/2008\/04\/velika-plaza1.thumbnail.jpg"}],"twitter_misc":{"Written by":"ulqini","Est. reading time":"5 minutes"},"schema":{"@context":"https:\/\/schema.org","@graph":[{"@type":"WebSite","@id":"https:\/\/www.visit-ulcinj.com\/blog\/#website","url":"https:\/\/www.visit-ulcinj.com\/blog\/","name":"Lajme nga Ulqini","description":"Lajme,Vijesti,Ulqini,Ulqin,Crna Gora,Mali i Zi","potentialAction":[{"@type":"SearchAction","target":{"@type":"EntryPoint","urlTemplate":"https:\/\/www.visit-ulcinj.com\/blog\/?s={search_term_string}"},"query-input":"required name=search_term_string"}],"inLanguage":"en-US"},{"@type":"ImageObject","inLanguage":"en-US","@id":"https:\/\/www.visit-ulcinj.com\/blog\/2008\/04\/25\/ulcinjvelika-plaza-rezervisana-za-strance\/#primaryimage","url":"http:\/\/www.visit-ulcinj.com\/blog\/wp-content\/uploads\/2008\/04\/velika-plaza1.thumbnail.jpg","contentUrl":"http:\/\/www.visit-ulcinj.com\/blog\/wp-content\/uploads\/2008\/04\/velika-plaza1.thumbnail.jpg"},{"@type":"WebPage","@id":"https:\/\/www.visit-ulcinj.com\/blog\/2008\/04\/25\/ulcinjvelika-plaza-rezervisana-za-strance\/#webpage","url":"https:\/\/www.visit-ulcinj.com\/blog\/2008\/04\/25\/ulcinjvelika-plaza-rezervisana-za-strance\/","name":"Ulcinj:Velika pla\u017ea rezervisana za strance - Lajme nga Ulqini","isPartOf":{"@id":"https:\/\/www.visit-ulcinj.com\/blog\/#website"},"primaryImageOfPage":{"@id":"https:\/\/www.visit-ulcinj.com\/blog\/2008\/04\/25\/ulcinjvelika-plaza-rezervisana-za-strance\/#primaryimage"},"datePublished":"2008-04-25T14:36:58+00:00","dateModified":"2008-04-25T14:36:58+00:00","author":{"@id":"https:\/\/www.visit-ulcinj.com\/blog\/#\/schema\/person\/dcab619c614d3038751c63bc2aadc06d"},"breadcrumb":{"@id":"https:\/\/www.visit-ulcinj.com\/blog\/2008\/04\/25\/ulcinjvelika-plaza-rezervisana-za-strance\/#breadcrumb"},"inLanguage":"en-US","potentialAction":[{"@type":"ReadAction","target":["https:\/\/www.visit-ulcinj.com\/blog\/2008\/04\/25\/ulcinjvelika-plaza-rezervisana-za-strance\/"]}]},{"@type":"BreadcrumbList","@id":"https:\/\/www.visit-ulcinj.com\/blog\/2008\/04\/25\/ulcinjvelika-plaza-rezervisana-za-strance\/#breadcrumb","itemListElement":[{"@type":"ListItem","position":1,"name":"Ulcinj:Velika pla\u017ea rezervisana za strance"}]},{"@type":"Person","@id":"https:\/\/www.visit-ulcinj.com\/blog\/#\/schema\/person\/dcab619c614d3038751c63bc2aadc06d","name":"ulqini","sameAs":["http:\/\/www.visit-ulcinj.com"],"url":"https:\/\/www.visit-ulcinj.com\/blog\/author\/admin\/"}]}},"jetpack_featured_media_url":"","jetpack_sharing_enabled":true,"jetpack_shortlink":"https:\/\/wp.me\/pe6lTn-mw","_links":{"self":[{"href":"https:\/\/www.visit-ulcinj.com\/blog\/wp-json\/wp\/v2\/posts\/1396"}],"collection":[{"href":"https:\/\/www.visit-ulcinj.com\/blog\/wp-json\/wp\/v2\/posts"}],"about":[{"href":"https:\/\/www.visit-ulcinj.com\/blog\/wp-json\/wp\/v2\/types\/post"}],"author":[{"embeddable":true,"href":"https:\/\/www.visit-ulcinj.com\/blog\/wp-json\/wp\/v2\/users\/1"}],"replies":[{"embeddable":true,"href":"https:\/\/www.visit-ulcinj.com\/blog\/wp-json\/wp\/v2\/comments?post=1396"}],"version-history":[{"count":0,"href":"https:\/\/www.visit-ulcinj.com\/blog\/wp-json\/wp\/v2\/posts\/1396\/revisions"}],"wp:attachment":[{"href":"https:\/\/www.visit-ulcinj.com\/blog\/wp-json\/wp\/v2\/media?parent=1396"}],"wp:term":[{"taxonomy":"category","embeddable":true,"href":"https:\/\/www.visit-ulcinj.com\/blog\/wp-json\/wp\/v2\/categories?post=1396"},{"taxonomy":"post_tag","embeddable":true,"href":"https:\/\/www.visit-ulcinj.com\/blog\/wp-json\/wp\/v2\/tags?post=1396"}],"curies":[{"name":"wp","href":"https:\/\/api.w.org\/{rel}","templated":true}]}}