{"id":14061,"date":"2009-03-14T11:59:39","date_gmt":"2009-03-14T10:59:39","guid":{"rendered":"http:\/\/www.visit-ulcinj.com\/blog\/?p=14061"},"modified":"2009-03-14T11:59:56","modified_gmt":"2009-03-14T10:59:56","slug":"qetsori-qan-per-familjen","status":"publish","type":"post","link":"https:\/\/www.visit-ulcinj.com\/blog\/2009\/03\/14\/qetsori-qan-per-familjen\/","title":{"rendered":"Qetsori qan p\u00ebr familjen"},"content":{"rendered":"<p><em><span class=\"newsdate\"><a href=\"http:\/\/www.visit-ulcinj.com\/blog\/wp-content\/uploads\/2009\/03\/qetsori-per-familjen-copy.jpg\"><img loading=\"lazy\" class=\"alignleft size-full wp-image-14062\" title=\"qetsori-per-familjen-big-brother-albania-2\" src=\"http:\/\/www.visit-ulcinj.com\/blog\/wp-content\/uploads\/2009\/03\/qetsori-per-familjen-copy.jpg\" alt=\"qetsori-per-familjen-big-brother-albania-2\" width=\"300\" height=\"205\" \/><\/a>12\/03\/09 00:00<\/span><\/em><\/p>\n<p>Adelajda i ka treguar Bjordit p\u00ebr Qetsorin. Ajo i tha se e kishte par\u00eb q\u00eb kishte mbaruar s\u00eb ngr\u00ebni dhe po rrinte i m\u00ebrzitur. Ajo e kishte kuptuar q\u00eb ai kishte dicka, madje kishte disa dit\u00eb q\u00eb e kishte v\u00ebn\u00eb re k\u00ebt\u00eb gj\u00eb. I ishte afruar, i kishte dh\u00ebn\u00eb uj\u00eb dhe i kishte th\u00ebn\u00eb t\u00eb mos m\u00ebrzitej. N\u00eb at\u00eb moment Qetsori kishte filluar t\u00eb qante. Adelajda e kishte p\u00ebrqafuar dhe i kishte th\u00ebn\u00eb se po e p\u00ebrqafonte si mot\u00ebr, sepse i vinte keq q\u00eb po e shihte ashtu. Sipas mendimit t\u00eb saj, p\u00ebr gjendjen jo t\u00eb mir\u00eb emocionale t\u00eb Qetsorit ndikon edhe fakti q\u00eb ai e sheh veten gjat\u00eb gjith\u00eb koh\u00ebs n\u00eb konkurenc\u00eb me banor\u00ebt e tjer\u00eb. M\u00eb pas ajo i kishte th\u00ebn\u00eb se do t\u00eb largohej pak dhe kur t\u00eb kthehej donte ta gjente pa lot\u00eb. Ata, pastaj, kishin dal\u00eb jasht\u00eb dhe kishin biseduar gjat\u00eb. Qetsori i kishte treguar p\u00ebr famijlen, nusen, djalin dhe mallin e madh q\u00eb ndjente p\u00ebr ta.<\/p>\n","protected":false},"excerpt":{"rendered":"<p>12\/03\/09 00:00 Adelajda i ka treguar Bjordit p\u00ebr Qetsorin. Ajo i tha se e kishte par\u00eb q\u00eb kishte mbaruar s\u00eb ngr\u00ebni dhe po rrinte i m\u00ebrzitur. Ajo e kishte kuptuar q\u00eb ai kishte dicka, madje kishte disa dit\u00eb q\u00eb e kishte v\u00ebn\u00eb re k\u00ebt\u00eb gj\u00eb. I ishte afruar, i kishte dh\u00ebn\u00eb uj\u00eb dhe i kishte [&hellip;]<\/p>\n","protected":false},"author":1,"featured_media":0,"comment_status":"open","ping_status":"closed","sticky":false,"template":"","format":"standard","meta":{"spay_email":"","jetpack_publicize_message":"","jetpack_is_tweetstorm":false,"jetpack_publicize_feature_enabled":true},"categories":[6502],"tags":[6529,6883,6516,6712,6522,6900,7898,6891],"jetpack_publicize_connections":[],"yoast_head":"<!-- This site is optimized with the Yoast SEO plugin v19.1 - https:\/\/yoast.com\/wordpress\/plugins\/seo\/ -->\n<title>Qetsori qan p\u00c3\u00abr familjen | Big Brother Albania 2<\/title>\n<meta name=\"description\" content=\"Big Brother Albania 2 - Adelajda i ka treguar Bjordit p\u00c3\u00abr Qetsorin. Ajo i tha se e kishte par\u00c3\u00ab q\u00c3\u00ab kishte mbaruar s\u00c3\u00ab ngr\u00c3\u00abni dhe po rrinte i m\u00c3\u00abrzitur.\" \/>\n<meta name=\"robots\" content=\"index, follow, max-snippet:-1, max-image-preview:large, max-video-preview:-1\" \/>\n<link rel=\"canonical\" href=\"https:\/\/www.visit-ulcinj.com\/blog\/2009\/03\/14\/qetsori-qan-per-familjen\/\" \/>\n<meta property=\"og:locale\" content=\"en_US\" \/>\n<meta property=\"og:type\" content=\"article\" \/>\n<meta property=\"og:title\" content=\"Qetsori qan p\u00c3\u00abr familjen | Big Brother Albania 2\" \/>\n<meta property=\"og:description\" content=\"Big Brother Albania 2 - Adelajda i ka treguar Bjordit p\u00c3\u00abr Qetsorin. Ajo i tha se e kishte par\u00c3\u00ab q\u00c3\u00ab kishte mbaruar s\u00c3\u00ab ngr\u00c3\u00abni dhe po rrinte i m\u00c3\u00abrzitur.\" \/>\n<meta property=\"og:url\" content=\"https:\/\/www.visit-ulcinj.com\/blog\/2009\/03\/14\/qetsori-qan-per-familjen\/\" \/>\n<meta property=\"og:site_name\" content=\"Lajme nga Ulqini\" \/>\n<meta property=\"article:published_time\" content=\"2009-03-14T10:59:39+00:00\" \/>\n<meta property=\"article:modified_time\" content=\"2009-03-14T10:59:56+00:00\" \/>\n<meta property=\"og:image\" content=\"http:\/\/www.visit-ulcinj.com\/blog\/wp-content\/uploads\/2009\/03\/qetsori-per-familjen-copy.jpg\" \/>\n<meta name=\"twitter:label1\" content=\"Written by\" \/>\n\t<meta name=\"twitter:data1\" content=\"ulqini\" \/>\n\t<meta name=\"twitter:label2\" content=\"Est. reading time\" \/>\n\t<meta name=\"twitter:data2\" content=\"1 minute\" \/>\n<script type=\"application\/ld+json\" class=\"yoast-schema-graph\">{\"@context\":\"https:\/\/schema.org\",\"@graph\":[{\"@type\":\"WebSite\",\"@id\":\"https:\/\/www.visit-ulcinj.com\/blog\/#website\",\"url\":\"https:\/\/www.visit-ulcinj.com\/blog\/\",\"name\":\"Lajme nga Ulqini\",\"description\":\"Lajme,Vijesti,Ulqini,Ulqin,Crna Gora,Mali i Zi\",\"potentialAction\":[{\"@type\":\"SearchAction\",\"target\":{\"@type\":\"EntryPoint\",\"urlTemplate\":\"https:\/\/www.visit-ulcinj.com\/blog\/?s={search_term_string}\"},\"query-input\":\"required name=search_term_string\"}],\"inLanguage\":\"en-US\"},{\"@type\":\"ImageObject\",\"inLanguage\":\"en-US\",\"@id\":\"https:\/\/www.visit-ulcinj.com\/blog\/2009\/03\/14\/qetsori-qan-per-familjen\/#primaryimage\",\"url\":\"http:\/\/www.visit-ulcinj.com\/blog\/wp-content\/uploads\/2009\/03\/qetsori-per-familjen-copy.jpg\",\"contentUrl\":\"http:\/\/www.visit-ulcinj.com\/blog\/wp-content\/uploads\/2009\/03\/qetsori-per-familjen-copy.jpg\"},{\"@type\":\"WebPage\",\"@id\":\"https:\/\/www.visit-ulcinj.com\/blog\/2009\/03\/14\/qetsori-qan-per-familjen\/#webpage\",\"url\":\"https:\/\/www.visit-ulcinj.com\/blog\/2009\/03\/14\/qetsori-qan-per-familjen\/\",\"name\":\"Qetsori qan p\u00c3\u00abr familjen | Big Brother Albania 2\",\"isPartOf\":{\"@id\":\"https:\/\/www.visit-ulcinj.com\/blog\/#website\"},\"primaryImageOfPage\":{\"@id\":\"https:\/\/www.visit-ulcinj.com\/blog\/2009\/03\/14\/qetsori-qan-per-familjen\/#primaryimage\"},\"datePublished\":\"2009-03-14T10:59:39+00:00\",\"dateModified\":\"2009-03-14T10:59:56+00:00\",\"author\":{\"@id\":\"https:\/\/www.visit-ulcinj.com\/blog\/#\/schema\/person\/dcab619c614d3038751c63bc2aadc06d\"},\"description\":\"Big Brother Albania 2 - Adelajda i ka treguar Bjordit p\u00c3\u00abr Qetsorin. Ajo i tha se e kishte par\u00c3\u00ab q\u00c3\u00ab kishte mbaruar s\u00c3\u00ab ngr\u00c3\u00abni dhe po rrinte i m\u00c3\u00abrzitur.\",\"breadcrumb\":{\"@id\":\"https:\/\/www.visit-ulcinj.com\/blog\/2009\/03\/14\/qetsori-qan-per-familjen\/#breadcrumb\"},\"inLanguage\":\"en-US\",\"potentialAction\":[{\"@type\":\"ReadAction\",\"target\":[\"https:\/\/www.visit-ulcinj.com\/blog\/2009\/03\/14\/qetsori-qan-per-familjen\/\"]}]},{\"@type\":\"BreadcrumbList\",\"@id\":\"https:\/\/www.visit-ulcinj.com\/blog\/2009\/03\/14\/qetsori-qan-per-familjen\/#breadcrumb\",\"itemListElement\":[{\"@type\":\"ListItem\",\"position\":1,\"name\":\"Qetsori qan p\u00ebr familjen\"}]},{\"@type\":\"Person\",\"@id\":\"https:\/\/www.visit-ulcinj.com\/blog\/#\/schema\/person\/dcab619c614d3038751c63bc2aadc06d\",\"name\":\"ulqini\",\"sameAs\":[\"http:\/\/www.visit-ulcinj.com\"],\"url\":\"https:\/\/www.visit-ulcinj.com\/blog\/author\/admin\/\"}]}<\/script>\n<!-- \/ Yoast SEO plugin. -->","yoast_head_json":{"title":"Qetsori qan p\u00c3\u00abr familjen | Big Brother Albania 2","description":"Big Brother Albania 2 - Adelajda i ka treguar Bjordit p\u00c3\u00abr Qetsorin. Ajo i tha se e kishte par\u00c3\u00ab q\u00c3\u00ab kishte mbaruar s\u00c3\u00ab ngr\u00c3\u00abni dhe po rrinte i m\u00c3\u00abrzitur.","robots":{"index":"index","follow":"follow","max-snippet":"max-snippet:-1","max-image-preview":"max-image-preview:large","max-video-preview":"max-video-preview:-1"},"canonical":"https:\/\/www.visit-ulcinj.com\/blog\/2009\/03\/14\/qetsori-qan-per-familjen\/","og_locale":"en_US","og_type":"article","og_title":"Qetsori qan p\u00c3\u00abr familjen | Big Brother Albania 2","og_description":"Big Brother Albania 2 - Adelajda i ka treguar Bjordit p\u00c3\u00abr Qetsorin. Ajo i tha se e kishte par\u00c3\u00ab q\u00c3\u00ab kishte mbaruar s\u00c3\u00ab ngr\u00c3\u00abni dhe po rrinte i m\u00c3\u00abrzitur.","og_url":"https:\/\/www.visit-ulcinj.com\/blog\/2009\/03\/14\/qetsori-qan-per-familjen\/","og_site_name":"Lajme nga Ulqini","article_published_time":"2009-03-14T10:59:39+00:00","article_modified_time":"2009-03-14T10:59:56+00:00","og_image":[{"url":"http:\/\/www.visit-ulcinj.com\/blog\/wp-content\/uploads\/2009\/03\/qetsori-per-familjen-copy.jpg"}],"twitter_misc":{"Written by":"ulqini","Est. reading time":"1 minute"},"schema":{"@context":"https:\/\/schema.org","@graph":[{"@type":"WebSite","@id":"https:\/\/www.visit-ulcinj.com\/blog\/#website","url":"https:\/\/www.visit-ulcinj.com\/blog\/","name":"Lajme nga Ulqini","description":"Lajme,Vijesti,Ulqini,Ulqin,Crna Gora,Mali i Zi","potentialAction":[{"@type":"SearchAction","target":{"@type":"EntryPoint","urlTemplate":"https:\/\/www.visit-ulcinj.com\/blog\/?s={search_term_string}"},"query-input":"required name=search_term_string"}],"inLanguage":"en-US"},{"@type":"ImageObject","inLanguage":"en-US","@id":"https:\/\/www.visit-ulcinj.com\/blog\/2009\/03\/14\/qetsori-qan-per-familjen\/#primaryimage","url":"http:\/\/www.visit-ulcinj.com\/blog\/wp-content\/uploads\/2009\/03\/qetsori-per-familjen-copy.jpg","contentUrl":"http:\/\/www.visit-ulcinj.com\/blog\/wp-content\/uploads\/2009\/03\/qetsori-per-familjen-copy.jpg"},{"@type":"WebPage","@id":"https:\/\/www.visit-ulcinj.com\/blog\/2009\/03\/14\/qetsori-qan-per-familjen\/#webpage","url":"https:\/\/www.visit-ulcinj.com\/blog\/2009\/03\/14\/qetsori-qan-per-familjen\/","name":"Qetsori qan p\u00c3\u00abr familjen | Big Brother Albania 2","isPartOf":{"@id":"https:\/\/www.visit-ulcinj.com\/blog\/#website"},"primaryImageOfPage":{"@id":"https:\/\/www.visit-ulcinj.com\/blog\/2009\/03\/14\/qetsori-qan-per-familjen\/#primaryimage"},"datePublished":"2009-03-14T10:59:39+00:00","dateModified":"2009-03-14T10:59:56+00:00","author":{"@id":"https:\/\/www.visit-ulcinj.com\/blog\/#\/schema\/person\/dcab619c614d3038751c63bc2aadc06d"},"description":"Big Brother Albania 2 - Adelajda i ka treguar Bjordit p\u00c3\u00abr Qetsorin. Ajo i tha se e kishte par\u00c3\u00ab q\u00c3\u00ab kishte mbaruar s\u00c3\u00ab ngr\u00c3\u00abni dhe po rrinte i m\u00c3\u00abrzitur.","breadcrumb":{"@id":"https:\/\/www.visit-ulcinj.com\/blog\/2009\/03\/14\/qetsori-qan-per-familjen\/#breadcrumb"},"inLanguage":"en-US","potentialAction":[{"@type":"ReadAction","target":["https:\/\/www.visit-ulcinj.com\/blog\/2009\/03\/14\/qetsori-qan-per-familjen\/"]}]},{"@type":"BreadcrumbList","@id":"https:\/\/www.visit-ulcinj.com\/blog\/2009\/03\/14\/qetsori-qan-per-familjen\/#breadcrumb","itemListElement":[{"@type":"ListItem","position":1,"name":"Qetsori qan p\u00ebr familjen"}]},{"@type":"Person","@id":"https:\/\/www.visit-ulcinj.com\/blog\/#\/schema\/person\/dcab619c614d3038751c63bc2aadc06d","name":"ulqini","sameAs":["http:\/\/www.visit-ulcinj.com"],"url":"https:\/\/www.visit-ulcinj.com\/blog\/author\/admin\/"}]}},"jetpack_featured_media_url":"","jetpack_sharing_enabled":true,"jetpack_shortlink":"https:\/\/wp.me\/pe6lTn-3EN","_links":{"self":[{"href":"https:\/\/www.visit-ulcinj.com\/blog\/wp-json\/wp\/v2\/posts\/14061"}],"collection":[{"href":"https:\/\/www.visit-ulcinj.com\/blog\/wp-json\/wp\/v2\/posts"}],"about":[{"href":"https:\/\/www.visit-ulcinj.com\/blog\/wp-json\/wp\/v2\/types\/post"}],"author":[{"embeddable":true,"href":"https:\/\/www.visit-ulcinj.com\/blog\/wp-json\/wp\/v2\/users\/1"}],"replies":[{"embeddable":true,"href":"https:\/\/www.visit-ulcinj.com\/blog\/wp-json\/wp\/v2\/comments?post=14061"}],"version-history":[{"count":0,"href":"https:\/\/www.visit-ulcinj.com\/blog\/wp-json\/wp\/v2\/posts\/14061\/revisions"}],"wp:attachment":[{"href":"https:\/\/www.visit-ulcinj.com\/blog\/wp-json\/wp\/v2\/media?parent=14061"}],"wp:term":[{"taxonomy":"category","embeddable":true,"href":"https:\/\/www.visit-ulcinj.com\/blog\/wp-json\/wp\/v2\/categories?post=14061"},{"taxonomy":"post_tag","embeddable":true,"href":"https:\/\/www.visit-ulcinj.com\/blog\/wp-json\/wp\/v2\/tags?post=14061"}],"curies":[{"name":"wp","href":"https:\/\/api.w.org\/{rel}","templated":true}]}}