{"id":14076,"date":"2009-03-14T12:13:09","date_gmt":"2009-03-14T11:13:09","guid":{"rendered":"http:\/\/www.visit-ulcinj.com\/blog\/?p=14076"},"modified":"2009-03-14T12:13:09","modified_gmt":"2009-03-14T11:13:09","slug":"mesida-nervozohet-me-bjordin","status":"publish","type":"post","link":"https:\/\/www.visit-ulcinj.com\/blog\/2009\/03\/14\/mesida-nervozohet-me-bjordin\/","title":{"rendered":"Mesida nervozohet me Bjordin!"},"content":{"rendered":"<p><em><span class=\"newsdate\"><a href=\"http:\/\/www.visit-ulcinj.com\/blog\/wp-content\/uploads\/2009\/03\/bjordimesidaarjonizhuljeta-copy.jpg\"><img loading=\"lazy\" class=\"alignleft size-full wp-image-14077\" title=\"bjordimesidaarjonizhuljeta-big-brother-albania-2\" src=\"http:\/\/www.visit-ulcinj.com\/blog\/wp-content\/uploads\/2009\/03\/bjordimesidaarjonizhuljeta-copy.jpg\" alt=\"bjordimesidaarjonizhuljeta-big-brother-albania-2\" width=\"300\" height=\"205\" \/><\/a>12\/03\/09 01:45<\/span><\/em><\/p>\n<p>Bjordi, Mesida, Arjoni dhe Zhuljeta jan\u00eb shtrir\u00eb t\u00eb flen\u00eb n\u00eb sallon. Mesida ka th\u00ebn\u00eb se kjo ishte dicka q\u00eb e kishin vendosur q\u00eb dje. E para q\u00eb ka reaguar jo fort mir\u00eb prej k\u00ebsaj ka qen\u00eb Adelajda, e cila \u00ebsht\u00eb ftohur p\u00ebrnj\u00ebher\u00ebsh me Bjordin. Bjordi e ka pyetur sesi kishte mund\u00ebsi q\u00eb pak m\u00eb par\u00eb ishte ndryshe, ishte normal e tani ishte tjet\u00ebr njeri, por ajo nuk i ka dh\u00ebn\u00eb shum\u00eb shpjegime. I ka th\u00ebn\u00eb vet\u00ebm se dit\u00eblindja e tij mbaroi. Por m\u00eb pas ajo q\u00eb ka reaguar edhe m\u00eb keq, ka qen\u00eb Mesida. Pasi ishin shtrir\u00eb t\u00eb kat\u00ebrt, Bjordi ka th\u00ebn\u00eb se me siguri gjat\u00eb nat\u00ebs do t\u00eb \u00e7ohej e do t\u00eb shkonte n\u00eb dhom\u00eb. Kaq ka mjaftuar q\u00eb Mesida t\u00eb \u00e7ohet e t\u00eb iki. Pyetjes s\u00eb Bjordit se \u00e7far\u00eb pati ajo i \u00ebsht\u00eb p\u00ebrgjigjur se s\u2019kishte nerva t\u00eb merrej me \u201cgj\u00ebra kalamajsh\u201d. \u201cEdhe themi do t\u00eb shtrihemi edhe themi do t\u00eb \u00e7ohemi. M\u00eb mir\u00eb po iki q\u00eb tani n\u00eb dhom\u00eb!\u201d<\/p>\n","protected":false},"excerpt":{"rendered":"<p>12\/03\/09 01:45 Bjordi, Mesida, Arjoni dhe Zhuljeta jan\u00eb shtrir\u00eb t\u00eb flen\u00eb n\u00eb sallon. Mesida ka th\u00ebn\u00eb se kjo ishte dicka q\u00eb e kishin vendosur q\u00eb dje. E para q\u00eb ka reaguar jo fort mir\u00eb prej k\u00ebsaj ka qen\u00eb Adelajda, e cila \u00ebsht\u00eb ftohur p\u00ebrnj\u00ebher\u00ebsh me Bjordin. Bjordi e ka pyetur sesi kishte mund\u00ebsi q\u00eb pak [&hellip;]<\/p>\n","protected":false},"author":1,"featured_media":0,"comment_status":"open","ping_status":"closed","sticky":false,"template":"","format":"standard","meta":{"spay_email":"","jetpack_publicize_message":"","jetpack_is_tweetstorm":false,"jetpack_publicize_feature_enabled":true},"categories":[6502],"tags":[6525,6883,6516,6712,6665,6522,7365,7364,7904,6544,6891,6536],"jetpack_publicize_connections":[],"yoast_head":"<!-- This site is optimized with the Yoast SEO plugin v19.1 - https:\/\/yoast.com\/wordpress\/plugins\/seo\/ -->\n<title>Mesida nervozohet me Bjordin! | Big Brother Albania 2<\/title>\n<meta name=\"description\" content=\"Big Brother Albania 2 -\" \/>\n<meta name=\"robots\" content=\"index, follow, max-snippet:-1, max-image-preview:large, max-video-preview:-1\" \/>\n<link rel=\"canonical\" href=\"https:\/\/www.visit-ulcinj.com\/blog\/2009\/03\/14\/mesida-nervozohet-me-bjordin\/\" \/>\n<meta property=\"og:locale\" content=\"en_US\" \/>\n<meta property=\"og:type\" content=\"article\" \/>\n<meta property=\"og:title\" content=\"Mesida nervozohet me Bjordin! | Big Brother Albania 2\" \/>\n<meta property=\"og:description\" content=\"Big Brother Albania 2 -\" \/>\n<meta property=\"og:url\" content=\"https:\/\/www.visit-ulcinj.com\/blog\/2009\/03\/14\/mesida-nervozohet-me-bjordin\/\" \/>\n<meta property=\"og:site_name\" content=\"Lajme nga Ulqini\" \/>\n<meta property=\"article:published_time\" content=\"2009-03-14T11:13:09+00:00\" \/>\n<meta property=\"og:image\" content=\"http:\/\/www.visit-ulcinj.com\/blog\/wp-content\/uploads\/2009\/03\/bjordimesidaarjonizhuljeta-copy.jpg\" \/>\n<meta name=\"twitter:label1\" content=\"Written by\" \/>\n\t<meta name=\"twitter:data1\" content=\"ulqini\" \/>\n\t<meta name=\"twitter:label2\" content=\"Est. reading time\" \/>\n\t<meta name=\"twitter:data2\" content=\"1 minute\" \/>\n<script type=\"application\/ld+json\" class=\"yoast-schema-graph\">{\"@context\":\"https:\/\/schema.org\",\"@graph\":[{\"@type\":\"WebSite\",\"@id\":\"https:\/\/www.visit-ulcinj.com\/blog\/#website\",\"url\":\"https:\/\/www.visit-ulcinj.com\/blog\/\",\"name\":\"Lajme nga Ulqini\",\"description\":\"Lajme,Vijesti,Ulqini,Ulqin,Crna Gora,Mali i Zi\",\"potentialAction\":[{\"@type\":\"SearchAction\",\"target\":{\"@type\":\"EntryPoint\",\"urlTemplate\":\"https:\/\/www.visit-ulcinj.com\/blog\/?s={search_term_string}\"},\"query-input\":\"required name=search_term_string\"}],\"inLanguage\":\"en-US\"},{\"@type\":\"ImageObject\",\"inLanguage\":\"en-US\",\"@id\":\"https:\/\/www.visit-ulcinj.com\/blog\/2009\/03\/14\/mesida-nervozohet-me-bjordin\/#primaryimage\",\"url\":\"http:\/\/www.visit-ulcinj.com\/blog\/wp-content\/uploads\/2009\/03\/bjordimesidaarjonizhuljeta-copy.jpg\",\"contentUrl\":\"http:\/\/www.visit-ulcinj.com\/blog\/wp-content\/uploads\/2009\/03\/bjordimesidaarjonizhuljeta-copy.jpg\"},{\"@type\":\"WebPage\",\"@id\":\"https:\/\/www.visit-ulcinj.com\/blog\/2009\/03\/14\/mesida-nervozohet-me-bjordin\/#webpage\",\"url\":\"https:\/\/www.visit-ulcinj.com\/blog\/2009\/03\/14\/mesida-nervozohet-me-bjordin\/\",\"name\":\"Mesida nervozohet me Bjordin! | Big Brother Albania 2\",\"isPartOf\":{\"@id\":\"https:\/\/www.visit-ulcinj.com\/blog\/#website\"},\"primaryImageOfPage\":{\"@id\":\"https:\/\/www.visit-ulcinj.com\/blog\/2009\/03\/14\/mesida-nervozohet-me-bjordin\/#primaryimage\"},\"datePublished\":\"2009-03-14T11:13:09+00:00\",\"dateModified\":\"2009-03-14T11:13:09+00:00\",\"author\":{\"@id\":\"https:\/\/www.visit-ulcinj.com\/blog\/#\/schema\/person\/dcab619c614d3038751c63bc2aadc06d\"},\"description\":\"Big Brother Albania 2 -\",\"breadcrumb\":{\"@id\":\"https:\/\/www.visit-ulcinj.com\/blog\/2009\/03\/14\/mesida-nervozohet-me-bjordin\/#breadcrumb\"},\"inLanguage\":\"en-US\",\"potentialAction\":[{\"@type\":\"ReadAction\",\"target\":[\"https:\/\/www.visit-ulcinj.com\/blog\/2009\/03\/14\/mesida-nervozohet-me-bjordin\/\"]}]},{\"@type\":\"BreadcrumbList\",\"@id\":\"https:\/\/www.visit-ulcinj.com\/blog\/2009\/03\/14\/mesida-nervozohet-me-bjordin\/#breadcrumb\",\"itemListElement\":[{\"@type\":\"ListItem\",\"position\":1,\"name\":\"Mesida nervozohet me Bjordin!\"}]},{\"@type\":\"Person\",\"@id\":\"https:\/\/www.visit-ulcinj.com\/blog\/#\/schema\/person\/dcab619c614d3038751c63bc2aadc06d\",\"name\":\"ulqini\",\"sameAs\":[\"http:\/\/www.visit-ulcinj.com\"],\"url\":\"https:\/\/www.visit-ulcinj.com\/blog\/author\/admin\/\"}]}<\/script>\n<!-- \/ Yoast SEO plugin. -->","yoast_head_json":{"title":"Mesida nervozohet me Bjordin! | Big Brother Albania 2","description":"Big Brother Albania 2 -","robots":{"index":"index","follow":"follow","max-snippet":"max-snippet:-1","max-image-preview":"max-image-preview:large","max-video-preview":"max-video-preview:-1"},"canonical":"https:\/\/www.visit-ulcinj.com\/blog\/2009\/03\/14\/mesida-nervozohet-me-bjordin\/","og_locale":"en_US","og_type":"article","og_title":"Mesida nervozohet me Bjordin! | Big Brother Albania 2","og_description":"Big Brother Albania 2 -","og_url":"https:\/\/www.visit-ulcinj.com\/blog\/2009\/03\/14\/mesida-nervozohet-me-bjordin\/","og_site_name":"Lajme nga Ulqini","article_published_time":"2009-03-14T11:13:09+00:00","og_image":[{"url":"http:\/\/www.visit-ulcinj.com\/blog\/wp-content\/uploads\/2009\/03\/bjordimesidaarjonizhuljeta-copy.jpg"}],"twitter_misc":{"Written by":"ulqini","Est. reading time":"1 minute"},"schema":{"@context":"https:\/\/schema.org","@graph":[{"@type":"WebSite","@id":"https:\/\/www.visit-ulcinj.com\/blog\/#website","url":"https:\/\/www.visit-ulcinj.com\/blog\/","name":"Lajme nga Ulqini","description":"Lajme,Vijesti,Ulqini,Ulqin,Crna Gora,Mali i Zi","potentialAction":[{"@type":"SearchAction","target":{"@type":"EntryPoint","urlTemplate":"https:\/\/www.visit-ulcinj.com\/blog\/?s={search_term_string}"},"query-input":"required name=search_term_string"}],"inLanguage":"en-US"},{"@type":"ImageObject","inLanguage":"en-US","@id":"https:\/\/www.visit-ulcinj.com\/blog\/2009\/03\/14\/mesida-nervozohet-me-bjordin\/#primaryimage","url":"http:\/\/www.visit-ulcinj.com\/blog\/wp-content\/uploads\/2009\/03\/bjordimesidaarjonizhuljeta-copy.jpg","contentUrl":"http:\/\/www.visit-ulcinj.com\/blog\/wp-content\/uploads\/2009\/03\/bjordimesidaarjonizhuljeta-copy.jpg"},{"@type":"WebPage","@id":"https:\/\/www.visit-ulcinj.com\/blog\/2009\/03\/14\/mesida-nervozohet-me-bjordin\/#webpage","url":"https:\/\/www.visit-ulcinj.com\/blog\/2009\/03\/14\/mesida-nervozohet-me-bjordin\/","name":"Mesida nervozohet me Bjordin! | Big Brother Albania 2","isPartOf":{"@id":"https:\/\/www.visit-ulcinj.com\/blog\/#website"},"primaryImageOfPage":{"@id":"https:\/\/www.visit-ulcinj.com\/blog\/2009\/03\/14\/mesida-nervozohet-me-bjordin\/#primaryimage"},"datePublished":"2009-03-14T11:13:09+00:00","dateModified":"2009-03-14T11:13:09+00:00","author":{"@id":"https:\/\/www.visit-ulcinj.com\/blog\/#\/schema\/person\/dcab619c614d3038751c63bc2aadc06d"},"description":"Big Brother Albania 2 -","breadcrumb":{"@id":"https:\/\/www.visit-ulcinj.com\/blog\/2009\/03\/14\/mesida-nervozohet-me-bjordin\/#breadcrumb"},"inLanguage":"en-US","potentialAction":[{"@type":"ReadAction","target":["https:\/\/www.visit-ulcinj.com\/blog\/2009\/03\/14\/mesida-nervozohet-me-bjordin\/"]}]},{"@type":"BreadcrumbList","@id":"https:\/\/www.visit-ulcinj.com\/blog\/2009\/03\/14\/mesida-nervozohet-me-bjordin\/#breadcrumb","itemListElement":[{"@type":"ListItem","position":1,"name":"Mesida nervozohet me Bjordin!"}]},{"@type":"Person","@id":"https:\/\/www.visit-ulcinj.com\/blog\/#\/schema\/person\/dcab619c614d3038751c63bc2aadc06d","name":"ulqini","sameAs":["http:\/\/www.visit-ulcinj.com"],"url":"https:\/\/www.visit-ulcinj.com\/blog\/author\/admin\/"}]}},"jetpack_featured_media_url":"","jetpack_sharing_enabled":true,"jetpack_shortlink":"https:\/\/wp.me\/pe6lTn-3F2","_links":{"self":[{"href":"https:\/\/www.visit-ulcinj.com\/blog\/wp-json\/wp\/v2\/posts\/14076"}],"collection":[{"href":"https:\/\/www.visit-ulcinj.com\/blog\/wp-json\/wp\/v2\/posts"}],"about":[{"href":"https:\/\/www.visit-ulcinj.com\/blog\/wp-json\/wp\/v2\/types\/post"}],"author":[{"embeddable":true,"href":"https:\/\/www.visit-ulcinj.com\/blog\/wp-json\/wp\/v2\/users\/1"}],"replies":[{"embeddable":true,"href":"https:\/\/www.visit-ulcinj.com\/blog\/wp-json\/wp\/v2\/comments?post=14076"}],"version-history":[{"count":0,"href":"https:\/\/www.visit-ulcinj.com\/blog\/wp-json\/wp\/v2\/posts\/14076\/revisions"}],"wp:attachment":[{"href":"https:\/\/www.visit-ulcinj.com\/blog\/wp-json\/wp\/v2\/media?parent=14076"}],"wp:term":[{"taxonomy":"category","embeddable":true,"href":"https:\/\/www.visit-ulcinj.com\/blog\/wp-json\/wp\/v2\/categories?post=14076"},{"taxonomy":"post_tag","embeddable":true,"href":"https:\/\/www.visit-ulcinj.com\/blog\/wp-json\/wp\/v2\/tags?post=14076"}],"curies":[{"name":"wp","href":"https:\/\/api.w.org\/{rel}","templated":true}]}}