{"id":14079,"date":"2009-03-14T12:18:10","date_gmt":"2009-03-14T11:18:10","guid":{"rendered":"http:\/\/www.visit-ulcinj.com\/blog\/?p=14079"},"modified":"2009-03-14T12:18:10","modified_gmt":"2009-03-14T11:18:10","slug":"mimoza-dhe-aida-ti-keshtu-i-fyen-te-tjeret","status":"publish","type":"post","link":"https:\/\/www.visit-ulcinj.com\/blog\/2009\/03\/14\/mimoza-dhe-aida-ti-keshtu-i-fyen-te-tjeret\/","title":{"rendered":"Mimoza dhe Aida : Ti k\u00ebshtu i fyen t\u00eb tjer\u00ebt!"},"content":{"rendered":"<p><em><span class=\"newsdate\"><a href=\"http:\/\/www.visit-ulcinj.com\/blog\/wp-content\/uploads\/2009\/03\/mozaaida-2-copy.jpg\"><img loading=\"lazy\" class=\"alignleft size-full wp-image-14080\" title=\"mozaaida-2-big-brother-albania-2\" src=\"http:\/\/www.visit-ulcinj.com\/blog\/wp-content\/uploads\/2009\/03\/mozaaida-2-copy.jpg\" alt=\"mozaaida-2-big-brother-albania-2\" width=\"300\" height=\"205\" \/><\/a>12\/03\/09 03:00<\/span><\/em><\/p>\n<p>\u201cMua tek ty nuk m\u00eb p\u00eblqen q\u00eb ti i afron t\u00eb tjer\u00ebt, i l\u00eb t\u00eb shprehen e pastaj i largon!\u201d- i ka th\u00ebn\u00eb Mimoza Adelajdes n\u00eb lidhje me Bjordin. Ajo ka shtuar se n\u00ebse Bjordi nuk i p\u00eblqente, ta afronte thjesht si shok e jo m\u00eb shum\u00eb se kaq, p\u00ebrndryshe ajo i fyente t\u00eb tjer\u00ebt e s\u2019kishte asnj\u00eb t\u00eb drejt\u00eb ta b\u00ebnte k\u00ebt\u00eb. Diskutimi mes Aid\u00ebs, Mimoz\u00ebs dhe Adelajdes ka nisur kur kjo e fundit ka th\u00ebn\u00eb edhe nj\u00ebher\u00eb se e vetmja fem\u00ebr n\u00eb sht\u00ebpi q\u00eb i p\u00ebrshtatej Bjordit ishte Mesida. Nga Adelajda Bjordi nuk do t\u00eb merrte kurr\u00eb m\u00eb tep\u00ebr sesa nj\u00eb p\u00ebrqafim apo nj\u00eb puthje dhe se ajo nuk kishte nd\u00ebrmend t\u00eb merrej me \u201ckalamaj\u201d si puna e Bjordit. Vajzat kan\u00eb reaguar haptas se nuk i besonin. Adelajda ka shtuar se ka qen\u00eb ajo vet\u00eb q\u00eb e kishte shtyr\u00eb Bjordin t\u00eb afrohej me Mesid\u00ebn. Ajo ka th\u00ebn\u00eb, madje, se n\u00eb fillim Bjordi ikishte th\u00ebn\u00eb q\u00eb i p\u00eblqente mimoza. Mimoza i \u00ebsht\u00eb p\u00ebrgjigjur se ajo kurr\u00eb se kishte p\u00eblqyer Bjordin dhe, lidhur me k\u00ebt, Aida i ka th\u00ebn\u00eb se e besonte. \u201cPse, kujtoni ju se un\u00eb kam frik\u00eb t\u2019ju them se e dua Bjordin?!\u201d \u2013 ka th\u00ebn\u00eb Adelajda. \u201cJo!- i ka th\u00ebn\u00eb vajzat, duke i shkelur syrin nj\u00ebra-tjetr\u00ebs e duke qeshur,- ne t\u00eb besojm\u00eb!\u201d.<\/p>\n","protected":false},"excerpt":{"rendered":"<p>12\/03\/09 03:00 \u201cMua tek ty nuk m\u00eb p\u00eblqen q\u00eb ti i afron t\u00eb tjer\u00ebt, i l\u00eb t\u00eb shprehen e pastaj i largon!\u201d- i ka th\u00ebn\u00eb Mimoza Adelajdes n\u00eb lidhje me Bjordin. Ajo ka shtuar se n\u00ebse Bjordi nuk i p\u00eblqente, ta afronte thjesht si shok e jo m\u00eb shum\u00eb se kaq, p\u00ebrndryshe ajo i fyente [&hellip;]<\/p>\n","protected":false},"author":1,"featured_media":0,"comment_status":"open","ping_status":"closed","sticky":false,"template":"","format":"standard","meta":{"spay_email":"","jetpack_publicize_message":"","jetpack_is_tweetstorm":false,"jetpack_publicize_feature_enabled":true},"categories":[6502],"tags":[6529,6566,6537,6883,6516,6712,6522,6568,6544,6891,7905],"jetpack_publicize_connections":[],"yoast_head":"<!-- This site is optimized with the Yoast SEO plugin v19.1 - https:\/\/yoast.com\/wordpress\/plugins\/seo\/ -->\n<title>Mimoza dhe Aida : Ti k\u00c3\u00abshtu i fyen t\u00c3\u00ab tjer\u00c3\u00abt | Big Brother Albania 2<\/title>\n<meta name=\"description\" content=\"Big Brother Albania 2 - \u00e2\u20ac\u0153Mua tek ty nuk m\u00c3\u00ab p\u00c3\u00ablqen q\u00c3\u00ab ti i afron t\u00c3\u00ab tjer\u00c3\u00abt, i l\u00c3\u00ab t\u00c3\u00ab shprehen e pastaj i largon!\u00e2\u20ac\u009d- i ka th\u00c3\u00abn\u00c3\u00ab Mimoza Adelajdes n\u00c3\u00ab lidhje me Bjordin\" \/>\n<meta name=\"robots\" content=\"index, follow, max-snippet:-1, max-image-preview:large, max-video-preview:-1\" \/>\n<link rel=\"canonical\" href=\"https:\/\/www.visit-ulcinj.com\/blog\/2009\/03\/14\/mimoza-dhe-aida-ti-keshtu-i-fyen-te-tjeret\/\" \/>\n<meta property=\"og:locale\" content=\"en_US\" \/>\n<meta property=\"og:type\" content=\"article\" \/>\n<meta property=\"og:title\" content=\"Mimoza dhe Aida : Ti k\u00c3\u00abshtu i fyen t\u00c3\u00ab tjer\u00c3\u00abt | Big Brother Albania 2\" \/>\n<meta property=\"og:description\" content=\"Big Brother Albania 2 - \u00e2\u20ac\u0153Mua tek ty nuk m\u00c3\u00ab p\u00c3\u00ablqen q\u00c3\u00ab ti i afron t\u00c3\u00ab tjer\u00c3\u00abt, i l\u00c3\u00ab t\u00c3\u00ab shprehen e pastaj i largon!\u00e2\u20ac\u009d- i ka th\u00c3\u00abn\u00c3\u00ab Mimoza Adelajdes n\u00c3\u00ab lidhje me Bjordin\" \/>\n<meta property=\"og:url\" content=\"https:\/\/www.visit-ulcinj.com\/blog\/2009\/03\/14\/mimoza-dhe-aida-ti-keshtu-i-fyen-te-tjeret\/\" \/>\n<meta property=\"og:site_name\" content=\"Lajme nga Ulqini\" \/>\n<meta property=\"article:published_time\" content=\"2009-03-14T11:18:10+00:00\" \/>\n<meta property=\"og:image\" content=\"http:\/\/www.visit-ulcinj.com\/blog\/wp-content\/uploads\/2009\/03\/mozaaida-2-copy.jpg\" \/>\n<meta name=\"twitter:label1\" content=\"Written by\" \/>\n\t<meta name=\"twitter:data1\" content=\"ulqini\" \/>\n\t<meta name=\"twitter:label2\" content=\"Est. reading time\" \/>\n\t<meta name=\"twitter:data2\" content=\"1 minute\" \/>\n<script type=\"application\/ld+json\" class=\"yoast-schema-graph\">{\"@context\":\"https:\/\/schema.org\",\"@graph\":[{\"@type\":\"WebSite\",\"@id\":\"https:\/\/www.visit-ulcinj.com\/blog\/#website\",\"url\":\"https:\/\/www.visit-ulcinj.com\/blog\/\",\"name\":\"Lajme nga Ulqini\",\"description\":\"Lajme,Vijesti,Ulqini,Ulqin,Crna Gora,Mali i Zi\",\"potentialAction\":[{\"@type\":\"SearchAction\",\"target\":{\"@type\":\"EntryPoint\",\"urlTemplate\":\"https:\/\/www.visit-ulcinj.com\/blog\/?s={search_term_string}\"},\"query-input\":\"required name=search_term_string\"}],\"inLanguage\":\"en-US\"},{\"@type\":\"ImageObject\",\"inLanguage\":\"en-US\",\"@id\":\"https:\/\/www.visit-ulcinj.com\/blog\/2009\/03\/14\/mimoza-dhe-aida-ti-keshtu-i-fyen-te-tjeret\/#primaryimage\",\"url\":\"http:\/\/www.visit-ulcinj.com\/blog\/wp-content\/uploads\/2009\/03\/mozaaida-2-copy.jpg\",\"contentUrl\":\"http:\/\/www.visit-ulcinj.com\/blog\/wp-content\/uploads\/2009\/03\/mozaaida-2-copy.jpg\"},{\"@type\":\"WebPage\",\"@id\":\"https:\/\/www.visit-ulcinj.com\/blog\/2009\/03\/14\/mimoza-dhe-aida-ti-keshtu-i-fyen-te-tjeret\/#webpage\",\"url\":\"https:\/\/www.visit-ulcinj.com\/blog\/2009\/03\/14\/mimoza-dhe-aida-ti-keshtu-i-fyen-te-tjeret\/\",\"name\":\"Mimoza dhe Aida : Ti k\u00c3\u00abshtu i fyen t\u00c3\u00ab tjer\u00c3\u00abt | Big Brother Albania 2\",\"isPartOf\":{\"@id\":\"https:\/\/www.visit-ulcinj.com\/blog\/#website\"},\"primaryImageOfPage\":{\"@id\":\"https:\/\/www.visit-ulcinj.com\/blog\/2009\/03\/14\/mimoza-dhe-aida-ti-keshtu-i-fyen-te-tjeret\/#primaryimage\"},\"datePublished\":\"2009-03-14T11:18:10+00:00\",\"dateModified\":\"2009-03-14T11:18:10+00:00\",\"author\":{\"@id\":\"https:\/\/www.visit-ulcinj.com\/blog\/#\/schema\/person\/dcab619c614d3038751c63bc2aadc06d\"},\"description\":\"Big Brother Albania 2 - \u00e2\u20ac\u0153Mua tek ty nuk m\u00c3\u00ab p\u00c3\u00ablqen q\u00c3\u00ab ti i afron t\u00c3\u00ab tjer\u00c3\u00abt, i l\u00c3\u00ab t\u00c3\u00ab shprehen e pastaj i largon!\u00e2\u20ac\u009d- i ka th\u00c3\u00abn\u00c3\u00ab Mimoza Adelajdes n\u00c3\u00ab lidhje me Bjordin\",\"breadcrumb\":{\"@id\":\"https:\/\/www.visit-ulcinj.com\/blog\/2009\/03\/14\/mimoza-dhe-aida-ti-keshtu-i-fyen-te-tjeret\/#breadcrumb\"},\"inLanguage\":\"en-US\",\"potentialAction\":[{\"@type\":\"ReadAction\",\"target\":[\"https:\/\/www.visit-ulcinj.com\/blog\/2009\/03\/14\/mimoza-dhe-aida-ti-keshtu-i-fyen-te-tjeret\/\"]}]},{\"@type\":\"BreadcrumbList\",\"@id\":\"https:\/\/www.visit-ulcinj.com\/blog\/2009\/03\/14\/mimoza-dhe-aida-ti-keshtu-i-fyen-te-tjeret\/#breadcrumb\",\"itemListElement\":[{\"@type\":\"ListItem\",\"position\":1,\"name\":\"Mimoza dhe Aida : Ti k\u00ebshtu i fyen t\u00eb tjer\u00ebt!\"}]},{\"@type\":\"Person\",\"@id\":\"https:\/\/www.visit-ulcinj.com\/blog\/#\/schema\/person\/dcab619c614d3038751c63bc2aadc06d\",\"name\":\"ulqini\",\"sameAs\":[\"http:\/\/www.visit-ulcinj.com\"],\"url\":\"https:\/\/www.visit-ulcinj.com\/blog\/author\/admin\/\"}]}<\/script>\n<!-- \/ Yoast SEO plugin. -->","yoast_head_json":{"title":"Mimoza dhe Aida : Ti k\u00c3\u00abshtu i fyen t\u00c3\u00ab tjer\u00c3\u00abt | Big Brother Albania 2","description":"Big Brother Albania 2 - \u00e2\u20ac\u0153Mua tek ty nuk m\u00c3\u00ab p\u00c3\u00ablqen q\u00c3\u00ab ti i afron t\u00c3\u00ab tjer\u00c3\u00abt, i l\u00c3\u00ab t\u00c3\u00ab shprehen e pastaj i largon!\u00e2\u20ac\u009d- i ka th\u00c3\u00abn\u00c3\u00ab Mimoza Adelajdes n\u00c3\u00ab lidhje me Bjordin","robots":{"index":"index","follow":"follow","max-snippet":"max-snippet:-1","max-image-preview":"max-image-preview:large","max-video-preview":"max-video-preview:-1"},"canonical":"https:\/\/www.visit-ulcinj.com\/blog\/2009\/03\/14\/mimoza-dhe-aida-ti-keshtu-i-fyen-te-tjeret\/","og_locale":"en_US","og_type":"article","og_title":"Mimoza dhe Aida : Ti k\u00c3\u00abshtu i fyen t\u00c3\u00ab tjer\u00c3\u00abt | Big Brother Albania 2","og_description":"Big Brother Albania 2 - \u00e2\u20ac\u0153Mua tek ty nuk m\u00c3\u00ab p\u00c3\u00ablqen q\u00c3\u00ab ti i afron t\u00c3\u00ab tjer\u00c3\u00abt, i l\u00c3\u00ab t\u00c3\u00ab shprehen e pastaj i largon!\u00e2\u20ac\u009d- i ka th\u00c3\u00abn\u00c3\u00ab Mimoza Adelajdes n\u00c3\u00ab lidhje me Bjordin","og_url":"https:\/\/www.visit-ulcinj.com\/blog\/2009\/03\/14\/mimoza-dhe-aida-ti-keshtu-i-fyen-te-tjeret\/","og_site_name":"Lajme nga Ulqini","article_published_time":"2009-03-14T11:18:10+00:00","og_image":[{"url":"http:\/\/www.visit-ulcinj.com\/blog\/wp-content\/uploads\/2009\/03\/mozaaida-2-copy.jpg"}],"twitter_misc":{"Written by":"ulqini","Est. reading time":"1 minute"},"schema":{"@context":"https:\/\/schema.org","@graph":[{"@type":"WebSite","@id":"https:\/\/www.visit-ulcinj.com\/blog\/#website","url":"https:\/\/www.visit-ulcinj.com\/blog\/","name":"Lajme nga Ulqini","description":"Lajme,Vijesti,Ulqini,Ulqin,Crna Gora,Mali i Zi","potentialAction":[{"@type":"SearchAction","target":{"@type":"EntryPoint","urlTemplate":"https:\/\/www.visit-ulcinj.com\/blog\/?s={search_term_string}"},"query-input":"required name=search_term_string"}],"inLanguage":"en-US"},{"@type":"ImageObject","inLanguage":"en-US","@id":"https:\/\/www.visit-ulcinj.com\/blog\/2009\/03\/14\/mimoza-dhe-aida-ti-keshtu-i-fyen-te-tjeret\/#primaryimage","url":"http:\/\/www.visit-ulcinj.com\/blog\/wp-content\/uploads\/2009\/03\/mozaaida-2-copy.jpg","contentUrl":"http:\/\/www.visit-ulcinj.com\/blog\/wp-content\/uploads\/2009\/03\/mozaaida-2-copy.jpg"},{"@type":"WebPage","@id":"https:\/\/www.visit-ulcinj.com\/blog\/2009\/03\/14\/mimoza-dhe-aida-ti-keshtu-i-fyen-te-tjeret\/#webpage","url":"https:\/\/www.visit-ulcinj.com\/blog\/2009\/03\/14\/mimoza-dhe-aida-ti-keshtu-i-fyen-te-tjeret\/","name":"Mimoza dhe Aida : Ti k\u00c3\u00abshtu i fyen t\u00c3\u00ab tjer\u00c3\u00abt | Big Brother Albania 2","isPartOf":{"@id":"https:\/\/www.visit-ulcinj.com\/blog\/#website"},"primaryImageOfPage":{"@id":"https:\/\/www.visit-ulcinj.com\/blog\/2009\/03\/14\/mimoza-dhe-aida-ti-keshtu-i-fyen-te-tjeret\/#primaryimage"},"datePublished":"2009-03-14T11:18:10+00:00","dateModified":"2009-03-14T11:18:10+00:00","author":{"@id":"https:\/\/www.visit-ulcinj.com\/blog\/#\/schema\/person\/dcab619c614d3038751c63bc2aadc06d"},"description":"Big Brother Albania 2 - \u00e2\u20ac\u0153Mua tek ty nuk m\u00c3\u00ab p\u00c3\u00ablqen q\u00c3\u00ab ti i afron t\u00c3\u00ab tjer\u00c3\u00abt, i l\u00c3\u00ab t\u00c3\u00ab shprehen e pastaj i largon!\u00e2\u20ac\u009d- i ka th\u00c3\u00abn\u00c3\u00ab Mimoza Adelajdes n\u00c3\u00ab lidhje me Bjordin","breadcrumb":{"@id":"https:\/\/www.visit-ulcinj.com\/blog\/2009\/03\/14\/mimoza-dhe-aida-ti-keshtu-i-fyen-te-tjeret\/#breadcrumb"},"inLanguage":"en-US","potentialAction":[{"@type":"ReadAction","target":["https:\/\/www.visit-ulcinj.com\/blog\/2009\/03\/14\/mimoza-dhe-aida-ti-keshtu-i-fyen-te-tjeret\/"]}]},{"@type":"BreadcrumbList","@id":"https:\/\/www.visit-ulcinj.com\/blog\/2009\/03\/14\/mimoza-dhe-aida-ti-keshtu-i-fyen-te-tjeret\/#breadcrumb","itemListElement":[{"@type":"ListItem","position":1,"name":"Mimoza dhe Aida : Ti k\u00ebshtu i fyen t\u00eb tjer\u00ebt!"}]},{"@type":"Person","@id":"https:\/\/www.visit-ulcinj.com\/blog\/#\/schema\/person\/dcab619c614d3038751c63bc2aadc06d","name":"ulqini","sameAs":["http:\/\/www.visit-ulcinj.com"],"url":"https:\/\/www.visit-ulcinj.com\/blog\/author\/admin\/"}]}},"jetpack_featured_media_url":"","jetpack_sharing_enabled":true,"jetpack_shortlink":"https:\/\/wp.me\/pe6lTn-3F5","_links":{"self":[{"href":"https:\/\/www.visit-ulcinj.com\/blog\/wp-json\/wp\/v2\/posts\/14079"}],"collection":[{"href":"https:\/\/www.visit-ulcinj.com\/blog\/wp-json\/wp\/v2\/posts"}],"about":[{"href":"https:\/\/www.visit-ulcinj.com\/blog\/wp-json\/wp\/v2\/types\/post"}],"author":[{"embeddable":true,"href":"https:\/\/www.visit-ulcinj.com\/blog\/wp-json\/wp\/v2\/users\/1"}],"replies":[{"embeddable":true,"href":"https:\/\/www.visit-ulcinj.com\/blog\/wp-json\/wp\/v2\/comments?post=14079"}],"version-history":[{"count":0,"href":"https:\/\/www.visit-ulcinj.com\/blog\/wp-json\/wp\/v2\/posts\/14079\/revisions"}],"wp:attachment":[{"href":"https:\/\/www.visit-ulcinj.com\/blog\/wp-json\/wp\/v2\/media?parent=14079"}],"wp:term":[{"taxonomy":"category","embeddable":true,"href":"https:\/\/www.visit-ulcinj.com\/blog\/wp-json\/wp\/v2\/categories?post=14079"},{"taxonomy":"post_tag","embeddable":true,"href":"https:\/\/www.visit-ulcinj.com\/blog\/wp-json\/wp\/v2\/tags?post=14079"}],"curies":[{"name":"wp","href":"https:\/\/api.w.org\/{rel}","templated":true}]}}